{"id":89305,"date":"2022-06-09T05:13:12","date_gmt":"2022-06-09T09:13:12","guid":{"rendered":"https:\/\/www.eldiario.net\/portal\/?p=89305"},"modified":"2022-06-09T05:13:12","modified_gmt":"2022-06-09T09:13:12","slug":"identifican-procesos-con-excesiva-demora-en-juzgados-de-santa-cruz","status":"publish","type":"post","link":"https:\/\/www.eldiario.net\/portal\/2022\/06\/09\/identifican-procesos-con-excesiva-demora-en-juzgados-de-santa-cruz\/","title":{"rendered":"Identifican procesos con \u201cexcesiva\u201d  demora en juzgados de Santa Cruz"},"content":{"rendered":"<p>Despu\u00e9s de una intervenci\u00f3n en tres juzgados del departamento de Santa Cruz, el Consejo de la Magistratura identific\u00f3 procesos con excesiva demora en la resoluci\u00f3n de causas en contraposici\u00f3n a otros en los que existe excesiva diligencia o prontitud.<\/p>\n<p>El presidente del Consejo de la Magistratura, Marvin Molina, precis\u00f3 adem\u00e1s que se identific\u00f3 una acci\u00f3n de amparo que solo fue utilizada para la aplicaci\u00f3n de una medida precautoria de suspensi\u00f3n de una resoluci\u00f3n disciplinaria que ordenaba la suspensi\u00f3n en el cargo de un juez sin goce de haberes.<\/p>\n<p>\u201cA la fecha no se ha producido la audiencia, es decir, casi tres a\u00f1os en los que esa sentencia disciplinaria no puede hacerse efectiva\u201d, dijo.<\/p>\n<p>La intervenci\u00f3n ordenada por el pleno del Consejo de la Magistratura fue al Juzgado P\u00fablico Civil y Comercial N\u00ba 10 de la capital (zona Pampa de la Isla), al Juzgado P\u00fablico Civil y Comercial N\u00ba 27 de la Capital (zona Villa 1\u00ba de Mayo) y al Juzgado P\u00fablico Mixto y Comercial, de Familia y de Instrucci\u00f3n Penal 1\u00ba de El Torno.<\/p>\n<p>Por otro lado, Molina explic\u00f3 que en determinados equipos inform\u00e1ticos de jueces y secretarios, existen archivos digitales conteniendo documentos cuyo texto \u00edntegro corresponde a memoriales presentados en expedientes de los propios juzgados.<\/p>\n<p>Asimismo, dio a conocer que se descubri\u00f3 casos en los que los expedientes estuvieron extraviados por los dos primeros d\u00edas en los cuales se desarroll\u00f3 la tarea de intervenci\u00f3n, apareciendo reci\u00e9n el tercer d\u00eda, lo cual implica que, en la pr\u00e1ctica exista negaci\u00f3n de informaci\u00f3n al ciudadano que tiene el derecho a consultar en cualquier tiempo con relaci\u00f3n al estado de sus procesos.<\/p>\n<p>&nbsp;<\/p>\n","protected":false},"excerpt":{"rendered":"<p>Despu\u00e9s de una intervenci\u00f3n en tres juzgados del departamento de Santa Cruz, el Consejo de la Magistratura identific\u00f3 procesos con excesiva demora en la resoluci\u00f3n de causas en contraposici\u00f3n a otros en los que existe excesiva diligencia o prontitud. El presidente del Consejo de la Magistratura, Marvin Molina, precis\u00f3 adem\u00e1s que se identific\u00f3 una acci\u00f3n [&hellip;]<\/p>\n","protected":false},"author":1,"featured_media":89306,"comment_status":"closed","ping_status":"closed","sticky":false,"template":"","format":"standard","meta":{"_acf_changed":false,"footnotes":""},"categories":[39],"tags":[],"class_list":["post-89305","post","type-post","status-publish","format-standard","has-post-thumbnail","category-sociedad"],"acf":{"antetitulo":""},"yoast_head":"<!-- This site is optimized with the Yoast SEO plugin v28.4 - https:\/\/yoast.com\/product\/yoast-seo-wordpress\/ -->\n<title>Identifican procesos con \u201cexcesiva\u201d demora en juzgados de Santa Cruz - El Diario - Bolivia<\/title>\n<meta name=\"robots\" content=\"index, follow, max-snippet:-1, max-image-preview:large, max-video-preview:-1\" \/>\n<link rel=\"canonical\" href=\"https:\/\/www.eldiario.net\/portal\/2022\/06\/09\/identifican-procesos-con-excesiva-demora-en-juzgados-de-santa-cruz\/\" \/>\n<meta property=\"og:locale\" content=\"es_ES\" \/>\n<meta property=\"og:type\" content=\"article\" \/>\n<meta property=\"og:title\" content=\"Identifican procesos con \u201cexcesiva\u201d demora en juzgados de Santa Cruz - El Diario - Bolivia\" \/>\n<meta property=\"og:description\" content=\"Despu\u00e9s de una intervenci\u00f3n en tres juzgados del departamento de Santa Cruz, el Consejo de la Magistratura identific\u00f3 procesos con excesiva demora en la resoluci\u00f3n de causas en contraposici\u00f3n a otros en los que existe excesiva diligencia o prontitud. El presidente del Consejo de la Magistratura, Marvin Molina, precis\u00f3 adem\u00e1s que se identific\u00f3 una acci\u00f3n [&hellip;]\" \/>\n<meta property=\"og:url\" content=\"https:\/\/www.eldiario.net\/portal\/2022\/06\/09\/identifican-procesos-con-excesiva-demora-en-juzgados-de-santa-cruz\/\" \/>\n<meta property=\"og:site_name\" content=\"El Diario - Bolivia\" \/>\n<meta property=\"article:publisher\" content=\"https:\/\/www.facebook.com\/eldiario.bolivia\/\" \/>\n<meta property=\"article:published_time\" content=\"2022-06-09T09:13:12+00:00\" \/>\n<meta name=\"author\" content=\"Jeanette\" \/>\n<meta name=\"twitter:card\" content=\"summary_large_image\" \/>\n<meta name=\"twitter:creator\" content=\"@eldiario_net\" \/>\n<meta name=\"twitter:site\" content=\"@eldiario_net\" \/>\n<meta name=\"twitter:label1\" content=\"Escrito por\" \/>\n\t<meta name=\"twitter:data1\" content=\"Jeanette\" \/>\n\t<meta name=\"twitter:label2\" content=\"Tiempo de lectura\" \/>\n\t<meta name=\"twitter:data2\" content=\"2 minutos\" \/>\n<script type=\"application\/ld+json\" class=\"yoast-schema-graph\">{\"@context\":\"https:\\\/\\\/schema.org\",\"@graph\":[{\"@type\":\"Article\",\"@id\":\"https:\\\/\\\/www.eldiario.net\\\/portal\\\/2022\\\/06\\\/09\\\/identifican-procesos-con-excesiva-demora-en-juzgados-de-santa-cruz\\\/#article\",\"isPartOf\":{\"@id\":\"https:\\\/\\\/www.eldiario.net\\\/portal\\\/2022\\\/06\\\/09\\\/identifican-procesos-con-excesiva-demora-en-juzgados-de-santa-cruz\\\/\"},\"author\":{\"name\":\"Jeanette\",\"@id\":\"https:\\\/\\\/www.eldiario.net\\\/portal\\\/#\\\/schema\\\/person\\\/f46445640444750d7d753ccd04ae01b7\"},\"headline\":\"Identifican procesos con \u201cexcesiva\u201d demora en juzgados de Santa Cruz\",\"datePublished\":\"2022-06-09T09:13:12+00:00\",\"mainEntityOfPage\":{\"@id\":\"https:\\\/\\\/www.eldiario.net\\\/portal\\\/2022\\\/06\\\/09\\\/identifican-procesos-con-excesiva-demora-en-juzgados-de-santa-cruz\\\/\"},\"wordCount\":301,\"publisher\":{\"@id\":\"https:\\\/\\\/www.eldiario.net\\\/portal\\\/#organization\"},\"image\":{\"@id\":\"https:\\\/\\\/www.eldiario.net\\\/portal\\\/2022\\\/06\\\/09\\\/identifican-procesos-con-excesiva-demora-en-juzgados-de-santa-cruz\\\/#primaryimage\"},\"thumbnailUrl\":\"\",\"articleSection\":[\"Sociedad - Seguridad\"],\"inLanguage\":\"es\"},{\"@type\":\"WebPage\",\"@id\":\"https:\\\/\\\/www.eldiario.net\\\/portal\\\/2022\\\/06\\\/09\\\/identifican-procesos-con-excesiva-demora-en-juzgados-de-santa-cruz\\\/\",\"url\":\"https:\\\/\\\/www.eldiario.net\\\/portal\\\/2022\\\/06\\\/09\\\/identifican-procesos-con-excesiva-demora-en-juzgados-de-santa-cruz\\\/\",\"name\":\"Identifican procesos con \u201cexcesiva\u201d demora en juzgados de Santa Cruz - El Diario - Bolivia\",\"isPartOf\":{\"@id\":\"https:\\\/\\\/www.eldiario.net\\\/portal\\\/#website\"},\"primaryImageOfPage\":{\"@id\":\"https:\\\/\\\/www.eldiario.net\\\/portal\\\/2022\\\/06\\\/09\\\/identifican-procesos-con-excesiva-demora-en-juzgados-de-santa-cruz\\\/#primaryimage\"},\"image\":{\"@id\":\"https:\\\/\\\/www.eldiario.net\\\/portal\\\/2022\\\/06\\\/09\\\/identifican-procesos-con-excesiva-demora-en-juzgados-de-santa-cruz\\\/#primaryimage\"},\"thumbnailUrl\":\"\",\"datePublished\":\"2022-06-09T09:13:12+00:00\",\"breadcrumb\":{\"@id\":\"https:\\\/\\\/www.eldiario.net\\\/portal\\\/2022\\\/06\\\/09\\\/identifican-procesos-con-excesiva-demora-en-juzgados-de-santa-cruz\\\/#breadcrumb\"},\"inLanguage\":\"es\",\"potentialAction\":[{\"@type\":\"ReadAction\",\"target\":[\"https:\\\/\\\/www.eldiario.net\\\/portal\\\/2022\\\/06\\\/09\\\/identifican-procesos-con-excesiva-demora-en-juzgados-de-santa-cruz\\\/\"]}]},{\"@type\":\"ImageObject\",\"inLanguage\":\"es\",\"@id\":\"https:\\\/\\\/www.eldiario.net\\\/portal\\\/2022\\\/06\\\/09\\\/identifican-procesos-con-excesiva-demora-en-juzgados-de-santa-cruz\\\/#primaryimage\",\"url\":\"\",\"contentUrl\":\"\"},{\"@type\":\"BreadcrumbList\",\"@id\":\"https:\\\/\\\/www.eldiario.net\\\/portal\\\/2022\\\/06\\\/09\\\/identifican-procesos-con-excesiva-demora-en-juzgados-de-santa-cruz\\\/#breadcrumb\",\"itemListElement\":[{\"@type\":\"ListItem\",\"position\":1,\"name\":\"Portada\",\"item\":\"https:\\\/\\\/www.eldiario.net\\\/portal\\\/\"},{\"@type\":\"ListItem\",\"position\":2,\"name\":\"Identifican procesos con \u201cexcesiva\u201d demora en juzgados de Santa Cruz\"}]},{\"@type\":\"WebSite\",\"@id\":\"https:\\\/\\\/www.eldiario.net\\\/portal\\\/#website\",\"url\":\"https:\\\/\\\/www.eldiario.net\\\/portal\\\/\",\"name\":\"El Diario - Decano de la prensa nacional\",\"description\":\"El Diario - Decano de la prensa nacional\",\"publisher\":{\"@id\":\"https:\\\/\\\/www.eldiario.net\\\/portal\\\/#organization\"},\"potentialAction\":[{\"@type\":\"SearchAction\",\"target\":{\"@type\":\"EntryPoint\",\"urlTemplate\":\"https:\\\/\\\/www.eldiario.net\\\/portal\\\/?s={search_term_string}\"},\"query-input\":{\"@type\":\"PropertyValueSpecification\",\"valueRequired\":true,\"valueName\":\"search_term_string\"}}],\"inLanguage\":\"es\"},{\"@type\":\"Organization\",\"@id\":\"https:\\\/\\\/www.eldiario.net\\\/portal\\\/#organization\",\"name\":\"El Diario - Decano de la prensa nacional\",\"url\":\"https:\\\/\\\/www.eldiario.net\\\/portal\\\/\",\"logo\":{\"@type\":\"ImageObject\",\"inLanguage\":\"es\",\"@id\":\"https:\\\/\\\/www.eldiario.net\\\/portal\\\/#\\\/schema\\\/logo\\\/image\\\/\",\"url\":\"https:\\\/\\\/www.eldiario.net\\\/portal\\\/wp-content\\\/uploads\\\/2023\\\/07\\\/logo_ED.jpg\",\"contentUrl\":\"https:\\\/\\\/www.eldiario.net\\\/portal\\\/wp-content\\\/uploads\\\/2023\\\/07\\\/logo_ED.jpg\",\"width\":272,\"height\":52,\"caption\":\"El Diario - Decano de la prensa nacional\"},\"image\":{\"@id\":\"https:\\\/\\\/www.eldiario.net\\\/portal\\\/#\\\/schema\\\/logo\\\/image\\\/\"},\"sameAs\":[\"https:\\\/\\\/www.facebook.com\\\/eldiario.bolivia\\\/\",\"https:\\\/\\\/x.com\\\/eldiario_net\"]},{\"@type\":\"Person\",\"@id\":\"https:\\\/\\\/www.eldiario.net\\\/portal\\\/#\\\/schema\\\/person\\\/f46445640444750d7d753ccd04ae01b7\",\"name\":\"Jeanette\",\"image\":{\"@type\":\"ImageObject\",\"inLanguage\":\"es\",\"@id\":\"https:\\\/\\\/secure.gravatar.com\\\/avatar\\\/3ea2118a5f7dad2b7138b1187a6b7ee55f160b9968b66013c3a3ef39dd7e5798?s=96&d=mm&r=g\",\"url\":\"https:\\\/\\\/secure.gravatar.com\\\/avatar\\\/3ea2118a5f7dad2b7138b1187a6b7ee55f160b9968b66013c3a3ef39dd7e5798?s=96&d=mm&r=g\",\"contentUrl\":\"https:\\\/\\\/secure.gravatar.com\\\/avatar\\\/3ea2118a5f7dad2b7138b1187a6b7ee55f160b9968b66013c3a3ef39dd7e5798?s=96&d=mm&r=g\",\"caption\":\"Jeanette\"},\"sameAs\":[\"https:\\\/\\\/www.eldiario.net\\\/portal\"],\"url\":\"https:\\\/\\\/www.eldiario.net\\\/portal\\\/author\\\/jeanette\\\/\"}]}<\/script>\n<!-- \/ Yoast SEO plugin. -->","yoast_head_json":{"title":"Identifican procesos con \u201cexcesiva\u201d demora en juzgados de Santa Cruz - El Diario - Bolivia","robots":{"index":"index","follow":"follow","max-snippet":"max-snippet:-1","max-image-preview":"max-image-preview:large","max-video-preview":"max-video-preview:-1"},"canonical":"https:\/\/www.eldiario.net\/portal\/2022\/06\/09\/identifican-procesos-con-excesiva-demora-en-juzgados-de-santa-cruz\/","og_locale":"es_ES","og_type":"article","og_title":"Identifican procesos con \u201cexcesiva\u201d demora en juzgados de Santa Cruz - El Diario - Bolivia","og_description":"Despu\u00e9s de una intervenci\u00f3n en tres juzgados del departamento de Santa Cruz, el Consejo de la Magistratura identific\u00f3 procesos con excesiva demora en la resoluci\u00f3n de causas en contraposici\u00f3n a otros en los que existe excesiva diligencia o prontitud. El presidente del Consejo de la Magistratura, Marvin Molina, precis\u00f3 adem\u00e1s que se identific\u00f3 una acci\u00f3n [&hellip;]","og_url":"https:\/\/www.eldiario.net\/portal\/2022\/06\/09\/identifican-procesos-con-excesiva-demora-en-juzgados-de-santa-cruz\/","og_site_name":"El Diario - Bolivia","article_publisher":"https:\/\/www.facebook.com\/eldiario.bolivia\/","article_published_time":"2022-06-09T09:13:12+00:00","author":"Jeanette","twitter_card":"summary_large_image","twitter_creator":"@eldiario_net","twitter_site":"@eldiario_net","twitter_misc":{"Escrito por":"Jeanette","Tiempo de lectura":"2 minutos"},"schema":{"@context":"https:\/\/schema.org","@graph":[{"@type":"Article","@id":"https:\/\/www.eldiario.net\/portal\/2022\/06\/09\/identifican-procesos-con-excesiva-demora-en-juzgados-de-santa-cruz\/#article","isPartOf":{"@id":"https:\/\/www.eldiario.net\/portal\/2022\/06\/09\/identifican-procesos-con-excesiva-demora-en-juzgados-de-santa-cruz\/"},"author":{"name":"Jeanette","@id":"https:\/\/www.eldiario.net\/portal\/#\/schema\/person\/f46445640444750d7d753ccd04ae01b7"},"headline":"Identifican procesos con \u201cexcesiva\u201d demora en juzgados de Santa Cruz","datePublished":"2022-06-09T09:13:12+00:00","mainEntityOfPage":{"@id":"https:\/\/www.eldiario.net\/portal\/2022\/06\/09\/identifican-procesos-con-excesiva-demora-en-juzgados-de-santa-cruz\/"},"wordCount":301,"publisher":{"@id":"https:\/\/www.eldiario.net\/portal\/#organization"},"image":{"@id":"https:\/\/www.eldiario.net\/portal\/2022\/06\/09\/identifican-procesos-con-excesiva-demora-en-juzgados-de-santa-cruz\/#primaryimage"},"thumbnailUrl":"","articleSection":["Sociedad - Seguridad"],"inLanguage":"es"},{"@type":"WebPage","@id":"https:\/\/www.eldiario.net\/portal\/2022\/06\/09\/identifican-procesos-con-excesiva-demora-en-juzgados-de-santa-cruz\/","url":"https:\/\/www.eldiario.net\/portal\/2022\/06\/09\/identifican-procesos-con-excesiva-demora-en-juzgados-de-santa-cruz\/","name":"Identifican procesos con \u201cexcesiva\u201d demora en juzgados de Santa Cruz - El Diario - Bolivia","isPartOf":{"@id":"https:\/\/www.eldiario.net\/portal\/#website"},"primaryImageOfPage":{"@id":"https:\/\/www.eldiario.net\/portal\/2022\/06\/09\/identifican-procesos-con-excesiva-demora-en-juzgados-de-santa-cruz\/#primaryimage"},"image":{"@id":"https:\/\/www.eldiario.net\/portal\/2022\/06\/09\/identifican-procesos-con-excesiva-demora-en-juzgados-de-santa-cruz\/#primaryimage"},"thumbnailUrl":"","datePublished":"2022-06-09T09:13:12+00:00","breadcrumb":{"@id":"https:\/\/www.eldiario.net\/portal\/2022\/06\/09\/identifican-procesos-con-excesiva-demora-en-juzgados-de-santa-cruz\/#breadcrumb"},"inLanguage":"es","potentialAction":[{"@type":"ReadAction","target":["https:\/\/www.eldiario.net\/portal\/2022\/06\/09\/identifican-procesos-con-excesiva-demora-en-juzgados-de-santa-cruz\/"]}]},{"@type":"ImageObject","inLanguage":"es","@id":"https:\/\/www.eldiario.net\/portal\/2022\/06\/09\/identifican-procesos-con-excesiva-demora-en-juzgados-de-santa-cruz\/#primaryimage","url":"","contentUrl":""},{"@type":"BreadcrumbList","@id":"https:\/\/www.eldiario.net\/portal\/2022\/06\/09\/identifican-procesos-con-excesiva-demora-en-juzgados-de-santa-cruz\/#breadcrumb","itemListElement":[{"@type":"ListItem","position":1,"name":"Portada","item":"https:\/\/www.eldiario.net\/portal\/"},{"@type":"ListItem","position":2,"name":"Identifican procesos con \u201cexcesiva\u201d demora en juzgados de Santa Cruz"}]},{"@type":"WebSite","@id":"https:\/\/www.eldiario.net\/portal\/#website","url":"https:\/\/www.eldiario.net\/portal\/","name":"El Diario - Decano de la prensa nacional","description":"El Diario - Decano de la prensa nacional","publisher":{"@id":"https:\/\/www.eldiario.net\/portal\/#organization"},"potentialAction":[{"@type":"SearchAction","target":{"@type":"EntryPoint","urlTemplate":"https:\/\/www.eldiario.net\/portal\/?s={search_term_string}"},"query-input":{"@type":"PropertyValueSpecification","valueRequired":true,"valueName":"search_term_string"}}],"inLanguage":"es"},{"@type":"Organization","@id":"https:\/\/www.eldiario.net\/portal\/#organization","name":"El Diario - Decano de la prensa nacional","url":"https:\/\/www.eldiario.net\/portal\/","logo":{"@type":"ImageObject","inLanguage":"es","@id":"https:\/\/www.eldiario.net\/portal\/#\/schema\/logo\/image\/","url":"https:\/\/www.eldiario.net\/portal\/wp-content\/uploads\/2023\/07\/logo_ED.jpg","contentUrl":"https:\/\/www.eldiario.net\/portal\/wp-content\/uploads\/2023\/07\/logo_ED.jpg","width":272,"height":52,"caption":"El Diario - Decano de la prensa nacional"},"image":{"@id":"https:\/\/www.eldiario.net\/portal\/#\/schema\/logo\/image\/"},"sameAs":["https:\/\/www.facebook.com\/eldiario.bolivia\/","https:\/\/x.com\/eldiario_net"]},{"@type":"Person","@id":"https:\/\/www.eldiario.net\/portal\/#\/schema\/person\/f46445640444750d7d753ccd04ae01b7","name":"Jeanette","image":{"@type":"ImageObject","inLanguage":"es","@id":"https:\/\/secure.gravatar.com\/avatar\/3ea2118a5f7dad2b7138b1187a6b7ee55f160b9968b66013c3a3ef39dd7e5798?s=96&d=mm&r=g","url":"https:\/\/secure.gravatar.com\/avatar\/3ea2118a5f7dad2b7138b1187a6b7ee55f160b9968b66013c3a3ef39dd7e5798?s=96&d=mm&r=g","contentUrl":"https:\/\/secure.gravatar.com\/avatar\/3ea2118a5f7dad2b7138b1187a6b7ee55f160b9968b66013c3a3ef39dd7e5798?s=96&d=mm&r=g","caption":"Jeanette"},"sameAs":["https:\/\/www.eldiario.net\/portal"],"url":"https:\/\/www.eldiario.net\/portal\/author\/jeanette\/"}]}},"_links":{"self":[{"href":"https:\/\/www.eldiario.net\/portal\/wp-json\/wp\/v2\/posts\/89305","targetHints":{"allow":["GET"]}}],"collection":[{"href":"https:\/\/www.eldiario.net\/portal\/wp-json\/wp\/v2\/posts"}],"about":[{"href":"https:\/\/www.eldiario.net\/portal\/wp-json\/wp\/v2\/types\/post"}],"author":[{"embeddable":true,"href":"https:\/\/www.eldiario.net\/portal\/wp-json\/wp\/v2\/users\/1"}],"replies":[{"embeddable":true,"href":"https:\/\/www.eldiario.net\/portal\/wp-json\/wp\/v2\/comments?post=89305"}],"version-history":[{"count":0,"href":"https:\/\/www.eldiario.net\/portal\/wp-json\/wp\/v2\/posts\/89305\/revisions"}],"wp:attachment":[{"href":"https:\/\/www.eldiario.net\/portal\/wp-json\/wp\/v2\/media?parent=89305"}],"wp:term":[{"taxonomy":"category","embeddable":true,"href":"https:\/\/www.eldiario.net\/portal\/wp-json\/wp\/v2\/categories?post=89305"},{"taxonomy":"post_tag","embeddable":true,"href":"https:\/\/www.eldiario.net\/portal\/wp-json\/wp\/v2\/tags?post=89305"}],"curies":[{"name":"wp","href":"https:\/\/api.w.org\/{rel}","templated":true}]}}