{"id":89296,"date":"2022-06-09T05:10:12","date_gmt":"2022-06-09T09:10:12","guid":{"rendered":"https:\/\/www.eldiario.net\/portal\/?p=89296"},"modified":"2022-06-09T05:10:12","modified_gmt":"2022-06-09T09:10:12","slug":"control-de-bioseguridad-a-bailarines-y-espectadores","status":"publish","type":"post","link":"https:\/\/www.eldiario.net\/portal\/2022\/06\/09\/control-de-bioseguridad-a-bailarines-y-espectadores\/","title":{"rendered":"Control de bioseguridad a  bailarines y espectadores"},"content":{"rendered":"<p>Se realizar\u00e1 el control en el uso de medidas de bioseguridad contra el covid-19 a participantes y espectadores durante el evento folkl\u00f3rico de este s\u00e1bado, cerca de 1.500 funcionarios municipales tendr\u00e1n esa tarea, inform\u00f3 ayer la Alcald\u00eda pace\u00f1a.<\/p>\n<p>\u201cVamos a redoblar esfuerzos, para este fin de semana est\u00e1 previsto desplegar a 1.500 funcionarios en diferentes turnos con el objetivo de que los fraternos y espectadores cumplan con las medidas de bioseguridad\u201d, inform\u00f3 el secretario municipal de Culturas y Turismo, Rodney Miranda.<\/p>\n<p>En la pre entrada del Gran Poder se desplaz\u00f3 a 500 funcionarios ediles para que cumplan con el mismo trabajo. Entonces se observ\u00f3 el descuido en el uso del barbijo y la exhibici\u00f3n del carnet de vacunaci\u00f3n para evitar los contagios de covid-19, tomando en cuenta que el pa\u00eds est\u00e1 en plena quinta ola.<\/p>\n<p>En ese contexto, la autoridad municipal explic\u00f3 que los funcionarios trabajar\u00e1n desde las 06:00 hasta la conclusi\u00f3n del recorrido de las fraternidades, se organizar\u00e1n en turnos de ocho horas para garantizar un mejor control en todo el recorrido.<\/p>\n<p>En una reuni\u00f3n con la Asociaci\u00f3n de Conjuntos Folkl\u00f3ricos del Gran Poder (Acfgp) se estableci\u00f3 que los fraternos est\u00e1n restringidos en el consumo de bebidas alcoh\u00f3licas durante el trayecto, caso contrario ser\u00e1n retirados por los funcionarios y el personal designado por las comparsas.<\/p>\n<p>Miranda explic\u00f3 que se crear\u00e1 un anillo de seguridad dos cuadras antes de la Av. Baptista, lugar de concentraci\u00f3n de las fraternidades. Bailar\u00edn que no porte su carnet de vacunaci\u00f3n contra el coronavirus ni los implementos de bioseguridad no podr\u00e1 participar de la entrada folkl\u00f3rica.<\/p>\n<p>\u201cSe generar\u00e1 un anillo de seguridad al inicio del recorrido. Como se hace en los partidos de la selecci\u00f3n, unas cuadras antes de llegar al estadio se establece una l\u00ednea de seguridad y no puedes pasar si no tienes tu entrada. En esta ocasi\u00f3n no vas a poder llegar a la concentraci\u00f3n de tu fraternidad si no tienes el carnet de vacunaci\u00f3n ni los implementos de bioseguridad\u201d, explic\u00f3.<\/p>\n<p>Finalmente, Miranda indic\u00f3 que tras el ingreso de la \u00faltima comparsa se iniciar\u00e1 con la limpieza inmediata de las calles y el recojo de los residuos s\u00f3lidos que se generen esa jornada. A la vez, se contar\u00e1 con el apoyo de la Polic\u00eda Boliviana para desalojar a las personas que est\u00e9n consumiendo bebidas alcoh\u00f3licas en v\u00eda p\u00fablica.<\/p>\n<p>&nbsp;<\/p>\n<p>&nbsp;<\/p>\n","protected":false},"excerpt":{"rendered":"<p>Se realizar\u00e1 el control en el uso de medidas de bioseguridad contra el covid-19 a participantes y espectadores durante el evento folkl\u00f3rico de este s\u00e1bado, cerca de 1.500 funcionarios municipales tendr\u00e1n esa tarea, inform\u00f3 ayer la Alcald\u00eda pace\u00f1a. \u201cVamos a redoblar esfuerzos, para este fin de semana est\u00e1 previsto desplegar a 1.500 funcionarios en diferentes [&hellip;]<\/p>\n","protected":false},"author":1,"featured_media":89297,"comment_status":"closed","ping_status":"closed","sticky":false,"template":"","format":"standard","meta":{"_acf_changed":false,"footnotes":""},"categories":[12],"tags":[],"class_list":["post-89296","post","type-post","status-publish","format-standard","has-post-thumbnail","category-nacional"],"acf":{"antetitulo":""},"yoast_head":"<!-- This site is optimized with the Yoast SEO plugin v28.4 - https:\/\/yoast.com\/product\/yoast-seo-wordpress\/ -->\n<title>Control de bioseguridad a bailarines y espectadores - El Diario - Bolivia<\/title>\n<meta name=\"robots\" content=\"index, follow, max-snippet:-1, max-image-preview:large, max-video-preview:-1\" \/>\n<link rel=\"canonical\" href=\"https:\/\/www.eldiario.net\/portal\/2022\/06\/09\/control-de-bioseguridad-a-bailarines-y-espectadores\/\" \/>\n<meta property=\"og:locale\" content=\"es_ES\" \/>\n<meta property=\"og:type\" content=\"article\" \/>\n<meta property=\"og:title\" content=\"Control de bioseguridad a bailarines y espectadores - El Diario - Bolivia\" \/>\n<meta property=\"og:description\" content=\"Se realizar\u00e1 el control en el uso de medidas de bioseguridad contra el covid-19 a participantes y espectadores durante el evento folkl\u00f3rico de este s\u00e1bado, cerca de 1.500 funcionarios municipales tendr\u00e1n esa tarea, inform\u00f3 ayer la Alcald\u00eda pace\u00f1a. \u201cVamos a redoblar esfuerzos, para este fin de semana est\u00e1 previsto desplegar a 1.500 funcionarios en diferentes [&hellip;]\" \/>\n<meta property=\"og:url\" content=\"https:\/\/www.eldiario.net\/portal\/2022\/06\/09\/control-de-bioseguridad-a-bailarines-y-espectadores\/\" \/>\n<meta property=\"og:site_name\" content=\"El Diario - Bolivia\" \/>\n<meta property=\"article:publisher\" content=\"https:\/\/www.facebook.com\/eldiario.bolivia\/\" \/>\n<meta property=\"article:published_time\" content=\"2022-06-09T09:10:12+00:00\" \/>\n<meta name=\"author\" content=\"Jeanette\" \/>\n<meta name=\"twitter:card\" content=\"summary_large_image\" \/>\n<meta name=\"twitter:creator\" content=\"@eldiario_net\" \/>\n<meta name=\"twitter:site\" content=\"@eldiario_net\" \/>\n<meta name=\"twitter:label1\" content=\"Escrito por\" \/>\n\t<meta name=\"twitter:data1\" content=\"Jeanette\" \/>\n\t<meta name=\"twitter:label2\" content=\"Tiempo de lectura\" \/>\n\t<meta name=\"twitter:data2\" content=\"2 minutos\" \/>\n<script type=\"application\/ld+json\" class=\"yoast-schema-graph\">{\"@context\":\"https:\\\/\\\/schema.org\",\"@graph\":[{\"@type\":\"Article\",\"@id\":\"https:\\\/\\\/www.eldiario.net\\\/portal\\\/2022\\\/06\\\/09\\\/control-de-bioseguridad-a-bailarines-y-espectadores\\\/#article\",\"isPartOf\":{\"@id\":\"https:\\\/\\\/www.eldiario.net\\\/portal\\\/2022\\\/06\\\/09\\\/control-de-bioseguridad-a-bailarines-y-espectadores\\\/\"},\"author\":{\"name\":\"Jeanette\",\"@id\":\"https:\\\/\\\/www.eldiario.net\\\/portal\\\/#\\\/schema\\\/person\\\/f46445640444750d7d753ccd04ae01b7\"},\"headline\":\"Control de bioseguridad a bailarines y espectadores\",\"datePublished\":\"2022-06-09T09:10:12+00:00\",\"mainEntityOfPage\":{\"@id\":\"https:\\\/\\\/www.eldiario.net\\\/portal\\\/2022\\\/06\\\/09\\\/control-de-bioseguridad-a-bailarines-y-espectadores\\\/\"},\"wordCount\":423,\"publisher\":{\"@id\":\"https:\\\/\\\/www.eldiario.net\\\/portal\\\/#organization\"},\"image\":{\"@id\":\"https:\\\/\\\/www.eldiario.net\\\/portal\\\/2022\\\/06\\\/09\\\/control-de-bioseguridad-a-bailarines-y-espectadores\\\/#primaryimage\"},\"thumbnailUrl\":\"\",\"articleSection\":[\"Nacional\"],\"inLanguage\":\"es\"},{\"@type\":\"WebPage\",\"@id\":\"https:\\\/\\\/www.eldiario.net\\\/portal\\\/2022\\\/06\\\/09\\\/control-de-bioseguridad-a-bailarines-y-espectadores\\\/\",\"url\":\"https:\\\/\\\/www.eldiario.net\\\/portal\\\/2022\\\/06\\\/09\\\/control-de-bioseguridad-a-bailarines-y-espectadores\\\/\",\"name\":\"Control de bioseguridad a bailarines y espectadores - El Diario - Bolivia\",\"isPartOf\":{\"@id\":\"https:\\\/\\\/www.eldiario.net\\\/portal\\\/#website\"},\"primaryImageOfPage\":{\"@id\":\"https:\\\/\\\/www.eldiario.net\\\/portal\\\/2022\\\/06\\\/09\\\/control-de-bioseguridad-a-bailarines-y-espectadores\\\/#primaryimage\"},\"image\":{\"@id\":\"https:\\\/\\\/www.eldiario.net\\\/portal\\\/2022\\\/06\\\/09\\\/control-de-bioseguridad-a-bailarines-y-espectadores\\\/#primaryimage\"},\"thumbnailUrl\":\"\",\"datePublished\":\"2022-06-09T09:10:12+00:00\",\"breadcrumb\":{\"@id\":\"https:\\\/\\\/www.eldiario.net\\\/portal\\\/2022\\\/06\\\/09\\\/control-de-bioseguridad-a-bailarines-y-espectadores\\\/#breadcrumb\"},\"inLanguage\":\"es\",\"potentialAction\":[{\"@type\":\"ReadAction\",\"target\":[\"https:\\\/\\\/www.eldiario.net\\\/portal\\\/2022\\\/06\\\/09\\\/control-de-bioseguridad-a-bailarines-y-espectadores\\\/\"]}]},{\"@type\":\"ImageObject\",\"inLanguage\":\"es\",\"@id\":\"https:\\\/\\\/www.eldiario.net\\\/portal\\\/2022\\\/06\\\/09\\\/control-de-bioseguridad-a-bailarines-y-espectadores\\\/#primaryimage\",\"url\":\"\",\"contentUrl\":\"\"},{\"@type\":\"BreadcrumbList\",\"@id\":\"https:\\\/\\\/www.eldiario.net\\\/portal\\\/2022\\\/06\\\/09\\\/control-de-bioseguridad-a-bailarines-y-espectadores\\\/#breadcrumb\",\"itemListElement\":[{\"@type\":\"ListItem\",\"position\":1,\"name\":\"Portada\",\"item\":\"https:\\\/\\\/www.eldiario.net\\\/portal\\\/\"},{\"@type\":\"ListItem\",\"position\":2,\"name\":\"Control de bioseguridad a bailarines y espectadores\"}]},{\"@type\":\"WebSite\",\"@id\":\"https:\\\/\\\/www.eldiario.net\\\/portal\\\/#website\",\"url\":\"https:\\\/\\\/www.eldiario.net\\\/portal\\\/\",\"name\":\"El Diario - Decano de la prensa nacional\",\"description\":\"El Diario - Decano de la prensa nacional\",\"publisher\":{\"@id\":\"https:\\\/\\\/www.eldiario.net\\\/portal\\\/#organization\"},\"potentialAction\":[{\"@type\":\"SearchAction\",\"target\":{\"@type\":\"EntryPoint\",\"urlTemplate\":\"https:\\\/\\\/www.eldiario.net\\\/portal\\\/?s={search_term_string}\"},\"query-input\":{\"@type\":\"PropertyValueSpecification\",\"valueRequired\":true,\"valueName\":\"search_term_string\"}}],\"inLanguage\":\"es\"},{\"@type\":\"Organization\",\"@id\":\"https:\\\/\\\/www.eldiario.net\\\/portal\\\/#organization\",\"name\":\"El Diario - Decano de la prensa nacional\",\"url\":\"https:\\\/\\\/www.eldiario.net\\\/portal\\\/\",\"logo\":{\"@type\":\"ImageObject\",\"inLanguage\":\"es\",\"@id\":\"https:\\\/\\\/www.eldiario.net\\\/portal\\\/#\\\/schema\\\/logo\\\/image\\\/\",\"url\":\"https:\\\/\\\/www.eldiario.net\\\/portal\\\/wp-content\\\/uploads\\\/2023\\\/07\\\/logo_ED.jpg\",\"contentUrl\":\"https:\\\/\\\/www.eldiario.net\\\/portal\\\/wp-content\\\/uploads\\\/2023\\\/07\\\/logo_ED.jpg\",\"width\":272,\"height\":52,\"caption\":\"El Diario - Decano de la prensa nacional\"},\"image\":{\"@id\":\"https:\\\/\\\/www.eldiario.net\\\/portal\\\/#\\\/schema\\\/logo\\\/image\\\/\"},\"sameAs\":[\"https:\\\/\\\/www.facebook.com\\\/eldiario.bolivia\\\/\",\"https:\\\/\\\/x.com\\\/eldiario_net\"]},{\"@type\":\"Person\",\"@id\":\"https:\\\/\\\/www.eldiario.net\\\/portal\\\/#\\\/schema\\\/person\\\/f46445640444750d7d753ccd04ae01b7\",\"name\":\"Jeanette\",\"image\":{\"@type\":\"ImageObject\",\"inLanguage\":\"es\",\"@id\":\"https:\\\/\\\/secure.gravatar.com\\\/avatar\\\/3ea2118a5f7dad2b7138b1187a6b7ee55f160b9968b66013c3a3ef39dd7e5798?s=96&d=mm&r=g\",\"url\":\"https:\\\/\\\/secure.gravatar.com\\\/avatar\\\/3ea2118a5f7dad2b7138b1187a6b7ee55f160b9968b66013c3a3ef39dd7e5798?s=96&d=mm&r=g\",\"contentUrl\":\"https:\\\/\\\/secure.gravatar.com\\\/avatar\\\/3ea2118a5f7dad2b7138b1187a6b7ee55f160b9968b66013c3a3ef39dd7e5798?s=96&d=mm&r=g\",\"caption\":\"Jeanette\"},\"sameAs\":[\"https:\\\/\\\/www.eldiario.net\\\/portal\"],\"url\":\"https:\\\/\\\/www.eldiario.net\\\/portal\\\/author\\\/jeanette\\\/\"}]}<\/script>\n<!-- \/ Yoast SEO plugin. -->","yoast_head_json":{"title":"Control de bioseguridad a bailarines y espectadores - El Diario - Bolivia","robots":{"index":"index","follow":"follow","max-snippet":"max-snippet:-1","max-image-preview":"max-image-preview:large","max-video-preview":"max-video-preview:-1"},"canonical":"https:\/\/www.eldiario.net\/portal\/2022\/06\/09\/control-de-bioseguridad-a-bailarines-y-espectadores\/","og_locale":"es_ES","og_type":"article","og_title":"Control de bioseguridad a bailarines y espectadores - El Diario - Bolivia","og_description":"Se realizar\u00e1 el control en el uso de medidas de bioseguridad contra el covid-19 a participantes y espectadores durante el evento folkl\u00f3rico de este s\u00e1bado, cerca de 1.500 funcionarios municipales tendr\u00e1n esa tarea, inform\u00f3 ayer la Alcald\u00eda pace\u00f1a. \u201cVamos a redoblar esfuerzos, para este fin de semana est\u00e1 previsto desplegar a 1.500 funcionarios en diferentes [&hellip;]","og_url":"https:\/\/www.eldiario.net\/portal\/2022\/06\/09\/control-de-bioseguridad-a-bailarines-y-espectadores\/","og_site_name":"El Diario - Bolivia","article_publisher":"https:\/\/www.facebook.com\/eldiario.bolivia\/","article_published_time":"2022-06-09T09:10:12+00:00","author":"Jeanette","twitter_card":"summary_large_image","twitter_creator":"@eldiario_net","twitter_site":"@eldiario_net","twitter_misc":{"Escrito por":"Jeanette","Tiempo de lectura":"2 minutos"},"schema":{"@context":"https:\/\/schema.org","@graph":[{"@type":"Article","@id":"https:\/\/www.eldiario.net\/portal\/2022\/06\/09\/control-de-bioseguridad-a-bailarines-y-espectadores\/#article","isPartOf":{"@id":"https:\/\/www.eldiario.net\/portal\/2022\/06\/09\/control-de-bioseguridad-a-bailarines-y-espectadores\/"},"author":{"name":"Jeanette","@id":"https:\/\/www.eldiario.net\/portal\/#\/schema\/person\/f46445640444750d7d753ccd04ae01b7"},"headline":"Control de bioseguridad a bailarines y espectadores","datePublished":"2022-06-09T09:10:12+00:00","mainEntityOfPage":{"@id":"https:\/\/www.eldiario.net\/portal\/2022\/06\/09\/control-de-bioseguridad-a-bailarines-y-espectadores\/"},"wordCount":423,"publisher":{"@id":"https:\/\/www.eldiario.net\/portal\/#organization"},"image":{"@id":"https:\/\/www.eldiario.net\/portal\/2022\/06\/09\/control-de-bioseguridad-a-bailarines-y-espectadores\/#primaryimage"},"thumbnailUrl":"","articleSection":["Nacional"],"inLanguage":"es"},{"@type":"WebPage","@id":"https:\/\/www.eldiario.net\/portal\/2022\/06\/09\/control-de-bioseguridad-a-bailarines-y-espectadores\/","url":"https:\/\/www.eldiario.net\/portal\/2022\/06\/09\/control-de-bioseguridad-a-bailarines-y-espectadores\/","name":"Control de bioseguridad a bailarines y espectadores - El Diario - Bolivia","isPartOf":{"@id":"https:\/\/www.eldiario.net\/portal\/#website"},"primaryImageOfPage":{"@id":"https:\/\/www.eldiario.net\/portal\/2022\/06\/09\/control-de-bioseguridad-a-bailarines-y-espectadores\/#primaryimage"},"image":{"@id":"https:\/\/www.eldiario.net\/portal\/2022\/06\/09\/control-de-bioseguridad-a-bailarines-y-espectadores\/#primaryimage"},"thumbnailUrl":"","datePublished":"2022-06-09T09:10:12+00:00","breadcrumb":{"@id":"https:\/\/www.eldiario.net\/portal\/2022\/06\/09\/control-de-bioseguridad-a-bailarines-y-espectadores\/#breadcrumb"},"inLanguage":"es","potentialAction":[{"@type":"ReadAction","target":["https:\/\/www.eldiario.net\/portal\/2022\/06\/09\/control-de-bioseguridad-a-bailarines-y-espectadores\/"]}]},{"@type":"ImageObject","inLanguage":"es","@id":"https:\/\/www.eldiario.net\/portal\/2022\/06\/09\/control-de-bioseguridad-a-bailarines-y-espectadores\/#primaryimage","url":"","contentUrl":""},{"@type":"BreadcrumbList","@id":"https:\/\/www.eldiario.net\/portal\/2022\/06\/09\/control-de-bioseguridad-a-bailarines-y-espectadores\/#breadcrumb","itemListElement":[{"@type":"ListItem","position":1,"name":"Portada","item":"https:\/\/www.eldiario.net\/portal\/"},{"@type":"ListItem","position":2,"name":"Control de bioseguridad a bailarines y espectadores"}]},{"@type":"WebSite","@id":"https:\/\/www.eldiario.net\/portal\/#website","url":"https:\/\/www.eldiario.net\/portal\/","name":"El Diario - Decano de la prensa nacional","description":"El Diario - Decano de la prensa nacional","publisher":{"@id":"https:\/\/www.eldiario.net\/portal\/#organization"},"potentialAction":[{"@type":"SearchAction","target":{"@type":"EntryPoint","urlTemplate":"https:\/\/www.eldiario.net\/portal\/?s={search_term_string}"},"query-input":{"@type":"PropertyValueSpecification","valueRequired":true,"valueName":"search_term_string"}}],"inLanguage":"es"},{"@type":"Organization","@id":"https:\/\/www.eldiario.net\/portal\/#organization","name":"El Diario - Decano de la prensa nacional","url":"https:\/\/www.eldiario.net\/portal\/","logo":{"@type":"ImageObject","inLanguage":"es","@id":"https:\/\/www.eldiario.net\/portal\/#\/schema\/logo\/image\/","url":"https:\/\/www.eldiario.net\/portal\/wp-content\/uploads\/2023\/07\/logo_ED.jpg","contentUrl":"https:\/\/www.eldiario.net\/portal\/wp-content\/uploads\/2023\/07\/logo_ED.jpg","width":272,"height":52,"caption":"El Diario - Decano de la prensa nacional"},"image":{"@id":"https:\/\/www.eldiario.net\/portal\/#\/schema\/logo\/image\/"},"sameAs":["https:\/\/www.facebook.com\/eldiario.bolivia\/","https:\/\/x.com\/eldiario_net"]},{"@type":"Person","@id":"https:\/\/www.eldiario.net\/portal\/#\/schema\/person\/f46445640444750d7d753ccd04ae01b7","name":"Jeanette","image":{"@type":"ImageObject","inLanguage":"es","@id":"https:\/\/secure.gravatar.com\/avatar\/3ea2118a5f7dad2b7138b1187a6b7ee55f160b9968b66013c3a3ef39dd7e5798?s=96&d=mm&r=g","url":"https:\/\/secure.gravatar.com\/avatar\/3ea2118a5f7dad2b7138b1187a6b7ee55f160b9968b66013c3a3ef39dd7e5798?s=96&d=mm&r=g","contentUrl":"https:\/\/secure.gravatar.com\/avatar\/3ea2118a5f7dad2b7138b1187a6b7ee55f160b9968b66013c3a3ef39dd7e5798?s=96&d=mm&r=g","caption":"Jeanette"},"sameAs":["https:\/\/www.eldiario.net\/portal"],"url":"https:\/\/www.eldiario.net\/portal\/author\/jeanette\/"}]}},"_links":{"self":[{"href":"https:\/\/www.eldiario.net\/portal\/wp-json\/wp\/v2\/posts\/89296","targetHints":{"allow":["GET"]}}],"collection":[{"href":"https:\/\/www.eldiario.net\/portal\/wp-json\/wp\/v2\/posts"}],"about":[{"href":"https:\/\/www.eldiario.net\/portal\/wp-json\/wp\/v2\/types\/post"}],"author":[{"embeddable":true,"href":"https:\/\/www.eldiario.net\/portal\/wp-json\/wp\/v2\/users\/1"}],"replies":[{"embeddable":true,"href":"https:\/\/www.eldiario.net\/portal\/wp-json\/wp\/v2\/comments?post=89296"}],"version-history":[{"count":0,"href":"https:\/\/www.eldiario.net\/portal\/wp-json\/wp\/v2\/posts\/89296\/revisions"}],"wp:attachment":[{"href":"https:\/\/www.eldiario.net\/portal\/wp-json\/wp\/v2\/media?parent=89296"}],"wp:term":[{"taxonomy":"category","embeddable":true,"href":"https:\/\/www.eldiario.net\/portal\/wp-json\/wp\/v2\/categories?post=89296"},{"taxonomy":"post_tag","embeddable":true,"href":"https:\/\/www.eldiario.net\/portal\/wp-json\/wp\/v2\/tags?post=89296"}],"curies":[{"name":"wp","href":"https:\/\/api.w.org\/{rel}","templated":true}]}}