{"id":89292,"date":"2022-06-09T05:09:08","date_gmt":"2022-06-09T09:09:08","guid":{"rendered":"https:\/\/www.eldiario.net\/portal\/?p=89292"},"modified":"2022-06-09T05:09:08","modified_gmt":"2022-06-09T09:09:08","slug":"unidades-educativas-no-deben-impedir-ingreso-de-estudiantes","status":"publish","type":"post","link":"https:\/\/www.eldiario.net\/portal\/2022\/06\/09\/unidades-educativas-no-deben-impedir-ingreso-de-estudiantes\/","title":{"rendered":"Unidades educativas no deben impedir ingreso de estudiantes"},"content":{"rendered":"<p>Las unidades educativas deben cuidar la salud y seguridad de estudiantes de todos los ciclos y permitir el ingreso al establecimiento, la ampliaci\u00f3n del horario de invierno es un par\u00e1metro de tolerancia, exhortaron ayer las autoridades de Educaci\u00f3n.<\/p>\n<p>Los padres de familia de una unidad educativa de La Paz presentaron denuncias ante el Ministerio de Educaci\u00f3n y expresaron su preocupaci\u00f3n por que las autoridades de este establecimiento impiden el ingreso de los estudiantes de los niveles inicial y primario, en el horario de ingreso del nivel secundario, \u201cdej\u00e1ndolos en la calle y exponi\u00e9ndolos a los peligros de la inseguridad ciudadana\u201d. La autoridad de Estado reproch\u00f3 tal procedimiento.<\/p>\n<p>\u201cNo puede ser que una escuela de convenio proceda de esa manera, vulnerando los derechos y la seguridad de nuestras ni\u00f1as y nuestros ni\u00f1os\u201d, manifest\u00f3 el ministro Pary, seg\u00fan el informe del Ministerio de Educaci\u00f3n.<\/p>\n<p>La direcci\u00f3n de la unidad educativa argument\u00f3 que la medida responde a un instructivo del Ministerio de Educaci\u00f3n.<\/p>\n<p>\u201cNo hay ning\u00fan instructivo del Ministerio de Educaci\u00f3n que indique que se niegue el ingreso de nuestros estudiantes a las unidades educativas\u201d, respondi\u00f3 el viceministro de Educaci\u00f3n Regular, Bartolom\u00e9 Puma, al respecto, report\u00f3 ABI.<\/p>\n<p>La autoridad record\u00f3 que el horario de ingreso establecido a partir del instructivo de \u201cAmpliaci\u00f3n del horario de invierno\u201d, es un par\u00e1metro de tolerancia para precautelar la salud de los estudiantes de inicial y primaria, pero no es motivo para generar medidas que pongan en riesgo la seguridad e integridad de la poblaci\u00f3n estudiantil.<\/p>\n<p>\u201cLos estudiantes est\u00e1n en su pleno derecho de ingresar a la unidad educativa donde estudian. En consideraci\u00f3n a la inseguridad que hay en las calles, es necesario que nuestros estudiantes puedan ingresar de inmediato a su unidad educativa, apenas lleguen. No debe existir restricciones de ninguna \u00edndole\u201d, enfatiz\u00f3 Puma.<\/p>\n<p>&nbsp;<\/p>\n","protected":false},"excerpt":{"rendered":"<p>Las unidades educativas deben cuidar la salud y seguridad de estudiantes de todos los ciclos y permitir el ingreso al establecimiento, la ampliaci\u00f3n del horario de invierno es un par\u00e1metro de tolerancia, exhortaron ayer las autoridades de Educaci\u00f3n. Los padres de familia de una unidad educativa de La Paz presentaron denuncias ante el Ministerio de [&hellip;]<\/p>\n","protected":false},"author":1,"featured_media":89293,"comment_status":"closed","ping_status":"closed","sticky":false,"template":"","format":"standard","meta":{"_acf_changed":false,"footnotes":""},"categories":[12],"tags":[],"class_list":["post-89292","post","type-post","status-publish","format-standard","has-post-thumbnail","category-nacional"],"acf":{"antetitulo":""},"yoast_head":"<!-- This site is optimized with the Yoast SEO plugin v28.4 - https:\/\/yoast.com\/product\/yoast-seo-wordpress\/ -->\n<title>Unidades educativas no deben impedir ingreso de estudiantes - El Diario - Bolivia<\/title>\n<meta name=\"robots\" content=\"index, follow, max-snippet:-1, max-image-preview:large, max-video-preview:-1\" \/>\n<link rel=\"canonical\" href=\"https:\/\/www.eldiario.net\/portal\/2022\/06\/09\/unidades-educativas-no-deben-impedir-ingreso-de-estudiantes\/\" \/>\n<meta property=\"og:locale\" content=\"es_ES\" \/>\n<meta property=\"og:type\" content=\"article\" \/>\n<meta property=\"og:title\" content=\"Unidades educativas no deben impedir ingreso de estudiantes - El Diario - Bolivia\" \/>\n<meta property=\"og:description\" content=\"Las unidades educativas deben cuidar la salud y seguridad de estudiantes de todos los ciclos y permitir el ingreso al establecimiento, la ampliaci\u00f3n del horario de invierno es un par\u00e1metro de tolerancia, exhortaron ayer las autoridades de Educaci\u00f3n. Los padres de familia de una unidad educativa de La Paz presentaron denuncias ante el Ministerio de [&hellip;]\" \/>\n<meta property=\"og:url\" content=\"https:\/\/www.eldiario.net\/portal\/2022\/06\/09\/unidades-educativas-no-deben-impedir-ingreso-de-estudiantes\/\" \/>\n<meta property=\"og:site_name\" content=\"El Diario - Bolivia\" \/>\n<meta property=\"article:publisher\" content=\"https:\/\/www.facebook.com\/eldiario.bolivia\/\" \/>\n<meta property=\"article:published_time\" content=\"2022-06-09T09:09:08+00:00\" \/>\n<meta name=\"author\" content=\"Jeanette\" \/>\n<meta name=\"twitter:card\" content=\"summary_large_image\" \/>\n<meta name=\"twitter:creator\" content=\"@eldiario_net\" \/>\n<meta name=\"twitter:site\" content=\"@eldiario_net\" \/>\n<meta name=\"twitter:label1\" content=\"Escrito por\" \/>\n\t<meta name=\"twitter:data1\" content=\"Jeanette\" \/>\n\t<meta name=\"twitter:label2\" content=\"Tiempo de lectura\" \/>\n\t<meta name=\"twitter:data2\" content=\"2 minutos\" \/>\n<script type=\"application\/ld+json\" class=\"yoast-schema-graph\">{\"@context\":\"https:\\\/\\\/schema.org\",\"@graph\":[{\"@type\":\"Article\",\"@id\":\"https:\\\/\\\/www.eldiario.net\\\/portal\\\/2022\\\/06\\\/09\\\/unidades-educativas-no-deben-impedir-ingreso-de-estudiantes\\\/#article\",\"isPartOf\":{\"@id\":\"https:\\\/\\\/www.eldiario.net\\\/portal\\\/2022\\\/06\\\/09\\\/unidades-educativas-no-deben-impedir-ingreso-de-estudiantes\\\/\"},\"author\":{\"name\":\"Jeanette\",\"@id\":\"https:\\\/\\\/www.eldiario.net\\\/portal\\\/#\\\/schema\\\/person\\\/f46445640444750d7d753ccd04ae01b7\"},\"headline\":\"Unidades educativas no deben impedir ingreso de estudiantes\",\"datePublished\":\"2022-06-09T09:09:08+00:00\",\"mainEntityOfPage\":{\"@id\":\"https:\\\/\\\/www.eldiario.net\\\/portal\\\/2022\\\/06\\\/09\\\/unidades-educativas-no-deben-impedir-ingreso-de-estudiantes\\\/\"},\"wordCount\":327,\"publisher\":{\"@id\":\"https:\\\/\\\/www.eldiario.net\\\/portal\\\/#organization\"},\"image\":{\"@id\":\"https:\\\/\\\/www.eldiario.net\\\/portal\\\/2022\\\/06\\\/09\\\/unidades-educativas-no-deben-impedir-ingreso-de-estudiantes\\\/#primaryimage\"},\"thumbnailUrl\":\"\",\"articleSection\":[\"Nacional\"],\"inLanguage\":\"es\"},{\"@type\":\"WebPage\",\"@id\":\"https:\\\/\\\/www.eldiario.net\\\/portal\\\/2022\\\/06\\\/09\\\/unidades-educativas-no-deben-impedir-ingreso-de-estudiantes\\\/\",\"url\":\"https:\\\/\\\/www.eldiario.net\\\/portal\\\/2022\\\/06\\\/09\\\/unidades-educativas-no-deben-impedir-ingreso-de-estudiantes\\\/\",\"name\":\"Unidades educativas no deben impedir ingreso de estudiantes - El Diario - Bolivia\",\"isPartOf\":{\"@id\":\"https:\\\/\\\/www.eldiario.net\\\/portal\\\/#website\"},\"primaryImageOfPage\":{\"@id\":\"https:\\\/\\\/www.eldiario.net\\\/portal\\\/2022\\\/06\\\/09\\\/unidades-educativas-no-deben-impedir-ingreso-de-estudiantes\\\/#primaryimage\"},\"image\":{\"@id\":\"https:\\\/\\\/www.eldiario.net\\\/portal\\\/2022\\\/06\\\/09\\\/unidades-educativas-no-deben-impedir-ingreso-de-estudiantes\\\/#primaryimage\"},\"thumbnailUrl\":\"\",\"datePublished\":\"2022-06-09T09:09:08+00:00\",\"breadcrumb\":{\"@id\":\"https:\\\/\\\/www.eldiario.net\\\/portal\\\/2022\\\/06\\\/09\\\/unidades-educativas-no-deben-impedir-ingreso-de-estudiantes\\\/#breadcrumb\"},\"inLanguage\":\"es\",\"potentialAction\":[{\"@type\":\"ReadAction\",\"target\":[\"https:\\\/\\\/www.eldiario.net\\\/portal\\\/2022\\\/06\\\/09\\\/unidades-educativas-no-deben-impedir-ingreso-de-estudiantes\\\/\"]}]},{\"@type\":\"ImageObject\",\"inLanguage\":\"es\",\"@id\":\"https:\\\/\\\/www.eldiario.net\\\/portal\\\/2022\\\/06\\\/09\\\/unidades-educativas-no-deben-impedir-ingreso-de-estudiantes\\\/#primaryimage\",\"url\":\"\",\"contentUrl\":\"\"},{\"@type\":\"BreadcrumbList\",\"@id\":\"https:\\\/\\\/www.eldiario.net\\\/portal\\\/2022\\\/06\\\/09\\\/unidades-educativas-no-deben-impedir-ingreso-de-estudiantes\\\/#breadcrumb\",\"itemListElement\":[{\"@type\":\"ListItem\",\"position\":1,\"name\":\"Portada\",\"item\":\"https:\\\/\\\/www.eldiario.net\\\/portal\\\/\"},{\"@type\":\"ListItem\",\"position\":2,\"name\":\"Unidades educativas no deben impedir ingreso de estudiantes\"}]},{\"@type\":\"WebSite\",\"@id\":\"https:\\\/\\\/www.eldiario.net\\\/portal\\\/#website\",\"url\":\"https:\\\/\\\/www.eldiario.net\\\/portal\\\/\",\"name\":\"El Diario - Decano de la prensa nacional\",\"description\":\"El Diario - Decano de la prensa nacional\",\"publisher\":{\"@id\":\"https:\\\/\\\/www.eldiario.net\\\/portal\\\/#organization\"},\"potentialAction\":[{\"@type\":\"SearchAction\",\"target\":{\"@type\":\"EntryPoint\",\"urlTemplate\":\"https:\\\/\\\/www.eldiario.net\\\/portal\\\/?s={search_term_string}\"},\"query-input\":{\"@type\":\"PropertyValueSpecification\",\"valueRequired\":true,\"valueName\":\"search_term_string\"}}],\"inLanguage\":\"es\"},{\"@type\":\"Organization\",\"@id\":\"https:\\\/\\\/www.eldiario.net\\\/portal\\\/#organization\",\"name\":\"El Diario - Decano de la prensa nacional\",\"url\":\"https:\\\/\\\/www.eldiario.net\\\/portal\\\/\",\"logo\":{\"@type\":\"ImageObject\",\"inLanguage\":\"es\",\"@id\":\"https:\\\/\\\/www.eldiario.net\\\/portal\\\/#\\\/schema\\\/logo\\\/image\\\/\",\"url\":\"https:\\\/\\\/www.eldiario.net\\\/portal\\\/wp-content\\\/uploads\\\/2023\\\/07\\\/logo_ED.jpg\",\"contentUrl\":\"https:\\\/\\\/www.eldiario.net\\\/portal\\\/wp-content\\\/uploads\\\/2023\\\/07\\\/logo_ED.jpg\",\"width\":272,\"height\":52,\"caption\":\"El Diario - Decano de la prensa nacional\"},\"image\":{\"@id\":\"https:\\\/\\\/www.eldiario.net\\\/portal\\\/#\\\/schema\\\/logo\\\/image\\\/\"},\"sameAs\":[\"https:\\\/\\\/www.facebook.com\\\/eldiario.bolivia\\\/\",\"https:\\\/\\\/x.com\\\/eldiario_net\"]},{\"@type\":\"Person\",\"@id\":\"https:\\\/\\\/www.eldiario.net\\\/portal\\\/#\\\/schema\\\/person\\\/f46445640444750d7d753ccd04ae01b7\",\"name\":\"Jeanette\",\"image\":{\"@type\":\"ImageObject\",\"inLanguage\":\"es\",\"@id\":\"https:\\\/\\\/secure.gravatar.com\\\/avatar\\\/3ea2118a5f7dad2b7138b1187a6b7ee55f160b9968b66013c3a3ef39dd7e5798?s=96&d=mm&r=g\",\"url\":\"https:\\\/\\\/secure.gravatar.com\\\/avatar\\\/3ea2118a5f7dad2b7138b1187a6b7ee55f160b9968b66013c3a3ef39dd7e5798?s=96&d=mm&r=g\",\"contentUrl\":\"https:\\\/\\\/secure.gravatar.com\\\/avatar\\\/3ea2118a5f7dad2b7138b1187a6b7ee55f160b9968b66013c3a3ef39dd7e5798?s=96&d=mm&r=g\",\"caption\":\"Jeanette\"},\"sameAs\":[\"https:\\\/\\\/www.eldiario.net\\\/portal\"],\"url\":\"https:\\\/\\\/www.eldiario.net\\\/portal\\\/author\\\/jeanette\\\/\"}]}<\/script>\n<!-- \/ Yoast SEO plugin. -->","yoast_head_json":{"title":"Unidades educativas no deben impedir ingreso de estudiantes - El Diario - Bolivia","robots":{"index":"index","follow":"follow","max-snippet":"max-snippet:-1","max-image-preview":"max-image-preview:large","max-video-preview":"max-video-preview:-1"},"canonical":"https:\/\/www.eldiario.net\/portal\/2022\/06\/09\/unidades-educativas-no-deben-impedir-ingreso-de-estudiantes\/","og_locale":"es_ES","og_type":"article","og_title":"Unidades educativas no deben impedir ingreso de estudiantes - El Diario - Bolivia","og_description":"Las unidades educativas deben cuidar la salud y seguridad de estudiantes de todos los ciclos y permitir el ingreso al establecimiento, la ampliaci\u00f3n del horario de invierno es un par\u00e1metro de tolerancia, exhortaron ayer las autoridades de Educaci\u00f3n. Los padres de familia de una unidad educativa de La Paz presentaron denuncias ante el Ministerio de [&hellip;]","og_url":"https:\/\/www.eldiario.net\/portal\/2022\/06\/09\/unidades-educativas-no-deben-impedir-ingreso-de-estudiantes\/","og_site_name":"El Diario - Bolivia","article_publisher":"https:\/\/www.facebook.com\/eldiario.bolivia\/","article_published_time":"2022-06-09T09:09:08+00:00","author":"Jeanette","twitter_card":"summary_large_image","twitter_creator":"@eldiario_net","twitter_site":"@eldiario_net","twitter_misc":{"Escrito por":"Jeanette","Tiempo de lectura":"2 minutos"},"schema":{"@context":"https:\/\/schema.org","@graph":[{"@type":"Article","@id":"https:\/\/www.eldiario.net\/portal\/2022\/06\/09\/unidades-educativas-no-deben-impedir-ingreso-de-estudiantes\/#article","isPartOf":{"@id":"https:\/\/www.eldiario.net\/portal\/2022\/06\/09\/unidades-educativas-no-deben-impedir-ingreso-de-estudiantes\/"},"author":{"name":"Jeanette","@id":"https:\/\/www.eldiario.net\/portal\/#\/schema\/person\/f46445640444750d7d753ccd04ae01b7"},"headline":"Unidades educativas no deben impedir ingreso de estudiantes","datePublished":"2022-06-09T09:09:08+00:00","mainEntityOfPage":{"@id":"https:\/\/www.eldiario.net\/portal\/2022\/06\/09\/unidades-educativas-no-deben-impedir-ingreso-de-estudiantes\/"},"wordCount":327,"publisher":{"@id":"https:\/\/www.eldiario.net\/portal\/#organization"},"image":{"@id":"https:\/\/www.eldiario.net\/portal\/2022\/06\/09\/unidades-educativas-no-deben-impedir-ingreso-de-estudiantes\/#primaryimage"},"thumbnailUrl":"","articleSection":["Nacional"],"inLanguage":"es"},{"@type":"WebPage","@id":"https:\/\/www.eldiario.net\/portal\/2022\/06\/09\/unidades-educativas-no-deben-impedir-ingreso-de-estudiantes\/","url":"https:\/\/www.eldiario.net\/portal\/2022\/06\/09\/unidades-educativas-no-deben-impedir-ingreso-de-estudiantes\/","name":"Unidades educativas no deben impedir ingreso de estudiantes - El Diario - Bolivia","isPartOf":{"@id":"https:\/\/www.eldiario.net\/portal\/#website"},"primaryImageOfPage":{"@id":"https:\/\/www.eldiario.net\/portal\/2022\/06\/09\/unidades-educativas-no-deben-impedir-ingreso-de-estudiantes\/#primaryimage"},"image":{"@id":"https:\/\/www.eldiario.net\/portal\/2022\/06\/09\/unidades-educativas-no-deben-impedir-ingreso-de-estudiantes\/#primaryimage"},"thumbnailUrl":"","datePublished":"2022-06-09T09:09:08+00:00","breadcrumb":{"@id":"https:\/\/www.eldiario.net\/portal\/2022\/06\/09\/unidades-educativas-no-deben-impedir-ingreso-de-estudiantes\/#breadcrumb"},"inLanguage":"es","potentialAction":[{"@type":"ReadAction","target":["https:\/\/www.eldiario.net\/portal\/2022\/06\/09\/unidades-educativas-no-deben-impedir-ingreso-de-estudiantes\/"]}]},{"@type":"ImageObject","inLanguage":"es","@id":"https:\/\/www.eldiario.net\/portal\/2022\/06\/09\/unidades-educativas-no-deben-impedir-ingreso-de-estudiantes\/#primaryimage","url":"","contentUrl":""},{"@type":"BreadcrumbList","@id":"https:\/\/www.eldiario.net\/portal\/2022\/06\/09\/unidades-educativas-no-deben-impedir-ingreso-de-estudiantes\/#breadcrumb","itemListElement":[{"@type":"ListItem","position":1,"name":"Portada","item":"https:\/\/www.eldiario.net\/portal\/"},{"@type":"ListItem","position":2,"name":"Unidades educativas no deben impedir ingreso de estudiantes"}]},{"@type":"WebSite","@id":"https:\/\/www.eldiario.net\/portal\/#website","url":"https:\/\/www.eldiario.net\/portal\/","name":"El Diario - Decano de la prensa nacional","description":"El Diario - Decano de la prensa nacional","publisher":{"@id":"https:\/\/www.eldiario.net\/portal\/#organization"},"potentialAction":[{"@type":"SearchAction","target":{"@type":"EntryPoint","urlTemplate":"https:\/\/www.eldiario.net\/portal\/?s={search_term_string}"},"query-input":{"@type":"PropertyValueSpecification","valueRequired":true,"valueName":"search_term_string"}}],"inLanguage":"es"},{"@type":"Organization","@id":"https:\/\/www.eldiario.net\/portal\/#organization","name":"El Diario - Decano de la prensa nacional","url":"https:\/\/www.eldiario.net\/portal\/","logo":{"@type":"ImageObject","inLanguage":"es","@id":"https:\/\/www.eldiario.net\/portal\/#\/schema\/logo\/image\/","url":"https:\/\/www.eldiario.net\/portal\/wp-content\/uploads\/2023\/07\/logo_ED.jpg","contentUrl":"https:\/\/www.eldiario.net\/portal\/wp-content\/uploads\/2023\/07\/logo_ED.jpg","width":272,"height":52,"caption":"El Diario - Decano de la prensa nacional"},"image":{"@id":"https:\/\/www.eldiario.net\/portal\/#\/schema\/logo\/image\/"},"sameAs":["https:\/\/www.facebook.com\/eldiario.bolivia\/","https:\/\/x.com\/eldiario_net"]},{"@type":"Person","@id":"https:\/\/www.eldiario.net\/portal\/#\/schema\/person\/f46445640444750d7d753ccd04ae01b7","name":"Jeanette","image":{"@type":"ImageObject","inLanguage":"es","@id":"https:\/\/secure.gravatar.com\/avatar\/3ea2118a5f7dad2b7138b1187a6b7ee55f160b9968b66013c3a3ef39dd7e5798?s=96&d=mm&r=g","url":"https:\/\/secure.gravatar.com\/avatar\/3ea2118a5f7dad2b7138b1187a6b7ee55f160b9968b66013c3a3ef39dd7e5798?s=96&d=mm&r=g","contentUrl":"https:\/\/secure.gravatar.com\/avatar\/3ea2118a5f7dad2b7138b1187a6b7ee55f160b9968b66013c3a3ef39dd7e5798?s=96&d=mm&r=g","caption":"Jeanette"},"sameAs":["https:\/\/www.eldiario.net\/portal"],"url":"https:\/\/www.eldiario.net\/portal\/author\/jeanette\/"}]}},"_links":{"self":[{"href":"https:\/\/www.eldiario.net\/portal\/wp-json\/wp\/v2\/posts\/89292","targetHints":{"allow":["GET"]}}],"collection":[{"href":"https:\/\/www.eldiario.net\/portal\/wp-json\/wp\/v2\/posts"}],"about":[{"href":"https:\/\/www.eldiario.net\/portal\/wp-json\/wp\/v2\/types\/post"}],"author":[{"embeddable":true,"href":"https:\/\/www.eldiario.net\/portal\/wp-json\/wp\/v2\/users\/1"}],"replies":[{"embeddable":true,"href":"https:\/\/www.eldiario.net\/portal\/wp-json\/wp\/v2\/comments?post=89292"}],"version-history":[{"count":0,"href":"https:\/\/www.eldiario.net\/portal\/wp-json\/wp\/v2\/posts\/89292\/revisions"}],"wp:attachment":[{"href":"https:\/\/www.eldiario.net\/portal\/wp-json\/wp\/v2\/media?parent=89292"}],"wp:term":[{"taxonomy":"category","embeddable":true,"href":"https:\/\/www.eldiario.net\/portal\/wp-json\/wp\/v2\/categories?post=89292"},{"taxonomy":"post_tag","embeddable":true,"href":"https:\/\/www.eldiario.net\/portal\/wp-json\/wp\/v2\/tags?post=89292"}],"curies":[{"name":"wp","href":"https:\/\/api.w.org\/{rel}","templated":true}]}}