{"id":89289,"date":"2022-06-09T05:08:13","date_gmt":"2022-06-09T09:08:13","guid":{"rendered":"https:\/\/www.eldiario.net\/portal\/?p=89289"},"modified":"2022-06-09T05:08:13","modified_gmt":"2022-06-09T09:08:13","slug":"umsa-y-procuraduria-del-estado-vencen-en-proceso-por-terrenos","status":"publish","type":"post","link":"https:\/\/www.eldiario.net\/portal\/2022\/06\/09\/umsa-y-procuraduria-del-estado-vencen-en-proceso-por-terrenos\/","title":{"rendered":"UMSA y Procuradur\u00eda del Estado  vencen en proceso por terrenos"},"content":{"rendered":"<p>La Universidad Mayor de San Andr\u00e9s (UMSA) y la Procuradur\u00eda General del Estado ganaron un proceso contra dos personas que intentaron apropiarse de 23.000 mt2 del Campus Universitario de Cota Cota, una superficie valuada en $us 13,8 millones.<\/p>\n<p>El juicio dur\u00f3 cinco a\u00f1os, pero reci\u00e9n desde 2021, con el ingreso de la actual gesti\u00f3n rectoral, se iniciaron distintas acciones para defender el predio estatal a favor de toda la comunidad universitaria.<\/p>\n<p>\u00abRecibimos este caso con una situaci\u00f3n muy preocupante, de 80 a 20 en contra de la Universidad y a favor de estas personas que se valieron de artima\u00f1as y documentos ilegales para el proceso. Est\u00e1bamos en riesgo de perder 23.000 metros cuadrados, pero actuamos r\u00e1pidamente ni bien ingresamos al Rectorado y hoy vemos con satisfacci\u00f3n los resultados\u00bb, resalt\u00f3 el rector de la UMSA, Oscar Heredia.<\/p>\n<p>El 2017, dos personas interpusieron ante el Juzgado P\u00fablico Civil y Comercial 7\u00b0 una demanda contra la UMSA por la supuesta propiedad de 23.000 mt2, vali\u00e9ndose de un certificado de catastro y un testimonio de poder, obtenidos ilegalmente y atropellando los documentos leg\u00edtimos a nombre de esta casa de estudios superiores. El espacio en disputa fue valuado en $us 13,8 millones.<\/p>\n<p>La UMSA cuenta con la primera inscripci\u00f3n del terreno tanto en la Alcald\u00eda de La Paz como en Derechos Reales, adem\u00e1s de las certificaciones del Instituto Nacional de Reforma Agraria (INRA) y del Instituto Geogr\u00e1fico Militar (IGM) en cuanto a los l\u00edmites de la propiedad. Estos documentos y otras acciones, como pericias e inspecciones, permitieron que el juzgado anule los documentos de las dos personas y falle a favor de la comunidad universitaria.<\/p>\n<p>La Procuradur\u00eda tuvo una participaci\u00f3n importante en el proceso, dentro de su rol constitucional de defensa de los bienes estatales que tienen un valor por encima del mill\u00f3n de d\u00f3lares. Heredia destac\u00f3 el trabajo de los departamentos de Infraestructura y Asesor\u00eda Jur\u00eddica, y agradeci\u00f3 el apoyo del procurador general del Estado, Wilfredo Ch\u00e1vez.<\/p>\n<p>Este no es el \u00fanico caso, pues los terrenos de la Estaci\u00f3n Experimental de la Facultad de Agronom\u00eda, en Sapecho (municipio de Palos Blancos), fueron apropiados en dos sectores, en uno el espacio en disputa fue de 1.121 mt2 y en el otro, de 6.290 mt2. Asesor\u00eda Jur\u00eddica interpuso un proceso judicial en el Juzgado Agroambiental de Caranavi y, tras presentar todas las pruebas necesarias, en mayo se obtuvo una sentencia que devolvi\u00f3 estos predios a la UMSA.<\/p>\n","protected":false},"excerpt":{"rendered":"<p>La Universidad Mayor de San Andr\u00e9s (UMSA) y la Procuradur\u00eda General del Estado ganaron un proceso contra dos personas que intentaron apropiarse de 23.000 mt2 del Campus Universitario de Cota Cota, una superficie valuada en $us 13,8 millones. El juicio dur\u00f3 cinco a\u00f1os, pero reci\u00e9n desde 2021, con el ingreso de la actual gesti\u00f3n rectoral, [&hellip;]<\/p>\n","protected":false},"author":1,"featured_media":89290,"comment_status":"closed","ping_status":"closed","sticky":false,"template":"","format":"standard","meta":{"_acf_changed":false,"footnotes":""},"categories":[12],"tags":[],"class_list":["post-89289","post","type-post","status-publish","format-standard","has-post-thumbnail","category-nacional"],"acf":{"antetitulo":""},"yoast_head":"<!-- This site is optimized with the Yoast SEO plugin v28.4 - https:\/\/yoast.com\/product\/yoast-seo-wordpress\/ -->\n<title>UMSA y Procuradur\u00eda del Estado vencen en proceso por terrenos - El Diario - Bolivia<\/title>\n<meta name=\"robots\" content=\"index, follow, max-snippet:-1, max-image-preview:large, max-video-preview:-1\" \/>\n<link rel=\"canonical\" href=\"https:\/\/www.eldiario.net\/portal\/2022\/06\/09\/umsa-y-procuraduria-del-estado-vencen-en-proceso-por-terrenos\/\" \/>\n<meta property=\"og:locale\" content=\"es_ES\" \/>\n<meta property=\"og:type\" content=\"article\" \/>\n<meta property=\"og:title\" content=\"UMSA y Procuradur\u00eda del Estado vencen en proceso por terrenos - El Diario - Bolivia\" \/>\n<meta property=\"og:description\" content=\"La Universidad Mayor de San Andr\u00e9s (UMSA) y la Procuradur\u00eda General del Estado ganaron un proceso contra dos personas que intentaron apropiarse de 23.000 mt2 del Campus Universitario de Cota Cota, una superficie valuada en $us 13,8 millones. El juicio dur\u00f3 cinco a\u00f1os, pero reci\u00e9n desde 2021, con el ingreso de la actual gesti\u00f3n rectoral, [&hellip;]\" \/>\n<meta property=\"og:url\" content=\"https:\/\/www.eldiario.net\/portal\/2022\/06\/09\/umsa-y-procuraduria-del-estado-vencen-en-proceso-por-terrenos\/\" \/>\n<meta property=\"og:site_name\" content=\"El Diario - Bolivia\" \/>\n<meta property=\"article:publisher\" content=\"https:\/\/www.facebook.com\/eldiario.bolivia\/\" \/>\n<meta property=\"article:published_time\" content=\"2022-06-09T09:08:13+00:00\" \/>\n<meta name=\"author\" content=\"Jeanette\" \/>\n<meta name=\"twitter:card\" content=\"summary_large_image\" \/>\n<meta name=\"twitter:creator\" content=\"@eldiario_net\" \/>\n<meta name=\"twitter:site\" content=\"@eldiario_net\" \/>\n<meta name=\"twitter:label1\" content=\"Escrito por\" \/>\n\t<meta name=\"twitter:data1\" content=\"Jeanette\" \/>\n\t<meta name=\"twitter:label2\" content=\"Tiempo de lectura\" \/>\n\t<meta name=\"twitter:data2\" content=\"2 minutos\" \/>\n<script type=\"application\/ld+json\" class=\"yoast-schema-graph\">{\"@context\":\"https:\\\/\\\/schema.org\",\"@graph\":[{\"@type\":\"Article\",\"@id\":\"https:\\\/\\\/www.eldiario.net\\\/portal\\\/2022\\\/06\\\/09\\\/umsa-y-procuraduria-del-estado-vencen-en-proceso-por-terrenos\\\/#article\",\"isPartOf\":{\"@id\":\"https:\\\/\\\/www.eldiario.net\\\/portal\\\/2022\\\/06\\\/09\\\/umsa-y-procuraduria-del-estado-vencen-en-proceso-por-terrenos\\\/\"},\"author\":{\"name\":\"Jeanette\",\"@id\":\"https:\\\/\\\/www.eldiario.net\\\/portal\\\/#\\\/schema\\\/person\\\/f46445640444750d7d753ccd04ae01b7\"},\"headline\":\"UMSA y Procuradur\u00eda del Estado vencen en proceso por terrenos\",\"datePublished\":\"2022-06-09T09:08:13+00:00\",\"mainEntityOfPage\":{\"@id\":\"https:\\\/\\\/www.eldiario.net\\\/portal\\\/2022\\\/06\\\/09\\\/umsa-y-procuraduria-del-estado-vencen-en-proceso-por-terrenos\\\/\"},\"wordCount\":429,\"publisher\":{\"@id\":\"https:\\\/\\\/www.eldiario.net\\\/portal\\\/#organization\"},\"image\":{\"@id\":\"https:\\\/\\\/www.eldiario.net\\\/portal\\\/2022\\\/06\\\/09\\\/umsa-y-procuraduria-del-estado-vencen-en-proceso-por-terrenos\\\/#primaryimage\"},\"thumbnailUrl\":\"\",\"articleSection\":[\"Nacional\"],\"inLanguage\":\"es\"},{\"@type\":\"WebPage\",\"@id\":\"https:\\\/\\\/www.eldiario.net\\\/portal\\\/2022\\\/06\\\/09\\\/umsa-y-procuraduria-del-estado-vencen-en-proceso-por-terrenos\\\/\",\"url\":\"https:\\\/\\\/www.eldiario.net\\\/portal\\\/2022\\\/06\\\/09\\\/umsa-y-procuraduria-del-estado-vencen-en-proceso-por-terrenos\\\/\",\"name\":\"UMSA y Procuradur\u00eda del Estado vencen en proceso por terrenos - El Diario - Bolivia\",\"isPartOf\":{\"@id\":\"https:\\\/\\\/www.eldiario.net\\\/portal\\\/#website\"},\"primaryImageOfPage\":{\"@id\":\"https:\\\/\\\/www.eldiario.net\\\/portal\\\/2022\\\/06\\\/09\\\/umsa-y-procuraduria-del-estado-vencen-en-proceso-por-terrenos\\\/#primaryimage\"},\"image\":{\"@id\":\"https:\\\/\\\/www.eldiario.net\\\/portal\\\/2022\\\/06\\\/09\\\/umsa-y-procuraduria-del-estado-vencen-en-proceso-por-terrenos\\\/#primaryimage\"},\"thumbnailUrl\":\"\",\"datePublished\":\"2022-06-09T09:08:13+00:00\",\"breadcrumb\":{\"@id\":\"https:\\\/\\\/www.eldiario.net\\\/portal\\\/2022\\\/06\\\/09\\\/umsa-y-procuraduria-del-estado-vencen-en-proceso-por-terrenos\\\/#breadcrumb\"},\"inLanguage\":\"es\",\"potentialAction\":[{\"@type\":\"ReadAction\",\"target\":[\"https:\\\/\\\/www.eldiario.net\\\/portal\\\/2022\\\/06\\\/09\\\/umsa-y-procuraduria-del-estado-vencen-en-proceso-por-terrenos\\\/\"]}]},{\"@type\":\"ImageObject\",\"inLanguage\":\"es\",\"@id\":\"https:\\\/\\\/www.eldiario.net\\\/portal\\\/2022\\\/06\\\/09\\\/umsa-y-procuraduria-del-estado-vencen-en-proceso-por-terrenos\\\/#primaryimage\",\"url\":\"\",\"contentUrl\":\"\"},{\"@type\":\"BreadcrumbList\",\"@id\":\"https:\\\/\\\/www.eldiario.net\\\/portal\\\/2022\\\/06\\\/09\\\/umsa-y-procuraduria-del-estado-vencen-en-proceso-por-terrenos\\\/#breadcrumb\",\"itemListElement\":[{\"@type\":\"ListItem\",\"position\":1,\"name\":\"Portada\",\"item\":\"https:\\\/\\\/www.eldiario.net\\\/portal\\\/\"},{\"@type\":\"ListItem\",\"position\":2,\"name\":\"UMSA y Procuradur\u00eda del Estado vencen en proceso por terrenos\"}]},{\"@type\":\"WebSite\",\"@id\":\"https:\\\/\\\/www.eldiario.net\\\/portal\\\/#website\",\"url\":\"https:\\\/\\\/www.eldiario.net\\\/portal\\\/\",\"name\":\"El Diario - Decano de la prensa nacional\",\"description\":\"El Diario - Decano de la prensa nacional\",\"publisher\":{\"@id\":\"https:\\\/\\\/www.eldiario.net\\\/portal\\\/#organization\"},\"potentialAction\":[{\"@type\":\"SearchAction\",\"target\":{\"@type\":\"EntryPoint\",\"urlTemplate\":\"https:\\\/\\\/www.eldiario.net\\\/portal\\\/?s={search_term_string}\"},\"query-input\":{\"@type\":\"PropertyValueSpecification\",\"valueRequired\":true,\"valueName\":\"search_term_string\"}}],\"inLanguage\":\"es\"},{\"@type\":\"Organization\",\"@id\":\"https:\\\/\\\/www.eldiario.net\\\/portal\\\/#organization\",\"name\":\"El Diario - Decano de la prensa nacional\",\"url\":\"https:\\\/\\\/www.eldiario.net\\\/portal\\\/\",\"logo\":{\"@type\":\"ImageObject\",\"inLanguage\":\"es\",\"@id\":\"https:\\\/\\\/www.eldiario.net\\\/portal\\\/#\\\/schema\\\/logo\\\/image\\\/\",\"url\":\"https:\\\/\\\/www.eldiario.net\\\/portal\\\/wp-content\\\/uploads\\\/2023\\\/07\\\/logo_ED.jpg\",\"contentUrl\":\"https:\\\/\\\/www.eldiario.net\\\/portal\\\/wp-content\\\/uploads\\\/2023\\\/07\\\/logo_ED.jpg\",\"width\":272,\"height\":52,\"caption\":\"El Diario - Decano de la prensa nacional\"},\"image\":{\"@id\":\"https:\\\/\\\/www.eldiario.net\\\/portal\\\/#\\\/schema\\\/logo\\\/image\\\/\"},\"sameAs\":[\"https:\\\/\\\/www.facebook.com\\\/eldiario.bolivia\\\/\",\"https:\\\/\\\/x.com\\\/eldiario_net\"]},{\"@type\":\"Person\",\"@id\":\"https:\\\/\\\/www.eldiario.net\\\/portal\\\/#\\\/schema\\\/person\\\/f46445640444750d7d753ccd04ae01b7\",\"name\":\"Jeanette\",\"image\":{\"@type\":\"ImageObject\",\"inLanguage\":\"es\",\"@id\":\"https:\\\/\\\/secure.gravatar.com\\\/avatar\\\/3ea2118a5f7dad2b7138b1187a6b7ee55f160b9968b66013c3a3ef39dd7e5798?s=96&d=mm&r=g\",\"url\":\"https:\\\/\\\/secure.gravatar.com\\\/avatar\\\/3ea2118a5f7dad2b7138b1187a6b7ee55f160b9968b66013c3a3ef39dd7e5798?s=96&d=mm&r=g\",\"contentUrl\":\"https:\\\/\\\/secure.gravatar.com\\\/avatar\\\/3ea2118a5f7dad2b7138b1187a6b7ee55f160b9968b66013c3a3ef39dd7e5798?s=96&d=mm&r=g\",\"caption\":\"Jeanette\"},\"sameAs\":[\"https:\\\/\\\/www.eldiario.net\\\/portal\"],\"url\":\"https:\\\/\\\/www.eldiario.net\\\/portal\\\/author\\\/jeanette\\\/\"}]}<\/script>\n<!-- \/ Yoast SEO plugin. -->","yoast_head_json":{"title":"UMSA y Procuradur\u00eda del Estado vencen en proceso por terrenos - El Diario - Bolivia","robots":{"index":"index","follow":"follow","max-snippet":"max-snippet:-1","max-image-preview":"max-image-preview:large","max-video-preview":"max-video-preview:-1"},"canonical":"https:\/\/www.eldiario.net\/portal\/2022\/06\/09\/umsa-y-procuraduria-del-estado-vencen-en-proceso-por-terrenos\/","og_locale":"es_ES","og_type":"article","og_title":"UMSA y Procuradur\u00eda del Estado vencen en proceso por terrenos - El Diario - Bolivia","og_description":"La Universidad Mayor de San Andr\u00e9s (UMSA) y la Procuradur\u00eda General del Estado ganaron un proceso contra dos personas que intentaron apropiarse de 23.000 mt2 del Campus Universitario de Cota Cota, una superficie valuada en $us 13,8 millones. El juicio dur\u00f3 cinco a\u00f1os, pero reci\u00e9n desde 2021, con el ingreso de la actual gesti\u00f3n rectoral, [&hellip;]","og_url":"https:\/\/www.eldiario.net\/portal\/2022\/06\/09\/umsa-y-procuraduria-del-estado-vencen-en-proceso-por-terrenos\/","og_site_name":"El Diario - Bolivia","article_publisher":"https:\/\/www.facebook.com\/eldiario.bolivia\/","article_published_time":"2022-06-09T09:08:13+00:00","author":"Jeanette","twitter_card":"summary_large_image","twitter_creator":"@eldiario_net","twitter_site":"@eldiario_net","twitter_misc":{"Escrito por":"Jeanette","Tiempo de lectura":"2 minutos"},"schema":{"@context":"https:\/\/schema.org","@graph":[{"@type":"Article","@id":"https:\/\/www.eldiario.net\/portal\/2022\/06\/09\/umsa-y-procuraduria-del-estado-vencen-en-proceso-por-terrenos\/#article","isPartOf":{"@id":"https:\/\/www.eldiario.net\/portal\/2022\/06\/09\/umsa-y-procuraduria-del-estado-vencen-en-proceso-por-terrenos\/"},"author":{"name":"Jeanette","@id":"https:\/\/www.eldiario.net\/portal\/#\/schema\/person\/f46445640444750d7d753ccd04ae01b7"},"headline":"UMSA y Procuradur\u00eda del Estado vencen en proceso por terrenos","datePublished":"2022-06-09T09:08:13+00:00","mainEntityOfPage":{"@id":"https:\/\/www.eldiario.net\/portal\/2022\/06\/09\/umsa-y-procuraduria-del-estado-vencen-en-proceso-por-terrenos\/"},"wordCount":429,"publisher":{"@id":"https:\/\/www.eldiario.net\/portal\/#organization"},"image":{"@id":"https:\/\/www.eldiario.net\/portal\/2022\/06\/09\/umsa-y-procuraduria-del-estado-vencen-en-proceso-por-terrenos\/#primaryimage"},"thumbnailUrl":"","articleSection":["Nacional"],"inLanguage":"es"},{"@type":"WebPage","@id":"https:\/\/www.eldiario.net\/portal\/2022\/06\/09\/umsa-y-procuraduria-del-estado-vencen-en-proceso-por-terrenos\/","url":"https:\/\/www.eldiario.net\/portal\/2022\/06\/09\/umsa-y-procuraduria-del-estado-vencen-en-proceso-por-terrenos\/","name":"UMSA y Procuradur\u00eda del Estado vencen en proceso por terrenos - El Diario - Bolivia","isPartOf":{"@id":"https:\/\/www.eldiario.net\/portal\/#website"},"primaryImageOfPage":{"@id":"https:\/\/www.eldiario.net\/portal\/2022\/06\/09\/umsa-y-procuraduria-del-estado-vencen-en-proceso-por-terrenos\/#primaryimage"},"image":{"@id":"https:\/\/www.eldiario.net\/portal\/2022\/06\/09\/umsa-y-procuraduria-del-estado-vencen-en-proceso-por-terrenos\/#primaryimage"},"thumbnailUrl":"","datePublished":"2022-06-09T09:08:13+00:00","breadcrumb":{"@id":"https:\/\/www.eldiario.net\/portal\/2022\/06\/09\/umsa-y-procuraduria-del-estado-vencen-en-proceso-por-terrenos\/#breadcrumb"},"inLanguage":"es","potentialAction":[{"@type":"ReadAction","target":["https:\/\/www.eldiario.net\/portal\/2022\/06\/09\/umsa-y-procuraduria-del-estado-vencen-en-proceso-por-terrenos\/"]}]},{"@type":"ImageObject","inLanguage":"es","@id":"https:\/\/www.eldiario.net\/portal\/2022\/06\/09\/umsa-y-procuraduria-del-estado-vencen-en-proceso-por-terrenos\/#primaryimage","url":"","contentUrl":""},{"@type":"BreadcrumbList","@id":"https:\/\/www.eldiario.net\/portal\/2022\/06\/09\/umsa-y-procuraduria-del-estado-vencen-en-proceso-por-terrenos\/#breadcrumb","itemListElement":[{"@type":"ListItem","position":1,"name":"Portada","item":"https:\/\/www.eldiario.net\/portal\/"},{"@type":"ListItem","position":2,"name":"UMSA y Procuradur\u00eda del Estado vencen en proceso por terrenos"}]},{"@type":"WebSite","@id":"https:\/\/www.eldiario.net\/portal\/#website","url":"https:\/\/www.eldiario.net\/portal\/","name":"El Diario - Decano de la prensa nacional","description":"El Diario - Decano de la prensa nacional","publisher":{"@id":"https:\/\/www.eldiario.net\/portal\/#organization"},"potentialAction":[{"@type":"SearchAction","target":{"@type":"EntryPoint","urlTemplate":"https:\/\/www.eldiario.net\/portal\/?s={search_term_string}"},"query-input":{"@type":"PropertyValueSpecification","valueRequired":true,"valueName":"search_term_string"}}],"inLanguage":"es"},{"@type":"Organization","@id":"https:\/\/www.eldiario.net\/portal\/#organization","name":"El Diario - Decano de la prensa nacional","url":"https:\/\/www.eldiario.net\/portal\/","logo":{"@type":"ImageObject","inLanguage":"es","@id":"https:\/\/www.eldiario.net\/portal\/#\/schema\/logo\/image\/","url":"https:\/\/www.eldiario.net\/portal\/wp-content\/uploads\/2023\/07\/logo_ED.jpg","contentUrl":"https:\/\/www.eldiario.net\/portal\/wp-content\/uploads\/2023\/07\/logo_ED.jpg","width":272,"height":52,"caption":"El Diario - Decano de la prensa nacional"},"image":{"@id":"https:\/\/www.eldiario.net\/portal\/#\/schema\/logo\/image\/"},"sameAs":["https:\/\/www.facebook.com\/eldiario.bolivia\/","https:\/\/x.com\/eldiario_net"]},{"@type":"Person","@id":"https:\/\/www.eldiario.net\/portal\/#\/schema\/person\/f46445640444750d7d753ccd04ae01b7","name":"Jeanette","image":{"@type":"ImageObject","inLanguage":"es","@id":"https:\/\/secure.gravatar.com\/avatar\/3ea2118a5f7dad2b7138b1187a6b7ee55f160b9968b66013c3a3ef39dd7e5798?s=96&d=mm&r=g","url":"https:\/\/secure.gravatar.com\/avatar\/3ea2118a5f7dad2b7138b1187a6b7ee55f160b9968b66013c3a3ef39dd7e5798?s=96&d=mm&r=g","contentUrl":"https:\/\/secure.gravatar.com\/avatar\/3ea2118a5f7dad2b7138b1187a6b7ee55f160b9968b66013c3a3ef39dd7e5798?s=96&d=mm&r=g","caption":"Jeanette"},"sameAs":["https:\/\/www.eldiario.net\/portal"],"url":"https:\/\/www.eldiario.net\/portal\/author\/jeanette\/"}]}},"_links":{"self":[{"href":"https:\/\/www.eldiario.net\/portal\/wp-json\/wp\/v2\/posts\/89289","targetHints":{"allow":["GET"]}}],"collection":[{"href":"https:\/\/www.eldiario.net\/portal\/wp-json\/wp\/v2\/posts"}],"about":[{"href":"https:\/\/www.eldiario.net\/portal\/wp-json\/wp\/v2\/types\/post"}],"author":[{"embeddable":true,"href":"https:\/\/www.eldiario.net\/portal\/wp-json\/wp\/v2\/users\/1"}],"replies":[{"embeddable":true,"href":"https:\/\/www.eldiario.net\/portal\/wp-json\/wp\/v2\/comments?post=89289"}],"version-history":[{"count":0,"href":"https:\/\/www.eldiario.net\/portal\/wp-json\/wp\/v2\/posts\/89289\/revisions"}],"wp:attachment":[{"href":"https:\/\/www.eldiario.net\/portal\/wp-json\/wp\/v2\/media?parent=89289"}],"wp:term":[{"taxonomy":"category","embeddable":true,"href":"https:\/\/www.eldiario.net\/portal\/wp-json\/wp\/v2\/categories?post=89289"},{"taxonomy":"post_tag","embeddable":true,"href":"https:\/\/www.eldiario.net\/portal\/wp-json\/wp\/v2\/tags?post=89289"}],"curies":[{"name":"wp","href":"https:\/\/api.w.org\/{rel}","templated":true}]}}