{"id":89285,"date":"2022-06-09T05:07:12","date_gmt":"2022-06-09T09:07:12","guid":{"rendered":"https:\/\/www.eldiario.net\/portal\/?p=89285"},"modified":"2022-06-09T05:07:12","modified_gmt":"2022-06-09T09:07:12","slug":"denuncia-que-vinculados-a-mineria-ilegal-bloquean-en-apolo","status":"publish","type":"post","link":"https:\/\/www.eldiario.net\/portal\/2022\/06\/09\/denuncia-que-vinculados-a-mineria-ilegal-bloquean-en-apolo\/","title":{"rendered":"Denuncia que vinculados a  miner\u00eda ilegal bloquean en Apolo"},"content":{"rendered":"<p>La subgobernadora de la provincia Franz Tamayo de La Paz, Genoveva Espinoza, denunci\u00f3 y responsabiliz\u00f3 a un grupo de personas vinculado a la miner\u00eda ilegal en Apolo de instalar puntos de bloqueo para exigir su renuncia. La autoridad dijo que se siente amedrentada e incluso teme por su vida, porque recibi\u00f3 amenazas contra ella y su familia.<\/p>\n<p>\u201cAparentemente este bloqueo se est\u00e1 suscitando por las mismas personas, presuntamente las personas han sido parte de la balacera hace poco en Uni\u00f3n Pauje. Es el mismo grupo, porque no los podemos calificar como cooperativistas o comunarios, porque son grupos delincuenciales que est\u00e1n tomando represalias en contra de mi persona por haber denunciado los actos ilegales que van realizando en todo este tiempo\u201d, denunci\u00f3 la autoridad en contacto con la ANF.<\/p>\n<p>Sostuvo que el bloqueo es protagonizado por un grupo de no m\u00e1s de 50 personas. Identific\u00f3 como los cabecillas de este grupo a Einar Ch\u00e1vez y Lander Cuevas, quienes se escudar\u00edan en la federaci\u00f3n de campesinos para continuar con \u201cla extracci\u00f3n del oro, el robo del oro al Gobierno central\u201d. Precis\u00f3 que no son comunarios ni mineros, pero s\u00ed vinculados a las empresas aur\u00edferas.<\/p>\n<p>Acot\u00f3 que Ch\u00e1vez es parte de las personas que facilitan el ingreso de las empresas a Apolo para la actividad ilegal de la miner\u00eda. \u201cEllos no son mineros, son grupos delincuenciales vand\u00e1licos que no son de la provincia, tambi\u00e9n que han conformado con algunos comunarios en beneficio personal, porque aqu\u00ed lo que est\u00e1n haciendo es un da\u00f1o al municipio y al pa\u00eds con la extracci\u00f3n del oro\u00bb, protest\u00f3 la subgobernadora.<\/p>\n<p>A inicios de junio, al menos ocho personas resultaron heridas de bala en enfrentamientos entre comunarios y mineros cooperativistas en Apolo por la actividad minera ilegal que existe en esa regi\u00f3n. Este hecho fue denunciado por la subgobernadora y autoridades del Gobierno anunciaron que se asumir\u00e1n medidas para evitar ese tipo de hechos violentos.<\/p>\n<p>\u201cQuieren seguir trabajando, me echan totalmente a m\u00ed la culpa porque el Gobierno ha tomado cartas en el asunto a trav\u00e9s de la AJAM de intervenir el municipio de Apolo\u201d, declar\u00f3.<\/p>\n<p>La funcionaria p\u00fablica anunci\u00f3 que asumir\u00e1 acciones legales contra los cabecillas que identific\u00f3 y que considera son los responsables de los bloqueos con el \u00fanico objetivo de presionarla para que renuncie, extremo que ha descartado. (ANF)<\/p>\n","protected":false},"excerpt":{"rendered":"<p>La subgobernadora de la provincia Franz Tamayo de La Paz, Genoveva Espinoza, denunci\u00f3 y responsabiliz\u00f3 a un grupo de personas vinculado a la miner\u00eda ilegal en Apolo de instalar puntos de bloqueo para exigir su renuncia. La autoridad dijo que se siente amedrentada e incluso teme por su vida, porque recibi\u00f3 amenazas contra ella y [&hellip;]<\/p>\n","protected":false},"author":1,"featured_media":89286,"comment_status":"closed","ping_status":"closed","sticky":false,"template":"","format":"standard","meta":{"_acf_changed":false,"footnotes":""},"categories":[12],"tags":[],"class_list":["post-89285","post","type-post","status-publish","format-standard","has-post-thumbnail","category-nacional"],"acf":{"antetitulo":""},"yoast_head":"<!-- This site is optimized with the Yoast SEO plugin v28.4 - https:\/\/yoast.com\/product\/yoast-seo-wordpress\/ -->\n<title>Denuncia que vinculados a miner\u00eda ilegal bloquean en Apolo - El Diario - Bolivia<\/title>\n<meta name=\"robots\" content=\"index, follow, max-snippet:-1, max-image-preview:large, max-video-preview:-1\" \/>\n<link rel=\"canonical\" href=\"https:\/\/www.eldiario.net\/portal\/2022\/06\/09\/denuncia-que-vinculados-a-mineria-ilegal-bloquean-en-apolo\/\" \/>\n<meta property=\"og:locale\" content=\"es_ES\" \/>\n<meta property=\"og:type\" content=\"article\" \/>\n<meta property=\"og:title\" content=\"Denuncia que vinculados a miner\u00eda ilegal bloquean en Apolo - El Diario - Bolivia\" \/>\n<meta property=\"og:description\" content=\"La subgobernadora de la provincia Franz Tamayo de La Paz, Genoveva Espinoza, denunci\u00f3 y responsabiliz\u00f3 a un grupo de personas vinculado a la miner\u00eda ilegal en Apolo de instalar puntos de bloqueo para exigir su renuncia. La autoridad dijo que se siente amedrentada e incluso teme por su vida, porque recibi\u00f3 amenazas contra ella y [&hellip;]\" \/>\n<meta property=\"og:url\" content=\"https:\/\/www.eldiario.net\/portal\/2022\/06\/09\/denuncia-que-vinculados-a-mineria-ilegal-bloquean-en-apolo\/\" \/>\n<meta property=\"og:site_name\" content=\"El Diario - Bolivia\" \/>\n<meta property=\"article:publisher\" content=\"https:\/\/www.facebook.com\/eldiario.bolivia\/\" \/>\n<meta property=\"article:published_time\" content=\"2022-06-09T09:07:12+00:00\" \/>\n<meta name=\"author\" content=\"Jeanette\" \/>\n<meta name=\"twitter:card\" content=\"summary_large_image\" \/>\n<meta name=\"twitter:creator\" content=\"@eldiario_net\" \/>\n<meta name=\"twitter:site\" content=\"@eldiario_net\" \/>\n<meta name=\"twitter:label1\" content=\"Escrito por\" \/>\n\t<meta name=\"twitter:data1\" content=\"Jeanette\" \/>\n\t<meta name=\"twitter:label2\" content=\"Tiempo de lectura\" \/>\n\t<meta name=\"twitter:data2\" content=\"2 minutos\" \/>\n<script type=\"application\/ld+json\" class=\"yoast-schema-graph\">{\"@context\":\"https:\\\/\\\/schema.org\",\"@graph\":[{\"@type\":\"Article\",\"@id\":\"https:\\\/\\\/www.eldiario.net\\\/portal\\\/2022\\\/06\\\/09\\\/denuncia-que-vinculados-a-mineria-ilegal-bloquean-en-apolo\\\/#article\",\"isPartOf\":{\"@id\":\"https:\\\/\\\/www.eldiario.net\\\/portal\\\/2022\\\/06\\\/09\\\/denuncia-que-vinculados-a-mineria-ilegal-bloquean-en-apolo\\\/\"},\"author\":{\"name\":\"Jeanette\",\"@id\":\"https:\\\/\\\/www.eldiario.net\\\/portal\\\/#\\\/schema\\\/person\\\/f46445640444750d7d753ccd04ae01b7\"},\"headline\":\"Denuncia que vinculados a miner\u00eda ilegal bloquean en Apolo\",\"datePublished\":\"2022-06-09T09:07:12+00:00\",\"mainEntityOfPage\":{\"@id\":\"https:\\\/\\\/www.eldiario.net\\\/portal\\\/2022\\\/06\\\/09\\\/denuncia-que-vinculados-a-mineria-ilegal-bloquean-en-apolo\\\/\"},\"wordCount\":413,\"publisher\":{\"@id\":\"https:\\\/\\\/www.eldiario.net\\\/portal\\\/#organization\"},\"image\":{\"@id\":\"https:\\\/\\\/www.eldiario.net\\\/portal\\\/2022\\\/06\\\/09\\\/denuncia-que-vinculados-a-mineria-ilegal-bloquean-en-apolo\\\/#primaryimage\"},\"thumbnailUrl\":\"\",\"articleSection\":[\"Nacional\"],\"inLanguage\":\"es\"},{\"@type\":\"WebPage\",\"@id\":\"https:\\\/\\\/www.eldiario.net\\\/portal\\\/2022\\\/06\\\/09\\\/denuncia-que-vinculados-a-mineria-ilegal-bloquean-en-apolo\\\/\",\"url\":\"https:\\\/\\\/www.eldiario.net\\\/portal\\\/2022\\\/06\\\/09\\\/denuncia-que-vinculados-a-mineria-ilegal-bloquean-en-apolo\\\/\",\"name\":\"Denuncia que vinculados a miner\u00eda ilegal bloquean en Apolo - El Diario - Bolivia\",\"isPartOf\":{\"@id\":\"https:\\\/\\\/www.eldiario.net\\\/portal\\\/#website\"},\"primaryImageOfPage\":{\"@id\":\"https:\\\/\\\/www.eldiario.net\\\/portal\\\/2022\\\/06\\\/09\\\/denuncia-que-vinculados-a-mineria-ilegal-bloquean-en-apolo\\\/#primaryimage\"},\"image\":{\"@id\":\"https:\\\/\\\/www.eldiario.net\\\/portal\\\/2022\\\/06\\\/09\\\/denuncia-que-vinculados-a-mineria-ilegal-bloquean-en-apolo\\\/#primaryimage\"},\"thumbnailUrl\":\"\",\"datePublished\":\"2022-06-09T09:07:12+00:00\",\"breadcrumb\":{\"@id\":\"https:\\\/\\\/www.eldiario.net\\\/portal\\\/2022\\\/06\\\/09\\\/denuncia-que-vinculados-a-mineria-ilegal-bloquean-en-apolo\\\/#breadcrumb\"},\"inLanguage\":\"es\",\"potentialAction\":[{\"@type\":\"ReadAction\",\"target\":[\"https:\\\/\\\/www.eldiario.net\\\/portal\\\/2022\\\/06\\\/09\\\/denuncia-que-vinculados-a-mineria-ilegal-bloquean-en-apolo\\\/\"]}]},{\"@type\":\"ImageObject\",\"inLanguage\":\"es\",\"@id\":\"https:\\\/\\\/www.eldiario.net\\\/portal\\\/2022\\\/06\\\/09\\\/denuncia-que-vinculados-a-mineria-ilegal-bloquean-en-apolo\\\/#primaryimage\",\"url\":\"\",\"contentUrl\":\"\"},{\"@type\":\"BreadcrumbList\",\"@id\":\"https:\\\/\\\/www.eldiario.net\\\/portal\\\/2022\\\/06\\\/09\\\/denuncia-que-vinculados-a-mineria-ilegal-bloquean-en-apolo\\\/#breadcrumb\",\"itemListElement\":[{\"@type\":\"ListItem\",\"position\":1,\"name\":\"Portada\",\"item\":\"https:\\\/\\\/www.eldiario.net\\\/portal\\\/\"},{\"@type\":\"ListItem\",\"position\":2,\"name\":\"Denuncia que vinculados a miner\u00eda ilegal bloquean en Apolo\"}]},{\"@type\":\"WebSite\",\"@id\":\"https:\\\/\\\/www.eldiario.net\\\/portal\\\/#website\",\"url\":\"https:\\\/\\\/www.eldiario.net\\\/portal\\\/\",\"name\":\"El Diario - Decano de la prensa nacional\",\"description\":\"El Diario - Decano de la prensa nacional\",\"publisher\":{\"@id\":\"https:\\\/\\\/www.eldiario.net\\\/portal\\\/#organization\"},\"potentialAction\":[{\"@type\":\"SearchAction\",\"target\":{\"@type\":\"EntryPoint\",\"urlTemplate\":\"https:\\\/\\\/www.eldiario.net\\\/portal\\\/?s={search_term_string}\"},\"query-input\":{\"@type\":\"PropertyValueSpecification\",\"valueRequired\":true,\"valueName\":\"search_term_string\"}}],\"inLanguage\":\"es\"},{\"@type\":\"Organization\",\"@id\":\"https:\\\/\\\/www.eldiario.net\\\/portal\\\/#organization\",\"name\":\"El Diario - Decano de la prensa nacional\",\"url\":\"https:\\\/\\\/www.eldiario.net\\\/portal\\\/\",\"logo\":{\"@type\":\"ImageObject\",\"inLanguage\":\"es\",\"@id\":\"https:\\\/\\\/www.eldiario.net\\\/portal\\\/#\\\/schema\\\/logo\\\/image\\\/\",\"url\":\"https:\\\/\\\/www.eldiario.net\\\/portal\\\/wp-content\\\/uploads\\\/2023\\\/07\\\/logo_ED.jpg\",\"contentUrl\":\"https:\\\/\\\/www.eldiario.net\\\/portal\\\/wp-content\\\/uploads\\\/2023\\\/07\\\/logo_ED.jpg\",\"width\":272,\"height\":52,\"caption\":\"El Diario - Decano de la prensa nacional\"},\"image\":{\"@id\":\"https:\\\/\\\/www.eldiario.net\\\/portal\\\/#\\\/schema\\\/logo\\\/image\\\/\"},\"sameAs\":[\"https:\\\/\\\/www.facebook.com\\\/eldiario.bolivia\\\/\",\"https:\\\/\\\/x.com\\\/eldiario_net\"]},{\"@type\":\"Person\",\"@id\":\"https:\\\/\\\/www.eldiario.net\\\/portal\\\/#\\\/schema\\\/person\\\/f46445640444750d7d753ccd04ae01b7\",\"name\":\"Jeanette\",\"image\":{\"@type\":\"ImageObject\",\"inLanguage\":\"es\",\"@id\":\"https:\\\/\\\/secure.gravatar.com\\\/avatar\\\/3ea2118a5f7dad2b7138b1187a6b7ee55f160b9968b66013c3a3ef39dd7e5798?s=96&d=mm&r=g\",\"url\":\"https:\\\/\\\/secure.gravatar.com\\\/avatar\\\/3ea2118a5f7dad2b7138b1187a6b7ee55f160b9968b66013c3a3ef39dd7e5798?s=96&d=mm&r=g\",\"contentUrl\":\"https:\\\/\\\/secure.gravatar.com\\\/avatar\\\/3ea2118a5f7dad2b7138b1187a6b7ee55f160b9968b66013c3a3ef39dd7e5798?s=96&d=mm&r=g\",\"caption\":\"Jeanette\"},\"sameAs\":[\"https:\\\/\\\/www.eldiario.net\\\/portal\"],\"url\":\"https:\\\/\\\/www.eldiario.net\\\/portal\\\/author\\\/jeanette\\\/\"}]}<\/script>\n<!-- \/ Yoast SEO plugin. -->","yoast_head_json":{"title":"Denuncia que vinculados a miner\u00eda ilegal bloquean en Apolo - El Diario - Bolivia","robots":{"index":"index","follow":"follow","max-snippet":"max-snippet:-1","max-image-preview":"max-image-preview:large","max-video-preview":"max-video-preview:-1"},"canonical":"https:\/\/www.eldiario.net\/portal\/2022\/06\/09\/denuncia-que-vinculados-a-mineria-ilegal-bloquean-en-apolo\/","og_locale":"es_ES","og_type":"article","og_title":"Denuncia que vinculados a miner\u00eda ilegal bloquean en Apolo - El Diario - Bolivia","og_description":"La subgobernadora de la provincia Franz Tamayo de La Paz, Genoveva Espinoza, denunci\u00f3 y responsabiliz\u00f3 a un grupo de personas vinculado a la miner\u00eda ilegal en Apolo de instalar puntos de bloqueo para exigir su renuncia. La autoridad dijo que se siente amedrentada e incluso teme por su vida, porque recibi\u00f3 amenazas contra ella y [&hellip;]","og_url":"https:\/\/www.eldiario.net\/portal\/2022\/06\/09\/denuncia-que-vinculados-a-mineria-ilegal-bloquean-en-apolo\/","og_site_name":"El Diario - Bolivia","article_publisher":"https:\/\/www.facebook.com\/eldiario.bolivia\/","article_published_time":"2022-06-09T09:07:12+00:00","author":"Jeanette","twitter_card":"summary_large_image","twitter_creator":"@eldiario_net","twitter_site":"@eldiario_net","twitter_misc":{"Escrito por":"Jeanette","Tiempo de lectura":"2 minutos"},"schema":{"@context":"https:\/\/schema.org","@graph":[{"@type":"Article","@id":"https:\/\/www.eldiario.net\/portal\/2022\/06\/09\/denuncia-que-vinculados-a-mineria-ilegal-bloquean-en-apolo\/#article","isPartOf":{"@id":"https:\/\/www.eldiario.net\/portal\/2022\/06\/09\/denuncia-que-vinculados-a-mineria-ilegal-bloquean-en-apolo\/"},"author":{"name":"Jeanette","@id":"https:\/\/www.eldiario.net\/portal\/#\/schema\/person\/f46445640444750d7d753ccd04ae01b7"},"headline":"Denuncia que vinculados a miner\u00eda ilegal bloquean en Apolo","datePublished":"2022-06-09T09:07:12+00:00","mainEntityOfPage":{"@id":"https:\/\/www.eldiario.net\/portal\/2022\/06\/09\/denuncia-que-vinculados-a-mineria-ilegal-bloquean-en-apolo\/"},"wordCount":413,"publisher":{"@id":"https:\/\/www.eldiario.net\/portal\/#organization"},"image":{"@id":"https:\/\/www.eldiario.net\/portal\/2022\/06\/09\/denuncia-que-vinculados-a-mineria-ilegal-bloquean-en-apolo\/#primaryimage"},"thumbnailUrl":"","articleSection":["Nacional"],"inLanguage":"es"},{"@type":"WebPage","@id":"https:\/\/www.eldiario.net\/portal\/2022\/06\/09\/denuncia-que-vinculados-a-mineria-ilegal-bloquean-en-apolo\/","url":"https:\/\/www.eldiario.net\/portal\/2022\/06\/09\/denuncia-que-vinculados-a-mineria-ilegal-bloquean-en-apolo\/","name":"Denuncia que vinculados a miner\u00eda ilegal bloquean en Apolo - El Diario - Bolivia","isPartOf":{"@id":"https:\/\/www.eldiario.net\/portal\/#website"},"primaryImageOfPage":{"@id":"https:\/\/www.eldiario.net\/portal\/2022\/06\/09\/denuncia-que-vinculados-a-mineria-ilegal-bloquean-en-apolo\/#primaryimage"},"image":{"@id":"https:\/\/www.eldiario.net\/portal\/2022\/06\/09\/denuncia-que-vinculados-a-mineria-ilegal-bloquean-en-apolo\/#primaryimage"},"thumbnailUrl":"","datePublished":"2022-06-09T09:07:12+00:00","breadcrumb":{"@id":"https:\/\/www.eldiario.net\/portal\/2022\/06\/09\/denuncia-que-vinculados-a-mineria-ilegal-bloquean-en-apolo\/#breadcrumb"},"inLanguage":"es","potentialAction":[{"@type":"ReadAction","target":["https:\/\/www.eldiario.net\/portal\/2022\/06\/09\/denuncia-que-vinculados-a-mineria-ilegal-bloquean-en-apolo\/"]}]},{"@type":"ImageObject","inLanguage":"es","@id":"https:\/\/www.eldiario.net\/portal\/2022\/06\/09\/denuncia-que-vinculados-a-mineria-ilegal-bloquean-en-apolo\/#primaryimage","url":"","contentUrl":""},{"@type":"BreadcrumbList","@id":"https:\/\/www.eldiario.net\/portal\/2022\/06\/09\/denuncia-que-vinculados-a-mineria-ilegal-bloquean-en-apolo\/#breadcrumb","itemListElement":[{"@type":"ListItem","position":1,"name":"Portada","item":"https:\/\/www.eldiario.net\/portal\/"},{"@type":"ListItem","position":2,"name":"Denuncia que vinculados a miner\u00eda ilegal bloquean en Apolo"}]},{"@type":"WebSite","@id":"https:\/\/www.eldiario.net\/portal\/#website","url":"https:\/\/www.eldiario.net\/portal\/","name":"El Diario - Decano de la prensa nacional","description":"El Diario - Decano de la prensa nacional","publisher":{"@id":"https:\/\/www.eldiario.net\/portal\/#organization"},"potentialAction":[{"@type":"SearchAction","target":{"@type":"EntryPoint","urlTemplate":"https:\/\/www.eldiario.net\/portal\/?s={search_term_string}"},"query-input":{"@type":"PropertyValueSpecification","valueRequired":true,"valueName":"search_term_string"}}],"inLanguage":"es"},{"@type":"Organization","@id":"https:\/\/www.eldiario.net\/portal\/#organization","name":"El Diario - Decano de la prensa nacional","url":"https:\/\/www.eldiario.net\/portal\/","logo":{"@type":"ImageObject","inLanguage":"es","@id":"https:\/\/www.eldiario.net\/portal\/#\/schema\/logo\/image\/","url":"https:\/\/www.eldiario.net\/portal\/wp-content\/uploads\/2023\/07\/logo_ED.jpg","contentUrl":"https:\/\/www.eldiario.net\/portal\/wp-content\/uploads\/2023\/07\/logo_ED.jpg","width":272,"height":52,"caption":"El Diario - Decano de la prensa nacional"},"image":{"@id":"https:\/\/www.eldiario.net\/portal\/#\/schema\/logo\/image\/"},"sameAs":["https:\/\/www.facebook.com\/eldiario.bolivia\/","https:\/\/x.com\/eldiario_net"]},{"@type":"Person","@id":"https:\/\/www.eldiario.net\/portal\/#\/schema\/person\/f46445640444750d7d753ccd04ae01b7","name":"Jeanette","image":{"@type":"ImageObject","inLanguage":"es","@id":"https:\/\/secure.gravatar.com\/avatar\/3ea2118a5f7dad2b7138b1187a6b7ee55f160b9968b66013c3a3ef39dd7e5798?s=96&d=mm&r=g","url":"https:\/\/secure.gravatar.com\/avatar\/3ea2118a5f7dad2b7138b1187a6b7ee55f160b9968b66013c3a3ef39dd7e5798?s=96&d=mm&r=g","contentUrl":"https:\/\/secure.gravatar.com\/avatar\/3ea2118a5f7dad2b7138b1187a6b7ee55f160b9968b66013c3a3ef39dd7e5798?s=96&d=mm&r=g","caption":"Jeanette"},"sameAs":["https:\/\/www.eldiario.net\/portal"],"url":"https:\/\/www.eldiario.net\/portal\/author\/jeanette\/"}]}},"_links":{"self":[{"href":"https:\/\/www.eldiario.net\/portal\/wp-json\/wp\/v2\/posts\/89285","targetHints":{"allow":["GET"]}}],"collection":[{"href":"https:\/\/www.eldiario.net\/portal\/wp-json\/wp\/v2\/posts"}],"about":[{"href":"https:\/\/www.eldiario.net\/portal\/wp-json\/wp\/v2\/types\/post"}],"author":[{"embeddable":true,"href":"https:\/\/www.eldiario.net\/portal\/wp-json\/wp\/v2\/users\/1"}],"replies":[{"embeddable":true,"href":"https:\/\/www.eldiario.net\/portal\/wp-json\/wp\/v2\/comments?post=89285"}],"version-history":[{"count":0,"href":"https:\/\/www.eldiario.net\/portal\/wp-json\/wp\/v2\/posts\/89285\/revisions"}],"wp:attachment":[{"href":"https:\/\/www.eldiario.net\/portal\/wp-json\/wp\/v2\/media?parent=89285"}],"wp:term":[{"taxonomy":"category","embeddable":true,"href":"https:\/\/www.eldiario.net\/portal\/wp-json\/wp\/v2\/categories?post=89285"},{"taxonomy":"post_tag","embeddable":true,"href":"https:\/\/www.eldiario.net\/portal\/wp-json\/wp\/v2\/tags?post=89285"}],"curies":[{"name":"wp","href":"https:\/\/api.w.org\/{rel}","templated":true}]}}