{"id":89282,"date":"2022-06-09T05:06:07","date_gmt":"2022-06-09T09:06:07","guid":{"rendered":"https:\/\/www.eldiario.net\/portal\/?p=89282"},"modified":"2022-06-09T05:06:07","modified_gmt":"2022-06-09T09:06:07","slug":"padres-de-familia-manipulados-para-realizar-bloqueos-en-el-alto","status":"publish","type":"post","link":"https:\/\/www.eldiario.net\/portal\/2022\/06\/09\/padres-de-familia-manipulados-para-realizar-bloqueos-en-el-alto\/","title":{"rendered":"Padres de familia manipulados  para realizar bloqueos en El Alto"},"content":{"rendered":"<p>La alcaldesa de El Alto, Eva Copa, afirm\u00f3 que los padres de familia en protesta en los diferentes sectores son manipulados y obligados para salir a esta medida de protesta, donde el Movimientos al Socialismo (MAS) estar\u00eda detr\u00e1s de todo esto.<\/p>\n<p>Luego de que algunos grupos de padres de familia lograron cerrar varios accesos del transporte p\u00fablico hacia la ciudad de La Paz, durante la ma\u00f1ana de ayer, la autoridad municipal, indic\u00f3 que todo este movimiento es pol\u00edtico y que las verdaderas demandas de los padres de familia est\u00e1n siendo cumplidas de acuerdo a sus necesidades en las diferentes unidades educativas.<\/p>\n<p>Copa afirm\u00f3 que este tipo de actitudes que se presentan en la urbe alte\u00f1a, causan el perjuicio a la ciudadan\u00eda que d\u00eda a d\u00eda trabaja, teniendo en cuenta el 80 por ciento de la los alte\u00f1os se dedican al comercio, quienes fueron los m\u00e1s afectados con esta actitud del grupo de progenitores.<\/p>\n<p>Varios fueron los sectores que protestaron por esta movilizaci\u00f3n, as\u00ed como el transporte p\u00fablico de minibuses, quienes por preservar su herramienta de trabajo tuvieron que suspender el servicio a la poblaci\u00f3n en los diferentes distritos, debido al riesgo de ser violentados por los bloqueadores.<\/p>\n<p>Otro de los sectores que dej\u00f3 de operar es el transporte departamental e interprovincial, empresas que dejaron de realizar sus salidas desde la Terminal Metropolitana a los diferentes departamentos y provincias a pesar de que algunos tomaron caminos alternativos para cumplir con sus pasajeros, pero a riesgo propio.<\/p>\n<p>Producto de todos estos problemas, la alcaldesa Copa record\u00f3 que durante los varios encuentros que tuvieron con los padres de familia, se hizo conocer las respuestas con argumentos t\u00e9cnicos, pero que en el momento no sirvieron de nada, autoridad que a pesar de esta actitud, efectu\u00f3 el llamado a este grupos de progenitores que asistan al di\u00e1logo convocado por el municipio.<\/p>\n<p>\u201cToda esta actitud est\u00e1 claramente direccionada, por una l\u00ednea pol\u00edtica del MAS, pero a pesar de este problema les convoco a los padres de familia a que recapaciten y reflexionen, porque lo que est\u00e1n haciendo no es nada bueno para la ciudadan\u00eda alte\u00f1a que se vio perjudicada\u201d, asever\u00f3 Copa.<\/p>\n<p>Finalmente, advirti\u00f3 que el di\u00e1logo debe ser sincero y sin chantajes ni presiones, reiterando que la actitud que se tom\u00f3 fue netamente pol\u00edtica y una movida pol\u00edtica del partido de la oposici\u00f3n a su Gobierno Municipal.<\/p>\n<p>&nbsp;<\/p>\n<p>&nbsp;<\/p>\n","protected":false},"excerpt":{"rendered":"<p>La alcaldesa de El Alto, Eva Copa, afirm\u00f3 que los padres de familia en protesta en los diferentes sectores son manipulados y obligados para salir a esta medida de protesta, donde el Movimientos al Socialismo (MAS) estar\u00eda detr\u00e1s de todo esto. Luego de que algunos grupos de padres de familia lograron cerrar varios accesos del [&hellip;]<\/p>\n","protected":false},"author":1,"featured_media":89283,"comment_status":"closed","ping_status":"closed","sticky":false,"template":"","format":"standard","meta":{"_acf_changed":false,"footnotes":""},"categories":[12],"tags":[],"class_list":["post-89282","post","type-post","status-publish","format-standard","has-post-thumbnail","category-nacional"],"acf":{"antetitulo":""},"yoast_head":"<!-- This site is optimized with the Yoast SEO plugin v28.3 - https:\/\/yoast.com\/product\/yoast-seo-wordpress\/ -->\n<title>Padres de familia manipulados para realizar bloqueos en El Alto - El Diario - Bolivia<\/title>\n<meta name=\"robots\" content=\"index, follow, max-snippet:-1, max-image-preview:large, max-video-preview:-1\" \/>\n<link rel=\"canonical\" href=\"https:\/\/www.eldiario.net\/portal\/2022\/06\/09\/padres-de-familia-manipulados-para-realizar-bloqueos-en-el-alto\/\" \/>\n<meta property=\"og:locale\" content=\"es_ES\" \/>\n<meta property=\"og:type\" content=\"article\" \/>\n<meta property=\"og:title\" content=\"Padres de familia manipulados para realizar bloqueos en El Alto - El Diario - Bolivia\" \/>\n<meta property=\"og:description\" content=\"La alcaldesa de El Alto, Eva Copa, afirm\u00f3 que los padres de familia en protesta en los diferentes sectores son manipulados y obligados para salir a esta medida de protesta, donde el Movimientos al Socialismo (MAS) estar\u00eda detr\u00e1s de todo esto. Luego de que algunos grupos de padres de familia lograron cerrar varios accesos del [&hellip;]\" \/>\n<meta property=\"og:url\" content=\"https:\/\/www.eldiario.net\/portal\/2022\/06\/09\/padres-de-familia-manipulados-para-realizar-bloqueos-en-el-alto\/\" \/>\n<meta property=\"og:site_name\" content=\"El Diario - Bolivia\" \/>\n<meta property=\"article:publisher\" content=\"https:\/\/www.facebook.com\/eldiario.bolivia\/\" \/>\n<meta property=\"article:published_time\" content=\"2022-06-09T09:06:07+00:00\" \/>\n<meta name=\"author\" content=\"Jeanette\" \/>\n<meta name=\"twitter:card\" content=\"summary_large_image\" \/>\n<meta name=\"twitter:creator\" content=\"@eldiario_net\" \/>\n<meta name=\"twitter:site\" content=\"@eldiario_net\" \/>\n<meta name=\"twitter:label1\" content=\"Escrito por\" \/>\n\t<meta name=\"twitter:data1\" content=\"Jeanette\" \/>\n\t<meta name=\"twitter:label2\" content=\"Tiempo de lectura\" \/>\n\t<meta name=\"twitter:data2\" content=\"2 minutos\" \/>\n<script type=\"application\/ld+json\" class=\"yoast-schema-graph\">{\"@context\":\"https:\\\/\\\/schema.org\",\"@graph\":[{\"@type\":\"Article\",\"@id\":\"https:\\\/\\\/www.eldiario.net\\\/portal\\\/2022\\\/06\\\/09\\\/padres-de-familia-manipulados-para-realizar-bloqueos-en-el-alto\\\/#article\",\"isPartOf\":{\"@id\":\"https:\\\/\\\/www.eldiario.net\\\/portal\\\/2022\\\/06\\\/09\\\/padres-de-familia-manipulados-para-realizar-bloqueos-en-el-alto\\\/\"},\"author\":{\"name\":\"Jeanette\",\"@id\":\"https:\\\/\\\/www.eldiario.net\\\/portal\\\/#\\\/schema\\\/person\\\/f46445640444750d7d753ccd04ae01b7\"},\"headline\":\"Padres de familia manipulados para realizar bloqueos en El Alto\",\"datePublished\":\"2022-06-09T09:06:07+00:00\",\"mainEntityOfPage\":{\"@id\":\"https:\\\/\\\/www.eldiario.net\\\/portal\\\/2022\\\/06\\\/09\\\/padres-de-familia-manipulados-para-realizar-bloqueos-en-el-alto\\\/\"},\"wordCount\":428,\"publisher\":{\"@id\":\"https:\\\/\\\/www.eldiario.net\\\/portal\\\/#organization\"},\"image\":{\"@id\":\"https:\\\/\\\/www.eldiario.net\\\/portal\\\/2022\\\/06\\\/09\\\/padres-de-familia-manipulados-para-realizar-bloqueos-en-el-alto\\\/#primaryimage\"},\"thumbnailUrl\":\"\",\"articleSection\":[\"Nacional\"],\"inLanguage\":\"es\"},{\"@type\":\"WebPage\",\"@id\":\"https:\\\/\\\/www.eldiario.net\\\/portal\\\/2022\\\/06\\\/09\\\/padres-de-familia-manipulados-para-realizar-bloqueos-en-el-alto\\\/\",\"url\":\"https:\\\/\\\/www.eldiario.net\\\/portal\\\/2022\\\/06\\\/09\\\/padres-de-familia-manipulados-para-realizar-bloqueos-en-el-alto\\\/\",\"name\":\"Padres de familia manipulados para realizar bloqueos en El Alto - El Diario - Bolivia\",\"isPartOf\":{\"@id\":\"https:\\\/\\\/www.eldiario.net\\\/portal\\\/#website\"},\"primaryImageOfPage\":{\"@id\":\"https:\\\/\\\/www.eldiario.net\\\/portal\\\/2022\\\/06\\\/09\\\/padres-de-familia-manipulados-para-realizar-bloqueos-en-el-alto\\\/#primaryimage\"},\"image\":{\"@id\":\"https:\\\/\\\/www.eldiario.net\\\/portal\\\/2022\\\/06\\\/09\\\/padres-de-familia-manipulados-para-realizar-bloqueos-en-el-alto\\\/#primaryimage\"},\"thumbnailUrl\":\"\",\"datePublished\":\"2022-06-09T09:06:07+00:00\",\"breadcrumb\":{\"@id\":\"https:\\\/\\\/www.eldiario.net\\\/portal\\\/2022\\\/06\\\/09\\\/padres-de-familia-manipulados-para-realizar-bloqueos-en-el-alto\\\/#breadcrumb\"},\"inLanguage\":\"es\",\"potentialAction\":[{\"@type\":\"ReadAction\",\"target\":[\"https:\\\/\\\/www.eldiario.net\\\/portal\\\/2022\\\/06\\\/09\\\/padres-de-familia-manipulados-para-realizar-bloqueos-en-el-alto\\\/\"]}]},{\"@type\":\"ImageObject\",\"inLanguage\":\"es\",\"@id\":\"https:\\\/\\\/www.eldiario.net\\\/portal\\\/2022\\\/06\\\/09\\\/padres-de-familia-manipulados-para-realizar-bloqueos-en-el-alto\\\/#primaryimage\",\"url\":\"\",\"contentUrl\":\"\"},{\"@type\":\"BreadcrumbList\",\"@id\":\"https:\\\/\\\/www.eldiario.net\\\/portal\\\/2022\\\/06\\\/09\\\/padres-de-familia-manipulados-para-realizar-bloqueos-en-el-alto\\\/#breadcrumb\",\"itemListElement\":[{\"@type\":\"ListItem\",\"position\":1,\"name\":\"Portada\",\"item\":\"https:\\\/\\\/www.eldiario.net\\\/portal\\\/\"},{\"@type\":\"ListItem\",\"position\":2,\"name\":\"Padres de familia manipulados para realizar bloqueos en El Alto\"}]},{\"@type\":\"WebSite\",\"@id\":\"https:\\\/\\\/www.eldiario.net\\\/portal\\\/#website\",\"url\":\"https:\\\/\\\/www.eldiario.net\\\/portal\\\/\",\"name\":\"El Diario - Decano de la prensa nacional\",\"description\":\"El Diario - Decano de la prensa nacional\",\"publisher\":{\"@id\":\"https:\\\/\\\/www.eldiario.net\\\/portal\\\/#organization\"},\"potentialAction\":[{\"@type\":\"SearchAction\",\"target\":{\"@type\":\"EntryPoint\",\"urlTemplate\":\"https:\\\/\\\/www.eldiario.net\\\/portal\\\/?s={search_term_string}\"},\"query-input\":{\"@type\":\"PropertyValueSpecification\",\"valueRequired\":true,\"valueName\":\"search_term_string\"}}],\"inLanguage\":\"es\"},{\"@type\":\"Organization\",\"@id\":\"https:\\\/\\\/www.eldiario.net\\\/portal\\\/#organization\",\"name\":\"El Diario - Decano de la prensa nacional\",\"url\":\"https:\\\/\\\/www.eldiario.net\\\/portal\\\/\",\"logo\":{\"@type\":\"ImageObject\",\"inLanguage\":\"es\",\"@id\":\"https:\\\/\\\/www.eldiario.net\\\/portal\\\/#\\\/schema\\\/logo\\\/image\\\/\",\"url\":\"https:\\\/\\\/www.eldiario.net\\\/portal\\\/wp-content\\\/uploads\\\/2023\\\/07\\\/logo_ED.jpg\",\"contentUrl\":\"https:\\\/\\\/www.eldiario.net\\\/portal\\\/wp-content\\\/uploads\\\/2023\\\/07\\\/logo_ED.jpg\",\"width\":272,\"height\":52,\"caption\":\"El Diario - Decano de la prensa nacional\"},\"image\":{\"@id\":\"https:\\\/\\\/www.eldiario.net\\\/portal\\\/#\\\/schema\\\/logo\\\/image\\\/\"},\"sameAs\":[\"https:\\\/\\\/www.facebook.com\\\/eldiario.bolivia\\\/\",\"https:\\\/\\\/x.com\\\/eldiario_net\"]},{\"@type\":\"Person\",\"@id\":\"https:\\\/\\\/www.eldiario.net\\\/portal\\\/#\\\/schema\\\/person\\\/f46445640444750d7d753ccd04ae01b7\",\"name\":\"Jeanette\",\"image\":{\"@type\":\"ImageObject\",\"inLanguage\":\"es\",\"@id\":\"https:\\\/\\\/secure.gravatar.com\\\/avatar\\\/3ea2118a5f7dad2b7138b1187a6b7ee55f160b9968b66013c3a3ef39dd7e5798?s=96&d=mm&r=g\",\"url\":\"https:\\\/\\\/secure.gravatar.com\\\/avatar\\\/3ea2118a5f7dad2b7138b1187a6b7ee55f160b9968b66013c3a3ef39dd7e5798?s=96&d=mm&r=g\",\"contentUrl\":\"https:\\\/\\\/secure.gravatar.com\\\/avatar\\\/3ea2118a5f7dad2b7138b1187a6b7ee55f160b9968b66013c3a3ef39dd7e5798?s=96&d=mm&r=g\",\"caption\":\"Jeanette\"},\"sameAs\":[\"https:\\\/\\\/www.eldiario.net\\\/portal\"],\"url\":\"https:\\\/\\\/www.eldiario.net\\\/portal\\\/author\\\/jeanette\\\/\"}]}<\/script>\n<!-- \/ Yoast SEO plugin. -->","yoast_head_json":{"title":"Padres de familia manipulados para realizar bloqueos en El Alto - El Diario - Bolivia","robots":{"index":"index","follow":"follow","max-snippet":"max-snippet:-1","max-image-preview":"max-image-preview:large","max-video-preview":"max-video-preview:-1"},"canonical":"https:\/\/www.eldiario.net\/portal\/2022\/06\/09\/padres-de-familia-manipulados-para-realizar-bloqueos-en-el-alto\/","og_locale":"es_ES","og_type":"article","og_title":"Padres de familia manipulados para realizar bloqueos en El Alto - El Diario - Bolivia","og_description":"La alcaldesa de El Alto, Eva Copa, afirm\u00f3 que los padres de familia en protesta en los diferentes sectores son manipulados y obligados para salir a esta medida de protesta, donde el Movimientos al Socialismo (MAS) estar\u00eda detr\u00e1s de todo esto. Luego de que algunos grupos de padres de familia lograron cerrar varios accesos del [&hellip;]","og_url":"https:\/\/www.eldiario.net\/portal\/2022\/06\/09\/padres-de-familia-manipulados-para-realizar-bloqueos-en-el-alto\/","og_site_name":"El Diario - Bolivia","article_publisher":"https:\/\/www.facebook.com\/eldiario.bolivia\/","article_published_time":"2022-06-09T09:06:07+00:00","author":"Jeanette","twitter_card":"summary_large_image","twitter_creator":"@eldiario_net","twitter_site":"@eldiario_net","twitter_misc":{"Escrito por":"Jeanette","Tiempo de lectura":"2 minutos"},"schema":{"@context":"https:\/\/schema.org","@graph":[{"@type":"Article","@id":"https:\/\/www.eldiario.net\/portal\/2022\/06\/09\/padres-de-familia-manipulados-para-realizar-bloqueos-en-el-alto\/#article","isPartOf":{"@id":"https:\/\/www.eldiario.net\/portal\/2022\/06\/09\/padres-de-familia-manipulados-para-realizar-bloqueos-en-el-alto\/"},"author":{"name":"Jeanette","@id":"https:\/\/www.eldiario.net\/portal\/#\/schema\/person\/f46445640444750d7d753ccd04ae01b7"},"headline":"Padres de familia manipulados para realizar bloqueos en El Alto","datePublished":"2022-06-09T09:06:07+00:00","mainEntityOfPage":{"@id":"https:\/\/www.eldiario.net\/portal\/2022\/06\/09\/padres-de-familia-manipulados-para-realizar-bloqueos-en-el-alto\/"},"wordCount":428,"publisher":{"@id":"https:\/\/www.eldiario.net\/portal\/#organization"},"image":{"@id":"https:\/\/www.eldiario.net\/portal\/2022\/06\/09\/padres-de-familia-manipulados-para-realizar-bloqueos-en-el-alto\/#primaryimage"},"thumbnailUrl":"","articleSection":["Nacional"],"inLanguage":"es"},{"@type":"WebPage","@id":"https:\/\/www.eldiario.net\/portal\/2022\/06\/09\/padres-de-familia-manipulados-para-realizar-bloqueos-en-el-alto\/","url":"https:\/\/www.eldiario.net\/portal\/2022\/06\/09\/padres-de-familia-manipulados-para-realizar-bloqueos-en-el-alto\/","name":"Padres de familia manipulados para realizar bloqueos en El Alto - El Diario - Bolivia","isPartOf":{"@id":"https:\/\/www.eldiario.net\/portal\/#website"},"primaryImageOfPage":{"@id":"https:\/\/www.eldiario.net\/portal\/2022\/06\/09\/padres-de-familia-manipulados-para-realizar-bloqueos-en-el-alto\/#primaryimage"},"image":{"@id":"https:\/\/www.eldiario.net\/portal\/2022\/06\/09\/padres-de-familia-manipulados-para-realizar-bloqueos-en-el-alto\/#primaryimage"},"thumbnailUrl":"","datePublished":"2022-06-09T09:06:07+00:00","breadcrumb":{"@id":"https:\/\/www.eldiario.net\/portal\/2022\/06\/09\/padres-de-familia-manipulados-para-realizar-bloqueos-en-el-alto\/#breadcrumb"},"inLanguage":"es","potentialAction":[{"@type":"ReadAction","target":["https:\/\/www.eldiario.net\/portal\/2022\/06\/09\/padres-de-familia-manipulados-para-realizar-bloqueos-en-el-alto\/"]}]},{"@type":"ImageObject","inLanguage":"es","@id":"https:\/\/www.eldiario.net\/portal\/2022\/06\/09\/padres-de-familia-manipulados-para-realizar-bloqueos-en-el-alto\/#primaryimage","url":"","contentUrl":""},{"@type":"BreadcrumbList","@id":"https:\/\/www.eldiario.net\/portal\/2022\/06\/09\/padres-de-familia-manipulados-para-realizar-bloqueos-en-el-alto\/#breadcrumb","itemListElement":[{"@type":"ListItem","position":1,"name":"Portada","item":"https:\/\/www.eldiario.net\/portal\/"},{"@type":"ListItem","position":2,"name":"Padres de familia manipulados para realizar bloqueos en El Alto"}]},{"@type":"WebSite","@id":"https:\/\/www.eldiario.net\/portal\/#website","url":"https:\/\/www.eldiario.net\/portal\/","name":"El Diario - Decano de la prensa nacional","description":"El Diario - Decano de la prensa nacional","publisher":{"@id":"https:\/\/www.eldiario.net\/portal\/#organization"},"potentialAction":[{"@type":"SearchAction","target":{"@type":"EntryPoint","urlTemplate":"https:\/\/www.eldiario.net\/portal\/?s={search_term_string}"},"query-input":{"@type":"PropertyValueSpecification","valueRequired":true,"valueName":"search_term_string"}}],"inLanguage":"es"},{"@type":"Organization","@id":"https:\/\/www.eldiario.net\/portal\/#organization","name":"El Diario - Decano de la prensa nacional","url":"https:\/\/www.eldiario.net\/portal\/","logo":{"@type":"ImageObject","inLanguage":"es","@id":"https:\/\/www.eldiario.net\/portal\/#\/schema\/logo\/image\/","url":"https:\/\/www.eldiario.net\/portal\/wp-content\/uploads\/2023\/07\/logo_ED.jpg","contentUrl":"https:\/\/www.eldiario.net\/portal\/wp-content\/uploads\/2023\/07\/logo_ED.jpg","width":272,"height":52,"caption":"El Diario - Decano de la prensa nacional"},"image":{"@id":"https:\/\/www.eldiario.net\/portal\/#\/schema\/logo\/image\/"},"sameAs":["https:\/\/www.facebook.com\/eldiario.bolivia\/","https:\/\/x.com\/eldiario_net"]},{"@type":"Person","@id":"https:\/\/www.eldiario.net\/portal\/#\/schema\/person\/f46445640444750d7d753ccd04ae01b7","name":"Jeanette","image":{"@type":"ImageObject","inLanguage":"es","@id":"https:\/\/secure.gravatar.com\/avatar\/3ea2118a5f7dad2b7138b1187a6b7ee55f160b9968b66013c3a3ef39dd7e5798?s=96&d=mm&r=g","url":"https:\/\/secure.gravatar.com\/avatar\/3ea2118a5f7dad2b7138b1187a6b7ee55f160b9968b66013c3a3ef39dd7e5798?s=96&d=mm&r=g","contentUrl":"https:\/\/secure.gravatar.com\/avatar\/3ea2118a5f7dad2b7138b1187a6b7ee55f160b9968b66013c3a3ef39dd7e5798?s=96&d=mm&r=g","caption":"Jeanette"},"sameAs":["https:\/\/www.eldiario.net\/portal"],"url":"https:\/\/www.eldiario.net\/portal\/author\/jeanette\/"}]}},"_links":{"self":[{"href":"https:\/\/www.eldiario.net\/portal\/wp-json\/wp\/v2\/posts\/89282","targetHints":{"allow":["GET"]}}],"collection":[{"href":"https:\/\/www.eldiario.net\/portal\/wp-json\/wp\/v2\/posts"}],"about":[{"href":"https:\/\/www.eldiario.net\/portal\/wp-json\/wp\/v2\/types\/post"}],"author":[{"embeddable":true,"href":"https:\/\/www.eldiario.net\/portal\/wp-json\/wp\/v2\/users\/1"}],"replies":[{"embeddable":true,"href":"https:\/\/www.eldiario.net\/portal\/wp-json\/wp\/v2\/comments?post=89282"}],"version-history":[{"count":0,"href":"https:\/\/www.eldiario.net\/portal\/wp-json\/wp\/v2\/posts\/89282\/revisions"}],"wp:attachment":[{"href":"https:\/\/www.eldiario.net\/portal\/wp-json\/wp\/v2\/media?parent=89282"}],"wp:term":[{"taxonomy":"category","embeddable":true,"href":"https:\/\/www.eldiario.net\/portal\/wp-json\/wp\/v2\/categories?post=89282"},{"taxonomy":"post_tag","embeddable":true,"href":"https:\/\/www.eldiario.net\/portal\/wp-json\/wp\/v2\/tags?post=89282"}],"curies":[{"name":"wp","href":"https:\/\/api.w.org\/{rel}","templated":true}]}}