{"id":89278,"date":"2022-06-09T05:05:08","date_gmt":"2022-06-09T09:05:08","guid":{"rendered":"https:\/\/www.eldiario.net\/portal\/?p=89278"},"modified":"2022-06-09T05:05:08","modified_gmt":"2022-06-09T09:05:08","slug":"poblacion-protesta-por-bloqueos-y-perjuicios-al-trabajo-cotidiano","status":"publish","type":"post","link":"https:\/\/www.eldiario.net\/portal\/2022\/06\/09\/poblacion-protesta-por-bloqueos-y-perjuicios-al-trabajo-cotidiano\/","title":{"rendered":"Poblaci\u00f3n protesta por bloqueos  y perjuicios al trabajo cotidiano"},"content":{"rendered":"<p>Largas filas en los telef\u00e9ricos y v\u00edas de acceso del transporte p\u00fablico cerradas, el bloqueo es protagonizado por grupos de padres de familia de El Alto, actitud que provoca la protesta de la poblaci\u00f3n por los perjuicios causados.<\/p>\n<p>Durante varias horas la ciudadan\u00eda tuvo que buscarse la forma de llegar hasta sus fuentes de trabajo o algunas otras obligaciones como negocios y tr\u00e1mites para lo cual ten\u00edan que llegar hasta la sede de Gobierno a pesar de que todos los accesos fueron cerrados.<\/p>\n<p>La avenida Naciones Unidas o camino antiguo, Faro Murillo ingreso hacia la avenida 9 de Abril y Pasankeri y parte de la autopista fueron bloqueados durante varias horas, luego de ese tiempo se fue normalizando hasta el mediod\u00eda de ayer.<\/p>\n<p>Entre tanto, una de las v\u00edas que estuvo cerrada con fuertes bloqueos casi durante todo el d\u00eda fue la carretera hacia Oruro desde el sector de Senkata &#8211; Distrito 8 y otras zonas adyacentes, as\u00ed como la avenida Juan Pablo II en el sector de San Roque y otros distritos colindantes.<\/p>\n<p>De la misma manera, los telef\u00e9ricos azul de la zona de R\u00edo Seco, Lila del Faro Murillo y Rojo de la avenida Panor\u00e1mica, estuvieron congestionados con grandes filas desde muy temprano, producto del cierre de los accesos troncales hacia la sede de Gobierno.<\/p>\n<p>En este sentido, largas filas y la molestia de los usuarios no se dejaron esperar, quienes acusaron a los grupos de padres de familia que son movimientos pol\u00edticos que se encuentran en estos lugares con la intenci\u00f3n de da\u00f1ar la imagen de la alcaldesa Eva Copa, manejadas por las autoridades del Legislativo municipal pertenecientes al partido de la oposici\u00f3n al Gobierno Municipal como el Movimiento al Socialismo (MAS).<\/p>\n<p>Luego de algunas horas, el tr\u00e1nsito vehicular fue restablecido en varios de los puntos que fueron bloqueados, pero de acuerdo con los datos de la Polic\u00eda los distritos 17, 7 y 8 continuaron con esta medida hasta horas de la tarde, causando el perjuicio a la poblaci\u00f3n\u00a0 que tuvo que caminar muchas cuadras para llegar a su destino desde estos sectores troncales hasta el casco central de la Ceja de El Alto.<\/p>\n","protected":false},"excerpt":{"rendered":"<p>Largas filas en los telef\u00e9ricos y v\u00edas de acceso del transporte p\u00fablico cerradas, el bloqueo es protagonizado por grupos de padres de familia de El Alto, actitud que provoca la protesta de la poblaci\u00f3n por los perjuicios causados. Durante varias horas la ciudadan\u00eda tuvo que buscarse la forma de llegar hasta sus fuentes de trabajo [&hellip;]<\/p>\n","protected":false},"author":1,"featured_media":89279,"comment_status":"closed","ping_status":"closed","sticky":false,"template":"","format":"standard","meta":{"_acf_changed":false,"footnotes":""},"categories":[12],"tags":[],"class_list":["post-89278","post","type-post","status-publish","format-standard","has-post-thumbnail","category-nacional"],"acf":{"antetitulo":""},"yoast_head":"<!-- This site is optimized with the Yoast SEO plugin v28.3 - https:\/\/yoast.com\/product\/yoast-seo-wordpress\/ -->\n<title>Poblaci\u00f3n protesta por bloqueos y perjuicios al trabajo cotidiano - El Diario - Bolivia<\/title>\n<meta name=\"robots\" content=\"index, follow, max-snippet:-1, max-image-preview:large, max-video-preview:-1\" \/>\n<link rel=\"canonical\" href=\"https:\/\/www.eldiario.net\/portal\/2022\/06\/09\/poblacion-protesta-por-bloqueos-y-perjuicios-al-trabajo-cotidiano\/\" \/>\n<meta property=\"og:locale\" content=\"es_ES\" \/>\n<meta property=\"og:type\" content=\"article\" \/>\n<meta property=\"og:title\" content=\"Poblaci\u00f3n protesta por bloqueos y perjuicios al trabajo cotidiano - El Diario - Bolivia\" \/>\n<meta property=\"og:description\" content=\"Largas filas en los telef\u00e9ricos y v\u00edas de acceso del transporte p\u00fablico cerradas, el bloqueo es protagonizado por grupos de padres de familia de El Alto, actitud que provoca la protesta de la poblaci\u00f3n por los perjuicios causados. Durante varias horas la ciudadan\u00eda tuvo que buscarse la forma de llegar hasta sus fuentes de trabajo [&hellip;]\" \/>\n<meta property=\"og:url\" content=\"https:\/\/www.eldiario.net\/portal\/2022\/06\/09\/poblacion-protesta-por-bloqueos-y-perjuicios-al-trabajo-cotidiano\/\" \/>\n<meta property=\"og:site_name\" content=\"El Diario - Bolivia\" \/>\n<meta property=\"article:publisher\" content=\"https:\/\/www.facebook.com\/eldiario.bolivia\/\" \/>\n<meta property=\"article:published_time\" content=\"2022-06-09T09:05:08+00:00\" \/>\n<meta name=\"author\" content=\"Jeanette\" \/>\n<meta name=\"twitter:card\" content=\"summary_large_image\" \/>\n<meta name=\"twitter:creator\" content=\"@eldiario_net\" \/>\n<meta name=\"twitter:site\" content=\"@eldiario_net\" \/>\n<meta name=\"twitter:label1\" content=\"Escrito por\" \/>\n\t<meta name=\"twitter:data1\" content=\"Jeanette\" \/>\n\t<meta name=\"twitter:label2\" content=\"Tiempo de lectura\" \/>\n\t<meta name=\"twitter:data2\" content=\"2 minutos\" \/>\n<script type=\"application\/ld+json\" class=\"yoast-schema-graph\">{\"@context\":\"https:\\\/\\\/schema.org\",\"@graph\":[{\"@type\":\"Article\",\"@id\":\"https:\\\/\\\/www.eldiario.net\\\/portal\\\/2022\\\/06\\\/09\\\/poblacion-protesta-por-bloqueos-y-perjuicios-al-trabajo-cotidiano\\\/#article\",\"isPartOf\":{\"@id\":\"https:\\\/\\\/www.eldiario.net\\\/portal\\\/2022\\\/06\\\/09\\\/poblacion-protesta-por-bloqueos-y-perjuicios-al-trabajo-cotidiano\\\/\"},\"author\":{\"name\":\"Jeanette\",\"@id\":\"https:\\\/\\\/www.eldiario.net\\\/portal\\\/#\\\/schema\\\/person\\\/f46445640444750d7d753ccd04ae01b7\"},\"headline\":\"Poblaci\u00f3n protesta por bloqueos y perjuicios al trabajo cotidiano\",\"datePublished\":\"2022-06-09T09:05:08+00:00\",\"mainEntityOfPage\":{\"@id\":\"https:\\\/\\\/www.eldiario.net\\\/portal\\\/2022\\\/06\\\/09\\\/poblacion-protesta-por-bloqueos-y-perjuicios-al-trabajo-cotidiano\\\/\"},\"wordCount\":382,\"publisher\":{\"@id\":\"https:\\\/\\\/www.eldiario.net\\\/portal\\\/#organization\"},\"image\":{\"@id\":\"https:\\\/\\\/www.eldiario.net\\\/portal\\\/2022\\\/06\\\/09\\\/poblacion-protesta-por-bloqueos-y-perjuicios-al-trabajo-cotidiano\\\/#primaryimage\"},\"thumbnailUrl\":\"\",\"articleSection\":[\"Nacional\"],\"inLanguage\":\"es\"},{\"@type\":\"WebPage\",\"@id\":\"https:\\\/\\\/www.eldiario.net\\\/portal\\\/2022\\\/06\\\/09\\\/poblacion-protesta-por-bloqueos-y-perjuicios-al-trabajo-cotidiano\\\/\",\"url\":\"https:\\\/\\\/www.eldiario.net\\\/portal\\\/2022\\\/06\\\/09\\\/poblacion-protesta-por-bloqueos-y-perjuicios-al-trabajo-cotidiano\\\/\",\"name\":\"Poblaci\u00f3n protesta por bloqueos y perjuicios al trabajo cotidiano - El Diario - Bolivia\",\"isPartOf\":{\"@id\":\"https:\\\/\\\/www.eldiario.net\\\/portal\\\/#website\"},\"primaryImageOfPage\":{\"@id\":\"https:\\\/\\\/www.eldiario.net\\\/portal\\\/2022\\\/06\\\/09\\\/poblacion-protesta-por-bloqueos-y-perjuicios-al-trabajo-cotidiano\\\/#primaryimage\"},\"image\":{\"@id\":\"https:\\\/\\\/www.eldiario.net\\\/portal\\\/2022\\\/06\\\/09\\\/poblacion-protesta-por-bloqueos-y-perjuicios-al-trabajo-cotidiano\\\/#primaryimage\"},\"thumbnailUrl\":\"\",\"datePublished\":\"2022-06-09T09:05:08+00:00\",\"breadcrumb\":{\"@id\":\"https:\\\/\\\/www.eldiario.net\\\/portal\\\/2022\\\/06\\\/09\\\/poblacion-protesta-por-bloqueos-y-perjuicios-al-trabajo-cotidiano\\\/#breadcrumb\"},\"inLanguage\":\"es\",\"potentialAction\":[{\"@type\":\"ReadAction\",\"target\":[\"https:\\\/\\\/www.eldiario.net\\\/portal\\\/2022\\\/06\\\/09\\\/poblacion-protesta-por-bloqueos-y-perjuicios-al-trabajo-cotidiano\\\/\"]}]},{\"@type\":\"ImageObject\",\"inLanguage\":\"es\",\"@id\":\"https:\\\/\\\/www.eldiario.net\\\/portal\\\/2022\\\/06\\\/09\\\/poblacion-protesta-por-bloqueos-y-perjuicios-al-trabajo-cotidiano\\\/#primaryimage\",\"url\":\"\",\"contentUrl\":\"\"},{\"@type\":\"BreadcrumbList\",\"@id\":\"https:\\\/\\\/www.eldiario.net\\\/portal\\\/2022\\\/06\\\/09\\\/poblacion-protesta-por-bloqueos-y-perjuicios-al-trabajo-cotidiano\\\/#breadcrumb\",\"itemListElement\":[{\"@type\":\"ListItem\",\"position\":1,\"name\":\"Portada\",\"item\":\"https:\\\/\\\/www.eldiario.net\\\/portal\\\/\"},{\"@type\":\"ListItem\",\"position\":2,\"name\":\"Poblaci\u00f3n protesta por bloqueos y perjuicios al trabajo cotidiano\"}]},{\"@type\":\"WebSite\",\"@id\":\"https:\\\/\\\/www.eldiario.net\\\/portal\\\/#website\",\"url\":\"https:\\\/\\\/www.eldiario.net\\\/portal\\\/\",\"name\":\"El Diario - Decano de la prensa nacional\",\"description\":\"El Diario - Decano de la prensa nacional\",\"publisher\":{\"@id\":\"https:\\\/\\\/www.eldiario.net\\\/portal\\\/#organization\"},\"potentialAction\":[{\"@type\":\"SearchAction\",\"target\":{\"@type\":\"EntryPoint\",\"urlTemplate\":\"https:\\\/\\\/www.eldiario.net\\\/portal\\\/?s={search_term_string}\"},\"query-input\":{\"@type\":\"PropertyValueSpecification\",\"valueRequired\":true,\"valueName\":\"search_term_string\"}}],\"inLanguage\":\"es\"},{\"@type\":\"Organization\",\"@id\":\"https:\\\/\\\/www.eldiario.net\\\/portal\\\/#organization\",\"name\":\"El Diario - Decano de la prensa nacional\",\"url\":\"https:\\\/\\\/www.eldiario.net\\\/portal\\\/\",\"logo\":{\"@type\":\"ImageObject\",\"inLanguage\":\"es\",\"@id\":\"https:\\\/\\\/www.eldiario.net\\\/portal\\\/#\\\/schema\\\/logo\\\/image\\\/\",\"url\":\"https:\\\/\\\/www.eldiario.net\\\/portal\\\/wp-content\\\/uploads\\\/2023\\\/07\\\/logo_ED.jpg\",\"contentUrl\":\"https:\\\/\\\/www.eldiario.net\\\/portal\\\/wp-content\\\/uploads\\\/2023\\\/07\\\/logo_ED.jpg\",\"width\":272,\"height\":52,\"caption\":\"El Diario - Decano de la prensa nacional\"},\"image\":{\"@id\":\"https:\\\/\\\/www.eldiario.net\\\/portal\\\/#\\\/schema\\\/logo\\\/image\\\/\"},\"sameAs\":[\"https:\\\/\\\/www.facebook.com\\\/eldiario.bolivia\\\/\",\"https:\\\/\\\/x.com\\\/eldiario_net\"]},{\"@type\":\"Person\",\"@id\":\"https:\\\/\\\/www.eldiario.net\\\/portal\\\/#\\\/schema\\\/person\\\/f46445640444750d7d753ccd04ae01b7\",\"name\":\"Jeanette\",\"image\":{\"@type\":\"ImageObject\",\"inLanguage\":\"es\",\"@id\":\"https:\\\/\\\/secure.gravatar.com\\\/avatar\\\/3ea2118a5f7dad2b7138b1187a6b7ee55f160b9968b66013c3a3ef39dd7e5798?s=96&d=mm&r=g\",\"url\":\"https:\\\/\\\/secure.gravatar.com\\\/avatar\\\/3ea2118a5f7dad2b7138b1187a6b7ee55f160b9968b66013c3a3ef39dd7e5798?s=96&d=mm&r=g\",\"contentUrl\":\"https:\\\/\\\/secure.gravatar.com\\\/avatar\\\/3ea2118a5f7dad2b7138b1187a6b7ee55f160b9968b66013c3a3ef39dd7e5798?s=96&d=mm&r=g\",\"caption\":\"Jeanette\"},\"sameAs\":[\"https:\\\/\\\/www.eldiario.net\\\/portal\"],\"url\":\"https:\\\/\\\/www.eldiario.net\\\/portal\\\/author\\\/jeanette\\\/\"}]}<\/script>\n<!-- \/ Yoast SEO plugin. -->","yoast_head_json":{"title":"Poblaci\u00f3n protesta por bloqueos y perjuicios al trabajo cotidiano - El Diario - Bolivia","robots":{"index":"index","follow":"follow","max-snippet":"max-snippet:-1","max-image-preview":"max-image-preview:large","max-video-preview":"max-video-preview:-1"},"canonical":"https:\/\/www.eldiario.net\/portal\/2022\/06\/09\/poblacion-protesta-por-bloqueos-y-perjuicios-al-trabajo-cotidiano\/","og_locale":"es_ES","og_type":"article","og_title":"Poblaci\u00f3n protesta por bloqueos y perjuicios al trabajo cotidiano - El Diario - Bolivia","og_description":"Largas filas en los telef\u00e9ricos y v\u00edas de acceso del transporte p\u00fablico cerradas, el bloqueo es protagonizado por grupos de padres de familia de El Alto, actitud que provoca la protesta de la poblaci\u00f3n por los perjuicios causados. Durante varias horas la ciudadan\u00eda tuvo que buscarse la forma de llegar hasta sus fuentes de trabajo [&hellip;]","og_url":"https:\/\/www.eldiario.net\/portal\/2022\/06\/09\/poblacion-protesta-por-bloqueos-y-perjuicios-al-trabajo-cotidiano\/","og_site_name":"El Diario - Bolivia","article_publisher":"https:\/\/www.facebook.com\/eldiario.bolivia\/","article_published_time":"2022-06-09T09:05:08+00:00","author":"Jeanette","twitter_card":"summary_large_image","twitter_creator":"@eldiario_net","twitter_site":"@eldiario_net","twitter_misc":{"Escrito por":"Jeanette","Tiempo de lectura":"2 minutos"},"schema":{"@context":"https:\/\/schema.org","@graph":[{"@type":"Article","@id":"https:\/\/www.eldiario.net\/portal\/2022\/06\/09\/poblacion-protesta-por-bloqueos-y-perjuicios-al-trabajo-cotidiano\/#article","isPartOf":{"@id":"https:\/\/www.eldiario.net\/portal\/2022\/06\/09\/poblacion-protesta-por-bloqueos-y-perjuicios-al-trabajo-cotidiano\/"},"author":{"name":"Jeanette","@id":"https:\/\/www.eldiario.net\/portal\/#\/schema\/person\/f46445640444750d7d753ccd04ae01b7"},"headline":"Poblaci\u00f3n protesta por bloqueos y perjuicios al trabajo cotidiano","datePublished":"2022-06-09T09:05:08+00:00","mainEntityOfPage":{"@id":"https:\/\/www.eldiario.net\/portal\/2022\/06\/09\/poblacion-protesta-por-bloqueos-y-perjuicios-al-trabajo-cotidiano\/"},"wordCount":382,"publisher":{"@id":"https:\/\/www.eldiario.net\/portal\/#organization"},"image":{"@id":"https:\/\/www.eldiario.net\/portal\/2022\/06\/09\/poblacion-protesta-por-bloqueos-y-perjuicios-al-trabajo-cotidiano\/#primaryimage"},"thumbnailUrl":"","articleSection":["Nacional"],"inLanguage":"es"},{"@type":"WebPage","@id":"https:\/\/www.eldiario.net\/portal\/2022\/06\/09\/poblacion-protesta-por-bloqueos-y-perjuicios-al-trabajo-cotidiano\/","url":"https:\/\/www.eldiario.net\/portal\/2022\/06\/09\/poblacion-protesta-por-bloqueos-y-perjuicios-al-trabajo-cotidiano\/","name":"Poblaci\u00f3n protesta por bloqueos y perjuicios al trabajo cotidiano - El Diario - Bolivia","isPartOf":{"@id":"https:\/\/www.eldiario.net\/portal\/#website"},"primaryImageOfPage":{"@id":"https:\/\/www.eldiario.net\/portal\/2022\/06\/09\/poblacion-protesta-por-bloqueos-y-perjuicios-al-trabajo-cotidiano\/#primaryimage"},"image":{"@id":"https:\/\/www.eldiario.net\/portal\/2022\/06\/09\/poblacion-protesta-por-bloqueos-y-perjuicios-al-trabajo-cotidiano\/#primaryimage"},"thumbnailUrl":"","datePublished":"2022-06-09T09:05:08+00:00","breadcrumb":{"@id":"https:\/\/www.eldiario.net\/portal\/2022\/06\/09\/poblacion-protesta-por-bloqueos-y-perjuicios-al-trabajo-cotidiano\/#breadcrumb"},"inLanguage":"es","potentialAction":[{"@type":"ReadAction","target":["https:\/\/www.eldiario.net\/portal\/2022\/06\/09\/poblacion-protesta-por-bloqueos-y-perjuicios-al-trabajo-cotidiano\/"]}]},{"@type":"ImageObject","inLanguage":"es","@id":"https:\/\/www.eldiario.net\/portal\/2022\/06\/09\/poblacion-protesta-por-bloqueos-y-perjuicios-al-trabajo-cotidiano\/#primaryimage","url":"","contentUrl":""},{"@type":"BreadcrumbList","@id":"https:\/\/www.eldiario.net\/portal\/2022\/06\/09\/poblacion-protesta-por-bloqueos-y-perjuicios-al-trabajo-cotidiano\/#breadcrumb","itemListElement":[{"@type":"ListItem","position":1,"name":"Portada","item":"https:\/\/www.eldiario.net\/portal\/"},{"@type":"ListItem","position":2,"name":"Poblaci\u00f3n protesta por bloqueos y perjuicios al trabajo cotidiano"}]},{"@type":"WebSite","@id":"https:\/\/www.eldiario.net\/portal\/#website","url":"https:\/\/www.eldiario.net\/portal\/","name":"El Diario - Decano de la prensa nacional","description":"El Diario - Decano de la prensa nacional","publisher":{"@id":"https:\/\/www.eldiario.net\/portal\/#organization"},"potentialAction":[{"@type":"SearchAction","target":{"@type":"EntryPoint","urlTemplate":"https:\/\/www.eldiario.net\/portal\/?s={search_term_string}"},"query-input":{"@type":"PropertyValueSpecification","valueRequired":true,"valueName":"search_term_string"}}],"inLanguage":"es"},{"@type":"Organization","@id":"https:\/\/www.eldiario.net\/portal\/#organization","name":"El Diario - Decano de la prensa nacional","url":"https:\/\/www.eldiario.net\/portal\/","logo":{"@type":"ImageObject","inLanguage":"es","@id":"https:\/\/www.eldiario.net\/portal\/#\/schema\/logo\/image\/","url":"https:\/\/www.eldiario.net\/portal\/wp-content\/uploads\/2023\/07\/logo_ED.jpg","contentUrl":"https:\/\/www.eldiario.net\/portal\/wp-content\/uploads\/2023\/07\/logo_ED.jpg","width":272,"height":52,"caption":"El Diario - Decano de la prensa nacional"},"image":{"@id":"https:\/\/www.eldiario.net\/portal\/#\/schema\/logo\/image\/"},"sameAs":["https:\/\/www.facebook.com\/eldiario.bolivia\/","https:\/\/x.com\/eldiario_net"]},{"@type":"Person","@id":"https:\/\/www.eldiario.net\/portal\/#\/schema\/person\/f46445640444750d7d753ccd04ae01b7","name":"Jeanette","image":{"@type":"ImageObject","inLanguage":"es","@id":"https:\/\/secure.gravatar.com\/avatar\/3ea2118a5f7dad2b7138b1187a6b7ee55f160b9968b66013c3a3ef39dd7e5798?s=96&d=mm&r=g","url":"https:\/\/secure.gravatar.com\/avatar\/3ea2118a5f7dad2b7138b1187a6b7ee55f160b9968b66013c3a3ef39dd7e5798?s=96&d=mm&r=g","contentUrl":"https:\/\/secure.gravatar.com\/avatar\/3ea2118a5f7dad2b7138b1187a6b7ee55f160b9968b66013c3a3ef39dd7e5798?s=96&d=mm&r=g","caption":"Jeanette"},"sameAs":["https:\/\/www.eldiario.net\/portal"],"url":"https:\/\/www.eldiario.net\/portal\/author\/jeanette\/"}]}},"_links":{"self":[{"href":"https:\/\/www.eldiario.net\/portal\/wp-json\/wp\/v2\/posts\/89278","targetHints":{"allow":["GET"]}}],"collection":[{"href":"https:\/\/www.eldiario.net\/portal\/wp-json\/wp\/v2\/posts"}],"about":[{"href":"https:\/\/www.eldiario.net\/portal\/wp-json\/wp\/v2\/types\/post"}],"author":[{"embeddable":true,"href":"https:\/\/www.eldiario.net\/portal\/wp-json\/wp\/v2\/users\/1"}],"replies":[{"embeddable":true,"href":"https:\/\/www.eldiario.net\/portal\/wp-json\/wp\/v2\/comments?post=89278"}],"version-history":[{"count":0,"href":"https:\/\/www.eldiario.net\/portal\/wp-json\/wp\/v2\/posts\/89278\/revisions"}],"wp:attachment":[{"href":"https:\/\/www.eldiario.net\/portal\/wp-json\/wp\/v2\/media?parent=89278"}],"wp:term":[{"taxonomy":"category","embeddable":true,"href":"https:\/\/www.eldiario.net\/portal\/wp-json\/wp\/v2\/categories?post=89278"},{"taxonomy":"post_tag","embeddable":true,"href":"https:\/\/www.eldiario.net\/portal\/wp-json\/wp\/v2\/tags?post=89278"}],"curies":[{"name":"wp","href":"https:\/\/api.w.org\/{rel}","templated":true}]}}