{"id":89274,"date":"2022-06-09T05:04:01","date_gmt":"2022-06-09T09:04:01","guid":{"rendered":"https:\/\/www.eldiario.net\/portal\/?p=89274"},"modified":"2022-06-09T05:04:01","modified_gmt":"2022-06-09T09:04:01","slug":"vecinos-de-senkata-intentan-linchar-a-supuesto-antisocial","status":"publish","type":"post","link":"https:\/\/www.eldiario.net\/portal\/2022\/06\/09\/vecinos-de-senkata-intentan-linchar-a-supuesto-antisocial\/","title":{"rendered":"Vecinos de Senkata intentan  linchar a supuesto antisocial"},"content":{"rendered":"<p>Polic\u00eda rescata a un supuesto antisocial de ser linchado por una turba de vecinos quienes le acusaron del robo de celular a un adolescente en el Puente Vela de Senkata del Distrito 8, seg\u00fan la autoridad de la Fuerza Especial de Lucha Contra el Crimen (Felcc), coronel Limberth Coca.<\/p>\n<p>De acuerdo con el informe policial, el incidente fue descubierto por los vecinos, luego de que el afectado pidi\u00f3 auxilio al haber sido atacado violentamente por el antisocial, producto del cual transe\u00fantes y vecinos del lugar atraparon y golpearon al ladr\u00f3n a quien le ataron en el poste del alumbrado p\u00fablico de este barrio.<\/p>\n<p>\u201cCuando nos constituimos al lugar hemos podido verificar que el supuesto antisocial estaba atado en un poste quien presentaba m\u00faltiples hematomas en el cuerpo producto de la golpiza que recibi\u00f3 por parte de los vecinos como represalia a la actitud asumida en contra del adolescente\u201d, indic\u00f3 el coronel Coca de la Felcc.<\/p>\n<p>De la misma forma, seg\u00fan la autoridad policial, afirm\u00f3 que el afectado por la golpiza recibida y con el objetivo de precautelar su integridad f\u00edsica y luego de convencer a la poblaci\u00f3n enardecida, fue retirado del lugar para que sea traslado a un centro m\u00e9dico, porque la intenci\u00f3n de los vecinos era lincharlo, pero se logr\u00f3 hacer que se desestime de esta actitud por no ser legal.<\/p>\n<p>Seg\u00fan las primeras investigaciones en torno a la persona golpeada que hab\u00eda robado el celular, el coronel Limberth Coca, director de la Felcc, asegur\u00f3 que tiene antecedentes delincuenciales de similares hechos en otros barrios alte\u00f1os, por lo que el caso fue derivado ante el Ministerio P\u00fablico para la correspondiente audiencia de medidas cautelares.<\/p>\n<p>Sin embargo, la Polic\u00eda recomienda a la poblaci\u00f3n que en caso de conocer y ver este tipo de actitudes de antisociales y ser capturado, eviten de intentar efectuar justicia con mano propia, porque desde todo punto de vista es ilegal y fuera de las normas.<\/p>\n<p>\u201cPedimos muy encarecidamente a la ciudadan\u00eda lo que debe hacer en estos casos es denunciar inmediatamente ante la Polic\u00eda, porque hacer justicia con mano propia no es nada legal, para eso est\u00e1n las autoridades\u201d, finaliz\u00f3 Coca.<\/p>\n","protected":false},"excerpt":{"rendered":"<p>Polic\u00eda rescata a un supuesto antisocial de ser linchado por una turba de vecinos quienes le acusaron del robo de celular a un adolescente en el Puente Vela de Senkata del Distrito 8, seg\u00fan la autoridad de la Fuerza Especial de Lucha Contra el Crimen (Felcc), coronel Limberth Coca. De acuerdo con el informe policial, [&hellip;]<\/p>\n","protected":false},"author":1,"featured_media":89275,"comment_status":"closed","ping_status":"closed","sticky":false,"template":"","format":"standard","meta":{"_acf_changed":false,"footnotes":""},"categories":[12],"tags":[],"class_list":["post-89274","post","type-post","status-publish","format-standard","has-post-thumbnail","category-nacional"],"acf":{"antetitulo":""},"yoast_head":"<!-- This site is optimized with the Yoast SEO plugin v28.4 - https:\/\/yoast.com\/product\/yoast-seo-wordpress\/ -->\n<title>Vecinos de Senkata intentan linchar a supuesto antisocial - El Diario - Bolivia<\/title>\n<meta name=\"robots\" content=\"index, follow, max-snippet:-1, max-image-preview:large, max-video-preview:-1\" \/>\n<link rel=\"canonical\" href=\"https:\/\/www.eldiario.net\/portal\/2022\/06\/09\/vecinos-de-senkata-intentan-linchar-a-supuesto-antisocial\/\" \/>\n<meta property=\"og:locale\" content=\"es_ES\" \/>\n<meta property=\"og:type\" content=\"article\" \/>\n<meta property=\"og:title\" content=\"Vecinos de Senkata intentan linchar a supuesto antisocial - El Diario - Bolivia\" \/>\n<meta property=\"og:description\" content=\"Polic\u00eda rescata a un supuesto antisocial de ser linchado por una turba de vecinos quienes le acusaron del robo de celular a un adolescente en el Puente Vela de Senkata del Distrito 8, seg\u00fan la autoridad de la Fuerza Especial de Lucha Contra el Crimen (Felcc), coronel Limberth Coca. De acuerdo con el informe policial, [&hellip;]\" \/>\n<meta property=\"og:url\" content=\"https:\/\/www.eldiario.net\/portal\/2022\/06\/09\/vecinos-de-senkata-intentan-linchar-a-supuesto-antisocial\/\" \/>\n<meta property=\"og:site_name\" content=\"El Diario - Bolivia\" \/>\n<meta property=\"article:publisher\" content=\"https:\/\/www.facebook.com\/eldiario.bolivia\/\" \/>\n<meta property=\"article:published_time\" content=\"2022-06-09T09:04:01+00:00\" \/>\n<meta property=\"og:image\" content=\"https:\/\/www.eldiario.net\/portal\/wp-content\/uploads\/2022\/06\/Celu-FOTO.jpg\" \/>\n\t<meta property=\"og:image:width\" content=\"1200\" \/>\n\t<meta property=\"og:image:height\" content=\"680\" \/>\n\t<meta property=\"og:image:type\" content=\"image\/jpeg\" \/>\n<meta name=\"author\" content=\"Jeanette\" \/>\n<meta name=\"twitter:card\" content=\"summary_large_image\" \/>\n<meta name=\"twitter:creator\" content=\"@eldiario_net\" \/>\n<meta name=\"twitter:site\" content=\"@eldiario_net\" \/>\n<meta name=\"twitter:label1\" content=\"Escrito por\" \/>\n\t<meta name=\"twitter:data1\" content=\"Jeanette\" \/>\n\t<meta name=\"twitter:label2\" content=\"Tiempo de lectura\" \/>\n\t<meta name=\"twitter:data2\" content=\"2 minutos\" \/>\n<script type=\"application\/ld+json\" class=\"yoast-schema-graph\">{\"@context\":\"https:\\\/\\\/schema.org\",\"@graph\":[{\"@type\":\"Article\",\"@id\":\"https:\\\/\\\/www.eldiario.net\\\/portal\\\/2022\\\/06\\\/09\\\/vecinos-de-senkata-intentan-linchar-a-supuesto-antisocial\\\/#article\",\"isPartOf\":{\"@id\":\"https:\\\/\\\/www.eldiario.net\\\/portal\\\/2022\\\/06\\\/09\\\/vecinos-de-senkata-intentan-linchar-a-supuesto-antisocial\\\/\"},\"author\":{\"name\":\"Jeanette\",\"@id\":\"https:\\\/\\\/www.eldiario.net\\\/portal\\\/#\\\/schema\\\/person\\\/f46445640444750d7d753ccd04ae01b7\"},\"headline\":\"Vecinos de Senkata intentan linchar a supuesto antisocial\",\"datePublished\":\"2022-06-09T09:04:01+00:00\",\"mainEntityOfPage\":{\"@id\":\"https:\\\/\\\/www.eldiario.net\\\/portal\\\/2022\\\/06\\\/09\\\/vecinos-de-senkata-intentan-linchar-a-supuesto-antisocial\\\/\"},\"wordCount\":383,\"publisher\":{\"@id\":\"https:\\\/\\\/www.eldiario.net\\\/portal\\\/#organization\"},\"image\":{\"@id\":\"https:\\\/\\\/www.eldiario.net\\\/portal\\\/2022\\\/06\\\/09\\\/vecinos-de-senkata-intentan-linchar-a-supuesto-antisocial\\\/#primaryimage\"},\"thumbnailUrl\":\"https:\\\/\\\/www.eldiario.net\\\/portal\\\/wp-content\\\/uploads\\\/2022\\\/06\\\/Celu-FOTO.jpg\",\"articleSection\":[\"Nacional\"],\"inLanguage\":\"es\"},{\"@type\":\"WebPage\",\"@id\":\"https:\\\/\\\/www.eldiario.net\\\/portal\\\/2022\\\/06\\\/09\\\/vecinos-de-senkata-intentan-linchar-a-supuesto-antisocial\\\/\",\"url\":\"https:\\\/\\\/www.eldiario.net\\\/portal\\\/2022\\\/06\\\/09\\\/vecinos-de-senkata-intentan-linchar-a-supuesto-antisocial\\\/\",\"name\":\"Vecinos de Senkata intentan linchar a supuesto antisocial - El Diario - Bolivia\",\"isPartOf\":{\"@id\":\"https:\\\/\\\/www.eldiario.net\\\/portal\\\/#website\"},\"primaryImageOfPage\":{\"@id\":\"https:\\\/\\\/www.eldiario.net\\\/portal\\\/2022\\\/06\\\/09\\\/vecinos-de-senkata-intentan-linchar-a-supuesto-antisocial\\\/#primaryimage\"},\"image\":{\"@id\":\"https:\\\/\\\/www.eldiario.net\\\/portal\\\/2022\\\/06\\\/09\\\/vecinos-de-senkata-intentan-linchar-a-supuesto-antisocial\\\/#primaryimage\"},\"thumbnailUrl\":\"https:\\\/\\\/www.eldiario.net\\\/portal\\\/wp-content\\\/uploads\\\/2022\\\/06\\\/Celu-FOTO.jpg\",\"datePublished\":\"2022-06-09T09:04:01+00:00\",\"breadcrumb\":{\"@id\":\"https:\\\/\\\/www.eldiario.net\\\/portal\\\/2022\\\/06\\\/09\\\/vecinos-de-senkata-intentan-linchar-a-supuesto-antisocial\\\/#breadcrumb\"},\"inLanguage\":\"es\",\"potentialAction\":[{\"@type\":\"ReadAction\",\"target\":[\"https:\\\/\\\/www.eldiario.net\\\/portal\\\/2022\\\/06\\\/09\\\/vecinos-de-senkata-intentan-linchar-a-supuesto-antisocial\\\/\"]}]},{\"@type\":\"ImageObject\",\"inLanguage\":\"es\",\"@id\":\"https:\\\/\\\/www.eldiario.net\\\/portal\\\/2022\\\/06\\\/09\\\/vecinos-de-senkata-intentan-linchar-a-supuesto-antisocial\\\/#primaryimage\",\"url\":\"https:\\\/\\\/www.eldiario.net\\\/portal\\\/wp-content\\\/uploads\\\/2022\\\/06\\\/Celu-FOTO.jpg\",\"contentUrl\":\"https:\\\/\\\/www.eldiario.net\\\/portal\\\/wp-content\\\/uploads\\\/2022\\\/06\\\/Celu-FOTO.jpg\",\"width\":1200,\"height\":680,\"caption\":\"Ante la poca vigilancia policial en El Alto, los robos a mano armada aumentaron. Foto: Referencial\"},{\"@type\":\"BreadcrumbList\",\"@id\":\"https:\\\/\\\/www.eldiario.net\\\/portal\\\/2022\\\/06\\\/09\\\/vecinos-de-senkata-intentan-linchar-a-supuesto-antisocial\\\/#breadcrumb\",\"itemListElement\":[{\"@type\":\"ListItem\",\"position\":1,\"name\":\"Portada\",\"item\":\"https:\\\/\\\/www.eldiario.net\\\/portal\\\/\"},{\"@type\":\"ListItem\",\"position\":2,\"name\":\"Vecinos de Senkata intentan linchar a supuesto antisocial\"}]},{\"@type\":\"WebSite\",\"@id\":\"https:\\\/\\\/www.eldiario.net\\\/portal\\\/#website\",\"url\":\"https:\\\/\\\/www.eldiario.net\\\/portal\\\/\",\"name\":\"El Diario - Decano de la prensa nacional\",\"description\":\"El Diario - Decano de la prensa nacional\",\"publisher\":{\"@id\":\"https:\\\/\\\/www.eldiario.net\\\/portal\\\/#organization\"},\"potentialAction\":[{\"@type\":\"SearchAction\",\"target\":{\"@type\":\"EntryPoint\",\"urlTemplate\":\"https:\\\/\\\/www.eldiario.net\\\/portal\\\/?s={search_term_string}\"},\"query-input\":{\"@type\":\"PropertyValueSpecification\",\"valueRequired\":true,\"valueName\":\"search_term_string\"}}],\"inLanguage\":\"es\"},{\"@type\":\"Organization\",\"@id\":\"https:\\\/\\\/www.eldiario.net\\\/portal\\\/#organization\",\"name\":\"El Diario - Decano de la prensa nacional\",\"url\":\"https:\\\/\\\/www.eldiario.net\\\/portal\\\/\",\"logo\":{\"@type\":\"ImageObject\",\"inLanguage\":\"es\",\"@id\":\"https:\\\/\\\/www.eldiario.net\\\/portal\\\/#\\\/schema\\\/logo\\\/image\\\/\",\"url\":\"https:\\\/\\\/www.eldiario.net\\\/portal\\\/wp-content\\\/uploads\\\/2023\\\/07\\\/logo_ED.jpg\",\"contentUrl\":\"https:\\\/\\\/www.eldiario.net\\\/portal\\\/wp-content\\\/uploads\\\/2023\\\/07\\\/logo_ED.jpg\",\"width\":272,\"height\":52,\"caption\":\"El Diario - Decano de la prensa nacional\"},\"image\":{\"@id\":\"https:\\\/\\\/www.eldiario.net\\\/portal\\\/#\\\/schema\\\/logo\\\/image\\\/\"},\"sameAs\":[\"https:\\\/\\\/www.facebook.com\\\/eldiario.bolivia\\\/\",\"https:\\\/\\\/x.com\\\/eldiario_net\"]},{\"@type\":\"Person\",\"@id\":\"https:\\\/\\\/www.eldiario.net\\\/portal\\\/#\\\/schema\\\/person\\\/f46445640444750d7d753ccd04ae01b7\",\"name\":\"Jeanette\",\"image\":{\"@type\":\"ImageObject\",\"inLanguage\":\"es\",\"@id\":\"https:\\\/\\\/secure.gravatar.com\\\/avatar\\\/3ea2118a5f7dad2b7138b1187a6b7ee55f160b9968b66013c3a3ef39dd7e5798?s=96&d=mm&r=g\",\"url\":\"https:\\\/\\\/secure.gravatar.com\\\/avatar\\\/3ea2118a5f7dad2b7138b1187a6b7ee55f160b9968b66013c3a3ef39dd7e5798?s=96&d=mm&r=g\",\"contentUrl\":\"https:\\\/\\\/secure.gravatar.com\\\/avatar\\\/3ea2118a5f7dad2b7138b1187a6b7ee55f160b9968b66013c3a3ef39dd7e5798?s=96&d=mm&r=g\",\"caption\":\"Jeanette\"},\"sameAs\":[\"https:\\\/\\\/www.eldiario.net\\\/portal\"],\"url\":\"https:\\\/\\\/www.eldiario.net\\\/portal\\\/author\\\/jeanette\\\/\"}]}<\/script>\n<!-- \/ Yoast SEO plugin. -->","yoast_head_json":{"title":"Vecinos de Senkata intentan linchar a supuesto antisocial - El Diario - Bolivia","robots":{"index":"index","follow":"follow","max-snippet":"max-snippet:-1","max-image-preview":"max-image-preview:large","max-video-preview":"max-video-preview:-1"},"canonical":"https:\/\/www.eldiario.net\/portal\/2022\/06\/09\/vecinos-de-senkata-intentan-linchar-a-supuesto-antisocial\/","og_locale":"es_ES","og_type":"article","og_title":"Vecinos de Senkata intentan linchar a supuesto antisocial - El Diario - Bolivia","og_description":"Polic\u00eda rescata a un supuesto antisocial de ser linchado por una turba de vecinos quienes le acusaron del robo de celular a un adolescente en el Puente Vela de Senkata del Distrito 8, seg\u00fan la autoridad de la Fuerza Especial de Lucha Contra el Crimen (Felcc), coronel Limberth Coca. De acuerdo con el informe policial, [&hellip;]","og_url":"https:\/\/www.eldiario.net\/portal\/2022\/06\/09\/vecinos-de-senkata-intentan-linchar-a-supuesto-antisocial\/","og_site_name":"El Diario - Bolivia","article_publisher":"https:\/\/www.facebook.com\/eldiario.bolivia\/","article_published_time":"2022-06-09T09:04:01+00:00","og_image":[{"width":1200,"height":680,"url":"https:\/\/www.eldiario.net\/portal\/wp-content\/uploads\/2022\/06\/Celu-FOTO.jpg","type":"image\/jpeg"}],"author":"Jeanette","twitter_card":"summary_large_image","twitter_creator":"@eldiario_net","twitter_site":"@eldiario_net","twitter_misc":{"Escrito por":"Jeanette","Tiempo de lectura":"2 minutos"},"schema":{"@context":"https:\/\/schema.org","@graph":[{"@type":"Article","@id":"https:\/\/www.eldiario.net\/portal\/2022\/06\/09\/vecinos-de-senkata-intentan-linchar-a-supuesto-antisocial\/#article","isPartOf":{"@id":"https:\/\/www.eldiario.net\/portal\/2022\/06\/09\/vecinos-de-senkata-intentan-linchar-a-supuesto-antisocial\/"},"author":{"name":"Jeanette","@id":"https:\/\/www.eldiario.net\/portal\/#\/schema\/person\/f46445640444750d7d753ccd04ae01b7"},"headline":"Vecinos de Senkata intentan linchar a supuesto antisocial","datePublished":"2022-06-09T09:04:01+00:00","mainEntityOfPage":{"@id":"https:\/\/www.eldiario.net\/portal\/2022\/06\/09\/vecinos-de-senkata-intentan-linchar-a-supuesto-antisocial\/"},"wordCount":383,"publisher":{"@id":"https:\/\/www.eldiario.net\/portal\/#organization"},"image":{"@id":"https:\/\/www.eldiario.net\/portal\/2022\/06\/09\/vecinos-de-senkata-intentan-linchar-a-supuesto-antisocial\/#primaryimage"},"thumbnailUrl":"https:\/\/www.eldiario.net\/portal\/wp-content\/uploads\/2022\/06\/Celu-FOTO.jpg","articleSection":["Nacional"],"inLanguage":"es"},{"@type":"WebPage","@id":"https:\/\/www.eldiario.net\/portal\/2022\/06\/09\/vecinos-de-senkata-intentan-linchar-a-supuesto-antisocial\/","url":"https:\/\/www.eldiario.net\/portal\/2022\/06\/09\/vecinos-de-senkata-intentan-linchar-a-supuesto-antisocial\/","name":"Vecinos de Senkata intentan linchar a supuesto antisocial - El Diario - Bolivia","isPartOf":{"@id":"https:\/\/www.eldiario.net\/portal\/#website"},"primaryImageOfPage":{"@id":"https:\/\/www.eldiario.net\/portal\/2022\/06\/09\/vecinos-de-senkata-intentan-linchar-a-supuesto-antisocial\/#primaryimage"},"image":{"@id":"https:\/\/www.eldiario.net\/portal\/2022\/06\/09\/vecinos-de-senkata-intentan-linchar-a-supuesto-antisocial\/#primaryimage"},"thumbnailUrl":"https:\/\/www.eldiario.net\/portal\/wp-content\/uploads\/2022\/06\/Celu-FOTO.jpg","datePublished":"2022-06-09T09:04:01+00:00","breadcrumb":{"@id":"https:\/\/www.eldiario.net\/portal\/2022\/06\/09\/vecinos-de-senkata-intentan-linchar-a-supuesto-antisocial\/#breadcrumb"},"inLanguage":"es","potentialAction":[{"@type":"ReadAction","target":["https:\/\/www.eldiario.net\/portal\/2022\/06\/09\/vecinos-de-senkata-intentan-linchar-a-supuesto-antisocial\/"]}]},{"@type":"ImageObject","inLanguage":"es","@id":"https:\/\/www.eldiario.net\/portal\/2022\/06\/09\/vecinos-de-senkata-intentan-linchar-a-supuesto-antisocial\/#primaryimage","url":"https:\/\/www.eldiario.net\/portal\/wp-content\/uploads\/2022\/06\/Celu-FOTO.jpg","contentUrl":"https:\/\/www.eldiario.net\/portal\/wp-content\/uploads\/2022\/06\/Celu-FOTO.jpg","width":1200,"height":680,"caption":"Ante la poca vigilancia policial en El Alto, los robos a mano armada aumentaron. Foto: Referencial"},{"@type":"BreadcrumbList","@id":"https:\/\/www.eldiario.net\/portal\/2022\/06\/09\/vecinos-de-senkata-intentan-linchar-a-supuesto-antisocial\/#breadcrumb","itemListElement":[{"@type":"ListItem","position":1,"name":"Portada","item":"https:\/\/www.eldiario.net\/portal\/"},{"@type":"ListItem","position":2,"name":"Vecinos de Senkata intentan linchar a supuesto antisocial"}]},{"@type":"WebSite","@id":"https:\/\/www.eldiario.net\/portal\/#website","url":"https:\/\/www.eldiario.net\/portal\/","name":"El Diario - Decano de la prensa nacional","description":"El Diario - Decano de la prensa nacional","publisher":{"@id":"https:\/\/www.eldiario.net\/portal\/#organization"},"potentialAction":[{"@type":"SearchAction","target":{"@type":"EntryPoint","urlTemplate":"https:\/\/www.eldiario.net\/portal\/?s={search_term_string}"},"query-input":{"@type":"PropertyValueSpecification","valueRequired":true,"valueName":"search_term_string"}}],"inLanguage":"es"},{"@type":"Organization","@id":"https:\/\/www.eldiario.net\/portal\/#organization","name":"El Diario - Decano de la prensa nacional","url":"https:\/\/www.eldiario.net\/portal\/","logo":{"@type":"ImageObject","inLanguage":"es","@id":"https:\/\/www.eldiario.net\/portal\/#\/schema\/logo\/image\/","url":"https:\/\/www.eldiario.net\/portal\/wp-content\/uploads\/2023\/07\/logo_ED.jpg","contentUrl":"https:\/\/www.eldiario.net\/portal\/wp-content\/uploads\/2023\/07\/logo_ED.jpg","width":272,"height":52,"caption":"El Diario - Decano de la prensa nacional"},"image":{"@id":"https:\/\/www.eldiario.net\/portal\/#\/schema\/logo\/image\/"},"sameAs":["https:\/\/www.facebook.com\/eldiario.bolivia\/","https:\/\/x.com\/eldiario_net"]},{"@type":"Person","@id":"https:\/\/www.eldiario.net\/portal\/#\/schema\/person\/f46445640444750d7d753ccd04ae01b7","name":"Jeanette","image":{"@type":"ImageObject","inLanguage":"es","@id":"https:\/\/secure.gravatar.com\/avatar\/3ea2118a5f7dad2b7138b1187a6b7ee55f160b9968b66013c3a3ef39dd7e5798?s=96&d=mm&r=g","url":"https:\/\/secure.gravatar.com\/avatar\/3ea2118a5f7dad2b7138b1187a6b7ee55f160b9968b66013c3a3ef39dd7e5798?s=96&d=mm&r=g","contentUrl":"https:\/\/secure.gravatar.com\/avatar\/3ea2118a5f7dad2b7138b1187a6b7ee55f160b9968b66013c3a3ef39dd7e5798?s=96&d=mm&r=g","caption":"Jeanette"},"sameAs":["https:\/\/www.eldiario.net\/portal"],"url":"https:\/\/www.eldiario.net\/portal\/author\/jeanette\/"}]}},"_links":{"self":[{"href":"https:\/\/www.eldiario.net\/portal\/wp-json\/wp\/v2\/posts\/89274","targetHints":{"allow":["GET"]}}],"collection":[{"href":"https:\/\/www.eldiario.net\/portal\/wp-json\/wp\/v2\/posts"}],"about":[{"href":"https:\/\/www.eldiario.net\/portal\/wp-json\/wp\/v2\/types\/post"}],"author":[{"embeddable":true,"href":"https:\/\/www.eldiario.net\/portal\/wp-json\/wp\/v2\/users\/1"}],"replies":[{"embeddable":true,"href":"https:\/\/www.eldiario.net\/portal\/wp-json\/wp\/v2\/comments?post=89274"}],"version-history":[{"count":0,"href":"https:\/\/www.eldiario.net\/portal\/wp-json\/wp\/v2\/posts\/89274\/revisions"}],"wp:featuredmedia":[{"embeddable":true,"href":"https:\/\/www.eldiario.net\/portal\/wp-json\/wp\/v2\/media\/89275"}],"wp:attachment":[{"href":"https:\/\/www.eldiario.net\/portal\/wp-json\/wp\/v2\/media?parent=89274"}],"wp:term":[{"taxonomy":"category","embeddable":true,"href":"https:\/\/www.eldiario.net\/portal\/wp-json\/wp\/v2\/categories?post=89274"},{"taxonomy":"post_tag","embeddable":true,"href":"https:\/\/www.eldiario.net\/portal\/wp-json\/wp\/v2\/tags?post=89274"}],"curies":[{"name":"wp","href":"https:\/\/api.w.org\/{rel}","templated":true}]}}