{"id":8921,"date":"2021-06-07T06:50:26","date_gmt":"2021-06-07T10:50:26","guid":{"rendered":"https:\/\/www.eldiario.net\/portal\/?p=8921"},"modified":"2021-06-07T06:50:26","modified_gmt":"2021-06-07T10:50:26","slug":"aconsejan-renuncia-honrosa-del-comandante-de-las-ffaa","status":"publish","type":"post","link":"https:\/\/www.eldiario.net\/portal\/2021\/06\/07\/aconsejan-renuncia-honrosa-del-comandante-de-las-ffaa\/","title":{"rendered":"Aconsejan renuncia \u201chonrosa\u201d  del Comandante de las FFAA"},"content":{"rendered":"<p>El coronel en servicio pasivo del Ej\u00e9rcito Jorge Santistevan record\u00f3 que de acuerdo al art\u00edculo 32.2 de la Convenci\u00f3n Americana de Derechos Humanos, \u201clos derechos de cada persona, est\u00e1n limitados por los derechos de los dem\u00e1s\u201d.<br \/>\nDespu\u00e9s que se difundiera un video, en el que militares celebraban con bebidas alcoh\u00f3licas, con mucha euforia y sin barbijos el cumplea\u00f1os del Comandante en Jefe de las Fuerzas Armadas (FFAA), el coronel en servicio pasivo del Ej\u00e9rcito Jorge Santistevan aconseja a la autoridad castrense poner su cargo a disposici\u00f3n, porque incumpli\u00f3 sus disposiciones internas en la lucha contra el coronavirus y restricciones emitidas por el Comit\u00e9 de Operaciones de Emergencia Departamental (COED) de La Paz.<br \/>\nDe acuerdo con versiones que circulan en redes sociales, la fiesta de cumplea\u00f1os del comandante en jefe, general C\u00e9sar Vallejos, inici\u00f3 la noche del pasado mi\u00e9rcoles 2 de junio y se prolong\u00f3 hasta la madrugada del 3, en el C\u00edrculo Aeron\u00e1utico ubicado en la zona Sur de la ciudad de La Paz.<br \/>\nSantistevan record\u00f3 que desde la primera ola de la covid \u2013 19 en el pa\u00eds (marzo 2020), se emitieron disposiciones internas para la suspensi\u00f3n temporal todas las actividades sociales, con ello el alquiler de los predios donde se realizan actos sociales as\u00ed como actividades deportivas. Cuando bajaron los contagios, la disposici\u00f3n fue levantada, empero debido a las restricciones emitidas por el COED, la medida seguramente cobr\u00f3 vigencia.<br \/>\nPor otro lado, a partir del 31 de mayo de 2021, y por un espacio de siete d\u00edas, rigen cinco restricciones que fueron asumidas por el COED de La Paz. La primera consiste en que est\u00e1 prohibido toda actividad festiva y acontecimiento social en lugares contratados o alquilados con o sin expendio y consumo de bebidas alcoh\u00f3licas.<br \/>\nLa segunda, no est\u00e1 permitido el expendio y consumo de bebidas alcoh\u00f3licas en bares, discotecas, billares, karaokes y otros espacios.<br \/>\nEn ese marco, Santistevan aconsej\u00f3 una salida honrosa de Vallejos porque al ser la m\u00e1xima autoridad de las FFAA no hay autoridad superior que ordene la instauraci\u00f3n de un sumario, proceso que deber\u00eda iniciarse a los otros militares que infringieron las restricciones.<br \/>\n\u201cNo hay moral en el mando actual para exigir el cumplimento de directivas internas a sus subalternos, ni las autoridades de gobierno tienen la autoridad moral para exigir nada a la sociedad civil en general, al incurrir y permitir estos hechos desafortunados. Por tanto, no hay forma de enmendar la situaci\u00f3n sino con una renuncia honrosa, pero solo \u00e9l podr\u00e1 tomar la decisi\u00f3n; parecer\u00eda un exceso, pero tambi\u00e9n en exceso est\u00e1n muriendo, en exceso est\u00e1n quedando hu\u00e9rfanos y viudas y en exceso quedan endeudados los que logran sobrevivir\u201d, lament\u00f3 Santistevan.<br \/>\nEl militar en servicio pasivo record\u00f3 que de acuerdo al art\u00edculo 32.2 de la Convenci\u00f3n Americana de Derechos Humanos, los derechos de cada persona est\u00e1n limitados por los derechos de los dem\u00e1s.<br \/>\n\u201cEsa norma se aplica al caso del cumplea\u00f1os del Comandante en Jefe y cientos de acontecimientos en los que incurren grupos sociales, familiares y hasta pol\u00edticos, en menoscabo de la salud y de las normas sanitarias, dictadas por los distintos niveles de gobierno. En las actuales circunstancias, frente a una tercera ola del coronavirus que viene azotando al pa\u00eds, todos los ciudadanos sin excepci\u00f3n deben cumplir las normas o restricciones y con mayor raz\u00f3n cuando se trata de autoridades del Estado\u201d, apunt\u00f3.<br \/>\nEn esa l\u00ednea, asever\u00f3 que en determinados sectores de la sociedad, el consumo de alcohol es una actividad recurrente, que en exceso altera las facultades mentales, desembocando en dos direcciones, por una parte en exageradas manifestaciones de cari\u00f1o, aprecio, amistad y por otra, en consecuencias lamentables como asesinatos, feminicidios, ri\u00f1as, entre otros.<br \/>\n\u201cLo preocupante es que, en una situaci\u00f3n de emergencia sanitaria a nivel global, se vulneren normas y restricciones locales, departamentales y nacionales, hay mucha gente que no las respeta y menos lo har\u00e1 cuando contin\u00faen autoridades involucradas en ello y act\u00faen con impunidad, porque nadie les aplica sanci\u00f3n alguna, mucho menos si son apadrinados por Evo Morales o el presidente del Estado\u201d, refiri\u00f3.<br \/>\nEl militar en servicio pasivo record\u00f3 que el contagio ya sea por descuido o negligencia tiene un triple efecto.<br \/>\n\u201cEl contagio de la covid 19 tiene un triple efecto, primero, el sufrimiento de los contagiados y de sus familiares porque poco pueden hacer. Segundo, la erogaci\u00f3n de enormes sumas de dinero para quienes tienen posibilidades y la muerte para quienes no tienen recursos. Tercero, el Estado eroga gastos en salud m\u00e1s all\u00e1 de lo previsible para asistir y salvar vidas\u201d, advirti\u00f3.<br \/>\nEn ese marco, asever\u00f3 que se deben adoptar medidas m\u00e1s firmes y en\u00e9rgicas, en la que el ciudadano tenga mayor precauci\u00f3n en sus actos personales que repercuten en los dem\u00e1s.<br \/>\n\u201cLas autoridades del Estado tienen una potencial ventaja de influenciar sobre los dem\u00e1s, y es por ello que al margen de tendencias pol\u00edticas deben ejercer una conducta ejemplar que influya positivamente, con acciones de solidaridad, o por lo menos con una adecuada conducta en el ejercicio de sus funciones\u201d, manifest\u00f3.<\/p>\n<p>FALLECIDOS<br \/>\nSantistevan record\u00f3 que en las FFAA hay decenas de fallecimientos en las tres fuerzas, con hu\u00e9rfanos y viudas, sin condiciones econ\u00f3micas para afrontar la vida, por lo que consider\u00f3 que el festejo es deplorable con una falta de solidaridad y responsabilidad.<br \/>\n\u201cSi bien hay una borrachera de poder en todos los \u00e1mbitos del gobierno nacional, t\u00edpico de esta tendencia socialista en el pa\u00eds, m\u00ednimamente eviten las borracheras con bebidas alcoh\u00f3licas para no exponer sus propias vidas, y no expongan la vida de los ciudadanos del pa\u00eds. Esta situaci\u00f3n sanitaria que contraataca por tercera vez, sumada al incumplimiento de las medidas de restricci\u00f3n, desafortunadamente destruyen la econom\u00eda familiar y debilita m\u00e1s la econom\u00eda del Estado\u201d, lament\u00f3.<br \/>\nEL DIARIO consult\u00f3 a Comando en Jefe de las FFAA, sobre cu\u00e1l es su postura ante este festejo sin medidas de bioseguridad, pero no hubo respuesta.<br \/>\nPor otro lado, el alcalde de La Paz, Iv\u00e1n Arias, indic\u00f3 el s\u00e1bado que todas las noches realiza operativos de control a distintos establecimientos econ\u00f3micos, donde observa un cierto nivel de descuido en la gente que participa en algunos eventos p\u00fablicos o privados.<br \/>\n\u201cYo vuelvo a decir: no nos va a matar el virus, nos va a matar la inconciencia. Hay mucha gente inconsciente que sigue haciendo fiestas, sigue abriendo locales para el consumo de bebidas sin respetar las determinaciones del COED, inclusive este jueves algunas autoridades militares habr\u00edan tenido un evento abierto y con mucha gente y esas cosas son las que perjudica e incrementan los contagios\u201d, declar\u00f3 a la prensa.<\/p>\n","protected":false},"excerpt":{"rendered":"<p>El coronel en servicio pasivo del Ej\u00e9rcito Jorge Santistevan record\u00f3 que de acuerdo al art\u00edculo 32.2 de la Convenci\u00f3n Americana de Derechos Humanos, \u201clos derechos de cada persona, est\u00e1n limitados por los derechos de los dem\u00e1s\u201d. Despu\u00e9s que se difundiera un video, en el que militares celebraban con bebidas alcoh\u00f3licas, con mucha euforia y sin [&hellip;]<\/p>\n","protected":false},"author":1,"featured_media":8922,"comment_status":"closed","ping_status":"closed","sticky":false,"template":"","format":"standard","meta":{"_acf_changed":false,"footnotes":""},"categories":[39],"tags":[],"class_list":["post-8921","post","type-post","status-publish","format-standard","has-post-thumbnail","category-sociedad"],"acf":{"antetitulo":""},"yoast_head":"<!-- This site is optimized with the Yoast SEO plugin v28.3 - https:\/\/yoast.com\/product\/yoast-seo-wordpress\/ -->\n<title>Aconsejan renuncia \u201chonrosa\u201d del Comandante de las FFAA - El Diario - Bolivia<\/title>\n<meta name=\"robots\" content=\"index, follow, max-snippet:-1, max-image-preview:large, max-video-preview:-1\" \/>\n<link rel=\"canonical\" href=\"https:\/\/www.eldiario.net\/portal\/2021\/06\/07\/aconsejan-renuncia-honrosa-del-comandante-de-las-ffaa\/\" \/>\n<meta property=\"og:locale\" content=\"es_ES\" \/>\n<meta property=\"og:type\" content=\"article\" \/>\n<meta property=\"og:title\" content=\"Aconsejan renuncia \u201chonrosa\u201d del Comandante de las FFAA - El Diario - Bolivia\" \/>\n<meta property=\"og:description\" content=\"El coronel en servicio pasivo del Ej\u00e9rcito Jorge Santistevan record\u00f3 que de acuerdo al art\u00edculo 32.2 de la Convenci\u00f3n Americana de Derechos Humanos, \u201clos derechos de cada persona, est\u00e1n limitados por los derechos de los dem\u00e1s\u201d. Despu\u00e9s que se difundiera un video, en el que militares celebraban con bebidas alcoh\u00f3licas, con mucha euforia y sin [&hellip;]\" \/>\n<meta property=\"og:url\" content=\"https:\/\/www.eldiario.net\/portal\/2021\/06\/07\/aconsejan-renuncia-honrosa-del-comandante-de-las-ffaa\/\" \/>\n<meta property=\"og:site_name\" content=\"El Diario - Bolivia\" \/>\n<meta property=\"article:publisher\" content=\"https:\/\/www.facebook.com\/eldiario.bolivia\/\" \/>\n<meta property=\"article:published_time\" content=\"2021-06-07T10:50:26+00:00\" \/>\n<meta name=\"author\" content=\"Jeanette\" \/>\n<meta name=\"twitter:card\" content=\"summary_large_image\" \/>\n<meta name=\"twitter:creator\" content=\"@eldiario_net\" \/>\n<meta name=\"twitter:site\" content=\"@eldiario_net\" \/>\n<meta name=\"twitter:label1\" content=\"Escrito por\" \/>\n\t<meta name=\"twitter:data1\" content=\"Jeanette\" \/>\n\t<meta name=\"twitter:label2\" content=\"Tiempo de lectura\" \/>\n\t<meta name=\"twitter:data2\" content=\"5 minutos\" \/>\n<script type=\"application\/ld+json\" class=\"yoast-schema-graph\">{\"@context\":\"https:\\\/\\\/schema.org\",\"@graph\":[{\"@type\":\"Article\",\"@id\":\"https:\\\/\\\/www.eldiario.net\\\/portal\\\/2021\\\/06\\\/07\\\/aconsejan-renuncia-honrosa-del-comandante-de-las-ffaa\\\/#article\",\"isPartOf\":{\"@id\":\"https:\\\/\\\/www.eldiario.net\\\/portal\\\/2021\\\/06\\\/07\\\/aconsejan-renuncia-honrosa-del-comandante-de-las-ffaa\\\/\"},\"author\":{\"name\":\"Jeanette\",\"@id\":\"https:\\\/\\\/www.eldiario.net\\\/portal\\\/#\\\/schema\\\/person\\\/f46445640444750d7d753ccd04ae01b7\"},\"headline\":\"Aconsejan renuncia \u201chonrosa\u201d del Comandante de las FFAA\",\"datePublished\":\"2021-06-07T10:50:26+00:00\",\"mainEntityOfPage\":{\"@id\":\"https:\\\/\\\/www.eldiario.net\\\/portal\\\/2021\\\/06\\\/07\\\/aconsejan-renuncia-honrosa-del-comandante-de-las-ffaa\\\/\"},\"wordCount\":1155,\"publisher\":{\"@id\":\"https:\\\/\\\/www.eldiario.net\\\/portal\\\/#organization\"},\"image\":{\"@id\":\"https:\\\/\\\/www.eldiario.net\\\/portal\\\/2021\\\/06\\\/07\\\/aconsejan-renuncia-honrosa-del-comandante-de-las-ffaa\\\/#primaryimage\"},\"thumbnailUrl\":\"\",\"articleSection\":[\"Sociedad - Seguridad\"],\"inLanguage\":\"es\"},{\"@type\":\"WebPage\",\"@id\":\"https:\\\/\\\/www.eldiario.net\\\/portal\\\/2021\\\/06\\\/07\\\/aconsejan-renuncia-honrosa-del-comandante-de-las-ffaa\\\/\",\"url\":\"https:\\\/\\\/www.eldiario.net\\\/portal\\\/2021\\\/06\\\/07\\\/aconsejan-renuncia-honrosa-del-comandante-de-las-ffaa\\\/\",\"name\":\"Aconsejan renuncia \u201chonrosa\u201d del Comandante de las FFAA - El Diario - Bolivia\",\"isPartOf\":{\"@id\":\"https:\\\/\\\/www.eldiario.net\\\/portal\\\/#website\"},\"primaryImageOfPage\":{\"@id\":\"https:\\\/\\\/www.eldiario.net\\\/portal\\\/2021\\\/06\\\/07\\\/aconsejan-renuncia-honrosa-del-comandante-de-las-ffaa\\\/#primaryimage\"},\"image\":{\"@id\":\"https:\\\/\\\/www.eldiario.net\\\/portal\\\/2021\\\/06\\\/07\\\/aconsejan-renuncia-honrosa-del-comandante-de-las-ffaa\\\/#primaryimage\"},\"thumbnailUrl\":\"\",\"datePublished\":\"2021-06-07T10:50:26+00:00\",\"breadcrumb\":{\"@id\":\"https:\\\/\\\/www.eldiario.net\\\/portal\\\/2021\\\/06\\\/07\\\/aconsejan-renuncia-honrosa-del-comandante-de-las-ffaa\\\/#breadcrumb\"},\"inLanguage\":\"es\",\"potentialAction\":[{\"@type\":\"ReadAction\",\"target\":[\"https:\\\/\\\/www.eldiario.net\\\/portal\\\/2021\\\/06\\\/07\\\/aconsejan-renuncia-honrosa-del-comandante-de-las-ffaa\\\/\"]}]},{\"@type\":\"ImageObject\",\"inLanguage\":\"es\",\"@id\":\"https:\\\/\\\/www.eldiario.net\\\/portal\\\/2021\\\/06\\\/07\\\/aconsejan-renuncia-honrosa-del-comandante-de-las-ffaa\\\/#primaryimage\",\"url\":\"\",\"contentUrl\":\"\"},{\"@type\":\"BreadcrumbList\",\"@id\":\"https:\\\/\\\/www.eldiario.net\\\/portal\\\/2021\\\/06\\\/07\\\/aconsejan-renuncia-honrosa-del-comandante-de-las-ffaa\\\/#breadcrumb\",\"itemListElement\":[{\"@type\":\"ListItem\",\"position\":1,\"name\":\"Portada\",\"item\":\"https:\\\/\\\/www.eldiario.net\\\/portal\\\/\"},{\"@type\":\"ListItem\",\"position\":2,\"name\":\"Aconsejan renuncia \u201chonrosa\u201d del Comandante de las FFAA\"}]},{\"@type\":\"WebSite\",\"@id\":\"https:\\\/\\\/www.eldiario.net\\\/portal\\\/#website\",\"url\":\"https:\\\/\\\/www.eldiario.net\\\/portal\\\/\",\"name\":\"El Diario - Decano de la prensa nacional\",\"description\":\"El Diario - Decano de la prensa nacional\",\"publisher\":{\"@id\":\"https:\\\/\\\/www.eldiario.net\\\/portal\\\/#organization\"},\"potentialAction\":[{\"@type\":\"SearchAction\",\"target\":{\"@type\":\"EntryPoint\",\"urlTemplate\":\"https:\\\/\\\/www.eldiario.net\\\/portal\\\/?s={search_term_string}\"},\"query-input\":{\"@type\":\"PropertyValueSpecification\",\"valueRequired\":true,\"valueName\":\"search_term_string\"}}],\"inLanguage\":\"es\"},{\"@type\":\"Organization\",\"@id\":\"https:\\\/\\\/www.eldiario.net\\\/portal\\\/#organization\",\"name\":\"El Diario - Decano de la prensa nacional\",\"url\":\"https:\\\/\\\/www.eldiario.net\\\/portal\\\/\",\"logo\":{\"@type\":\"ImageObject\",\"inLanguage\":\"es\",\"@id\":\"https:\\\/\\\/www.eldiario.net\\\/portal\\\/#\\\/schema\\\/logo\\\/image\\\/\",\"url\":\"https:\\\/\\\/www.eldiario.net\\\/portal\\\/wp-content\\\/uploads\\\/2023\\\/07\\\/logo_ED.jpg\",\"contentUrl\":\"https:\\\/\\\/www.eldiario.net\\\/portal\\\/wp-content\\\/uploads\\\/2023\\\/07\\\/logo_ED.jpg\",\"width\":272,\"height\":52,\"caption\":\"El Diario - Decano de la prensa nacional\"},\"image\":{\"@id\":\"https:\\\/\\\/www.eldiario.net\\\/portal\\\/#\\\/schema\\\/logo\\\/image\\\/\"},\"sameAs\":[\"https:\\\/\\\/www.facebook.com\\\/eldiario.bolivia\\\/\",\"https:\\\/\\\/x.com\\\/eldiario_net\"]},{\"@type\":\"Person\",\"@id\":\"https:\\\/\\\/www.eldiario.net\\\/portal\\\/#\\\/schema\\\/person\\\/f46445640444750d7d753ccd04ae01b7\",\"name\":\"Jeanette\",\"image\":{\"@type\":\"ImageObject\",\"inLanguage\":\"es\",\"@id\":\"https:\\\/\\\/secure.gravatar.com\\\/avatar\\\/3ea2118a5f7dad2b7138b1187a6b7ee55f160b9968b66013c3a3ef39dd7e5798?s=96&d=mm&r=g\",\"url\":\"https:\\\/\\\/secure.gravatar.com\\\/avatar\\\/3ea2118a5f7dad2b7138b1187a6b7ee55f160b9968b66013c3a3ef39dd7e5798?s=96&d=mm&r=g\",\"contentUrl\":\"https:\\\/\\\/secure.gravatar.com\\\/avatar\\\/3ea2118a5f7dad2b7138b1187a6b7ee55f160b9968b66013c3a3ef39dd7e5798?s=96&d=mm&r=g\",\"caption\":\"Jeanette\"},\"sameAs\":[\"https:\\\/\\\/www.eldiario.net\\\/portal\"],\"url\":\"https:\\\/\\\/www.eldiario.net\\\/portal\\\/author\\\/jeanette\\\/\"}]}<\/script>\n<!-- \/ Yoast SEO plugin. -->","yoast_head_json":{"title":"Aconsejan renuncia \u201chonrosa\u201d del Comandante de las FFAA - El Diario - Bolivia","robots":{"index":"index","follow":"follow","max-snippet":"max-snippet:-1","max-image-preview":"max-image-preview:large","max-video-preview":"max-video-preview:-1"},"canonical":"https:\/\/www.eldiario.net\/portal\/2021\/06\/07\/aconsejan-renuncia-honrosa-del-comandante-de-las-ffaa\/","og_locale":"es_ES","og_type":"article","og_title":"Aconsejan renuncia \u201chonrosa\u201d del Comandante de las FFAA - El Diario - Bolivia","og_description":"El coronel en servicio pasivo del Ej\u00e9rcito Jorge Santistevan record\u00f3 que de acuerdo al art\u00edculo 32.2 de la Convenci\u00f3n Americana de Derechos Humanos, \u201clos derechos de cada persona, est\u00e1n limitados por los derechos de los dem\u00e1s\u201d. Despu\u00e9s que se difundiera un video, en el que militares celebraban con bebidas alcoh\u00f3licas, con mucha euforia y sin [&hellip;]","og_url":"https:\/\/www.eldiario.net\/portal\/2021\/06\/07\/aconsejan-renuncia-honrosa-del-comandante-de-las-ffaa\/","og_site_name":"El Diario - Bolivia","article_publisher":"https:\/\/www.facebook.com\/eldiario.bolivia\/","article_published_time":"2021-06-07T10:50:26+00:00","author":"Jeanette","twitter_card":"summary_large_image","twitter_creator":"@eldiario_net","twitter_site":"@eldiario_net","twitter_misc":{"Escrito por":"Jeanette","Tiempo de lectura":"5 minutos"},"schema":{"@context":"https:\/\/schema.org","@graph":[{"@type":"Article","@id":"https:\/\/www.eldiario.net\/portal\/2021\/06\/07\/aconsejan-renuncia-honrosa-del-comandante-de-las-ffaa\/#article","isPartOf":{"@id":"https:\/\/www.eldiario.net\/portal\/2021\/06\/07\/aconsejan-renuncia-honrosa-del-comandante-de-las-ffaa\/"},"author":{"name":"Jeanette","@id":"https:\/\/www.eldiario.net\/portal\/#\/schema\/person\/f46445640444750d7d753ccd04ae01b7"},"headline":"Aconsejan renuncia \u201chonrosa\u201d del Comandante de las FFAA","datePublished":"2021-06-07T10:50:26+00:00","mainEntityOfPage":{"@id":"https:\/\/www.eldiario.net\/portal\/2021\/06\/07\/aconsejan-renuncia-honrosa-del-comandante-de-las-ffaa\/"},"wordCount":1155,"publisher":{"@id":"https:\/\/www.eldiario.net\/portal\/#organization"},"image":{"@id":"https:\/\/www.eldiario.net\/portal\/2021\/06\/07\/aconsejan-renuncia-honrosa-del-comandante-de-las-ffaa\/#primaryimage"},"thumbnailUrl":"","articleSection":["Sociedad - Seguridad"],"inLanguage":"es"},{"@type":"WebPage","@id":"https:\/\/www.eldiario.net\/portal\/2021\/06\/07\/aconsejan-renuncia-honrosa-del-comandante-de-las-ffaa\/","url":"https:\/\/www.eldiario.net\/portal\/2021\/06\/07\/aconsejan-renuncia-honrosa-del-comandante-de-las-ffaa\/","name":"Aconsejan renuncia \u201chonrosa\u201d del Comandante de las FFAA - El Diario - Bolivia","isPartOf":{"@id":"https:\/\/www.eldiario.net\/portal\/#website"},"primaryImageOfPage":{"@id":"https:\/\/www.eldiario.net\/portal\/2021\/06\/07\/aconsejan-renuncia-honrosa-del-comandante-de-las-ffaa\/#primaryimage"},"image":{"@id":"https:\/\/www.eldiario.net\/portal\/2021\/06\/07\/aconsejan-renuncia-honrosa-del-comandante-de-las-ffaa\/#primaryimage"},"thumbnailUrl":"","datePublished":"2021-06-07T10:50:26+00:00","breadcrumb":{"@id":"https:\/\/www.eldiario.net\/portal\/2021\/06\/07\/aconsejan-renuncia-honrosa-del-comandante-de-las-ffaa\/#breadcrumb"},"inLanguage":"es","potentialAction":[{"@type":"ReadAction","target":["https:\/\/www.eldiario.net\/portal\/2021\/06\/07\/aconsejan-renuncia-honrosa-del-comandante-de-las-ffaa\/"]}]},{"@type":"ImageObject","inLanguage":"es","@id":"https:\/\/www.eldiario.net\/portal\/2021\/06\/07\/aconsejan-renuncia-honrosa-del-comandante-de-las-ffaa\/#primaryimage","url":"","contentUrl":""},{"@type":"BreadcrumbList","@id":"https:\/\/www.eldiario.net\/portal\/2021\/06\/07\/aconsejan-renuncia-honrosa-del-comandante-de-las-ffaa\/#breadcrumb","itemListElement":[{"@type":"ListItem","position":1,"name":"Portada","item":"https:\/\/www.eldiario.net\/portal\/"},{"@type":"ListItem","position":2,"name":"Aconsejan renuncia \u201chonrosa\u201d del Comandante de las FFAA"}]},{"@type":"WebSite","@id":"https:\/\/www.eldiario.net\/portal\/#website","url":"https:\/\/www.eldiario.net\/portal\/","name":"El Diario - Decano de la prensa nacional","description":"El Diario - Decano de la prensa nacional","publisher":{"@id":"https:\/\/www.eldiario.net\/portal\/#organization"},"potentialAction":[{"@type":"SearchAction","target":{"@type":"EntryPoint","urlTemplate":"https:\/\/www.eldiario.net\/portal\/?s={search_term_string}"},"query-input":{"@type":"PropertyValueSpecification","valueRequired":true,"valueName":"search_term_string"}}],"inLanguage":"es"},{"@type":"Organization","@id":"https:\/\/www.eldiario.net\/portal\/#organization","name":"El Diario - Decano de la prensa nacional","url":"https:\/\/www.eldiario.net\/portal\/","logo":{"@type":"ImageObject","inLanguage":"es","@id":"https:\/\/www.eldiario.net\/portal\/#\/schema\/logo\/image\/","url":"https:\/\/www.eldiario.net\/portal\/wp-content\/uploads\/2023\/07\/logo_ED.jpg","contentUrl":"https:\/\/www.eldiario.net\/portal\/wp-content\/uploads\/2023\/07\/logo_ED.jpg","width":272,"height":52,"caption":"El Diario - Decano de la prensa nacional"},"image":{"@id":"https:\/\/www.eldiario.net\/portal\/#\/schema\/logo\/image\/"},"sameAs":["https:\/\/www.facebook.com\/eldiario.bolivia\/","https:\/\/x.com\/eldiario_net"]},{"@type":"Person","@id":"https:\/\/www.eldiario.net\/portal\/#\/schema\/person\/f46445640444750d7d753ccd04ae01b7","name":"Jeanette","image":{"@type":"ImageObject","inLanguage":"es","@id":"https:\/\/secure.gravatar.com\/avatar\/3ea2118a5f7dad2b7138b1187a6b7ee55f160b9968b66013c3a3ef39dd7e5798?s=96&d=mm&r=g","url":"https:\/\/secure.gravatar.com\/avatar\/3ea2118a5f7dad2b7138b1187a6b7ee55f160b9968b66013c3a3ef39dd7e5798?s=96&d=mm&r=g","contentUrl":"https:\/\/secure.gravatar.com\/avatar\/3ea2118a5f7dad2b7138b1187a6b7ee55f160b9968b66013c3a3ef39dd7e5798?s=96&d=mm&r=g","caption":"Jeanette"},"sameAs":["https:\/\/www.eldiario.net\/portal"],"url":"https:\/\/www.eldiario.net\/portal\/author\/jeanette\/"}]}},"_links":{"self":[{"href":"https:\/\/www.eldiario.net\/portal\/wp-json\/wp\/v2\/posts\/8921","targetHints":{"allow":["GET"]}}],"collection":[{"href":"https:\/\/www.eldiario.net\/portal\/wp-json\/wp\/v2\/posts"}],"about":[{"href":"https:\/\/www.eldiario.net\/portal\/wp-json\/wp\/v2\/types\/post"}],"author":[{"embeddable":true,"href":"https:\/\/www.eldiario.net\/portal\/wp-json\/wp\/v2\/users\/1"}],"replies":[{"embeddable":true,"href":"https:\/\/www.eldiario.net\/portal\/wp-json\/wp\/v2\/comments?post=8921"}],"version-history":[{"count":0,"href":"https:\/\/www.eldiario.net\/portal\/wp-json\/wp\/v2\/posts\/8921\/revisions"}],"wp:attachment":[{"href":"https:\/\/www.eldiario.net\/portal\/wp-json\/wp\/v2\/media?parent=8921"}],"wp:term":[{"taxonomy":"category","embeddable":true,"href":"https:\/\/www.eldiario.net\/portal\/wp-json\/wp\/v2\/categories?post=8921"},{"taxonomy":"post_tag","embeddable":true,"href":"https:\/\/www.eldiario.net\/portal\/wp-json\/wp\/v2\/tags?post=8921"}],"curies":[{"name":"wp","href":"https:\/\/api.w.org\/{rel}","templated":true}]}}