{"id":8918,"date":"2021-06-07T06:48:47","date_gmt":"2021-06-07T10:48:47","guid":{"rendered":"https:\/\/www.eldiario.net\/portal\/?p=8918"},"modified":"2021-06-07T06:48:47","modified_gmt":"2021-06-07T10:48:47","slug":"alcalde-planteara-nuevas-restricciones-para-reducir-propagacion-de-covid-19","status":"publish","type":"post","link":"https:\/\/www.eldiario.net\/portal\/2021\/06\/07\/alcalde-planteara-nuevas-restricciones-para-reducir-propagacion-de-covid-19\/","title":{"rendered":"Alcalde plantear\u00e1 nuevas restricciones para reducir propagaci\u00f3n de covid-19"},"content":{"rendered":"<p>El alcalde de La Paz, Iv\u00e1n Arias, anunci\u00f3 ayer que en la reuni\u00f3n del Comit\u00e9 de Operaciones de Emergencia Departamental (COED), prevista para hoy, solicitar\u00e1 nuevas restricciones en el departamento para contener el avance del covid-19, que en los pr\u00f3ximos d\u00edas los contagios diarios podr\u00edan sumar el millar en la regi\u00f3n.<br \/>\n\u201cNosotros ma\u00f1ana (lunes) entregaremos un informe al gobierno departamental y municipal de El Alto y propondremos algunas restricciones que de nada sirve que las apliquemos solo en La Paz si es que en el entorno no se da\u201d, enfatiz\u00f3 Arias y dijo que todas las decisiones deber\u00e1n ser consensuadas con los integrantes del COED, por lo que fue escueto en detalles.<br \/>\nSin embargo, desliz\u00f3 la posibilidad de que haya restricci\u00f3n a la circulaci\u00f3n peatonal y vehicular. Con todo, adelant\u00f3 que en horas previas a la cita del COED, tendr\u00e1 reuniones con gremiales y choferes a quienes agradeci\u00f3 por el autocontrol que hacen con brigadas.<br \/>\nLa autoridad resalt\u00f3 las acciones sanitarias vigentes en la ciudad, como los controles a locales de fiesta que se reforzaron desde el viernes y este s\u00e1bado lleg\u00f3 a la zona Sur y San Antonio, donde Arias destac\u00f3 el cumplimiento puesto que no hab\u00eda negocios abiertos y solo alert\u00f3 de personas que beb\u00edan licor en la calle y otros j\u00f3venes aglomerados en caf\u00e9s Internet.<br \/>\nDurante el fin de semana, Arias asegur\u00f3 que en la cita de hoy se debatir\u00e1n posibles sanciones, pues el autocontrol no se respeta por varias personas que se re\u00fanen en fiestas y beben licor. Es m\u00e1s, dijo que el viernes le lleg\u00f3 el reporte de una fiesta de efectivos militares.<br \/>\nLa autoridad de La Paz adelant\u00f3, el viernes, que pedir\u00e1 en el COED restricciones m\u00e1s estrictas ya que la \u201cinconsciencia\u201d de las personas provoca mayor contagio por coronavirus.<br \/>\nEl Alcalde de La Paz inform\u00f3 que los controles activados tienen sus resultados esperados porque los mismos llegaron a locales de fiesta y obligaron a los propietarios a cerrar sus negocios, en tanto, desalojaron a las personas que compart\u00edan bebidas alcoh\u00f3licas sin barbijo y sin guardar distancia. Seg\u00fan reporte de la Intendencia Municipal, fueron 10 locales intervenidos en la primera jornada de requisa y se mantendr\u00e1 hasta este 7 de junio.<br \/>\nEl autocontrol y cinco medidas sanitarias del COED est\u00e1n vigentes hasta hoy, cuando se analice la estad\u00edstica de evoluci\u00f3n de la pandemia en el departamento.<br \/>\nLa secretaria municipal de Salud de la comuna pace\u00f1a, Cecilia Vargas, inform\u00f3 ayer en una emisora local que la proyecci\u00f3n del pico alto de la enfermedad es de 700 a 1.000 enfermos diarios en el departamento para la pr\u00f3xima semana. Solo en la urbe pace\u00f1a, este domingo se report\u00f3 348 nuevos enfermos y cuatro decesos.<br \/>\nFrente a esta realidad, dijo Vargas, que se toman recaudos para garantizar la provisi\u00f3n de ox\u00edgeno medicinal en los hospitales municipales La Portada y Cotahuma, donde el espacio de internaci\u00f3n y terapia intensiva est\u00e1 al l\u00edmite.<\/p>\n","protected":false},"excerpt":{"rendered":"<p>El alcalde de La Paz, Iv\u00e1n Arias, anunci\u00f3 ayer que en la reuni\u00f3n del Comit\u00e9 de Operaciones de Emergencia Departamental (COED), prevista para hoy, solicitar\u00e1 nuevas restricciones en el departamento para contener el avance del covid-19, que en los pr\u00f3ximos d\u00edas los contagios diarios podr\u00edan sumar el millar en la regi\u00f3n. \u201cNosotros ma\u00f1ana (lunes) entregaremos [&hellip;]<\/p>\n","protected":false},"author":1,"featured_media":8919,"comment_status":"closed","ping_status":"closed","sticky":false,"template":"","format":"standard","meta":{"_acf_changed":false,"footnotes":""},"categories":[12],"tags":[],"class_list":["post-8918","post","type-post","status-publish","format-standard","has-post-thumbnail","category-nacional"],"acf":{"antetitulo":""},"yoast_head":"<!-- This site is optimized with the Yoast SEO plugin v28.3 - https:\/\/yoast.com\/product\/yoast-seo-wordpress\/ -->\n<title>Alcalde plantear\u00e1 nuevas restricciones para reducir propagaci\u00f3n de covid-19 - El Diario - Bolivia<\/title>\n<meta name=\"robots\" content=\"index, follow, max-snippet:-1, max-image-preview:large, max-video-preview:-1\" \/>\n<link rel=\"canonical\" href=\"https:\/\/www.eldiario.net\/portal\/2021\/06\/07\/alcalde-planteara-nuevas-restricciones-para-reducir-propagacion-de-covid-19\/\" \/>\n<meta property=\"og:locale\" content=\"es_ES\" \/>\n<meta property=\"og:type\" content=\"article\" \/>\n<meta property=\"og:title\" content=\"Alcalde plantear\u00e1 nuevas restricciones para reducir propagaci\u00f3n de covid-19 - El Diario - Bolivia\" \/>\n<meta property=\"og:description\" content=\"El alcalde de La Paz, Iv\u00e1n Arias, anunci\u00f3 ayer que en la reuni\u00f3n del Comit\u00e9 de Operaciones de Emergencia Departamental (COED), prevista para hoy, solicitar\u00e1 nuevas restricciones en el departamento para contener el avance del covid-19, que en los pr\u00f3ximos d\u00edas los contagios diarios podr\u00edan sumar el millar en la regi\u00f3n. \u201cNosotros ma\u00f1ana (lunes) entregaremos [&hellip;]\" \/>\n<meta property=\"og:url\" content=\"https:\/\/www.eldiario.net\/portal\/2021\/06\/07\/alcalde-planteara-nuevas-restricciones-para-reducir-propagacion-de-covid-19\/\" \/>\n<meta property=\"og:site_name\" content=\"El Diario - Bolivia\" \/>\n<meta property=\"article:publisher\" content=\"https:\/\/www.facebook.com\/eldiario.bolivia\/\" \/>\n<meta property=\"article:published_time\" content=\"2021-06-07T10:48:47+00:00\" \/>\n<meta name=\"author\" content=\"Jeanette\" \/>\n<meta name=\"twitter:card\" content=\"summary_large_image\" \/>\n<meta name=\"twitter:creator\" content=\"@eldiario_net\" \/>\n<meta name=\"twitter:site\" content=\"@eldiario_net\" \/>\n<meta name=\"twitter:label1\" content=\"Escrito por\" \/>\n\t<meta name=\"twitter:data1\" content=\"Jeanette\" \/>\n\t<meta name=\"twitter:label2\" content=\"Tiempo de lectura\" \/>\n\t<meta name=\"twitter:data2\" content=\"3 minutos\" \/>\n<script type=\"application\/ld+json\" class=\"yoast-schema-graph\">{\"@context\":\"https:\\\/\\\/schema.org\",\"@graph\":[{\"@type\":\"Article\",\"@id\":\"https:\\\/\\\/www.eldiario.net\\\/portal\\\/2021\\\/06\\\/07\\\/alcalde-planteara-nuevas-restricciones-para-reducir-propagacion-de-covid-19\\\/#article\",\"isPartOf\":{\"@id\":\"https:\\\/\\\/www.eldiario.net\\\/portal\\\/2021\\\/06\\\/07\\\/alcalde-planteara-nuevas-restricciones-para-reducir-propagacion-de-covid-19\\\/\"},\"author\":{\"name\":\"Jeanette\",\"@id\":\"https:\\\/\\\/www.eldiario.net\\\/portal\\\/#\\\/schema\\\/person\\\/f46445640444750d7d753ccd04ae01b7\"},\"headline\":\"Alcalde plantear\u00e1 nuevas restricciones para reducir propagaci\u00f3n de covid-19\",\"datePublished\":\"2021-06-07T10:48:47+00:00\",\"mainEntityOfPage\":{\"@id\":\"https:\\\/\\\/www.eldiario.net\\\/portal\\\/2021\\\/06\\\/07\\\/alcalde-planteara-nuevas-restricciones-para-reducir-propagacion-de-covid-19\\\/\"},\"wordCount\":521,\"publisher\":{\"@id\":\"https:\\\/\\\/www.eldiario.net\\\/portal\\\/#organization\"},\"image\":{\"@id\":\"https:\\\/\\\/www.eldiario.net\\\/portal\\\/2021\\\/06\\\/07\\\/alcalde-planteara-nuevas-restricciones-para-reducir-propagacion-de-covid-19\\\/#primaryimage\"},\"thumbnailUrl\":\"\",\"articleSection\":[\"Nacional\"],\"inLanguage\":\"es\"},{\"@type\":\"WebPage\",\"@id\":\"https:\\\/\\\/www.eldiario.net\\\/portal\\\/2021\\\/06\\\/07\\\/alcalde-planteara-nuevas-restricciones-para-reducir-propagacion-de-covid-19\\\/\",\"url\":\"https:\\\/\\\/www.eldiario.net\\\/portal\\\/2021\\\/06\\\/07\\\/alcalde-planteara-nuevas-restricciones-para-reducir-propagacion-de-covid-19\\\/\",\"name\":\"Alcalde plantear\u00e1 nuevas restricciones para reducir propagaci\u00f3n de covid-19 - El Diario - Bolivia\",\"isPartOf\":{\"@id\":\"https:\\\/\\\/www.eldiario.net\\\/portal\\\/#website\"},\"primaryImageOfPage\":{\"@id\":\"https:\\\/\\\/www.eldiario.net\\\/portal\\\/2021\\\/06\\\/07\\\/alcalde-planteara-nuevas-restricciones-para-reducir-propagacion-de-covid-19\\\/#primaryimage\"},\"image\":{\"@id\":\"https:\\\/\\\/www.eldiario.net\\\/portal\\\/2021\\\/06\\\/07\\\/alcalde-planteara-nuevas-restricciones-para-reducir-propagacion-de-covid-19\\\/#primaryimage\"},\"thumbnailUrl\":\"\",\"datePublished\":\"2021-06-07T10:48:47+00:00\",\"breadcrumb\":{\"@id\":\"https:\\\/\\\/www.eldiario.net\\\/portal\\\/2021\\\/06\\\/07\\\/alcalde-planteara-nuevas-restricciones-para-reducir-propagacion-de-covid-19\\\/#breadcrumb\"},\"inLanguage\":\"es\",\"potentialAction\":[{\"@type\":\"ReadAction\",\"target\":[\"https:\\\/\\\/www.eldiario.net\\\/portal\\\/2021\\\/06\\\/07\\\/alcalde-planteara-nuevas-restricciones-para-reducir-propagacion-de-covid-19\\\/\"]}]},{\"@type\":\"ImageObject\",\"inLanguage\":\"es\",\"@id\":\"https:\\\/\\\/www.eldiario.net\\\/portal\\\/2021\\\/06\\\/07\\\/alcalde-planteara-nuevas-restricciones-para-reducir-propagacion-de-covid-19\\\/#primaryimage\",\"url\":\"\",\"contentUrl\":\"\"},{\"@type\":\"BreadcrumbList\",\"@id\":\"https:\\\/\\\/www.eldiario.net\\\/portal\\\/2021\\\/06\\\/07\\\/alcalde-planteara-nuevas-restricciones-para-reducir-propagacion-de-covid-19\\\/#breadcrumb\",\"itemListElement\":[{\"@type\":\"ListItem\",\"position\":1,\"name\":\"Portada\",\"item\":\"https:\\\/\\\/www.eldiario.net\\\/portal\\\/\"},{\"@type\":\"ListItem\",\"position\":2,\"name\":\"Alcalde plantear\u00e1 nuevas restricciones para reducir propagaci\u00f3n de covid-19\"}]},{\"@type\":\"WebSite\",\"@id\":\"https:\\\/\\\/www.eldiario.net\\\/portal\\\/#website\",\"url\":\"https:\\\/\\\/www.eldiario.net\\\/portal\\\/\",\"name\":\"El Diario - Decano de la prensa nacional\",\"description\":\"El Diario - Decano de la prensa nacional\",\"publisher\":{\"@id\":\"https:\\\/\\\/www.eldiario.net\\\/portal\\\/#organization\"},\"potentialAction\":[{\"@type\":\"SearchAction\",\"target\":{\"@type\":\"EntryPoint\",\"urlTemplate\":\"https:\\\/\\\/www.eldiario.net\\\/portal\\\/?s={search_term_string}\"},\"query-input\":{\"@type\":\"PropertyValueSpecification\",\"valueRequired\":true,\"valueName\":\"search_term_string\"}}],\"inLanguage\":\"es\"},{\"@type\":\"Organization\",\"@id\":\"https:\\\/\\\/www.eldiario.net\\\/portal\\\/#organization\",\"name\":\"El Diario - Decano de la prensa nacional\",\"url\":\"https:\\\/\\\/www.eldiario.net\\\/portal\\\/\",\"logo\":{\"@type\":\"ImageObject\",\"inLanguage\":\"es\",\"@id\":\"https:\\\/\\\/www.eldiario.net\\\/portal\\\/#\\\/schema\\\/logo\\\/image\\\/\",\"url\":\"https:\\\/\\\/www.eldiario.net\\\/portal\\\/wp-content\\\/uploads\\\/2023\\\/07\\\/logo_ED.jpg\",\"contentUrl\":\"https:\\\/\\\/www.eldiario.net\\\/portal\\\/wp-content\\\/uploads\\\/2023\\\/07\\\/logo_ED.jpg\",\"width\":272,\"height\":52,\"caption\":\"El Diario - Decano de la prensa nacional\"},\"image\":{\"@id\":\"https:\\\/\\\/www.eldiario.net\\\/portal\\\/#\\\/schema\\\/logo\\\/image\\\/\"},\"sameAs\":[\"https:\\\/\\\/www.facebook.com\\\/eldiario.bolivia\\\/\",\"https:\\\/\\\/x.com\\\/eldiario_net\"]},{\"@type\":\"Person\",\"@id\":\"https:\\\/\\\/www.eldiario.net\\\/portal\\\/#\\\/schema\\\/person\\\/f46445640444750d7d753ccd04ae01b7\",\"name\":\"Jeanette\",\"image\":{\"@type\":\"ImageObject\",\"inLanguage\":\"es\",\"@id\":\"https:\\\/\\\/secure.gravatar.com\\\/avatar\\\/3ea2118a5f7dad2b7138b1187a6b7ee55f160b9968b66013c3a3ef39dd7e5798?s=96&d=mm&r=g\",\"url\":\"https:\\\/\\\/secure.gravatar.com\\\/avatar\\\/3ea2118a5f7dad2b7138b1187a6b7ee55f160b9968b66013c3a3ef39dd7e5798?s=96&d=mm&r=g\",\"contentUrl\":\"https:\\\/\\\/secure.gravatar.com\\\/avatar\\\/3ea2118a5f7dad2b7138b1187a6b7ee55f160b9968b66013c3a3ef39dd7e5798?s=96&d=mm&r=g\",\"caption\":\"Jeanette\"},\"sameAs\":[\"https:\\\/\\\/www.eldiario.net\\\/portal\"],\"url\":\"https:\\\/\\\/www.eldiario.net\\\/portal\\\/author\\\/jeanette\\\/\"}]}<\/script>\n<!-- \/ Yoast SEO plugin. -->","yoast_head_json":{"title":"Alcalde plantear\u00e1 nuevas restricciones para reducir propagaci\u00f3n de covid-19 - El Diario - Bolivia","robots":{"index":"index","follow":"follow","max-snippet":"max-snippet:-1","max-image-preview":"max-image-preview:large","max-video-preview":"max-video-preview:-1"},"canonical":"https:\/\/www.eldiario.net\/portal\/2021\/06\/07\/alcalde-planteara-nuevas-restricciones-para-reducir-propagacion-de-covid-19\/","og_locale":"es_ES","og_type":"article","og_title":"Alcalde plantear\u00e1 nuevas restricciones para reducir propagaci\u00f3n de covid-19 - El Diario - Bolivia","og_description":"El alcalde de La Paz, Iv\u00e1n Arias, anunci\u00f3 ayer que en la reuni\u00f3n del Comit\u00e9 de Operaciones de Emergencia Departamental (COED), prevista para hoy, solicitar\u00e1 nuevas restricciones en el departamento para contener el avance del covid-19, que en los pr\u00f3ximos d\u00edas los contagios diarios podr\u00edan sumar el millar en la regi\u00f3n. \u201cNosotros ma\u00f1ana (lunes) entregaremos [&hellip;]","og_url":"https:\/\/www.eldiario.net\/portal\/2021\/06\/07\/alcalde-planteara-nuevas-restricciones-para-reducir-propagacion-de-covid-19\/","og_site_name":"El Diario - Bolivia","article_publisher":"https:\/\/www.facebook.com\/eldiario.bolivia\/","article_published_time":"2021-06-07T10:48:47+00:00","author":"Jeanette","twitter_card":"summary_large_image","twitter_creator":"@eldiario_net","twitter_site":"@eldiario_net","twitter_misc":{"Escrito por":"Jeanette","Tiempo de lectura":"3 minutos"},"schema":{"@context":"https:\/\/schema.org","@graph":[{"@type":"Article","@id":"https:\/\/www.eldiario.net\/portal\/2021\/06\/07\/alcalde-planteara-nuevas-restricciones-para-reducir-propagacion-de-covid-19\/#article","isPartOf":{"@id":"https:\/\/www.eldiario.net\/portal\/2021\/06\/07\/alcalde-planteara-nuevas-restricciones-para-reducir-propagacion-de-covid-19\/"},"author":{"name":"Jeanette","@id":"https:\/\/www.eldiario.net\/portal\/#\/schema\/person\/f46445640444750d7d753ccd04ae01b7"},"headline":"Alcalde plantear\u00e1 nuevas restricciones para reducir propagaci\u00f3n de covid-19","datePublished":"2021-06-07T10:48:47+00:00","mainEntityOfPage":{"@id":"https:\/\/www.eldiario.net\/portal\/2021\/06\/07\/alcalde-planteara-nuevas-restricciones-para-reducir-propagacion-de-covid-19\/"},"wordCount":521,"publisher":{"@id":"https:\/\/www.eldiario.net\/portal\/#organization"},"image":{"@id":"https:\/\/www.eldiario.net\/portal\/2021\/06\/07\/alcalde-planteara-nuevas-restricciones-para-reducir-propagacion-de-covid-19\/#primaryimage"},"thumbnailUrl":"","articleSection":["Nacional"],"inLanguage":"es"},{"@type":"WebPage","@id":"https:\/\/www.eldiario.net\/portal\/2021\/06\/07\/alcalde-planteara-nuevas-restricciones-para-reducir-propagacion-de-covid-19\/","url":"https:\/\/www.eldiario.net\/portal\/2021\/06\/07\/alcalde-planteara-nuevas-restricciones-para-reducir-propagacion-de-covid-19\/","name":"Alcalde plantear\u00e1 nuevas restricciones para reducir propagaci\u00f3n de covid-19 - El Diario - Bolivia","isPartOf":{"@id":"https:\/\/www.eldiario.net\/portal\/#website"},"primaryImageOfPage":{"@id":"https:\/\/www.eldiario.net\/portal\/2021\/06\/07\/alcalde-planteara-nuevas-restricciones-para-reducir-propagacion-de-covid-19\/#primaryimage"},"image":{"@id":"https:\/\/www.eldiario.net\/portal\/2021\/06\/07\/alcalde-planteara-nuevas-restricciones-para-reducir-propagacion-de-covid-19\/#primaryimage"},"thumbnailUrl":"","datePublished":"2021-06-07T10:48:47+00:00","breadcrumb":{"@id":"https:\/\/www.eldiario.net\/portal\/2021\/06\/07\/alcalde-planteara-nuevas-restricciones-para-reducir-propagacion-de-covid-19\/#breadcrumb"},"inLanguage":"es","potentialAction":[{"@type":"ReadAction","target":["https:\/\/www.eldiario.net\/portal\/2021\/06\/07\/alcalde-planteara-nuevas-restricciones-para-reducir-propagacion-de-covid-19\/"]}]},{"@type":"ImageObject","inLanguage":"es","@id":"https:\/\/www.eldiario.net\/portal\/2021\/06\/07\/alcalde-planteara-nuevas-restricciones-para-reducir-propagacion-de-covid-19\/#primaryimage","url":"","contentUrl":""},{"@type":"BreadcrumbList","@id":"https:\/\/www.eldiario.net\/portal\/2021\/06\/07\/alcalde-planteara-nuevas-restricciones-para-reducir-propagacion-de-covid-19\/#breadcrumb","itemListElement":[{"@type":"ListItem","position":1,"name":"Portada","item":"https:\/\/www.eldiario.net\/portal\/"},{"@type":"ListItem","position":2,"name":"Alcalde plantear\u00e1 nuevas restricciones para reducir propagaci\u00f3n de covid-19"}]},{"@type":"WebSite","@id":"https:\/\/www.eldiario.net\/portal\/#website","url":"https:\/\/www.eldiario.net\/portal\/","name":"El Diario - Decano de la prensa nacional","description":"El Diario - Decano de la prensa nacional","publisher":{"@id":"https:\/\/www.eldiario.net\/portal\/#organization"},"potentialAction":[{"@type":"SearchAction","target":{"@type":"EntryPoint","urlTemplate":"https:\/\/www.eldiario.net\/portal\/?s={search_term_string}"},"query-input":{"@type":"PropertyValueSpecification","valueRequired":true,"valueName":"search_term_string"}}],"inLanguage":"es"},{"@type":"Organization","@id":"https:\/\/www.eldiario.net\/portal\/#organization","name":"El Diario - Decano de la prensa nacional","url":"https:\/\/www.eldiario.net\/portal\/","logo":{"@type":"ImageObject","inLanguage":"es","@id":"https:\/\/www.eldiario.net\/portal\/#\/schema\/logo\/image\/","url":"https:\/\/www.eldiario.net\/portal\/wp-content\/uploads\/2023\/07\/logo_ED.jpg","contentUrl":"https:\/\/www.eldiario.net\/portal\/wp-content\/uploads\/2023\/07\/logo_ED.jpg","width":272,"height":52,"caption":"El Diario - Decano de la prensa nacional"},"image":{"@id":"https:\/\/www.eldiario.net\/portal\/#\/schema\/logo\/image\/"},"sameAs":["https:\/\/www.facebook.com\/eldiario.bolivia\/","https:\/\/x.com\/eldiario_net"]},{"@type":"Person","@id":"https:\/\/www.eldiario.net\/portal\/#\/schema\/person\/f46445640444750d7d753ccd04ae01b7","name":"Jeanette","image":{"@type":"ImageObject","inLanguage":"es","@id":"https:\/\/secure.gravatar.com\/avatar\/3ea2118a5f7dad2b7138b1187a6b7ee55f160b9968b66013c3a3ef39dd7e5798?s=96&d=mm&r=g","url":"https:\/\/secure.gravatar.com\/avatar\/3ea2118a5f7dad2b7138b1187a6b7ee55f160b9968b66013c3a3ef39dd7e5798?s=96&d=mm&r=g","contentUrl":"https:\/\/secure.gravatar.com\/avatar\/3ea2118a5f7dad2b7138b1187a6b7ee55f160b9968b66013c3a3ef39dd7e5798?s=96&d=mm&r=g","caption":"Jeanette"},"sameAs":["https:\/\/www.eldiario.net\/portal"],"url":"https:\/\/www.eldiario.net\/portal\/author\/jeanette\/"}]}},"_links":{"self":[{"href":"https:\/\/www.eldiario.net\/portal\/wp-json\/wp\/v2\/posts\/8918","targetHints":{"allow":["GET"]}}],"collection":[{"href":"https:\/\/www.eldiario.net\/portal\/wp-json\/wp\/v2\/posts"}],"about":[{"href":"https:\/\/www.eldiario.net\/portal\/wp-json\/wp\/v2\/types\/post"}],"author":[{"embeddable":true,"href":"https:\/\/www.eldiario.net\/portal\/wp-json\/wp\/v2\/users\/1"}],"replies":[{"embeddable":true,"href":"https:\/\/www.eldiario.net\/portal\/wp-json\/wp\/v2\/comments?post=8918"}],"version-history":[{"count":0,"href":"https:\/\/www.eldiario.net\/portal\/wp-json\/wp\/v2\/posts\/8918\/revisions"}],"wp:attachment":[{"href":"https:\/\/www.eldiario.net\/portal\/wp-json\/wp\/v2\/media?parent=8918"}],"wp:term":[{"taxonomy":"category","embeddable":true,"href":"https:\/\/www.eldiario.net\/portal\/wp-json\/wp\/v2\/categories?post=8918"},{"taxonomy":"post_tag","embeddable":true,"href":"https:\/\/www.eldiario.net\/portal\/wp-json\/wp\/v2\/tags?post=8918"}],"curies":[{"name":"wp","href":"https:\/\/api.w.org\/{rel}","templated":true}]}}