{"id":8915,"date":"2021-06-07T06:47:36","date_gmt":"2021-06-07T10:47:36","guid":{"rendered":"https:\/\/www.eldiario.net\/portal\/?p=8915"},"modified":"2021-06-07T06:47:36","modified_gmt":"2021-06-07T10:47:36","slug":"sed-de-poder-genera-enganos-a-la-sociedad","status":"publish","type":"post","link":"https:\/\/www.eldiario.net\/portal\/2021\/06\/07\/sed-de-poder-genera-enganos-a-la-sociedad\/","title":{"rendered":"Sed de poder genera enga\u00f1os a la sociedad"},"content":{"rendered":"<p>La sed de poder ocasiona da\u00f1os a la sociedad, donde la verdad ya no es un valor y la informaci\u00f3n basada en datos inexistentes o distorsionados se presenta como verdadera, para lograr aspiraciones pol\u00edticas y econ\u00f3micas, advirti\u00f3 el arzobispo de Santa Cruz, monse\u00f1or Sergio Gualberti.<br \/>\nLa reflexi\u00f3n surgi\u00f3 durante la homil\u00eda dominical de ayer en la ciudad de Santa Cruz, donde record\u00f3 el pecado original de Ad\u00e1n y Eva, quienes en su soberbia ten\u00edan el sue\u00f1o de ser autosuficientes y due\u00f1os de sus vidas, dejando a la sociedad un pecado arraigado que priva de justicia y la santidad que Dios hab\u00eda predispuesto en su plano original.<br \/>\n\u201cNo podemos achacar a Dios la presencia del mal en el mundo sino a nosotros mismos porque en nuestro orgullo y soberbia hoy, como ayer, tenemos la tentaci\u00f3n de ser como Dios, rechazando libremente el plan de amor y de vida del padre y abusando de la libertad que Dios nos ha dado. Este pecado no solo nos ha contaminado a nosotros sino tambi\u00e9n a toda la creaci\u00f3n, ha roto la armon\u00eda, el equilibrio y las relaciones entre todos los seres vivientes. Lo constatamos con evidencia indiscutible en estos tiempos de cambios clim\u00e1tico y tambi\u00e9n del covid\u201d, manifest\u00f3.<br \/>\nIndic\u00f3 que el pecado en contra del Esp\u00edritu Santo es la opci\u00f3n sistem\u00e1tica y libre de pervertir la fe, de llamar tiniebla a la luz, mentira a la verdad, mal al bien y muerte a la vida, y la obstinaci\u00f3n en esta actitud blasfema excluye por s\u00ed misma y por siempre el perd\u00f3n de Dios.<br \/>\nSostuvo que detr\u00e1s de esta culpa est\u00e1 el pecado original que es la sed de poder que hace a las personas v\u00edctimas del enga\u00f1o del maligno que, rebota de falsedad en falsedad, hasta robarle la libertad del coraz\u00f3n a las personas.<br \/>\nManifest\u00f3 que una situaci\u00f3n similar es frecuente en nuestra sociedad, donde la verdad ya no es un valor, sino son las medias verdades que se las presenta de tal manera que las hacen aparecer como verdaderas.<br \/>\nGualberti indic\u00f3 que esta tergiversaci\u00f3n de los hechos tiene como finalidad enga\u00f1ar o manipular a la opini\u00f3n p\u00fablica para alcanzar determinados objetivos pol\u00edticos, econ\u00f3micos u otros. A esta tendencia hay que hacer frente con valent\u00eda dej\u00e1ndonos purificar por la verdad, acot\u00f3.<br \/>\nPidi\u00f3 a los cat\u00f3licos liberarse de toda falsedad y buscar relaciones personales transparentes y respetuosas que lleven a una reflexi\u00f3n y an\u00e1lisis objetivo de los hechos, de los problemas, favorecer la comuni\u00f3n, promover el bien y rechazar lo que tiende a aislar, dividir y contraponer, reflej\u00f3 Erbol.<br \/>\n\u201cNunca debemos cansarnos de buscar la verdad porque siempre est\u00e1 al acecho la falsedad; y la verdad no es solo el sacar a la luz cosas oscuras u ocultas, sino que tiene que ver con la vida entera, es la piedra s\u00f3lida sobre la que podemos apoyarnos para no caer\u201d, indic\u00f3.<\/p>\n","protected":false},"excerpt":{"rendered":"<p>La sed de poder ocasiona da\u00f1os a la sociedad, donde la verdad ya no es un valor y la informaci\u00f3n basada en datos inexistentes o distorsionados se presenta como verdadera, para lograr aspiraciones pol\u00edticas y econ\u00f3micas, advirti\u00f3 el arzobispo de Santa Cruz, monse\u00f1or Sergio Gualberti. La reflexi\u00f3n surgi\u00f3 durante la homil\u00eda dominical de ayer en [&hellip;]<\/p>\n","protected":false},"author":1,"featured_media":8916,"comment_status":"closed","ping_status":"closed","sticky":false,"template":"","format":"standard","meta":{"_acf_changed":false,"footnotes":""},"categories":[12],"tags":[],"class_list":["post-8915","post","type-post","status-publish","format-standard","has-post-thumbnail","category-nacional"],"acf":{"antetitulo":""},"yoast_head":"<!-- This site is optimized with the Yoast SEO plugin v28.3 - https:\/\/yoast.com\/product\/yoast-seo-wordpress\/ -->\n<title>Sed de poder genera enga\u00f1os a la sociedad - El Diario - Bolivia<\/title>\n<meta name=\"robots\" content=\"index, follow, max-snippet:-1, max-image-preview:large, max-video-preview:-1\" \/>\n<link rel=\"canonical\" href=\"https:\/\/www.eldiario.net\/portal\/2021\/06\/07\/sed-de-poder-genera-enganos-a-la-sociedad\/\" \/>\n<meta property=\"og:locale\" content=\"es_ES\" \/>\n<meta property=\"og:type\" content=\"article\" \/>\n<meta property=\"og:title\" content=\"Sed de poder genera enga\u00f1os a la sociedad - El Diario - Bolivia\" \/>\n<meta property=\"og:description\" content=\"La sed de poder ocasiona da\u00f1os a la sociedad, donde la verdad ya no es un valor y la informaci\u00f3n basada en datos inexistentes o distorsionados se presenta como verdadera, para lograr aspiraciones pol\u00edticas y econ\u00f3micas, advirti\u00f3 el arzobispo de Santa Cruz, monse\u00f1or Sergio Gualberti. La reflexi\u00f3n surgi\u00f3 durante la homil\u00eda dominical de ayer en [&hellip;]\" \/>\n<meta property=\"og:url\" content=\"https:\/\/www.eldiario.net\/portal\/2021\/06\/07\/sed-de-poder-genera-enganos-a-la-sociedad\/\" \/>\n<meta property=\"og:site_name\" content=\"El Diario - Bolivia\" \/>\n<meta property=\"article:publisher\" content=\"https:\/\/www.facebook.com\/eldiario.bolivia\/\" \/>\n<meta property=\"article:published_time\" content=\"2021-06-07T10:47:36+00:00\" \/>\n<meta name=\"author\" content=\"Jeanette\" \/>\n<meta name=\"twitter:card\" content=\"summary_large_image\" \/>\n<meta name=\"twitter:creator\" content=\"@eldiario_net\" \/>\n<meta name=\"twitter:site\" content=\"@eldiario_net\" \/>\n<meta name=\"twitter:label1\" content=\"Escrito por\" \/>\n\t<meta name=\"twitter:data1\" content=\"Jeanette\" \/>\n\t<meta name=\"twitter:label2\" content=\"Tiempo de lectura\" \/>\n\t<meta name=\"twitter:data2\" content=\"3 minutos\" \/>\n<script type=\"application\/ld+json\" class=\"yoast-schema-graph\">{\"@context\":\"https:\\\/\\\/schema.org\",\"@graph\":[{\"@type\":\"Article\",\"@id\":\"https:\\\/\\\/www.eldiario.net\\\/portal\\\/2021\\\/06\\\/07\\\/sed-de-poder-genera-enganos-a-la-sociedad\\\/#article\",\"isPartOf\":{\"@id\":\"https:\\\/\\\/www.eldiario.net\\\/portal\\\/2021\\\/06\\\/07\\\/sed-de-poder-genera-enganos-a-la-sociedad\\\/\"},\"author\":{\"name\":\"Jeanette\",\"@id\":\"https:\\\/\\\/www.eldiario.net\\\/portal\\\/#\\\/schema\\\/person\\\/f46445640444750d7d753ccd04ae01b7\"},\"headline\":\"Sed de poder genera enga\u00f1os a la sociedad\",\"datePublished\":\"2021-06-07T10:47:36+00:00\",\"mainEntityOfPage\":{\"@id\":\"https:\\\/\\\/www.eldiario.net\\\/portal\\\/2021\\\/06\\\/07\\\/sed-de-poder-genera-enganos-a-la-sociedad\\\/\"},\"wordCount\":525,\"publisher\":{\"@id\":\"https:\\\/\\\/www.eldiario.net\\\/portal\\\/#organization\"},\"image\":{\"@id\":\"https:\\\/\\\/www.eldiario.net\\\/portal\\\/2021\\\/06\\\/07\\\/sed-de-poder-genera-enganos-a-la-sociedad\\\/#primaryimage\"},\"thumbnailUrl\":\"\",\"articleSection\":[\"Nacional\"],\"inLanguage\":\"es\"},{\"@type\":\"WebPage\",\"@id\":\"https:\\\/\\\/www.eldiario.net\\\/portal\\\/2021\\\/06\\\/07\\\/sed-de-poder-genera-enganos-a-la-sociedad\\\/\",\"url\":\"https:\\\/\\\/www.eldiario.net\\\/portal\\\/2021\\\/06\\\/07\\\/sed-de-poder-genera-enganos-a-la-sociedad\\\/\",\"name\":\"Sed de poder genera enga\u00f1os a la sociedad - El Diario - Bolivia\",\"isPartOf\":{\"@id\":\"https:\\\/\\\/www.eldiario.net\\\/portal\\\/#website\"},\"primaryImageOfPage\":{\"@id\":\"https:\\\/\\\/www.eldiario.net\\\/portal\\\/2021\\\/06\\\/07\\\/sed-de-poder-genera-enganos-a-la-sociedad\\\/#primaryimage\"},\"image\":{\"@id\":\"https:\\\/\\\/www.eldiario.net\\\/portal\\\/2021\\\/06\\\/07\\\/sed-de-poder-genera-enganos-a-la-sociedad\\\/#primaryimage\"},\"thumbnailUrl\":\"\",\"datePublished\":\"2021-06-07T10:47:36+00:00\",\"breadcrumb\":{\"@id\":\"https:\\\/\\\/www.eldiario.net\\\/portal\\\/2021\\\/06\\\/07\\\/sed-de-poder-genera-enganos-a-la-sociedad\\\/#breadcrumb\"},\"inLanguage\":\"es\",\"potentialAction\":[{\"@type\":\"ReadAction\",\"target\":[\"https:\\\/\\\/www.eldiario.net\\\/portal\\\/2021\\\/06\\\/07\\\/sed-de-poder-genera-enganos-a-la-sociedad\\\/\"]}]},{\"@type\":\"ImageObject\",\"inLanguage\":\"es\",\"@id\":\"https:\\\/\\\/www.eldiario.net\\\/portal\\\/2021\\\/06\\\/07\\\/sed-de-poder-genera-enganos-a-la-sociedad\\\/#primaryimage\",\"url\":\"\",\"contentUrl\":\"\"},{\"@type\":\"BreadcrumbList\",\"@id\":\"https:\\\/\\\/www.eldiario.net\\\/portal\\\/2021\\\/06\\\/07\\\/sed-de-poder-genera-enganos-a-la-sociedad\\\/#breadcrumb\",\"itemListElement\":[{\"@type\":\"ListItem\",\"position\":1,\"name\":\"Portada\",\"item\":\"https:\\\/\\\/www.eldiario.net\\\/portal\\\/\"},{\"@type\":\"ListItem\",\"position\":2,\"name\":\"Sed de poder genera enga\u00f1os a la sociedad\"}]},{\"@type\":\"WebSite\",\"@id\":\"https:\\\/\\\/www.eldiario.net\\\/portal\\\/#website\",\"url\":\"https:\\\/\\\/www.eldiario.net\\\/portal\\\/\",\"name\":\"El Diario - Decano de la prensa nacional\",\"description\":\"El Diario - Decano de la prensa nacional\",\"publisher\":{\"@id\":\"https:\\\/\\\/www.eldiario.net\\\/portal\\\/#organization\"},\"potentialAction\":[{\"@type\":\"SearchAction\",\"target\":{\"@type\":\"EntryPoint\",\"urlTemplate\":\"https:\\\/\\\/www.eldiario.net\\\/portal\\\/?s={search_term_string}\"},\"query-input\":{\"@type\":\"PropertyValueSpecification\",\"valueRequired\":true,\"valueName\":\"search_term_string\"}}],\"inLanguage\":\"es\"},{\"@type\":\"Organization\",\"@id\":\"https:\\\/\\\/www.eldiario.net\\\/portal\\\/#organization\",\"name\":\"El Diario - Decano de la prensa nacional\",\"url\":\"https:\\\/\\\/www.eldiario.net\\\/portal\\\/\",\"logo\":{\"@type\":\"ImageObject\",\"inLanguage\":\"es\",\"@id\":\"https:\\\/\\\/www.eldiario.net\\\/portal\\\/#\\\/schema\\\/logo\\\/image\\\/\",\"url\":\"https:\\\/\\\/www.eldiario.net\\\/portal\\\/wp-content\\\/uploads\\\/2023\\\/07\\\/logo_ED.jpg\",\"contentUrl\":\"https:\\\/\\\/www.eldiario.net\\\/portal\\\/wp-content\\\/uploads\\\/2023\\\/07\\\/logo_ED.jpg\",\"width\":272,\"height\":52,\"caption\":\"El Diario - Decano de la prensa nacional\"},\"image\":{\"@id\":\"https:\\\/\\\/www.eldiario.net\\\/portal\\\/#\\\/schema\\\/logo\\\/image\\\/\"},\"sameAs\":[\"https:\\\/\\\/www.facebook.com\\\/eldiario.bolivia\\\/\",\"https:\\\/\\\/x.com\\\/eldiario_net\"]},{\"@type\":\"Person\",\"@id\":\"https:\\\/\\\/www.eldiario.net\\\/portal\\\/#\\\/schema\\\/person\\\/f46445640444750d7d753ccd04ae01b7\",\"name\":\"Jeanette\",\"image\":{\"@type\":\"ImageObject\",\"inLanguage\":\"es\",\"@id\":\"https:\\\/\\\/secure.gravatar.com\\\/avatar\\\/3ea2118a5f7dad2b7138b1187a6b7ee55f160b9968b66013c3a3ef39dd7e5798?s=96&d=mm&r=g\",\"url\":\"https:\\\/\\\/secure.gravatar.com\\\/avatar\\\/3ea2118a5f7dad2b7138b1187a6b7ee55f160b9968b66013c3a3ef39dd7e5798?s=96&d=mm&r=g\",\"contentUrl\":\"https:\\\/\\\/secure.gravatar.com\\\/avatar\\\/3ea2118a5f7dad2b7138b1187a6b7ee55f160b9968b66013c3a3ef39dd7e5798?s=96&d=mm&r=g\",\"caption\":\"Jeanette\"},\"sameAs\":[\"https:\\\/\\\/www.eldiario.net\\\/portal\"],\"url\":\"https:\\\/\\\/www.eldiario.net\\\/portal\\\/author\\\/jeanette\\\/\"}]}<\/script>\n<!-- \/ Yoast SEO plugin. -->","yoast_head_json":{"title":"Sed de poder genera enga\u00f1os a la sociedad - El Diario - Bolivia","robots":{"index":"index","follow":"follow","max-snippet":"max-snippet:-1","max-image-preview":"max-image-preview:large","max-video-preview":"max-video-preview:-1"},"canonical":"https:\/\/www.eldiario.net\/portal\/2021\/06\/07\/sed-de-poder-genera-enganos-a-la-sociedad\/","og_locale":"es_ES","og_type":"article","og_title":"Sed de poder genera enga\u00f1os a la sociedad - El Diario - Bolivia","og_description":"La sed de poder ocasiona da\u00f1os a la sociedad, donde la verdad ya no es un valor y la informaci\u00f3n basada en datos inexistentes o distorsionados se presenta como verdadera, para lograr aspiraciones pol\u00edticas y econ\u00f3micas, advirti\u00f3 el arzobispo de Santa Cruz, monse\u00f1or Sergio Gualberti. La reflexi\u00f3n surgi\u00f3 durante la homil\u00eda dominical de ayer en [&hellip;]","og_url":"https:\/\/www.eldiario.net\/portal\/2021\/06\/07\/sed-de-poder-genera-enganos-a-la-sociedad\/","og_site_name":"El Diario - Bolivia","article_publisher":"https:\/\/www.facebook.com\/eldiario.bolivia\/","article_published_time":"2021-06-07T10:47:36+00:00","author":"Jeanette","twitter_card":"summary_large_image","twitter_creator":"@eldiario_net","twitter_site":"@eldiario_net","twitter_misc":{"Escrito por":"Jeanette","Tiempo de lectura":"3 minutos"},"schema":{"@context":"https:\/\/schema.org","@graph":[{"@type":"Article","@id":"https:\/\/www.eldiario.net\/portal\/2021\/06\/07\/sed-de-poder-genera-enganos-a-la-sociedad\/#article","isPartOf":{"@id":"https:\/\/www.eldiario.net\/portal\/2021\/06\/07\/sed-de-poder-genera-enganos-a-la-sociedad\/"},"author":{"name":"Jeanette","@id":"https:\/\/www.eldiario.net\/portal\/#\/schema\/person\/f46445640444750d7d753ccd04ae01b7"},"headline":"Sed de poder genera enga\u00f1os a la sociedad","datePublished":"2021-06-07T10:47:36+00:00","mainEntityOfPage":{"@id":"https:\/\/www.eldiario.net\/portal\/2021\/06\/07\/sed-de-poder-genera-enganos-a-la-sociedad\/"},"wordCount":525,"publisher":{"@id":"https:\/\/www.eldiario.net\/portal\/#organization"},"image":{"@id":"https:\/\/www.eldiario.net\/portal\/2021\/06\/07\/sed-de-poder-genera-enganos-a-la-sociedad\/#primaryimage"},"thumbnailUrl":"","articleSection":["Nacional"],"inLanguage":"es"},{"@type":"WebPage","@id":"https:\/\/www.eldiario.net\/portal\/2021\/06\/07\/sed-de-poder-genera-enganos-a-la-sociedad\/","url":"https:\/\/www.eldiario.net\/portal\/2021\/06\/07\/sed-de-poder-genera-enganos-a-la-sociedad\/","name":"Sed de poder genera enga\u00f1os a la sociedad - El Diario - Bolivia","isPartOf":{"@id":"https:\/\/www.eldiario.net\/portal\/#website"},"primaryImageOfPage":{"@id":"https:\/\/www.eldiario.net\/portal\/2021\/06\/07\/sed-de-poder-genera-enganos-a-la-sociedad\/#primaryimage"},"image":{"@id":"https:\/\/www.eldiario.net\/portal\/2021\/06\/07\/sed-de-poder-genera-enganos-a-la-sociedad\/#primaryimage"},"thumbnailUrl":"","datePublished":"2021-06-07T10:47:36+00:00","breadcrumb":{"@id":"https:\/\/www.eldiario.net\/portal\/2021\/06\/07\/sed-de-poder-genera-enganos-a-la-sociedad\/#breadcrumb"},"inLanguage":"es","potentialAction":[{"@type":"ReadAction","target":["https:\/\/www.eldiario.net\/portal\/2021\/06\/07\/sed-de-poder-genera-enganos-a-la-sociedad\/"]}]},{"@type":"ImageObject","inLanguage":"es","@id":"https:\/\/www.eldiario.net\/portal\/2021\/06\/07\/sed-de-poder-genera-enganos-a-la-sociedad\/#primaryimage","url":"","contentUrl":""},{"@type":"BreadcrumbList","@id":"https:\/\/www.eldiario.net\/portal\/2021\/06\/07\/sed-de-poder-genera-enganos-a-la-sociedad\/#breadcrumb","itemListElement":[{"@type":"ListItem","position":1,"name":"Portada","item":"https:\/\/www.eldiario.net\/portal\/"},{"@type":"ListItem","position":2,"name":"Sed de poder genera enga\u00f1os a la sociedad"}]},{"@type":"WebSite","@id":"https:\/\/www.eldiario.net\/portal\/#website","url":"https:\/\/www.eldiario.net\/portal\/","name":"El Diario - Decano de la prensa nacional","description":"El Diario - Decano de la prensa nacional","publisher":{"@id":"https:\/\/www.eldiario.net\/portal\/#organization"},"potentialAction":[{"@type":"SearchAction","target":{"@type":"EntryPoint","urlTemplate":"https:\/\/www.eldiario.net\/portal\/?s={search_term_string}"},"query-input":{"@type":"PropertyValueSpecification","valueRequired":true,"valueName":"search_term_string"}}],"inLanguage":"es"},{"@type":"Organization","@id":"https:\/\/www.eldiario.net\/portal\/#organization","name":"El Diario - Decano de la prensa nacional","url":"https:\/\/www.eldiario.net\/portal\/","logo":{"@type":"ImageObject","inLanguage":"es","@id":"https:\/\/www.eldiario.net\/portal\/#\/schema\/logo\/image\/","url":"https:\/\/www.eldiario.net\/portal\/wp-content\/uploads\/2023\/07\/logo_ED.jpg","contentUrl":"https:\/\/www.eldiario.net\/portal\/wp-content\/uploads\/2023\/07\/logo_ED.jpg","width":272,"height":52,"caption":"El Diario - Decano de la prensa nacional"},"image":{"@id":"https:\/\/www.eldiario.net\/portal\/#\/schema\/logo\/image\/"},"sameAs":["https:\/\/www.facebook.com\/eldiario.bolivia\/","https:\/\/x.com\/eldiario_net"]},{"@type":"Person","@id":"https:\/\/www.eldiario.net\/portal\/#\/schema\/person\/f46445640444750d7d753ccd04ae01b7","name":"Jeanette","image":{"@type":"ImageObject","inLanguage":"es","@id":"https:\/\/secure.gravatar.com\/avatar\/3ea2118a5f7dad2b7138b1187a6b7ee55f160b9968b66013c3a3ef39dd7e5798?s=96&d=mm&r=g","url":"https:\/\/secure.gravatar.com\/avatar\/3ea2118a5f7dad2b7138b1187a6b7ee55f160b9968b66013c3a3ef39dd7e5798?s=96&d=mm&r=g","contentUrl":"https:\/\/secure.gravatar.com\/avatar\/3ea2118a5f7dad2b7138b1187a6b7ee55f160b9968b66013c3a3ef39dd7e5798?s=96&d=mm&r=g","caption":"Jeanette"},"sameAs":["https:\/\/www.eldiario.net\/portal"],"url":"https:\/\/www.eldiario.net\/portal\/author\/jeanette\/"}]}},"_links":{"self":[{"href":"https:\/\/www.eldiario.net\/portal\/wp-json\/wp\/v2\/posts\/8915","targetHints":{"allow":["GET"]}}],"collection":[{"href":"https:\/\/www.eldiario.net\/portal\/wp-json\/wp\/v2\/posts"}],"about":[{"href":"https:\/\/www.eldiario.net\/portal\/wp-json\/wp\/v2\/types\/post"}],"author":[{"embeddable":true,"href":"https:\/\/www.eldiario.net\/portal\/wp-json\/wp\/v2\/users\/1"}],"replies":[{"embeddable":true,"href":"https:\/\/www.eldiario.net\/portal\/wp-json\/wp\/v2\/comments?post=8915"}],"version-history":[{"count":0,"href":"https:\/\/www.eldiario.net\/portal\/wp-json\/wp\/v2\/posts\/8915\/revisions"}],"wp:attachment":[{"href":"https:\/\/www.eldiario.net\/portal\/wp-json\/wp\/v2\/media?parent=8915"}],"wp:term":[{"taxonomy":"category","embeddable":true,"href":"https:\/\/www.eldiario.net\/portal\/wp-json\/wp\/v2\/categories?post=8915"},{"taxonomy":"post_tag","embeddable":true,"href":"https:\/\/www.eldiario.net\/portal\/wp-json\/wp\/v2\/tags?post=8915"}],"curies":[{"name":"wp","href":"https:\/\/api.w.org\/{rel}","templated":true}]}}