{"id":8909,"date":"2021-06-07T06:45:38","date_gmt":"2021-06-07T10:45:38","guid":{"rendered":"https:\/\/www.eldiario.net\/portal\/?p=8909"},"modified":"2021-06-07T06:45:38","modified_gmt":"2021-06-07T10:45:38","slug":"parque-nacional-tunari-invadido-por-miles-de-familias","status":"publish","type":"post","link":"https:\/\/www.eldiario.net\/portal\/2021\/06\/07\/parque-nacional-tunari-invadido-por-miles-de-familias\/","title":{"rendered":"Parque Nacional Tunari invadido por miles de familias"},"content":{"rendered":"<p>El viceministro de Medio Ambiente, Magin Herrera, afirm\u00f3 ayer que unas 83 mil familias ya viven el \u00e1rea protegida del Parque Nacional Tunari en Cochabamba y que el desalojo a estas alturas del tiempo se pone complicado.<br \/>\n\u201cTenemos aproximadamente, me dec\u00edan, como 83 mil familias que ya estar\u00edan dentro de esa \u00e1rea protegida, lo cual llama la atenci\u00f3n y ahora decir salgan, es totalmente complicado, pero entonces \u00bfqu\u00e9 actitud tenemos que tomar? Tenemos que tener la capacidad de interactuar, de interrelacionarnos y adoptar quiz\u00e1s una forma diferente de tal modo que nadie sea perjudicado\u201d, declar\u00f3.<br \/>\nDijo que \u201curbanizaciones tan lujosas ya est\u00e1n dentro el \u00e1rea protegida, en la zona norte en la ciudad de Cochabamba y en todo ese contorno, partiendo de Quillacollo, pasando Tiquipaya, hasta llegar a Sacaba, toda esa franja ya est\u00e1 invadida\u201d.<br \/>\nIndic\u00f3 que para esta ocupaci\u00f3n hay complicidades, porque si bien en un \u00e1rea protegida pueden ingresar dos o tres familias, pero si no hubiera dotaciones de agua, luz y otros servicios b\u00e1sicos, probablemente la ocupaci\u00f3n hubiera sido menor.<br \/>\nAsegur\u00f3 que la dotaci\u00f3n de estos servicios poco a poco ha ido legalizando estas urbanizaciones, pese a que el cuidado de los parques no solo es del Gobierno central, sino tambi\u00e9n de los municipios y los gobiernos departamentales.<br \/>\nLa autoridad sostuvo que en el pa\u00eds existe unas 22 \u00e1reas protegidas, entre ellas el Parque Nacional Tunari, que est\u00e1n bajo responsabilidad del Gobierno nacional, y unas 34 fueron transferidas a los gobiernos municipales que no solamente tienen que ver con la conservaci\u00f3n de los parques sino tambi\u00e9n las \u00e1reas forestales.<br \/>\nRecord\u00f3 que en la reserva forestal del Chor\u00e9 y Guarayos en Santa Cruz, empresarios privados agarraron extensas zonas y llevaron a gente del occidente para entregarles tierras sin ning\u00fan papel y utilizarlos para fines pol\u00edticos o generar divisi\u00f3n en las organizaciones sociales.<br \/>\nLa autoridad particip\u00f3 en el programa Hagamos Democracia de la red Erbol, a prop\u00f3sito del D\u00eda Mundial del Medio Ambiente que se record\u00f3 este 5 de junio en todo el planeta, instituido en 1997 por las Naciones Unidas para reflexionar sobre la situaci\u00f3n de los ecosistemas.<br \/>\nExplic\u00f3 que, en Bolivia, la entidad encargada es la Autoridad de Bosques y Tierras (ABT) y en pasados d\u00edas emiti\u00f3 una resoluci\u00f3n que puso un plazo hasta el 30 de junio la quema autorizada de chacos con fines agr\u00edcolas.<\/p>\n","protected":false},"excerpt":{"rendered":"<p>El viceministro de Medio Ambiente, Magin Herrera, afirm\u00f3 ayer que unas 83 mil familias ya viven el \u00e1rea protegida del Parque Nacional Tunari en Cochabamba y que el desalojo a estas alturas del tiempo se pone complicado. \u201cTenemos aproximadamente, me dec\u00edan, como 83 mil familias que ya estar\u00edan dentro de esa \u00e1rea protegida, lo cual [&hellip;]<\/p>\n","protected":false},"author":1,"featured_media":8910,"comment_status":"closed","ping_status":"closed","sticky":false,"template":"","format":"standard","meta":{"_acf_changed":false,"footnotes":""},"categories":[12],"tags":[],"class_list":["post-8909","post","type-post","status-publish","format-standard","has-post-thumbnail","category-nacional"],"acf":{"antetitulo":""},"yoast_head":"<!-- This site is optimized with the Yoast SEO plugin v28.3 - https:\/\/yoast.com\/product\/yoast-seo-wordpress\/ -->\n<title>Parque Nacional Tunari invadido por miles de familias - El Diario - Bolivia<\/title>\n<meta name=\"robots\" content=\"index, follow, max-snippet:-1, max-image-preview:large, max-video-preview:-1\" \/>\n<link rel=\"canonical\" href=\"https:\/\/www.eldiario.net\/portal\/2021\/06\/07\/parque-nacional-tunari-invadido-por-miles-de-familias\/\" \/>\n<meta property=\"og:locale\" content=\"es_ES\" \/>\n<meta property=\"og:type\" content=\"article\" \/>\n<meta property=\"og:title\" content=\"Parque Nacional Tunari invadido por miles de familias - El Diario - Bolivia\" \/>\n<meta property=\"og:description\" content=\"El viceministro de Medio Ambiente, Magin Herrera, afirm\u00f3 ayer que unas 83 mil familias ya viven el \u00e1rea protegida del Parque Nacional Tunari en Cochabamba y que el desalojo a estas alturas del tiempo se pone complicado. \u201cTenemos aproximadamente, me dec\u00edan, como 83 mil familias que ya estar\u00edan dentro de esa \u00e1rea protegida, lo cual [&hellip;]\" \/>\n<meta property=\"og:url\" content=\"https:\/\/www.eldiario.net\/portal\/2021\/06\/07\/parque-nacional-tunari-invadido-por-miles-de-familias\/\" \/>\n<meta property=\"og:site_name\" content=\"El Diario - Bolivia\" \/>\n<meta property=\"article:publisher\" content=\"https:\/\/www.facebook.com\/eldiario.bolivia\/\" \/>\n<meta property=\"article:published_time\" content=\"2021-06-07T10:45:38+00:00\" \/>\n<meta name=\"author\" content=\"Jeanette\" \/>\n<meta name=\"twitter:card\" content=\"summary_large_image\" \/>\n<meta name=\"twitter:creator\" content=\"@eldiario_net\" \/>\n<meta name=\"twitter:site\" content=\"@eldiario_net\" \/>\n<meta name=\"twitter:label1\" content=\"Escrito por\" \/>\n\t<meta name=\"twitter:data1\" content=\"Jeanette\" \/>\n\t<meta name=\"twitter:label2\" content=\"Tiempo de lectura\" \/>\n\t<meta name=\"twitter:data2\" content=\"2 minutos\" \/>\n<script type=\"application\/ld+json\" class=\"yoast-schema-graph\">{\"@context\":\"https:\\\/\\\/schema.org\",\"@graph\":[{\"@type\":\"Article\",\"@id\":\"https:\\\/\\\/www.eldiario.net\\\/portal\\\/2021\\\/06\\\/07\\\/parque-nacional-tunari-invadido-por-miles-de-familias\\\/#article\",\"isPartOf\":{\"@id\":\"https:\\\/\\\/www.eldiario.net\\\/portal\\\/2021\\\/06\\\/07\\\/parque-nacional-tunari-invadido-por-miles-de-familias\\\/\"},\"author\":{\"name\":\"Jeanette\",\"@id\":\"https:\\\/\\\/www.eldiario.net\\\/portal\\\/#\\\/schema\\\/person\\\/f46445640444750d7d753ccd04ae01b7\"},\"headline\":\"Parque Nacional Tunari invadido por miles de familias\",\"datePublished\":\"2021-06-07T10:45:38+00:00\",\"mainEntityOfPage\":{\"@id\":\"https:\\\/\\\/www.eldiario.net\\\/portal\\\/2021\\\/06\\\/07\\\/parque-nacional-tunari-invadido-por-miles-de-familias\\\/\"},\"wordCount\":413,\"publisher\":{\"@id\":\"https:\\\/\\\/www.eldiario.net\\\/portal\\\/#organization\"},\"image\":{\"@id\":\"https:\\\/\\\/www.eldiario.net\\\/portal\\\/2021\\\/06\\\/07\\\/parque-nacional-tunari-invadido-por-miles-de-familias\\\/#primaryimage\"},\"thumbnailUrl\":\"\",\"articleSection\":[\"Nacional\"],\"inLanguage\":\"es\"},{\"@type\":\"WebPage\",\"@id\":\"https:\\\/\\\/www.eldiario.net\\\/portal\\\/2021\\\/06\\\/07\\\/parque-nacional-tunari-invadido-por-miles-de-familias\\\/\",\"url\":\"https:\\\/\\\/www.eldiario.net\\\/portal\\\/2021\\\/06\\\/07\\\/parque-nacional-tunari-invadido-por-miles-de-familias\\\/\",\"name\":\"Parque Nacional Tunari invadido por miles de familias - El Diario - Bolivia\",\"isPartOf\":{\"@id\":\"https:\\\/\\\/www.eldiario.net\\\/portal\\\/#website\"},\"primaryImageOfPage\":{\"@id\":\"https:\\\/\\\/www.eldiario.net\\\/portal\\\/2021\\\/06\\\/07\\\/parque-nacional-tunari-invadido-por-miles-de-familias\\\/#primaryimage\"},\"image\":{\"@id\":\"https:\\\/\\\/www.eldiario.net\\\/portal\\\/2021\\\/06\\\/07\\\/parque-nacional-tunari-invadido-por-miles-de-familias\\\/#primaryimage\"},\"thumbnailUrl\":\"\",\"datePublished\":\"2021-06-07T10:45:38+00:00\",\"breadcrumb\":{\"@id\":\"https:\\\/\\\/www.eldiario.net\\\/portal\\\/2021\\\/06\\\/07\\\/parque-nacional-tunari-invadido-por-miles-de-familias\\\/#breadcrumb\"},\"inLanguage\":\"es\",\"potentialAction\":[{\"@type\":\"ReadAction\",\"target\":[\"https:\\\/\\\/www.eldiario.net\\\/portal\\\/2021\\\/06\\\/07\\\/parque-nacional-tunari-invadido-por-miles-de-familias\\\/\"]}]},{\"@type\":\"ImageObject\",\"inLanguage\":\"es\",\"@id\":\"https:\\\/\\\/www.eldiario.net\\\/portal\\\/2021\\\/06\\\/07\\\/parque-nacional-tunari-invadido-por-miles-de-familias\\\/#primaryimage\",\"url\":\"\",\"contentUrl\":\"\"},{\"@type\":\"BreadcrumbList\",\"@id\":\"https:\\\/\\\/www.eldiario.net\\\/portal\\\/2021\\\/06\\\/07\\\/parque-nacional-tunari-invadido-por-miles-de-familias\\\/#breadcrumb\",\"itemListElement\":[{\"@type\":\"ListItem\",\"position\":1,\"name\":\"Portada\",\"item\":\"https:\\\/\\\/www.eldiario.net\\\/portal\\\/\"},{\"@type\":\"ListItem\",\"position\":2,\"name\":\"Parque Nacional Tunari invadido por miles de familias\"}]},{\"@type\":\"WebSite\",\"@id\":\"https:\\\/\\\/www.eldiario.net\\\/portal\\\/#website\",\"url\":\"https:\\\/\\\/www.eldiario.net\\\/portal\\\/\",\"name\":\"El Diario - Decano de la prensa nacional\",\"description\":\"El Diario - Decano de la prensa nacional\",\"publisher\":{\"@id\":\"https:\\\/\\\/www.eldiario.net\\\/portal\\\/#organization\"},\"potentialAction\":[{\"@type\":\"SearchAction\",\"target\":{\"@type\":\"EntryPoint\",\"urlTemplate\":\"https:\\\/\\\/www.eldiario.net\\\/portal\\\/?s={search_term_string}\"},\"query-input\":{\"@type\":\"PropertyValueSpecification\",\"valueRequired\":true,\"valueName\":\"search_term_string\"}}],\"inLanguage\":\"es\"},{\"@type\":\"Organization\",\"@id\":\"https:\\\/\\\/www.eldiario.net\\\/portal\\\/#organization\",\"name\":\"El Diario - Decano de la prensa nacional\",\"url\":\"https:\\\/\\\/www.eldiario.net\\\/portal\\\/\",\"logo\":{\"@type\":\"ImageObject\",\"inLanguage\":\"es\",\"@id\":\"https:\\\/\\\/www.eldiario.net\\\/portal\\\/#\\\/schema\\\/logo\\\/image\\\/\",\"url\":\"https:\\\/\\\/www.eldiario.net\\\/portal\\\/wp-content\\\/uploads\\\/2023\\\/07\\\/logo_ED.jpg\",\"contentUrl\":\"https:\\\/\\\/www.eldiario.net\\\/portal\\\/wp-content\\\/uploads\\\/2023\\\/07\\\/logo_ED.jpg\",\"width\":272,\"height\":52,\"caption\":\"El Diario - Decano de la prensa nacional\"},\"image\":{\"@id\":\"https:\\\/\\\/www.eldiario.net\\\/portal\\\/#\\\/schema\\\/logo\\\/image\\\/\"},\"sameAs\":[\"https:\\\/\\\/www.facebook.com\\\/eldiario.bolivia\\\/\",\"https:\\\/\\\/x.com\\\/eldiario_net\"]},{\"@type\":\"Person\",\"@id\":\"https:\\\/\\\/www.eldiario.net\\\/portal\\\/#\\\/schema\\\/person\\\/f46445640444750d7d753ccd04ae01b7\",\"name\":\"Jeanette\",\"image\":{\"@type\":\"ImageObject\",\"inLanguage\":\"es\",\"@id\":\"https:\\\/\\\/secure.gravatar.com\\\/avatar\\\/3ea2118a5f7dad2b7138b1187a6b7ee55f160b9968b66013c3a3ef39dd7e5798?s=96&d=mm&r=g\",\"url\":\"https:\\\/\\\/secure.gravatar.com\\\/avatar\\\/3ea2118a5f7dad2b7138b1187a6b7ee55f160b9968b66013c3a3ef39dd7e5798?s=96&d=mm&r=g\",\"contentUrl\":\"https:\\\/\\\/secure.gravatar.com\\\/avatar\\\/3ea2118a5f7dad2b7138b1187a6b7ee55f160b9968b66013c3a3ef39dd7e5798?s=96&d=mm&r=g\",\"caption\":\"Jeanette\"},\"sameAs\":[\"https:\\\/\\\/www.eldiario.net\\\/portal\"],\"url\":\"https:\\\/\\\/www.eldiario.net\\\/portal\\\/author\\\/jeanette\\\/\"}]}<\/script>\n<!-- \/ Yoast SEO plugin. -->","yoast_head_json":{"title":"Parque Nacional Tunari invadido por miles de familias - El Diario - Bolivia","robots":{"index":"index","follow":"follow","max-snippet":"max-snippet:-1","max-image-preview":"max-image-preview:large","max-video-preview":"max-video-preview:-1"},"canonical":"https:\/\/www.eldiario.net\/portal\/2021\/06\/07\/parque-nacional-tunari-invadido-por-miles-de-familias\/","og_locale":"es_ES","og_type":"article","og_title":"Parque Nacional Tunari invadido por miles de familias - El Diario - Bolivia","og_description":"El viceministro de Medio Ambiente, Magin Herrera, afirm\u00f3 ayer que unas 83 mil familias ya viven el \u00e1rea protegida del Parque Nacional Tunari en Cochabamba y que el desalojo a estas alturas del tiempo se pone complicado. \u201cTenemos aproximadamente, me dec\u00edan, como 83 mil familias que ya estar\u00edan dentro de esa \u00e1rea protegida, lo cual [&hellip;]","og_url":"https:\/\/www.eldiario.net\/portal\/2021\/06\/07\/parque-nacional-tunari-invadido-por-miles-de-familias\/","og_site_name":"El Diario - Bolivia","article_publisher":"https:\/\/www.facebook.com\/eldiario.bolivia\/","article_published_time":"2021-06-07T10:45:38+00:00","author":"Jeanette","twitter_card":"summary_large_image","twitter_creator":"@eldiario_net","twitter_site":"@eldiario_net","twitter_misc":{"Escrito por":"Jeanette","Tiempo de lectura":"2 minutos"},"schema":{"@context":"https:\/\/schema.org","@graph":[{"@type":"Article","@id":"https:\/\/www.eldiario.net\/portal\/2021\/06\/07\/parque-nacional-tunari-invadido-por-miles-de-familias\/#article","isPartOf":{"@id":"https:\/\/www.eldiario.net\/portal\/2021\/06\/07\/parque-nacional-tunari-invadido-por-miles-de-familias\/"},"author":{"name":"Jeanette","@id":"https:\/\/www.eldiario.net\/portal\/#\/schema\/person\/f46445640444750d7d753ccd04ae01b7"},"headline":"Parque Nacional Tunari invadido por miles de familias","datePublished":"2021-06-07T10:45:38+00:00","mainEntityOfPage":{"@id":"https:\/\/www.eldiario.net\/portal\/2021\/06\/07\/parque-nacional-tunari-invadido-por-miles-de-familias\/"},"wordCount":413,"publisher":{"@id":"https:\/\/www.eldiario.net\/portal\/#organization"},"image":{"@id":"https:\/\/www.eldiario.net\/portal\/2021\/06\/07\/parque-nacional-tunari-invadido-por-miles-de-familias\/#primaryimage"},"thumbnailUrl":"","articleSection":["Nacional"],"inLanguage":"es"},{"@type":"WebPage","@id":"https:\/\/www.eldiario.net\/portal\/2021\/06\/07\/parque-nacional-tunari-invadido-por-miles-de-familias\/","url":"https:\/\/www.eldiario.net\/portal\/2021\/06\/07\/parque-nacional-tunari-invadido-por-miles-de-familias\/","name":"Parque Nacional Tunari invadido por miles de familias - El Diario - Bolivia","isPartOf":{"@id":"https:\/\/www.eldiario.net\/portal\/#website"},"primaryImageOfPage":{"@id":"https:\/\/www.eldiario.net\/portal\/2021\/06\/07\/parque-nacional-tunari-invadido-por-miles-de-familias\/#primaryimage"},"image":{"@id":"https:\/\/www.eldiario.net\/portal\/2021\/06\/07\/parque-nacional-tunari-invadido-por-miles-de-familias\/#primaryimage"},"thumbnailUrl":"","datePublished":"2021-06-07T10:45:38+00:00","breadcrumb":{"@id":"https:\/\/www.eldiario.net\/portal\/2021\/06\/07\/parque-nacional-tunari-invadido-por-miles-de-familias\/#breadcrumb"},"inLanguage":"es","potentialAction":[{"@type":"ReadAction","target":["https:\/\/www.eldiario.net\/portal\/2021\/06\/07\/parque-nacional-tunari-invadido-por-miles-de-familias\/"]}]},{"@type":"ImageObject","inLanguage":"es","@id":"https:\/\/www.eldiario.net\/portal\/2021\/06\/07\/parque-nacional-tunari-invadido-por-miles-de-familias\/#primaryimage","url":"","contentUrl":""},{"@type":"BreadcrumbList","@id":"https:\/\/www.eldiario.net\/portal\/2021\/06\/07\/parque-nacional-tunari-invadido-por-miles-de-familias\/#breadcrumb","itemListElement":[{"@type":"ListItem","position":1,"name":"Portada","item":"https:\/\/www.eldiario.net\/portal\/"},{"@type":"ListItem","position":2,"name":"Parque Nacional Tunari invadido por miles de familias"}]},{"@type":"WebSite","@id":"https:\/\/www.eldiario.net\/portal\/#website","url":"https:\/\/www.eldiario.net\/portal\/","name":"El Diario - Decano de la prensa nacional","description":"El Diario - Decano de la prensa nacional","publisher":{"@id":"https:\/\/www.eldiario.net\/portal\/#organization"},"potentialAction":[{"@type":"SearchAction","target":{"@type":"EntryPoint","urlTemplate":"https:\/\/www.eldiario.net\/portal\/?s={search_term_string}"},"query-input":{"@type":"PropertyValueSpecification","valueRequired":true,"valueName":"search_term_string"}}],"inLanguage":"es"},{"@type":"Organization","@id":"https:\/\/www.eldiario.net\/portal\/#organization","name":"El Diario - Decano de la prensa nacional","url":"https:\/\/www.eldiario.net\/portal\/","logo":{"@type":"ImageObject","inLanguage":"es","@id":"https:\/\/www.eldiario.net\/portal\/#\/schema\/logo\/image\/","url":"https:\/\/www.eldiario.net\/portal\/wp-content\/uploads\/2023\/07\/logo_ED.jpg","contentUrl":"https:\/\/www.eldiario.net\/portal\/wp-content\/uploads\/2023\/07\/logo_ED.jpg","width":272,"height":52,"caption":"El Diario - Decano de la prensa nacional"},"image":{"@id":"https:\/\/www.eldiario.net\/portal\/#\/schema\/logo\/image\/"},"sameAs":["https:\/\/www.facebook.com\/eldiario.bolivia\/","https:\/\/x.com\/eldiario_net"]},{"@type":"Person","@id":"https:\/\/www.eldiario.net\/portal\/#\/schema\/person\/f46445640444750d7d753ccd04ae01b7","name":"Jeanette","image":{"@type":"ImageObject","inLanguage":"es","@id":"https:\/\/secure.gravatar.com\/avatar\/3ea2118a5f7dad2b7138b1187a6b7ee55f160b9968b66013c3a3ef39dd7e5798?s=96&d=mm&r=g","url":"https:\/\/secure.gravatar.com\/avatar\/3ea2118a5f7dad2b7138b1187a6b7ee55f160b9968b66013c3a3ef39dd7e5798?s=96&d=mm&r=g","contentUrl":"https:\/\/secure.gravatar.com\/avatar\/3ea2118a5f7dad2b7138b1187a6b7ee55f160b9968b66013c3a3ef39dd7e5798?s=96&d=mm&r=g","caption":"Jeanette"},"sameAs":["https:\/\/www.eldiario.net\/portal"],"url":"https:\/\/www.eldiario.net\/portal\/author\/jeanette\/"}]}},"_links":{"self":[{"href":"https:\/\/www.eldiario.net\/portal\/wp-json\/wp\/v2\/posts\/8909","targetHints":{"allow":["GET"]}}],"collection":[{"href":"https:\/\/www.eldiario.net\/portal\/wp-json\/wp\/v2\/posts"}],"about":[{"href":"https:\/\/www.eldiario.net\/portal\/wp-json\/wp\/v2\/types\/post"}],"author":[{"embeddable":true,"href":"https:\/\/www.eldiario.net\/portal\/wp-json\/wp\/v2\/users\/1"}],"replies":[{"embeddable":true,"href":"https:\/\/www.eldiario.net\/portal\/wp-json\/wp\/v2\/comments?post=8909"}],"version-history":[{"count":0,"href":"https:\/\/www.eldiario.net\/portal\/wp-json\/wp\/v2\/posts\/8909\/revisions"}],"wp:attachment":[{"href":"https:\/\/www.eldiario.net\/portal\/wp-json\/wp\/v2\/media?parent=8909"}],"wp:term":[{"taxonomy":"category","embeddable":true,"href":"https:\/\/www.eldiario.net\/portal\/wp-json\/wp\/v2\/categories?post=8909"},{"taxonomy":"post_tag","embeddable":true,"href":"https:\/\/www.eldiario.net\/portal\/wp-json\/wp\/v2\/tags?post=8909"}],"curies":[{"name":"wp","href":"https:\/\/api.w.org\/{rel}","templated":true}]}}