{"id":89083,"date":"2022-06-08T05:14:59","date_gmt":"2022-06-08T09:14:59","guid":{"rendered":"https:\/\/www.eldiario.net\/portal\/?p=89083"},"modified":"2022-06-08T05:14:59","modified_gmt":"2022-06-08T09:14:59","slug":"ue-culpa-a-rusia-de-la-inminente-crisis-alimentaria-a-nivel-mundial","status":"publish","type":"post","link":"https:\/\/www.eldiario.net\/portal\/2022\/06\/08\/ue-culpa-a-rusia-de-la-inminente-crisis-alimentaria-a-nivel-mundial\/","title":{"rendered":"UE culpa a Rusia de la inminente  crisis alimentaria a nivel mundial"},"content":{"rendered":"<p>El presidente del Consejo Europeo, Charles Michel, acus\u00f3 a Rusia de utilizar el suministro de alimentos como \u201cun misil furtivo contra los pa\u00edses en desarrollo\u201d y culp\u00f3 al Kremlin de la inminente crisis alimentaria mundial, lo que provoc\u00f3 que el embajador de Mosc\u00fa en la ONU abandonara una reuni\u00f3n del Consejo de Seguridad.<br \/>\nMichel se dirigi\u00f3 directamente al embajador ruso, Vassily Nebenzia, en la reuni\u00f3n del Consejo, diciendo que vio millones de toneladas de grano y trigo atascadas en contenedores y barcos en el puerto ucraniano de Odessa hace unas semanas.<br \/>\nEso fue \u201cpor culpa de los buques de guerra rusos en el Mar Negro\u201d, y de los ataques de Mosc\u00fa a las infraestructuras de transporte y a las instalaciones de almacenamiento de grano, as\u00ed como de sus tanques, bombas y minas que impiden a Ucrania sembrar y cosechar, afirm\u00f3.<br \/>\n\u201cEsto est\u00e1 haciendo subir los precios de los alimentos, empujando a la gente a la pobreza y desestabilizando regiones enteras\u201d, dijo Michel. \u201cRusia es la \u00fanica responsable de esta crisis alimentaria que se avecina. Solo Rusia\u201d, a\u00f1adi\u00f3.<br \/>\nMichel tambi\u00e9n acus\u00f3 a las fuerzas rusas de robar grano de las zonas que ha ocupado \u201cmientras se desplaza la culpa de otros\u201d, calificando esto de \u201ccobarde\u201d y \u201cpropaganda, pura y dura\u201d.<br \/>\nNebenzia abandon\u00f3 la sesi\u00f3n informativa de Michel, cediendo el asiento de Rusia a otro diplom\u00e1tico.<br \/>\nEl embajador adjunto de Rusia en la ONU, Dmitry Polyansky, escribi\u00f3 m\u00e1s tarde en el canal ruso de Telegram que los comentarios de Michel fueron \u201ctan groseros\u201d que el embajador ruso abandon\u00f3 la sala del Consejo de Seguridad.<br \/>\nLa reuni\u00f3n del Consejo de Seguridad deb\u00eda centrarse en la violencia sexual durante la guerra en Ucrania, pero tambi\u00e9n se plante\u00f3 la invasi\u00f3n rusa y sus consecuencias, especialmente en la escasez mundial de alimentos y el aumento de los precios.<br \/>\nMichel respald\u00f3 firmemente los esfuerzos del Secretario General de la ONU, Antonio Guterres, para conseguir un acuerdo global que permita las exportaciones de grano desde Ucrania y garantice que los alimentos y fertilizantes rusos tengan acceso sin restricciones a los mercados mundiales.<br \/>\nUcrania y Rusia producen conjuntamente casi un tercio del trigo y la cebada del mundo y la mitad del aceite de girasol, mientras que Rusia y su aliada Bielorrusia son los productores n\u00famero dos y tres del mundo de potasa, un ingrediente clave de los fertilizantes.<br \/>\nGuterres advirti\u00f3 el mes pasado que los niveles de hambre en el mundo \u201cest\u00e1n en un nuevo nivel\u201d, ya que el n\u00famero de personas que se enfrentan a una grave inseguridad alimentaria se ha duplicado en solo dos a\u00f1os, pasando de 135 millones antes de la pandemia de covid-19 a 276 millones en la actualidad. Dijo que m\u00e1s de 500.000 personas viven en condiciones de hambruna, un aumento de m\u00e1s del 500 % desde 2016.<br \/>\nEl embajador de Ucrania ante la ONU, Sergiy Kyslytsya, dijo el lunes ante el Consejo de Seguridad que el pa\u00eds sigue comprometido con la b\u00fasqueda de soluciones para evitar la crisis alimentaria mundial y que est\u00e1 dispuesto a crear \u201clas condiciones necesarias\u201d para reanudar las exportaciones desde el puerto clave del sur de Odesa.<br \/>\n\u201cLa cuesti\u00f3n es c\u00f3mo asegurarse de que Rusia no abuse de la ruta comercial para atacar la propia ciudad\u201d, se\u00f1al\u00f3.<br \/>\nKyslytsya dijo que la cuesti\u00f3n ha cobrado mayor relevancia desde que cuatro misiles rusos impactaron el domingo en una planta de Kiev, donde se estaban reparando vagones de carga que transportan grano a los puertos ucranianos.<br \/>\n\u201cSignifica que todos los cuentos de hadas de Putin sobre su disposici\u00f3n a facilitar la exportaci\u00f3n de trigo ucraniano, que tan elocuentemente cuenta a sus escasos interlocutores, est\u00e1n demasiado alejados de la realidad\u201d, indic\u00f3 el embajador ucraniano.<br \/>\nNo obstante, \u201cseguimos trabajando con la ONU y nuestros socios para garantizar el funcionamiento de las normas mar\u00edtimas para el experto en productos agr\u00edcolas ucranianos\u201d, dijo Kyslytsya.<br \/>\n\u201cComo primer paso\u201d, se\u00f1al\u00f3, \u201cRusia debe retirar sus fuerzas navales en las aguas mar\u00edtimas que rodean a Ucrania y ofrecer garant\u00edas de seguridad contra los ataques en los puertos\u201d y contra los barcos comerciales.<br \/>\nEl Secretario de Estado de EE.UU., Antony J. Blinken, en una mesa redonda virtual con grupos del sector privado sobre cuestiones de seguridad alimentaria derivadas del conflicto, acus\u00f3 a las fuerzas rusas de plantar explosivos en las tierras de cultivo capturadas y de acaparar las exportaciones de alimentos de Ucrania.<br \/>\nBlinken dijo que el presidente ruso, Vladimir Putin, est\u00e1 haciendo esto y \u201cutilizando agresivamente su maquinaria de propaganda para desviar o distorsionar la responsabilidad porque espera que eso haga que el mundo ceda ante \u00e9l y luego las sanciones\u201d. En otras palabras, sencillamente: es un chantaje\u201d.<br \/>\n\u201cEl Kremlin tiene que darse cuenta de que est\u00e1 exportando el hambre y el sufrimiento mucho m\u00e1s all\u00e1 de las fronteras de Ucrania\u201d, y que \u00c1frica est\u00e1 experimentando \u201cuna parte excesiva del dolor\u201d, dijo. (Infobae)<\/p>\n","protected":false},"excerpt":{"rendered":"<p>El presidente del Consejo Europeo, Charles Michel, acus\u00f3 a Rusia de utilizar el suministro de alimentos como \u201cun misil furtivo contra los pa\u00edses en desarrollo\u201d y culp\u00f3 al Kremlin de la inminente crisis alimentaria mundial, lo que provoc\u00f3 que el embajador de Mosc\u00fa en la ONU abandonara una reuni\u00f3n del Consejo de Seguridad. Michel se [&hellip;]<\/p>\n","protected":false},"author":1,"featured_media":89084,"comment_status":"closed","ping_status":"closed","sticky":false,"template":"","format":"standard","meta":{"_acf_changed":false,"footnotes":""},"categories":[3],"tags":[],"class_list":["post-89083","post","type-post","status-publish","format-standard","has-post-thumbnail","category-internacional"],"acf":{"antetitulo":""},"yoast_head":"<!-- This site is optimized with the Yoast SEO plugin v28.4 - https:\/\/yoast.com\/product\/yoast-seo-wordpress\/ -->\n<title>UE culpa a Rusia de la inminente crisis alimentaria a nivel mundial - El Diario - Bolivia<\/title>\n<meta name=\"robots\" content=\"index, follow, max-snippet:-1, max-image-preview:large, max-video-preview:-1\" \/>\n<link rel=\"canonical\" href=\"https:\/\/www.eldiario.net\/portal\/2022\/06\/08\/ue-culpa-a-rusia-de-la-inminente-crisis-alimentaria-a-nivel-mundial\/\" \/>\n<meta property=\"og:locale\" content=\"es_ES\" \/>\n<meta property=\"og:type\" content=\"article\" \/>\n<meta property=\"og:title\" content=\"UE culpa a Rusia de la inminente crisis alimentaria a nivel mundial - El Diario - Bolivia\" \/>\n<meta property=\"og:description\" content=\"El presidente del Consejo Europeo, Charles Michel, acus\u00f3 a Rusia de utilizar el suministro de alimentos como \u201cun misil furtivo contra los pa\u00edses en desarrollo\u201d y culp\u00f3 al Kremlin de la inminente crisis alimentaria mundial, lo que provoc\u00f3 que el embajador de Mosc\u00fa en la ONU abandonara una reuni\u00f3n del Consejo de Seguridad. Michel se [&hellip;]\" \/>\n<meta property=\"og:url\" content=\"https:\/\/www.eldiario.net\/portal\/2022\/06\/08\/ue-culpa-a-rusia-de-la-inminente-crisis-alimentaria-a-nivel-mundial\/\" \/>\n<meta property=\"og:site_name\" content=\"El Diario - Bolivia\" \/>\n<meta property=\"article:publisher\" content=\"https:\/\/www.facebook.com\/eldiario.bolivia\/\" \/>\n<meta property=\"article:published_time\" content=\"2022-06-08T09:14:59+00:00\" \/>\n<meta name=\"author\" content=\"Jeanette\" \/>\n<meta name=\"twitter:card\" content=\"summary_large_image\" \/>\n<meta name=\"twitter:creator\" content=\"@eldiario_net\" \/>\n<meta name=\"twitter:site\" content=\"@eldiario_net\" \/>\n<meta name=\"twitter:label1\" content=\"Escrito por\" \/>\n\t<meta name=\"twitter:data1\" content=\"Jeanette\" \/>\n\t<meta name=\"twitter:label2\" content=\"Tiempo de lectura\" \/>\n\t<meta name=\"twitter:data2\" content=\"4 minutos\" \/>\n<script type=\"application\/ld+json\" class=\"yoast-schema-graph\">{\"@context\":\"https:\\\/\\\/schema.org\",\"@graph\":[{\"@type\":\"Article\",\"@id\":\"https:\\\/\\\/www.eldiario.net\\\/portal\\\/2022\\\/06\\\/08\\\/ue-culpa-a-rusia-de-la-inminente-crisis-alimentaria-a-nivel-mundial\\\/#article\",\"isPartOf\":{\"@id\":\"https:\\\/\\\/www.eldiario.net\\\/portal\\\/2022\\\/06\\\/08\\\/ue-culpa-a-rusia-de-la-inminente-crisis-alimentaria-a-nivel-mundial\\\/\"},\"author\":{\"name\":\"Jeanette\",\"@id\":\"https:\\\/\\\/www.eldiario.net\\\/portal\\\/#\\\/schema\\\/person\\\/2c57cf2b7a7ae032e449e4c9b1019eac\"},\"headline\":\"UE culpa a Rusia de la inminente crisis alimentaria a nivel mundial\",\"datePublished\":\"2022-06-08T09:14:59+00:00\",\"mainEntityOfPage\":{\"@id\":\"https:\\\/\\\/www.eldiario.net\\\/portal\\\/2022\\\/06\\\/08\\\/ue-culpa-a-rusia-de-la-inminente-crisis-alimentaria-a-nivel-mundial\\\/\"},\"wordCount\":844,\"publisher\":{\"@id\":\"https:\\\/\\\/www.eldiario.net\\\/portal\\\/#organization\"},\"image\":{\"@id\":\"https:\\\/\\\/www.eldiario.net\\\/portal\\\/2022\\\/06\\\/08\\\/ue-culpa-a-rusia-de-la-inminente-crisis-alimentaria-a-nivel-mundial\\\/#primaryimage\"},\"thumbnailUrl\":\"\",\"articleSection\":[\"Internacional\"],\"inLanguage\":\"es\"},{\"@type\":\"WebPage\",\"@id\":\"https:\\\/\\\/www.eldiario.net\\\/portal\\\/2022\\\/06\\\/08\\\/ue-culpa-a-rusia-de-la-inminente-crisis-alimentaria-a-nivel-mundial\\\/\",\"url\":\"https:\\\/\\\/www.eldiario.net\\\/portal\\\/2022\\\/06\\\/08\\\/ue-culpa-a-rusia-de-la-inminente-crisis-alimentaria-a-nivel-mundial\\\/\",\"name\":\"UE culpa a Rusia de la inminente crisis alimentaria a nivel mundial - El Diario - Bolivia\",\"isPartOf\":{\"@id\":\"https:\\\/\\\/www.eldiario.net\\\/portal\\\/#website\"},\"primaryImageOfPage\":{\"@id\":\"https:\\\/\\\/www.eldiario.net\\\/portal\\\/2022\\\/06\\\/08\\\/ue-culpa-a-rusia-de-la-inminente-crisis-alimentaria-a-nivel-mundial\\\/#primaryimage\"},\"image\":{\"@id\":\"https:\\\/\\\/www.eldiario.net\\\/portal\\\/2022\\\/06\\\/08\\\/ue-culpa-a-rusia-de-la-inminente-crisis-alimentaria-a-nivel-mundial\\\/#primaryimage\"},\"thumbnailUrl\":\"\",\"datePublished\":\"2022-06-08T09:14:59+00:00\",\"breadcrumb\":{\"@id\":\"https:\\\/\\\/www.eldiario.net\\\/portal\\\/2022\\\/06\\\/08\\\/ue-culpa-a-rusia-de-la-inminente-crisis-alimentaria-a-nivel-mundial\\\/#breadcrumb\"},\"inLanguage\":\"es\",\"potentialAction\":[{\"@type\":\"ReadAction\",\"target\":[\"https:\\\/\\\/www.eldiario.net\\\/portal\\\/2022\\\/06\\\/08\\\/ue-culpa-a-rusia-de-la-inminente-crisis-alimentaria-a-nivel-mundial\\\/\"]}]},{\"@type\":\"ImageObject\",\"inLanguage\":\"es\",\"@id\":\"https:\\\/\\\/www.eldiario.net\\\/portal\\\/2022\\\/06\\\/08\\\/ue-culpa-a-rusia-de-la-inminente-crisis-alimentaria-a-nivel-mundial\\\/#primaryimage\",\"url\":\"\",\"contentUrl\":\"\"},{\"@type\":\"BreadcrumbList\",\"@id\":\"https:\\\/\\\/www.eldiario.net\\\/portal\\\/2022\\\/06\\\/08\\\/ue-culpa-a-rusia-de-la-inminente-crisis-alimentaria-a-nivel-mundial\\\/#breadcrumb\",\"itemListElement\":[{\"@type\":\"ListItem\",\"position\":1,\"name\":\"Portada\",\"item\":\"https:\\\/\\\/www.eldiario.net\\\/portal\\\/\"},{\"@type\":\"ListItem\",\"position\":2,\"name\":\"UE culpa a Rusia de la inminente crisis alimentaria a nivel mundial\"}]},{\"@type\":\"WebSite\",\"@id\":\"https:\\\/\\\/www.eldiario.net\\\/portal\\\/#website\",\"url\":\"https:\\\/\\\/www.eldiario.net\\\/portal\\\/\",\"name\":\"El Diario - Decano de la prensa nacional\",\"description\":\"El Diario - Decano de la prensa nacional\",\"publisher\":{\"@id\":\"https:\\\/\\\/www.eldiario.net\\\/portal\\\/#organization\"},\"potentialAction\":[{\"@type\":\"SearchAction\",\"target\":{\"@type\":\"EntryPoint\",\"urlTemplate\":\"https:\\\/\\\/www.eldiario.net\\\/portal\\\/?s={search_term_string}\"},\"query-input\":{\"@type\":\"PropertyValueSpecification\",\"valueRequired\":true,\"valueName\":\"search_term_string\"}}],\"inLanguage\":\"es\"},{\"@type\":\"Organization\",\"@id\":\"https:\\\/\\\/www.eldiario.net\\\/portal\\\/#organization\",\"name\":\"El Diario - Decano de la prensa nacional\",\"url\":\"https:\\\/\\\/www.eldiario.net\\\/portal\\\/\",\"logo\":{\"@type\":\"ImageObject\",\"inLanguage\":\"es\",\"@id\":\"https:\\\/\\\/www.eldiario.net\\\/portal\\\/#\\\/schema\\\/logo\\\/image\\\/\",\"url\":\"https:\\\/\\\/www.eldiario.net\\\/portal\\\/wp-content\\\/uploads\\\/2023\\\/07\\\/logo_ED.jpg\",\"contentUrl\":\"https:\\\/\\\/www.eldiario.net\\\/portal\\\/wp-content\\\/uploads\\\/2023\\\/07\\\/logo_ED.jpg\",\"width\":272,\"height\":52,\"caption\":\"El Diario - Decano de la prensa nacional\"},\"image\":{\"@id\":\"https:\\\/\\\/www.eldiario.net\\\/portal\\\/#\\\/schema\\\/logo\\\/image\\\/\"},\"sameAs\":[\"https:\\\/\\\/www.facebook.com\\\/eldiario.bolivia\\\/\",\"https:\\\/\\\/x.com\\\/eldiario_net\"]},{\"@type\":\"Person\",\"@id\":\"https:\\\/\\\/www.eldiario.net\\\/portal\\\/#\\\/schema\\\/person\\\/2c57cf2b7a7ae032e449e4c9b1019eac\",\"name\":\"Jeanette\",\"image\":{\"@type\":\"ImageObject\",\"inLanguage\":\"es\",\"@id\":\"https:\\\/\\\/secure.gravatar.com\\\/avatar\\\/3ea2118a5f7dad2b7138b1187a6b7ee55f160b9968b66013c3a3ef39dd7e5798?s=96&d=mm&r=g\",\"url\":\"https:\\\/\\\/secure.gravatar.com\\\/avatar\\\/3ea2118a5f7dad2b7138b1187a6b7ee55f160b9968b66013c3a3ef39dd7e5798?s=96&d=mm&r=g\",\"contentUrl\":\"https:\\\/\\\/secure.gravatar.com\\\/avatar\\\/3ea2118a5f7dad2b7138b1187a6b7ee55f160b9968b66013c3a3ef39dd7e5798?s=96&d=mm&r=g\",\"caption\":\"Jeanette\"},\"sameAs\":[\"https:\\\/\\\/www.eldiario.net\\\/portal\"],\"url\":\"https:\\\/\\\/www.eldiario.net\\\/portal\\\/author\\\/jeanette\\\/\"}]}<\/script>\n<!-- \/ Yoast SEO plugin. -->","yoast_head_json":{"title":"UE culpa a Rusia de la inminente crisis alimentaria a nivel mundial - El Diario - Bolivia","robots":{"index":"index","follow":"follow","max-snippet":"max-snippet:-1","max-image-preview":"max-image-preview:large","max-video-preview":"max-video-preview:-1"},"canonical":"https:\/\/www.eldiario.net\/portal\/2022\/06\/08\/ue-culpa-a-rusia-de-la-inminente-crisis-alimentaria-a-nivel-mundial\/","og_locale":"es_ES","og_type":"article","og_title":"UE culpa a Rusia de la inminente crisis alimentaria a nivel mundial - El Diario - Bolivia","og_description":"El presidente del Consejo Europeo, Charles Michel, acus\u00f3 a Rusia de utilizar el suministro de alimentos como \u201cun misil furtivo contra los pa\u00edses en desarrollo\u201d y culp\u00f3 al Kremlin de la inminente crisis alimentaria mundial, lo que provoc\u00f3 que el embajador de Mosc\u00fa en la ONU abandonara una reuni\u00f3n del Consejo de Seguridad. Michel se [&hellip;]","og_url":"https:\/\/www.eldiario.net\/portal\/2022\/06\/08\/ue-culpa-a-rusia-de-la-inminente-crisis-alimentaria-a-nivel-mundial\/","og_site_name":"El Diario - Bolivia","article_publisher":"https:\/\/www.facebook.com\/eldiario.bolivia\/","article_published_time":"2022-06-08T09:14:59+00:00","author":"Jeanette","twitter_card":"summary_large_image","twitter_creator":"@eldiario_net","twitter_site":"@eldiario_net","twitter_misc":{"Escrito por":"Jeanette","Tiempo de lectura":"4 minutos"},"schema":{"@context":"https:\/\/schema.org","@graph":[{"@type":"Article","@id":"https:\/\/www.eldiario.net\/portal\/2022\/06\/08\/ue-culpa-a-rusia-de-la-inminente-crisis-alimentaria-a-nivel-mundial\/#article","isPartOf":{"@id":"https:\/\/www.eldiario.net\/portal\/2022\/06\/08\/ue-culpa-a-rusia-de-la-inminente-crisis-alimentaria-a-nivel-mundial\/"},"author":{"name":"Jeanette","@id":"https:\/\/www.eldiario.net\/portal\/#\/schema\/person\/2c57cf2b7a7ae032e449e4c9b1019eac"},"headline":"UE culpa a Rusia de la inminente crisis alimentaria a nivel mundial","datePublished":"2022-06-08T09:14:59+00:00","mainEntityOfPage":{"@id":"https:\/\/www.eldiario.net\/portal\/2022\/06\/08\/ue-culpa-a-rusia-de-la-inminente-crisis-alimentaria-a-nivel-mundial\/"},"wordCount":844,"publisher":{"@id":"https:\/\/www.eldiario.net\/portal\/#organization"},"image":{"@id":"https:\/\/www.eldiario.net\/portal\/2022\/06\/08\/ue-culpa-a-rusia-de-la-inminente-crisis-alimentaria-a-nivel-mundial\/#primaryimage"},"thumbnailUrl":"","articleSection":["Internacional"],"inLanguage":"es"},{"@type":"WebPage","@id":"https:\/\/www.eldiario.net\/portal\/2022\/06\/08\/ue-culpa-a-rusia-de-la-inminente-crisis-alimentaria-a-nivel-mundial\/","url":"https:\/\/www.eldiario.net\/portal\/2022\/06\/08\/ue-culpa-a-rusia-de-la-inminente-crisis-alimentaria-a-nivel-mundial\/","name":"UE culpa a Rusia de la inminente crisis alimentaria a nivel mundial - El Diario - Bolivia","isPartOf":{"@id":"https:\/\/www.eldiario.net\/portal\/#website"},"primaryImageOfPage":{"@id":"https:\/\/www.eldiario.net\/portal\/2022\/06\/08\/ue-culpa-a-rusia-de-la-inminente-crisis-alimentaria-a-nivel-mundial\/#primaryimage"},"image":{"@id":"https:\/\/www.eldiario.net\/portal\/2022\/06\/08\/ue-culpa-a-rusia-de-la-inminente-crisis-alimentaria-a-nivel-mundial\/#primaryimage"},"thumbnailUrl":"","datePublished":"2022-06-08T09:14:59+00:00","breadcrumb":{"@id":"https:\/\/www.eldiario.net\/portal\/2022\/06\/08\/ue-culpa-a-rusia-de-la-inminente-crisis-alimentaria-a-nivel-mundial\/#breadcrumb"},"inLanguage":"es","potentialAction":[{"@type":"ReadAction","target":["https:\/\/www.eldiario.net\/portal\/2022\/06\/08\/ue-culpa-a-rusia-de-la-inminente-crisis-alimentaria-a-nivel-mundial\/"]}]},{"@type":"ImageObject","inLanguage":"es","@id":"https:\/\/www.eldiario.net\/portal\/2022\/06\/08\/ue-culpa-a-rusia-de-la-inminente-crisis-alimentaria-a-nivel-mundial\/#primaryimage","url":"","contentUrl":""},{"@type":"BreadcrumbList","@id":"https:\/\/www.eldiario.net\/portal\/2022\/06\/08\/ue-culpa-a-rusia-de-la-inminente-crisis-alimentaria-a-nivel-mundial\/#breadcrumb","itemListElement":[{"@type":"ListItem","position":1,"name":"Portada","item":"https:\/\/www.eldiario.net\/portal\/"},{"@type":"ListItem","position":2,"name":"UE culpa a Rusia de la inminente crisis alimentaria a nivel mundial"}]},{"@type":"WebSite","@id":"https:\/\/www.eldiario.net\/portal\/#website","url":"https:\/\/www.eldiario.net\/portal\/","name":"El Diario - Decano de la prensa nacional","description":"El Diario - Decano de la prensa nacional","publisher":{"@id":"https:\/\/www.eldiario.net\/portal\/#organization"},"potentialAction":[{"@type":"SearchAction","target":{"@type":"EntryPoint","urlTemplate":"https:\/\/www.eldiario.net\/portal\/?s={search_term_string}"},"query-input":{"@type":"PropertyValueSpecification","valueRequired":true,"valueName":"search_term_string"}}],"inLanguage":"es"},{"@type":"Organization","@id":"https:\/\/www.eldiario.net\/portal\/#organization","name":"El Diario - Decano de la prensa nacional","url":"https:\/\/www.eldiario.net\/portal\/","logo":{"@type":"ImageObject","inLanguage":"es","@id":"https:\/\/www.eldiario.net\/portal\/#\/schema\/logo\/image\/","url":"https:\/\/www.eldiario.net\/portal\/wp-content\/uploads\/2023\/07\/logo_ED.jpg","contentUrl":"https:\/\/www.eldiario.net\/portal\/wp-content\/uploads\/2023\/07\/logo_ED.jpg","width":272,"height":52,"caption":"El Diario - Decano de la prensa nacional"},"image":{"@id":"https:\/\/www.eldiario.net\/portal\/#\/schema\/logo\/image\/"},"sameAs":["https:\/\/www.facebook.com\/eldiario.bolivia\/","https:\/\/x.com\/eldiario_net"]},{"@type":"Person","@id":"https:\/\/www.eldiario.net\/portal\/#\/schema\/person\/2c57cf2b7a7ae032e449e4c9b1019eac","name":"Jeanette","image":{"@type":"ImageObject","inLanguage":"es","@id":"https:\/\/secure.gravatar.com\/avatar\/3ea2118a5f7dad2b7138b1187a6b7ee55f160b9968b66013c3a3ef39dd7e5798?s=96&d=mm&r=g","url":"https:\/\/secure.gravatar.com\/avatar\/3ea2118a5f7dad2b7138b1187a6b7ee55f160b9968b66013c3a3ef39dd7e5798?s=96&d=mm&r=g","contentUrl":"https:\/\/secure.gravatar.com\/avatar\/3ea2118a5f7dad2b7138b1187a6b7ee55f160b9968b66013c3a3ef39dd7e5798?s=96&d=mm&r=g","caption":"Jeanette"},"sameAs":["https:\/\/www.eldiario.net\/portal"],"url":"https:\/\/www.eldiario.net\/portal\/author\/jeanette\/"}]}},"_links":{"self":[{"href":"https:\/\/www.eldiario.net\/portal\/wp-json\/wp\/v2\/posts\/89083","targetHints":{"allow":["GET"]}}],"collection":[{"href":"https:\/\/www.eldiario.net\/portal\/wp-json\/wp\/v2\/posts"}],"about":[{"href":"https:\/\/www.eldiario.net\/portal\/wp-json\/wp\/v2\/types\/post"}],"author":[{"embeddable":true,"href":"https:\/\/www.eldiario.net\/portal\/wp-json\/wp\/v2\/users\/1"}],"replies":[{"embeddable":true,"href":"https:\/\/www.eldiario.net\/portal\/wp-json\/wp\/v2\/comments?post=89083"}],"version-history":[{"count":0,"href":"https:\/\/www.eldiario.net\/portal\/wp-json\/wp\/v2\/posts\/89083\/revisions"}],"wp:attachment":[{"href":"https:\/\/www.eldiario.net\/portal\/wp-json\/wp\/v2\/media?parent=89083"}],"wp:term":[{"taxonomy":"category","embeddable":true,"href":"https:\/\/www.eldiario.net\/portal\/wp-json\/wp\/v2\/categories?post=89083"},{"taxonomy":"post_tag","embeddable":true,"href":"https:\/\/www.eldiario.net\/portal\/wp-json\/wp\/v2\/tags?post=89083"}],"curies":[{"name":"wp","href":"https:\/\/api.w.org\/{rel}","templated":true}]}}