{"id":89077,"date":"2022-06-08T05:13:02","date_gmt":"2022-06-08T09:13:02","guid":{"rendered":"https:\/\/www.eldiario.net\/portal\/?p=89077"},"modified":"2022-06-08T05:13:02","modified_gmt":"2022-06-08T09:13:02","slug":"ya-son-263-los-ninos-muertos-en-ucrania-durante-la-invasion-rusa","status":"publish","type":"post","link":"https:\/\/www.eldiario.net\/portal\/2022\/06\/08\/ya-son-263-los-ninos-muertos-en-ucrania-durante-la-invasion-rusa\/","title":{"rendered":"Ya son 263 los ni\u00f1os muertos en  Ucrania durante la invasi\u00f3n rusa"},"content":{"rendered":"<p>Un total de 263 ni\u00f1os han muerto y m\u00e1s de 467 han resultado heridos en Ucrania desde que comenz\u00f3 la invasi\u00f3n rusa el pasado 24 de febrero, seg\u00fan datos de la Oficina del Fiscal General publicados en su canal de Telegram, informa la agencia Ukrinform.<br \/>\n\u201cA 7 de junio de 2022, m\u00e1s de 730 ni\u00f1os en Ucrania se vieron afectados por la agresi\u00f3n armada rusa. Seg\u00fan datos de la fiscal\u00eda de menores, 263 ni\u00f1os fueron asesinados y m\u00e1s de 467 heridos\u201d, se\u00f1ala el informe.<br \/>\nEstos datos no son definitivos, ya que est\u00e1n siendo investigados dentro de las \u00e1reas donde hay hostilidades, en las zonas ocupadas por los rusos y en las que han sido liberadas por el ej\u00e9rcito ucraniano, se\u00f1al\u00f3 el documento.<br \/>\nHan muerto menores y otros han resultado heridos en casi todo el pa\u00eds, pero la mayor\u00eda se registraron en las regiones de Donetsk (190), la regi\u00f3n de Kiev (116), J\u00e1rkov (112), Chern\u00edgov (68), Lugansk (53) y Jers\u00f3n (52).<br \/>\nLa Fiscal\u00eda precis\u00f3 que un total de 1.940 instituciones educativas resultaron da\u00f1adas en toda Ucrania como resultado de los ataques a\u00e9reos y de artiller\u00eda diarios de Rusia, y 184 de ellas fueron destruidas por completo.<\/p>\n<p>ATAQUE EN DONETSK<br \/>\nLas autoridades de la autoproclamada Rep\u00fablica Popular de Donetsk denunciaron ayer la muerte de diez civiles en ataques con artiller\u00eda perpetrados el lunes por el Ej\u00e9rcito de Ucrania, en el marco del repunte de los combates en el este del pa\u00eds desde el inicio de la invasi\u00f3n por parte de Rusia.<br \/>\n\u201cDurante las \u00faltimas 24 horas, de las 8:00 horas del 6 de junio a las 8:00 horas del 7 de junio (hora local), diez personas han muerto y otras 17 han resultado heridas como consecuencia de los disparos de las Fuerzas Armadas ucranianas contra el territorio de la Rep\u00fablica Popular de Donetsk\u201d, han dicho las autoridades, seg\u00fan ha informado la agencia rusa de noticias Interfax.<br \/>\nLas autoproclamadas rep\u00fablicas de Donetsk y Lugansk se encuentran situadas en la regi\u00f3n del Donb\u00e1s (este) y son escenario de un conflicto desde 2014. Su independencia fue reconocida por el presidente de Rusia, Vladimir Putin, apenas unos d\u00edas antes de dar orden el 24 de febrero de iniciar una ofensiva militar contra Ucrania.<\/p>\n<p>REHENES EN RUSIA<br \/>\nEl Gobierno de Mosc\u00fa mantiene cautivos a unos 2.500 soldados que fueron hechos presos en la acer\u00eda de Azovstal, en la ciudad costera ucraniana de Mari\u00fapol, cuando la urbe fue tomada totalmente por los rusos, inform\u00f3 el presidente de Ucrania, Volod\u00edmir Zelensky.<br \/>\nEn un encuentro con periodistas que reproducen medios locales ucranianos, el mandatario reconoci\u00f3, no obstante, que es dif\u00edcil cuantificar exactamente el n\u00famero de soldados que fueron capturados en la acer\u00eda, tras soportar el bloqueo y los bombardeos rusos durante semanas.<br \/>\n\u201cEn cuanto a los prisioneros, hay m\u00e1s de 2.500. Es dif\u00edcil decir con m\u00e1s precisi\u00f3n. Esta no es la cantidad de personas que abandonaron Azovstal cuando nosotros est\u00e1bamos involucrados en este proceso\u201d, se\u00f1al\u00f3. (Infobae)<\/p>\n","protected":false},"excerpt":{"rendered":"<p>Un total de 263 ni\u00f1os han muerto y m\u00e1s de 467 han resultado heridos en Ucrania desde que comenz\u00f3 la invasi\u00f3n rusa el pasado 24 de febrero, seg\u00fan datos de la Oficina del Fiscal General publicados en su canal de Telegram, informa la agencia Ukrinform. \u201cA 7 de junio de 2022, m\u00e1s de 730 ni\u00f1os [&hellip;]<\/p>\n","protected":false},"author":1,"featured_media":89078,"comment_status":"closed","ping_status":"closed","sticky":false,"template":"","format":"standard","meta":{"_acf_changed":false,"footnotes":""},"categories":[3],"tags":[],"class_list":["post-89077","post","type-post","status-publish","format-standard","has-post-thumbnail","category-internacional"],"acf":{"antetitulo":""},"yoast_head":"<!-- This site is optimized with the Yoast SEO plugin v28.4 - https:\/\/yoast.com\/product\/yoast-seo-wordpress\/ -->\n<title>Ya son 263 los ni\u00f1os muertos en Ucrania durante la invasi\u00f3n rusa - El Diario - Bolivia<\/title>\n<meta name=\"robots\" content=\"index, follow, max-snippet:-1, max-image-preview:large, max-video-preview:-1\" \/>\n<link rel=\"canonical\" href=\"https:\/\/www.eldiario.net\/portal\/2022\/06\/08\/ya-son-263-los-ninos-muertos-en-ucrania-durante-la-invasion-rusa\/\" \/>\n<meta property=\"og:locale\" content=\"es_ES\" \/>\n<meta property=\"og:type\" content=\"article\" \/>\n<meta property=\"og:title\" content=\"Ya son 263 los ni\u00f1os muertos en Ucrania durante la invasi\u00f3n rusa - El Diario - Bolivia\" \/>\n<meta property=\"og:description\" content=\"Un total de 263 ni\u00f1os han muerto y m\u00e1s de 467 han resultado heridos en Ucrania desde que comenz\u00f3 la invasi\u00f3n rusa el pasado 24 de febrero, seg\u00fan datos de la Oficina del Fiscal General publicados en su canal de Telegram, informa la agencia Ukrinform. \u201cA 7 de junio de 2022, m\u00e1s de 730 ni\u00f1os [&hellip;]\" \/>\n<meta property=\"og:url\" content=\"https:\/\/www.eldiario.net\/portal\/2022\/06\/08\/ya-son-263-los-ninos-muertos-en-ucrania-durante-la-invasion-rusa\/\" \/>\n<meta property=\"og:site_name\" content=\"El Diario - Bolivia\" \/>\n<meta property=\"article:publisher\" content=\"https:\/\/www.facebook.com\/eldiario.bolivia\/\" \/>\n<meta property=\"article:published_time\" content=\"2022-06-08T09:13:02+00:00\" \/>\n<meta property=\"og:image\" content=\"https:\/\/www.eldiario.net\/portal\/wp-content\/uploads\/2022\/06\/colegio.jpg\" \/>\n\t<meta property=\"og:image:width\" content=\"1200\" \/>\n\t<meta property=\"og:image:height\" content=\"800\" \/>\n\t<meta property=\"og:image:type\" content=\"image\/jpeg\" \/>\n<meta name=\"author\" content=\"Jeanette\" \/>\n<meta name=\"twitter:card\" content=\"summary_large_image\" \/>\n<meta name=\"twitter:creator\" content=\"@eldiario_net\" \/>\n<meta name=\"twitter:site\" content=\"@eldiario_net\" \/>\n<meta name=\"twitter:label1\" content=\"Escrito por\" \/>\n\t<meta name=\"twitter:data1\" content=\"Jeanette\" \/>\n\t<meta name=\"twitter:label2\" content=\"Tiempo de lectura\" \/>\n\t<meta name=\"twitter:data2\" content=\"3 minutos\" \/>\n<script type=\"application\/ld+json\" class=\"yoast-schema-graph\">{\"@context\":\"https:\\\/\\\/schema.org\",\"@graph\":[{\"@type\":\"Article\",\"@id\":\"https:\\\/\\\/www.eldiario.net\\\/portal\\\/2022\\\/06\\\/08\\\/ya-son-263-los-ninos-muertos-en-ucrania-durante-la-invasion-rusa\\\/#article\",\"isPartOf\":{\"@id\":\"https:\\\/\\\/www.eldiario.net\\\/portal\\\/2022\\\/06\\\/08\\\/ya-son-263-los-ninos-muertos-en-ucrania-durante-la-invasion-rusa\\\/\"},\"author\":{\"name\":\"Jeanette\",\"@id\":\"https:\\\/\\\/www.eldiario.net\\\/portal\\\/#\\\/schema\\\/person\\\/2c57cf2b7a7ae032e449e4c9b1019eac\"},\"headline\":\"Ya son 263 los ni\u00f1os muertos en Ucrania durante la invasi\u00f3n rusa\",\"datePublished\":\"2022-06-08T09:13:02+00:00\",\"mainEntityOfPage\":{\"@id\":\"https:\\\/\\\/www.eldiario.net\\\/portal\\\/2022\\\/06\\\/08\\\/ya-son-263-los-ninos-muertos-en-ucrania-durante-la-invasion-rusa\\\/\"},\"wordCount\":521,\"publisher\":{\"@id\":\"https:\\\/\\\/www.eldiario.net\\\/portal\\\/#organization\"},\"image\":{\"@id\":\"https:\\\/\\\/www.eldiario.net\\\/portal\\\/2022\\\/06\\\/08\\\/ya-son-263-los-ninos-muertos-en-ucrania-durante-la-invasion-rusa\\\/#primaryimage\"},\"thumbnailUrl\":\"https:\\\/\\\/www.eldiario.net\\\/portal\\\/wp-content\\\/uploads\\\/2022\\\/06\\\/colegio.jpg\",\"articleSection\":[\"Internacional\"],\"inLanguage\":\"es\"},{\"@type\":\"WebPage\",\"@id\":\"https:\\\/\\\/www.eldiario.net\\\/portal\\\/2022\\\/06\\\/08\\\/ya-son-263-los-ninos-muertos-en-ucrania-durante-la-invasion-rusa\\\/\",\"url\":\"https:\\\/\\\/www.eldiario.net\\\/portal\\\/2022\\\/06\\\/08\\\/ya-son-263-los-ninos-muertos-en-ucrania-durante-la-invasion-rusa\\\/\",\"name\":\"Ya son 263 los ni\u00f1os muertos en Ucrania durante la invasi\u00f3n rusa - El Diario - Bolivia\",\"isPartOf\":{\"@id\":\"https:\\\/\\\/www.eldiario.net\\\/portal\\\/#website\"},\"primaryImageOfPage\":{\"@id\":\"https:\\\/\\\/www.eldiario.net\\\/portal\\\/2022\\\/06\\\/08\\\/ya-son-263-los-ninos-muertos-en-ucrania-durante-la-invasion-rusa\\\/#primaryimage\"},\"image\":{\"@id\":\"https:\\\/\\\/www.eldiario.net\\\/portal\\\/2022\\\/06\\\/08\\\/ya-son-263-los-ninos-muertos-en-ucrania-durante-la-invasion-rusa\\\/#primaryimage\"},\"thumbnailUrl\":\"https:\\\/\\\/www.eldiario.net\\\/portal\\\/wp-content\\\/uploads\\\/2022\\\/06\\\/colegio.jpg\",\"datePublished\":\"2022-06-08T09:13:02+00:00\",\"breadcrumb\":{\"@id\":\"https:\\\/\\\/www.eldiario.net\\\/portal\\\/2022\\\/06\\\/08\\\/ya-son-263-los-ninos-muertos-en-ucrania-durante-la-invasion-rusa\\\/#breadcrumb\"},\"inLanguage\":\"es\",\"potentialAction\":[{\"@type\":\"ReadAction\",\"target\":[\"https:\\\/\\\/www.eldiario.net\\\/portal\\\/2022\\\/06\\\/08\\\/ya-son-263-los-ninos-muertos-en-ucrania-durante-la-invasion-rusa\\\/\"]}]},{\"@type\":\"ImageObject\",\"inLanguage\":\"es\",\"@id\":\"https:\\\/\\\/www.eldiario.net\\\/portal\\\/2022\\\/06\\\/08\\\/ya-son-263-los-ninos-muertos-en-ucrania-durante-la-invasion-rusa\\\/#primaryimage\",\"url\":\"https:\\\/\\\/www.eldiario.net\\\/portal\\\/wp-content\\\/uploads\\\/2022\\\/06\\\/colegio.jpg\",\"contentUrl\":\"https:\\\/\\\/www.eldiario.net\\\/portal\\\/wp-content\\\/uploads\\\/2022\\\/06\\\/colegio.jpg\",\"width\":1200,\"height\":800,\"caption\":\"LA FISCAL\u00cdA PRECIS\u00d3 QUE 1.940 UNIDADES EDUCATIVAS FUERON DA\u00d1ADAS. Infobae\"},{\"@type\":\"BreadcrumbList\",\"@id\":\"https:\\\/\\\/www.eldiario.net\\\/portal\\\/2022\\\/06\\\/08\\\/ya-son-263-los-ninos-muertos-en-ucrania-durante-la-invasion-rusa\\\/#breadcrumb\",\"itemListElement\":[{\"@type\":\"ListItem\",\"position\":1,\"name\":\"Portada\",\"item\":\"https:\\\/\\\/www.eldiario.net\\\/portal\\\/\"},{\"@type\":\"ListItem\",\"position\":2,\"name\":\"Ya son 263 los ni\u00f1os muertos en Ucrania durante la invasi\u00f3n rusa\"}]},{\"@type\":\"WebSite\",\"@id\":\"https:\\\/\\\/www.eldiario.net\\\/portal\\\/#website\",\"url\":\"https:\\\/\\\/www.eldiario.net\\\/portal\\\/\",\"name\":\"El Diario - Decano de la prensa nacional\",\"description\":\"El Diario - Decano de la prensa nacional\",\"publisher\":{\"@id\":\"https:\\\/\\\/www.eldiario.net\\\/portal\\\/#organization\"},\"potentialAction\":[{\"@type\":\"SearchAction\",\"target\":{\"@type\":\"EntryPoint\",\"urlTemplate\":\"https:\\\/\\\/www.eldiario.net\\\/portal\\\/?s={search_term_string}\"},\"query-input\":{\"@type\":\"PropertyValueSpecification\",\"valueRequired\":true,\"valueName\":\"search_term_string\"}}],\"inLanguage\":\"es\"},{\"@type\":\"Organization\",\"@id\":\"https:\\\/\\\/www.eldiario.net\\\/portal\\\/#organization\",\"name\":\"El Diario - Decano de la prensa nacional\",\"url\":\"https:\\\/\\\/www.eldiario.net\\\/portal\\\/\",\"logo\":{\"@type\":\"ImageObject\",\"inLanguage\":\"es\",\"@id\":\"https:\\\/\\\/www.eldiario.net\\\/portal\\\/#\\\/schema\\\/logo\\\/image\\\/\",\"url\":\"https:\\\/\\\/www.eldiario.net\\\/portal\\\/wp-content\\\/uploads\\\/2023\\\/07\\\/logo_ED.jpg\",\"contentUrl\":\"https:\\\/\\\/www.eldiario.net\\\/portal\\\/wp-content\\\/uploads\\\/2023\\\/07\\\/logo_ED.jpg\",\"width\":272,\"height\":52,\"caption\":\"El Diario - Decano de la prensa nacional\"},\"image\":{\"@id\":\"https:\\\/\\\/www.eldiario.net\\\/portal\\\/#\\\/schema\\\/logo\\\/image\\\/\"},\"sameAs\":[\"https:\\\/\\\/www.facebook.com\\\/eldiario.bolivia\\\/\",\"https:\\\/\\\/x.com\\\/eldiario_net\"]},{\"@type\":\"Person\",\"@id\":\"https:\\\/\\\/www.eldiario.net\\\/portal\\\/#\\\/schema\\\/person\\\/2c57cf2b7a7ae032e449e4c9b1019eac\",\"name\":\"Jeanette\",\"image\":{\"@type\":\"ImageObject\",\"inLanguage\":\"es\",\"@id\":\"https:\\\/\\\/secure.gravatar.com\\\/avatar\\\/3ea2118a5f7dad2b7138b1187a6b7ee55f160b9968b66013c3a3ef39dd7e5798?s=96&d=mm&r=g\",\"url\":\"https:\\\/\\\/secure.gravatar.com\\\/avatar\\\/3ea2118a5f7dad2b7138b1187a6b7ee55f160b9968b66013c3a3ef39dd7e5798?s=96&d=mm&r=g\",\"contentUrl\":\"https:\\\/\\\/secure.gravatar.com\\\/avatar\\\/3ea2118a5f7dad2b7138b1187a6b7ee55f160b9968b66013c3a3ef39dd7e5798?s=96&d=mm&r=g\",\"caption\":\"Jeanette\"},\"sameAs\":[\"https:\\\/\\\/www.eldiario.net\\\/portal\"],\"url\":\"https:\\\/\\\/www.eldiario.net\\\/portal\\\/author\\\/jeanette\\\/\"}]}<\/script>\n<!-- \/ Yoast SEO plugin. -->","yoast_head_json":{"title":"Ya son 263 los ni\u00f1os muertos en Ucrania durante la invasi\u00f3n rusa - El Diario - Bolivia","robots":{"index":"index","follow":"follow","max-snippet":"max-snippet:-1","max-image-preview":"max-image-preview:large","max-video-preview":"max-video-preview:-1"},"canonical":"https:\/\/www.eldiario.net\/portal\/2022\/06\/08\/ya-son-263-los-ninos-muertos-en-ucrania-durante-la-invasion-rusa\/","og_locale":"es_ES","og_type":"article","og_title":"Ya son 263 los ni\u00f1os muertos en Ucrania durante la invasi\u00f3n rusa - El Diario - Bolivia","og_description":"Un total de 263 ni\u00f1os han muerto y m\u00e1s de 467 han resultado heridos en Ucrania desde que comenz\u00f3 la invasi\u00f3n rusa el pasado 24 de febrero, seg\u00fan datos de la Oficina del Fiscal General publicados en su canal de Telegram, informa la agencia Ukrinform. \u201cA 7 de junio de 2022, m\u00e1s de 730 ni\u00f1os [&hellip;]","og_url":"https:\/\/www.eldiario.net\/portal\/2022\/06\/08\/ya-son-263-los-ninos-muertos-en-ucrania-durante-la-invasion-rusa\/","og_site_name":"El Diario - Bolivia","article_publisher":"https:\/\/www.facebook.com\/eldiario.bolivia\/","article_published_time":"2022-06-08T09:13:02+00:00","og_image":[{"width":1200,"height":800,"url":"https:\/\/www.eldiario.net\/portal\/wp-content\/uploads\/2022\/06\/colegio.jpg","type":"image\/jpeg"}],"author":"Jeanette","twitter_card":"summary_large_image","twitter_creator":"@eldiario_net","twitter_site":"@eldiario_net","twitter_misc":{"Escrito por":"Jeanette","Tiempo de lectura":"3 minutos"},"schema":{"@context":"https:\/\/schema.org","@graph":[{"@type":"Article","@id":"https:\/\/www.eldiario.net\/portal\/2022\/06\/08\/ya-son-263-los-ninos-muertos-en-ucrania-durante-la-invasion-rusa\/#article","isPartOf":{"@id":"https:\/\/www.eldiario.net\/portal\/2022\/06\/08\/ya-son-263-los-ninos-muertos-en-ucrania-durante-la-invasion-rusa\/"},"author":{"name":"Jeanette","@id":"https:\/\/www.eldiario.net\/portal\/#\/schema\/person\/2c57cf2b7a7ae032e449e4c9b1019eac"},"headline":"Ya son 263 los ni\u00f1os muertos en Ucrania durante la invasi\u00f3n rusa","datePublished":"2022-06-08T09:13:02+00:00","mainEntityOfPage":{"@id":"https:\/\/www.eldiario.net\/portal\/2022\/06\/08\/ya-son-263-los-ninos-muertos-en-ucrania-durante-la-invasion-rusa\/"},"wordCount":521,"publisher":{"@id":"https:\/\/www.eldiario.net\/portal\/#organization"},"image":{"@id":"https:\/\/www.eldiario.net\/portal\/2022\/06\/08\/ya-son-263-los-ninos-muertos-en-ucrania-durante-la-invasion-rusa\/#primaryimage"},"thumbnailUrl":"https:\/\/www.eldiario.net\/portal\/wp-content\/uploads\/2022\/06\/colegio.jpg","articleSection":["Internacional"],"inLanguage":"es"},{"@type":"WebPage","@id":"https:\/\/www.eldiario.net\/portal\/2022\/06\/08\/ya-son-263-los-ninos-muertos-en-ucrania-durante-la-invasion-rusa\/","url":"https:\/\/www.eldiario.net\/portal\/2022\/06\/08\/ya-son-263-los-ninos-muertos-en-ucrania-durante-la-invasion-rusa\/","name":"Ya son 263 los ni\u00f1os muertos en Ucrania durante la invasi\u00f3n rusa - El Diario - Bolivia","isPartOf":{"@id":"https:\/\/www.eldiario.net\/portal\/#website"},"primaryImageOfPage":{"@id":"https:\/\/www.eldiario.net\/portal\/2022\/06\/08\/ya-son-263-los-ninos-muertos-en-ucrania-durante-la-invasion-rusa\/#primaryimage"},"image":{"@id":"https:\/\/www.eldiario.net\/portal\/2022\/06\/08\/ya-son-263-los-ninos-muertos-en-ucrania-durante-la-invasion-rusa\/#primaryimage"},"thumbnailUrl":"https:\/\/www.eldiario.net\/portal\/wp-content\/uploads\/2022\/06\/colegio.jpg","datePublished":"2022-06-08T09:13:02+00:00","breadcrumb":{"@id":"https:\/\/www.eldiario.net\/portal\/2022\/06\/08\/ya-son-263-los-ninos-muertos-en-ucrania-durante-la-invasion-rusa\/#breadcrumb"},"inLanguage":"es","potentialAction":[{"@type":"ReadAction","target":["https:\/\/www.eldiario.net\/portal\/2022\/06\/08\/ya-son-263-los-ninos-muertos-en-ucrania-durante-la-invasion-rusa\/"]}]},{"@type":"ImageObject","inLanguage":"es","@id":"https:\/\/www.eldiario.net\/portal\/2022\/06\/08\/ya-son-263-los-ninos-muertos-en-ucrania-durante-la-invasion-rusa\/#primaryimage","url":"https:\/\/www.eldiario.net\/portal\/wp-content\/uploads\/2022\/06\/colegio.jpg","contentUrl":"https:\/\/www.eldiario.net\/portal\/wp-content\/uploads\/2022\/06\/colegio.jpg","width":1200,"height":800,"caption":"LA FISCAL\u00cdA PRECIS\u00d3 QUE 1.940 UNIDADES EDUCATIVAS FUERON DA\u00d1ADAS. Infobae"},{"@type":"BreadcrumbList","@id":"https:\/\/www.eldiario.net\/portal\/2022\/06\/08\/ya-son-263-los-ninos-muertos-en-ucrania-durante-la-invasion-rusa\/#breadcrumb","itemListElement":[{"@type":"ListItem","position":1,"name":"Portada","item":"https:\/\/www.eldiario.net\/portal\/"},{"@type":"ListItem","position":2,"name":"Ya son 263 los ni\u00f1os muertos en Ucrania durante la invasi\u00f3n rusa"}]},{"@type":"WebSite","@id":"https:\/\/www.eldiario.net\/portal\/#website","url":"https:\/\/www.eldiario.net\/portal\/","name":"El Diario - Decano de la prensa nacional","description":"El Diario - Decano de la prensa nacional","publisher":{"@id":"https:\/\/www.eldiario.net\/portal\/#organization"},"potentialAction":[{"@type":"SearchAction","target":{"@type":"EntryPoint","urlTemplate":"https:\/\/www.eldiario.net\/portal\/?s={search_term_string}"},"query-input":{"@type":"PropertyValueSpecification","valueRequired":true,"valueName":"search_term_string"}}],"inLanguage":"es"},{"@type":"Organization","@id":"https:\/\/www.eldiario.net\/portal\/#organization","name":"El Diario - Decano de la prensa nacional","url":"https:\/\/www.eldiario.net\/portal\/","logo":{"@type":"ImageObject","inLanguage":"es","@id":"https:\/\/www.eldiario.net\/portal\/#\/schema\/logo\/image\/","url":"https:\/\/www.eldiario.net\/portal\/wp-content\/uploads\/2023\/07\/logo_ED.jpg","contentUrl":"https:\/\/www.eldiario.net\/portal\/wp-content\/uploads\/2023\/07\/logo_ED.jpg","width":272,"height":52,"caption":"El Diario - Decano de la prensa nacional"},"image":{"@id":"https:\/\/www.eldiario.net\/portal\/#\/schema\/logo\/image\/"},"sameAs":["https:\/\/www.facebook.com\/eldiario.bolivia\/","https:\/\/x.com\/eldiario_net"]},{"@type":"Person","@id":"https:\/\/www.eldiario.net\/portal\/#\/schema\/person\/2c57cf2b7a7ae032e449e4c9b1019eac","name":"Jeanette","image":{"@type":"ImageObject","inLanguage":"es","@id":"https:\/\/secure.gravatar.com\/avatar\/3ea2118a5f7dad2b7138b1187a6b7ee55f160b9968b66013c3a3ef39dd7e5798?s=96&d=mm&r=g","url":"https:\/\/secure.gravatar.com\/avatar\/3ea2118a5f7dad2b7138b1187a6b7ee55f160b9968b66013c3a3ef39dd7e5798?s=96&d=mm&r=g","contentUrl":"https:\/\/secure.gravatar.com\/avatar\/3ea2118a5f7dad2b7138b1187a6b7ee55f160b9968b66013c3a3ef39dd7e5798?s=96&d=mm&r=g","caption":"Jeanette"},"sameAs":["https:\/\/www.eldiario.net\/portal"],"url":"https:\/\/www.eldiario.net\/portal\/author\/jeanette\/"}]}},"_links":{"self":[{"href":"https:\/\/www.eldiario.net\/portal\/wp-json\/wp\/v2\/posts\/89077","targetHints":{"allow":["GET"]}}],"collection":[{"href":"https:\/\/www.eldiario.net\/portal\/wp-json\/wp\/v2\/posts"}],"about":[{"href":"https:\/\/www.eldiario.net\/portal\/wp-json\/wp\/v2\/types\/post"}],"author":[{"embeddable":true,"href":"https:\/\/www.eldiario.net\/portal\/wp-json\/wp\/v2\/users\/1"}],"replies":[{"embeddable":true,"href":"https:\/\/www.eldiario.net\/portal\/wp-json\/wp\/v2\/comments?post=89077"}],"version-history":[{"count":0,"href":"https:\/\/www.eldiario.net\/portal\/wp-json\/wp\/v2\/posts\/89077\/revisions"}],"wp:featuredmedia":[{"embeddable":true,"href":"https:\/\/www.eldiario.net\/portal\/wp-json\/wp\/v2\/media\/89078"}],"wp:attachment":[{"href":"https:\/\/www.eldiario.net\/portal\/wp-json\/wp\/v2\/media?parent=89077"}],"wp:term":[{"taxonomy":"category","embeddable":true,"href":"https:\/\/www.eldiario.net\/portal\/wp-json\/wp\/v2\/categories?post=89077"},{"taxonomy":"post_tag","embeddable":true,"href":"https:\/\/www.eldiario.net\/portal\/wp-json\/wp\/v2\/tags?post=89077"}],"curies":[{"name":"wp","href":"https:\/\/api.w.org\/{rel}","templated":true}]}}