{"id":89074,"date":"2022-06-08T05:12:04","date_gmt":"2022-06-08T09:12:04","guid":{"rendered":"https:\/\/www.eldiario.net\/portal\/?p=89074"},"modified":"2022-06-08T05:12:04","modified_gmt":"2022-06-08T09:12:04","slug":"polonia-firma-un-contrato-por-valor-de-655-millones-de-euros","status":"publish","type":"post","link":"https:\/\/www.eldiario.net\/portal\/2022\/06\/08\/polonia-firma-un-contrato-por-valor-de-655-millones-de-euros\/","title":{"rendered":"Polonia firma un contrato por  valor de 655 millones de euros"},"content":{"rendered":"<p>Ucrania.- El primer ministro de Polonia, Mateusz Morawiecki, ha informado ayer de que Varsovia ha firmado el contrato de exportaci\u00f3n de armas \u201cm\u00e1s grande de los \u00faltimos 30 a\u00f1os\u201d, por un valor de 3.000 millones de esloti (655 millones de euros).<br \/>\n\u201cAhora estamos firmando uno de los mayores contratos de armas de las \u00faltimas tres d\u00e9cadas: la venta de armas a Ucrania. Estas armas est\u00e1n bien probadas y hoy sabemos que ser\u00e1n muy importantes en el campo de batalla\u201d, ha explicado la Canciller\u00eda polaca en un comunicado.<br \/>\nEl primer ministro polaco ha anunciado la finalizaci\u00f3n de las pruebas de f\u00e1brica y el pedido de nuevos prototipos del nuevo veh\u00edculo de combate de infanter\u00eda flotante Borsuk, que se producir\u00e1 en Huta Stalowa, el mayor productor de equipos militares en el pa\u00eds.<br \/>\nPor su parte, el titular de la cartera de Defensa, Mariusz Blaszczak, ha se\u00f1alado que la empresa Huta Stalowa es \u201cuna de las perlas de la corona\u201d y ha indicado que, pese a que \u201ca\u00fan queda mucho por hacer\u201d, se muestran satisfechos de poder vender armas al exterior.<br \/>\nEl anuncio ha tenido lugar en una rueda de prensa en el marco de la visita a las instalaciones de la empresa. El contrato, que se firm\u00f3 en Kiev e incluye m\u00e1s de 50 ca\u00f1ones obuses \u2018Krab\u2019, es el compromiso de exportaci\u00f3n m\u00e1s grande para la industria armament\u00edstica en a\u00f1os, seg\u00fan ha recogido la agencia de noticias PAP.<br \/>\nSeg\u00fan ha explicado la propia Canciller\u00eda polaca en su perfil oficial de Twitter, el ob\u00fas autopropulsado \u2018Krab\u2019 de 155 mil\u00edmetros se utiliza para \u201cincapacitar y destruir\u201d. \u201cEstamos reforzando el Ej\u00e9rcito polaco, tanto en t\u00e9rminos de n\u00famero de tropas como de equipamiento\u201d, ha agregado Blaszczak. (Europa Press)<\/p>\n","protected":false},"excerpt":{"rendered":"<p>Ucrania.- El primer ministro de Polonia, Mateusz Morawiecki, ha informado ayer de que Varsovia ha firmado el contrato de exportaci\u00f3n de armas \u201cm\u00e1s grande de los \u00faltimos 30 a\u00f1os\u201d, por un valor de 3.000 millones de esloti (655 millones de euros). \u201cAhora estamos firmando uno de los mayores contratos de armas de las \u00faltimas tres [&hellip;]<\/p>\n","protected":false},"author":1,"featured_media":89075,"comment_status":"closed","ping_status":"closed","sticky":false,"template":"","format":"standard","meta":{"_acf_changed":false,"footnotes":""},"categories":[3],"tags":[],"class_list":["post-89074","post","type-post","status-publish","format-standard","has-post-thumbnail","category-internacional"],"acf":{"antetitulo":""},"yoast_head":"<!-- This site is optimized with the Yoast SEO plugin v28.4 - https:\/\/yoast.com\/product\/yoast-seo-wordpress\/ -->\n<title>Polonia firma un contrato por valor de 655 millones de euros - El Diario - Bolivia<\/title>\n<meta name=\"robots\" content=\"index, follow, max-snippet:-1, max-image-preview:large, max-video-preview:-1\" \/>\n<link rel=\"canonical\" href=\"https:\/\/www.eldiario.net\/portal\/2022\/06\/08\/polonia-firma-un-contrato-por-valor-de-655-millones-de-euros\/\" \/>\n<meta property=\"og:locale\" content=\"es_ES\" \/>\n<meta property=\"og:type\" content=\"article\" \/>\n<meta property=\"og:title\" content=\"Polonia firma un contrato por valor de 655 millones de euros - El Diario - Bolivia\" \/>\n<meta property=\"og:description\" content=\"Ucrania.- El primer ministro de Polonia, Mateusz Morawiecki, ha informado ayer de que Varsovia ha firmado el contrato de exportaci\u00f3n de armas \u201cm\u00e1s grande de los \u00faltimos 30 a\u00f1os\u201d, por un valor de 3.000 millones de esloti (655 millones de euros). \u201cAhora estamos firmando uno de los mayores contratos de armas de las \u00faltimas tres [&hellip;]\" \/>\n<meta property=\"og:url\" content=\"https:\/\/www.eldiario.net\/portal\/2022\/06\/08\/polonia-firma-un-contrato-por-valor-de-655-millones-de-euros\/\" \/>\n<meta property=\"og:site_name\" content=\"El Diario - Bolivia\" \/>\n<meta property=\"article:publisher\" content=\"https:\/\/www.facebook.com\/eldiario.bolivia\/\" \/>\n<meta property=\"article:published_time\" content=\"2022-06-08T09:12:04+00:00\" \/>\n<meta name=\"author\" content=\"Jeanette\" \/>\n<meta name=\"twitter:card\" content=\"summary_large_image\" \/>\n<meta name=\"twitter:creator\" content=\"@eldiario_net\" \/>\n<meta name=\"twitter:site\" content=\"@eldiario_net\" \/>\n<meta name=\"twitter:label1\" content=\"Escrito por\" \/>\n\t<meta name=\"twitter:data1\" content=\"Jeanette\" \/>\n\t<meta name=\"twitter:label2\" content=\"Tiempo de lectura\" \/>\n\t<meta name=\"twitter:data2\" content=\"2 minutos\" \/>\n<script type=\"application\/ld+json\" class=\"yoast-schema-graph\">{\"@context\":\"https:\\\/\\\/schema.org\",\"@graph\":[{\"@type\":\"Article\",\"@id\":\"https:\\\/\\\/www.eldiario.net\\\/portal\\\/2022\\\/06\\\/08\\\/polonia-firma-un-contrato-por-valor-de-655-millones-de-euros\\\/#article\",\"isPartOf\":{\"@id\":\"https:\\\/\\\/www.eldiario.net\\\/portal\\\/2022\\\/06\\\/08\\\/polonia-firma-un-contrato-por-valor-de-655-millones-de-euros\\\/\"},\"author\":{\"name\":\"Jeanette\",\"@id\":\"https:\\\/\\\/www.eldiario.net\\\/portal\\\/#\\\/schema\\\/person\\\/2c57cf2b7a7ae032e449e4c9b1019eac\"},\"headline\":\"Polonia firma un contrato por valor de 655 millones de euros\",\"datePublished\":\"2022-06-08T09:12:04+00:00\",\"mainEntityOfPage\":{\"@id\":\"https:\\\/\\\/www.eldiario.net\\\/portal\\\/2022\\\/06\\\/08\\\/polonia-firma-un-contrato-por-valor-de-655-millones-de-euros\\\/\"},\"wordCount\":316,\"publisher\":{\"@id\":\"https:\\\/\\\/www.eldiario.net\\\/portal\\\/#organization\"},\"image\":{\"@id\":\"https:\\\/\\\/www.eldiario.net\\\/portal\\\/2022\\\/06\\\/08\\\/polonia-firma-un-contrato-por-valor-de-655-millones-de-euros\\\/#primaryimage\"},\"thumbnailUrl\":\"\",\"articleSection\":[\"Internacional\"],\"inLanguage\":\"es\"},{\"@type\":\"WebPage\",\"@id\":\"https:\\\/\\\/www.eldiario.net\\\/portal\\\/2022\\\/06\\\/08\\\/polonia-firma-un-contrato-por-valor-de-655-millones-de-euros\\\/\",\"url\":\"https:\\\/\\\/www.eldiario.net\\\/portal\\\/2022\\\/06\\\/08\\\/polonia-firma-un-contrato-por-valor-de-655-millones-de-euros\\\/\",\"name\":\"Polonia firma un contrato por valor de 655 millones de euros - El Diario - Bolivia\",\"isPartOf\":{\"@id\":\"https:\\\/\\\/www.eldiario.net\\\/portal\\\/#website\"},\"primaryImageOfPage\":{\"@id\":\"https:\\\/\\\/www.eldiario.net\\\/portal\\\/2022\\\/06\\\/08\\\/polonia-firma-un-contrato-por-valor-de-655-millones-de-euros\\\/#primaryimage\"},\"image\":{\"@id\":\"https:\\\/\\\/www.eldiario.net\\\/portal\\\/2022\\\/06\\\/08\\\/polonia-firma-un-contrato-por-valor-de-655-millones-de-euros\\\/#primaryimage\"},\"thumbnailUrl\":\"\",\"datePublished\":\"2022-06-08T09:12:04+00:00\",\"breadcrumb\":{\"@id\":\"https:\\\/\\\/www.eldiario.net\\\/portal\\\/2022\\\/06\\\/08\\\/polonia-firma-un-contrato-por-valor-de-655-millones-de-euros\\\/#breadcrumb\"},\"inLanguage\":\"es\",\"potentialAction\":[{\"@type\":\"ReadAction\",\"target\":[\"https:\\\/\\\/www.eldiario.net\\\/portal\\\/2022\\\/06\\\/08\\\/polonia-firma-un-contrato-por-valor-de-655-millones-de-euros\\\/\"]}]},{\"@type\":\"ImageObject\",\"inLanguage\":\"es\",\"@id\":\"https:\\\/\\\/www.eldiario.net\\\/portal\\\/2022\\\/06\\\/08\\\/polonia-firma-un-contrato-por-valor-de-655-millones-de-euros\\\/#primaryimage\",\"url\":\"\",\"contentUrl\":\"\"},{\"@type\":\"BreadcrumbList\",\"@id\":\"https:\\\/\\\/www.eldiario.net\\\/portal\\\/2022\\\/06\\\/08\\\/polonia-firma-un-contrato-por-valor-de-655-millones-de-euros\\\/#breadcrumb\",\"itemListElement\":[{\"@type\":\"ListItem\",\"position\":1,\"name\":\"Portada\",\"item\":\"https:\\\/\\\/www.eldiario.net\\\/portal\\\/\"},{\"@type\":\"ListItem\",\"position\":2,\"name\":\"Polonia firma un contrato por valor de 655 millones de euros\"}]},{\"@type\":\"WebSite\",\"@id\":\"https:\\\/\\\/www.eldiario.net\\\/portal\\\/#website\",\"url\":\"https:\\\/\\\/www.eldiario.net\\\/portal\\\/\",\"name\":\"El Diario - Decano de la prensa nacional\",\"description\":\"El Diario - Decano de la prensa nacional\",\"publisher\":{\"@id\":\"https:\\\/\\\/www.eldiario.net\\\/portal\\\/#organization\"},\"potentialAction\":[{\"@type\":\"SearchAction\",\"target\":{\"@type\":\"EntryPoint\",\"urlTemplate\":\"https:\\\/\\\/www.eldiario.net\\\/portal\\\/?s={search_term_string}\"},\"query-input\":{\"@type\":\"PropertyValueSpecification\",\"valueRequired\":true,\"valueName\":\"search_term_string\"}}],\"inLanguage\":\"es\"},{\"@type\":\"Organization\",\"@id\":\"https:\\\/\\\/www.eldiario.net\\\/portal\\\/#organization\",\"name\":\"El Diario - Decano de la prensa nacional\",\"url\":\"https:\\\/\\\/www.eldiario.net\\\/portal\\\/\",\"logo\":{\"@type\":\"ImageObject\",\"inLanguage\":\"es\",\"@id\":\"https:\\\/\\\/www.eldiario.net\\\/portal\\\/#\\\/schema\\\/logo\\\/image\\\/\",\"url\":\"https:\\\/\\\/www.eldiario.net\\\/portal\\\/wp-content\\\/uploads\\\/2023\\\/07\\\/logo_ED.jpg\",\"contentUrl\":\"https:\\\/\\\/www.eldiario.net\\\/portal\\\/wp-content\\\/uploads\\\/2023\\\/07\\\/logo_ED.jpg\",\"width\":272,\"height\":52,\"caption\":\"El Diario - Decano de la prensa nacional\"},\"image\":{\"@id\":\"https:\\\/\\\/www.eldiario.net\\\/portal\\\/#\\\/schema\\\/logo\\\/image\\\/\"},\"sameAs\":[\"https:\\\/\\\/www.facebook.com\\\/eldiario.bolivia\\\/\",\"https:\\\/\\\/x.com\\\/eldiario_net\"]},{\"@type\":\"Person\",\"@id\":\"https:\\\/\\\/www.eldiario.net\\\/portal\\\/#\\\/schema\\\/person\\\/2c57cf2b7a7ae032e449e4c9b1019eac\",\"name\":\"Jeanette\",\"image\":{\"@type\":\"ImageObject\",\"inLanguage\":\"es\",\"@id\":\"https:\\\/\\\/secure.gravatar.com\\\/avatar\\\/3ea2118a5f7dad2b7138b1187a6b7ee55f160b9968b66013c3a3ef39dd7e5798?s=96&d=mm&r=g\",\"url\":\"https:\\\/\\\/secure.gravatar.com\\\/avatar\\\/3ea2118a5f7dad2b7138b1187a6b7ee55f160b9968b66013c3a3ef39dd7e5798?s=96&d=mm&r=g\",\"contentUrl\":\"https:\\\/\\\/secure.gravatar.com\\\/avatar\\\/3ea2118a5f7dad2b7138b1187a6b7ee55f160b9968b66013c3a3ef39dd7e5798?s=96&d=mm&r=g\",\"caption\":\"Jeanette\"},\"sameAs\":[\"https:\\\/\\\/www.eldiario.net\\\/portal\"],\"url\":\"https:\\\/\\\/www.eldiario.net\\\/portal\\\/author\\\/jeanette\\\/\"}]}<\/script>\n<!-- \/ Yoast SEO plugin. -->","yoast_head_json":{"title":"Polonia firma un contrato por valor de 655 millones de euros - El Diario - Bolivia","robots":{"index":"index","follow":"follow","max-snippet":"max-snippet:-1","max-image-preview":"max-image-preview:large","max-video-preview":"max-video-preview:-1"},"canonical":"https:\/\/www.eldiario.net\/portal\/2022\/06\/08\/polonia-firma-un-contrato-por-valor-de-655-millones-de-euros\/","og_locale":"es_ES","og_type":"article","og_title":"Polonia firma un contrato por valor de 655 millones de euros - El Diario - Bolivia","og_description":"Ucrania.- El primer ministro de Polonia, Mateusz Morawiecki, ha informado ayer de que Varsovia ha firmado el contrato de exportaci\u00f3n de armas \u201cm\u00e1s grande de los \u00faltimos 30 a\u00f1os\u201d, por un valor de 3.000 millones de esloti (655 millones de euros). \u201cAhora estamos firmando uno de los mayores contratos de armas de las \u00faltimas tres [&hellip;]","og_url":"https:\/\/www.eldiario.net\/portal\/2022\/06\/08\/polonia-firma-un-contrato-por-valor-de-655-millones-de-euros\/","og_site_name":"El Diario - Bolivia","article_publisher":"https:\/\/www.facebook.com\/eldiario.bolivia\/","article_published_time":"2022-06-08T09:12:04+00:00","author":"Jeanette","twitter_card":"summary_large_image","twitter_creator":"@eldiario_net","twitter_site":"@eldiario_net","twitter_misc":{"Escrito por":"Jeanette","Tiempo de lectura":"2 minutos"},"schema":{"@context":"https:\/\/schema.org","@graph":[{"@type":"Article","@id":"https:\/\/www.eldiario.net\/portal\/2022\/06\/08\/polonia-firma-un-contrato-por-valor-de-655-millones-de-euros\/#article","isPartOf":{"@id":"https:\/\/www.eldiario.net\/portal\/2022\/06\/08\/polonia-firma-un-contrato-por-valor-de-655-millones-de-euros\/"},"author":{"name":"Jeanette","@id":"https:\/\/www.eldiario.net\/portal\/#\/schema\/person\/2c57cf2b7a7ae032e449e4c9b1019eac"},"headline":"Polonia firma un contrato por valor de 655 millones de euros","datePublished":"2022-06-08T09:12:04+00:00","mainEntityOfPage":{"@id":"https:\/\/www.eldiario.net\/portal\/2022\/06\/08\/polonia-firma-un-contrato-por-valor-de-655-millones-de-euros\/"},"wordCount":316,"publisher":{"@id":"https:\/\/www.eldiario.net\/portal\/#organization"},"image":{"@id":"https:\/\/www.eldiario.net\/portal\/2022\/06\/08\/polonia-firma-un-contrato-por-valor-de-655-millones-de-euros\/#primaryimage"},"thumbnailUrl":"","articleSection":["Internacional"],"inLanguage":"es"},{"@type":"WebPage","@id":"https:\/\/www.eldiario.net\/portal\/2022\/06\/08\/polonia-firma-un-contrato-por-valor-de-655-millones-de-euros\/","url":"https:\/\/www.eldiario.net\/portal\/2022\/06\/08\/polonia-firma-un-contrato-por-valor-de-655-millones-de-euros\/","name":"Polonia firma un contrato por valor de 655 millones de euros - El Diario - Bolivia","isPartOf":{"@id":"https:\/\/www.eldiario.net\/portal\/#website"},"primaryImageOfPage":{"@id":"https:\/\/www.eldiario.net\/portal\/2022\/06\/08\/polonia-firma-un-contrato-por-valor-de-655-millones-de-euros\/#primaryimage"},"image":{"@id":"https:\/\/www.eldiario.net\/portal\/2022\/06\/08\/polonia-firma-un-contrato-por-valor-de-655-millones-de-euros\/#primaryimage"},"thumbnailUrl":"","datePublished":"2022-06-08T09:12:04+00:00","breadcrumb":{"@id":"https:\/\/www.eldiario.net\/portal\/2022\/06\/08\/polonia-firma-un-contrato-por-valor-de-655-millones-de-euros\/#breadcrumb"},"inLanguage":"es","potentialAction":[{"@type":"ReadAction","target":["https:\/\/www.eldiario.net\/portal\/2022\/06\/08\/polonia-firma-un-contrato-por-valor-de-655-millones-de-euros\/"]}]},{"@type":"ImageObject","inLanguage":"es","@id":"https:\/\/www.eldiario.net\/portal\/2022\/06\/08\/polonia-firma-un-contrato-por-valor-de-655-millones-de-euros\/#primaryimage","url":"","contentUrl":""},{"@type":"BreadcrumbList","@id":"https:\/\/www.eldiario.net\/portal\/2022\/06\/08\/polonia-firma-un-contrato-por-valor-de-655-millones-de-euros\/#breadcrumb","itemListElement":[{"@type":"ListItem","position":1,"name":"Portada","item":"https:\/\/www.eldiario.net\/portal\/"},{"@type":"ListItem","position":2,"name":"Polonia firma un contrato por valor de 655 millones de euros"}]},{"@type":"WebSite","@id":"https:\/\/www.eldiario.net\/portal\/#website","url":"https:\/\/www.eldiario.net\/portal\/","name":"El Diario - Decano de la prensa nacional","description":"El Diario - Decano de la prensa nacional","publisher":{"@id":"https:\/\/www.eldiario.net\/portal\/#organization"},"potentialAction":[{"@type":"SearchAction","target":{"@type":"EntryPoint","urlTemplate":"https:\/\/www.eldiario.net\/portal\/?s={search_term_string}"},"query-input":{"@type":"PropertyValueSpecification","valueRequired":true,"valueName":"search_term_string"}}],"inLanguage":"es"},{"@type":"Organization","@id":"https:\/\/www.eldiario.net\/portal\/#organization","name":"El Diario - Decano de la prensa nacional","url":"https:\/\/www.eldiario.net\/portal\/","logo":{"@type":"ImageObject","inLanguage":"es","@id":"https:\/\/www.eldiario.net\/portal\/#\/schema\/logo\/image\/","url":"https:\/\/www.eldiario.net\/portal\/wp-content\/uploads\/2023\/07\/logo_ED.jpg","contentUrl":"https:\/\/www.eldiario.net\/portal\/wp-content\/uploads\/2023\/07\/logo_ED.jpg","width":272,"height":52,"caption":"El Diario - Decano de la prensa nacional"},"image":{"@id":"https:\/\/www.eldiario.net\/portal\/#\/schema\/logo\/image\/"},"sameAs":["https:\/\/www.facebook.com\/eldiario.bolivia\/","https:\/\/x.com\/eldiario_net"]},{"@type":"Person","@id":"https:\/\/www.eldiario.net\/portal\/#\/schema\/person\/2c57cf2b7a7ae032e449e4c9b1019eac","name":"Jeanette","image":{"@type":"ImageObject","inLanguage":"es","@id":"https:\/\/secure.gravatar.com\/avatar\/3ea2118a5f7dad2b7138b1187a6b7ee55f160b9968b66013c3a3ef39dd7e5798?s=96&d=mm&r=g","url":"https:\/\/secure.gravatar.com\/avatar\/3ea2118a5f7dad2b7138b1187a6b7ee55f160b9968b66013c3a3ef39dd7e5798?s=96&d=mm&r=g","contentUrl":"https:\/\/secure.gravatar.com\/avatar\/3ea2118a5f7dad2b7138b1187a6b7ee55f160b9968b66013c3a3ef39dd7e5798?s=96&d=mm&r=g","caption":"Jeanette"},"sameAs":["https:\/\/www.eldiario.net\/portal"],"url":"https:\/\/www.eldiario.net\/portal\/author\/jeanette\/"}]}},"_links":{"self":[{"href":"https:\/\/www.eldiario.net\/portal\/wp-json\/wp\/v2\/posts\/89074","targetHints":{"allow":["GET"]}}],"collection":[{"href":"https:\/\/www.eldiario.net\/portal\/wp-json\/wp\/v2\/posts"}],"about":[{"href":"https:\/\/www.eldiario.net\/portal\/wp-json\/wp\/v2\/types\/post"}],"author":[{"embeddable":true,"href":"https:\/\/www.eldiario.net\/portal\/wp-json\/wp\/v2\/users\/1"}],"replies":[{"embeddable":true,"href":"https:\/\/www.eldiario.net\/portal\/wp-json\/wp\/v2\/comments?post=89074"}],"version-history":[{"count":0,"href":"https:\/\/www.eldiario.net\/portal\/wp-json\/wp\/v2\/posts\/89074\/revisions"}],"wp:attachment":[{"href":"https:\/\/www.eldiario.net\/portal\/wp-json\/wp\/v2\/media?parent=89074"}],"wp:term":[{"taxonomy":"category","embeddable":true,"href":"https:\/\/www.eldiario.net\/portal\/wp-json\/wp\/v2\/categories?post=89074"},{"taxonomy":"post_tag","embeddable":true,"href":"https:\/\/www.eldiario.net\/portal\/wp-json\/wp\/v2\/tags?post=89074"}],"curies":[{"name":"wp","href":"https:\/\/api.w.org\/{rel}","templated":true}]}}