{"id":8907,"date":"2021-06-07T06:44:27","date_gmt":"2021-06-07T10:44:27","guid":{"rendered":"https:\/\/www.eldiario.net\/portal\/?p=8907"},"modified":"2021-06-07T06:44:27","modified_gmt":"2021-06-07T10:44:27","slug":"promueven-negocios-en-linea-ante-amenaza-de-pandemia","status":"publish","type":"post","link":"https:\/\/www.eldiario.net\/portal\/2021\/06\/07\/promueven-negocios-en-linea-ante-amenaza-de-pandemia\/","title":{"rendered":"Promueven negocios en l\u00ednea ante amenaza de pandemia"},"content":{"rendered":"<p>Con la aplicaci\u00f3n de las nuevas tecnolog\u00edas a todos los niveles y la irrupci\u00f3n de la pandemia de covid-19 que est\u00e1 produciendo un cambio en las empresas en todos los sectores, incluido el comercial, la Asociaci\u00f3n Internacional de Ventas (AIV), con sede en Panam\u00e1, apuesta por el programa de distribuci\u00f3n comercial 5.0 que se basa en el concepto de negocio digital, seg\u00fan el representante de la instituci\u00f3n en Bolivia, Julio Trujillo.<br \/>\nTrujillo precis\u00f3 que este proceso de digitalizaci\u00f3n responde a un nuevo mercado cada vez m\u00e1s competitivo y a la necesidad de adaptarse a unos clientes que demandan respuestas m\u00e1s r\u00e1pidas.<br \/>\nLa AIV se consolid\u00f3 el 18 de marzo de 2020, con profesionales de diferentes pa\u00edses que buscaron dar soluci\u00f3n a los problemas que varias empresas estaban atravesando debido a las cuarentenas r\u00edgidas que se decretaron debido al covid-19.<br \/>\nDebido a la cuarentena que se vivi\u00f3 en el pa\u00eds (marzo a agosto de 2020), muchas empresas tuvieron que cambiar su tipo de venta; por ejemplo, una marca que repart\u00eda su producto en lugares recreacionales tuvo que ofrecer promociones y lograr que ese consumidor se vuelva en vendedor, para obtener algo de ingresos, que en esa \u00e9poca estaba en cero.<br \/>\nVarias factor\u00edas empezaron a migrar sus productos, en algunos casos, dejaron de producir, por ejemplo, galletas para escolares y optaron por dedicarse a la producci\u00f3n de alcohol en gel, barbijos y otros, con ello a la venta en l\u00ednea, porque las salidas a las calles estaban prohibidas.<br \/>\nPara Trujillo aplicar la venta digital a la fuerza comercial tiene efectos clave en la optimizaci\u00f3n y la eficiencia del negocio, por ello la AIV ofrece cursos gratuitos constantes para brindar asesoramientos a trav\u00e9s de sus redes sociales como el Facebook, Instagram, LinkedIn y otros.<br \/>\nLa AIV fue inicialmente conformada por representantes de M\u00e9xico y Per\u00fa, posteriormente se sumaron profesionales de Panam\u00e1, Guatemala, Paraguay, Argentina, Chile, Ecuador y Bolivia que est\u00e1 representada por Julio Trujillo, experto en Marketing y Publicidad, negocios y apertura de mercados.<\/p>\n","protected":false},"excerpt":{"rendered":"<p>Con la aplicaci\u00f3n de las nuevas tecnolog\u00edas a todos los niveles y la irrupci\u00f3n de la pandemia de covid-19 que est\u00e1 produciendo un cambio en las empresas en todos los sectores, incluido el comercial, la Asociaci\u00f3n Internacional de Ventas (AIV), con sede en Panam\u00e1, apuesta por el programa de distribuci\u00f3n comercial 5.0 que se basa [&hellip;]<\/p>\n","protected":false},"author":1,"featured_media":0,"comment_status":"closed","ping_status":"closed","sticky":false,"template":"","format":"standard","meta":{"_acf_changed":false,"footnotes":""},"categories":[12],"tags":[],"class_list":["post-8907","post","type-post","status-publish","format-standard","category-nacional"],"acf":{"antetitulo":""},"yoast_head":"<!-- This site is optimized with the Yoast SEO plugin v28.4 - https:\/\/yoast.com\/product\/yoast-seo-wordpress\/ -->\n<title>Promueven negocios en l\u00ednea ante amenaza de pandemia - El Diario - Bolivia<\/title>\n<meta name=\"robots\" content=\"index, follow, max-snippet:-1, max-image-preview:large, max-video-preview:-1\" \/>\n<link rel=\"canonical\" href=\"https:\/\/www.eldiario.net\/portal\/2021\/06\/07\/promueven-negocios-en-linea-ante-amenaza-de-pandemia\/\" \/>\n<meta property=\"og:locale\" content=\"es_ES\" \/>\n<meta property=\"og:type\" content=\"article\" \/>\n<meta property=\"og:title\" content=\"Promueven negocios en l\u00ednea ante amenaza de pandemia - El Diario - Bolivia\" \/>\n<meta property=\"og:description\" content=\"Con la aplicaci\u00f3n de las nuevas tecnolog\u00edas a todos los niveles y la irrupci\u00f3n de la pandemia de covid-19 que est\u00e1 produciendo un cambio en las empresas en todos los sectores, incluido el comercial, la Asociaci\u00f3n Internacional de Ventas (AIV), con sede en Panam\u00e1, apuesta por el programa de distribuci\u00f3n comercial 5.0 que se basa [&hellip;]\" \/>\n<meta property=\"og:url\" content=\"https:\/\/www.eldiario.net\/portal\/2021\/06\/07\/promueven-negocios-en-linea-ante-amenaza-de-pandemia\/\" \/>\n<meta property=\"og:site_name\" content=\"El Diario - Bolivia\" \/>\n<meta property=\"article:publisher\" content=\"https:\/\/www.facebook.com\/eldiario.bolivia\/\" \/>\n<meta property=\"article:published_time\" content=\"2021-06-07T10:44:27+00:00\" \/>\n<meta name=\"author\" content=\"Jeanette\" \/>\n<meta name=\"twitter:card\" content=\"summary_large_image\" \/>\n<meta name=\"twitter:creator\" content=\"@eldiario_net\" \/>\n<meta name=\"twitter:site\" content=\"@eldiario_net\" \/>\n<meta name=\"twitter:label1\" content=\"Escrito por\" \/>\n\t<meta name=\"twitter:data1\" content=\"Jeanette\" \/>\n\t<meta name=\"twitter:label2\" content=\"Tiempo de lectura\" \/>\n\t<meta name=\"twitter:data2\" content=\"2 minutos\" \/>\n<script type=\"application\/ld+json\" class=\"yoast-schema-graph\">{\"@context\":\"https:\\\/\\\/schema.org\",\"@graph\":[{\"@type\":\"Article\",\"@id\":\"https:\\\/\\\/www.eldiario.net\\\/portal\\\/2021\\\/06\\\/07\\\/promueven-negocios-en-linea-ante-amenaza-de-pandemia\\\/#article\",\"isPartOf\":{\"@id\":\"https:\\\/\\\/www.eldiario.net\\\/portal\\\/2021\\\/06\\\/07\\\/promueven-negocios-en-linea-ante-amenaza-de-pandemia\\\/\"},\"author\":{\"name\":\"Jeanette\",\"@id\":\"https:\\\/\\\/www.eldiario.net\\\/portal\\\/#\\\/schema\\\/person\\\/f46445640444750d7d753ccd04ae01b7\"},\"headline\":\"Promueven negocios en l\u00ednea ante amenaza de pandemia\",\"datePublished\":\"2021-06-07T10:44:27+00:00\",\"mainEntityOfPage\":{\"@id\":\"https:\\\/\\\/www.eldiario.net\\\/portal\\\/2021\\\/06\\\/07\\\/promueven-negocios-en-linea-ante-amenaza-de-pandemia\\\/\"},\"wordCount\":358,\"publisher\":{\"@id\":\"https:\\\/\\\/www.eldiario.net\\\/portal\\\/#organization\"},\"articleSection\":[\"Nacional\"],\"inLanguage\":\"es\"},{\"@type\":\"WebPage\",\"@id\":\"https:\\\/\\\/www.eldiario.net\\\/portal\\\/2021\\\/06\\\/07\\\/promueven-negocios-en-linea-ante-amenaza-de-pandemia\\\/\",\"url\":\"https:\\\/\\\/www.eldiario.net\\\/portal\\\/2021\\\/06\\\/07\\\/promueven-negocios-en-linea-ante-amenaza-de-pandemia\\\/\",\"name\":\"Promueven negocios en l\u00ednea ante amenaza de pandemia - El Diario - Bolivia\",\"isPartOf\":{\"@id\":\"https:\\\/\\\/www.eldiario.net\\\/portal\\\/#website\"},\"datePublished\":\"2021-06-07T10:44:27+00:00\",\"breadcrumb\":{\"@id\":\"https:\\\/\\\/www.eldiario.net\\\/portal\\\/2021\\\/06\\\/07\\\/promueven-negocios-en-linea-ante-amenaza-de-pandemia\\\/#breadcrumb\"},\"inLanguage\":\"es\",\"potentialAction\":[{\"@type\":\"ReadAction\",\"target\":[\"https:\\\/\\\/www.eldiario.net\\\/portal\\\/2021\\\/06\\\/07\\\/promueven-negocios-en-linea-ante-amenaza-de-pandemia\\\/\"]}]},{\"@type\":\"BreadcrumbList\",\"@id\":\"https:\\\/\\\/www.eldiario.net\\\/portal\\\/2021\\\/06\\\/07\\\/promueven-negocios-en-linea-ante-amenaza-de-pandemia\\\/#breadcrumb\",\"itemListElement\":[{\"@type\":\"ListItem\",\"position\":1,\"name\":\"Portada\",\"item\":\"https:\\\/\\\/www.eldiario.net\\\/portal\\\/\"},{\"@type\":\"ListItem\",\"position\":2,\"name\":\"Promueven negocios en l\u00ednea ante amenaza de pandemia\"}]},{\"@type\":\"WebSite\",\"@id\":\"https:\\\/\\\/www.eldiario.net\\\/portal\\\/#website\",\"url\":\"https:\\\/\\\/www.eldiario.net\\\/portal\\\/\",\"name\":\"El Diario - Decano de la prensa nacional\",\"description\":\"El Diario - Decano de la prensa nacional\",\"publisher\":{\"@id\":\"https:\\\/\\\/www.eldiario.net\\\/portal\\\/#organization\"},\"potentialAction\":[{\"@type\":\"SearchAction\",\"target\":{\"@type\":\"EntryPoint\",\"urlTemplate\":\"https:\\\/\\\/www.eldiario.net\\\/portal\\\/?s={search_term_string}\"},\"query-input\":{\"@type\":\"PropertyValueSpecification\",\"valueRequired\":true,\"valueName\":\"search_term_string\"}}],\"inLanguage\":\"es\"},{\"@type\":\"Organization\",\"@id\":\"https:\\\/\\\/www.eldiario.net\\\/portal\\\/#organization\",\"name\":\"El Diario - Decano de la prensa nacional\",\"url\":\"https:\\\/\\\/www.eldiario.net\\\/portal\\\/\",\"logo\":{\"@type\":\"ImageObject\",\"inLanguage\":\"es\",\"@id\":\"https:\\\/\\\/www.eldiario.net\\\/portal\\\/#\\\/schema\\\/logo\\\/image\\\/\",\"url\":\"https:\\\/\\\/www.eldiario.net\\\/portal\\\/wp-content\\\/uploads\\\/2023\\\/07\\\/logo_ED.jpg\",\"contentUrl\":\"https:\\\/\\\/www.eldiario.net\\\/portal\\\/wp-content\\\/uploads\\\/2023\\\/07\\\/logo_ED.jpg\",\"width\":272,\"height\":52,\"caption\":\"El Diario - Decano de la prensa nacional\"},\"image\":{\"@id\":\"https:\\\/\\\/www.eldiario.net\\\/portal\\\/#\\\/schema\\\/logo\\\/image\\\/\"},\"sameAs\":[\"https:\\\/\\\/www.facebook.com\\\/eldiario.bolivia\\\/\",\"https:\\\/\\\/x.com\\\/eldiario_net\"]},{\"@type\":\"Person\",\"@id\":\"https:\\\/\\\/www.eldiario.net\\\/portal\\\/#\\\/schema\\\/person\\\/f46445640444750d7d753ccd04ae01b7\",\"name\":\"Jeanette\",\"image\":{\"@type\":\"ImageObject\",\"inLanguage\":\"es\",\"@id\":\"https:\\\/\\\/secure.gravatar.com\\\/avatar\\\/3ea2118a5f7dad2b7138b1187a6b7ee55f160b9968b66013c3a3ef39dd7e5798?s=96&d=mm&r=g\",\"url\":\"https:\\\/\\\/secure.gravatar.com\\\/avatar\\\/3ea2118a5f7dad2b7138b1187a6b7ee55f160b9968b66013c3a3ef39dd7e5798?s=96&d=mm&r=g\",\"contentUrl\":\"https:\\\/\\\/secure.gravatar.com\\\/avatar\\\/3ea2118a5f7dad2b7138b1187a6b7ee55f160b9968b66013c3a3ef39dd7e5798?s=96&d=mm&r=g\",\"caption\":\"Jeanette\"},\"sameAs\":[\"https:\\\/\\\/www.eldiario.net\\\/portal\"],\"url\":\"https:\\\/\\\/www.eldiario.net\\\/portal\\\/author\\\/jeanette\\\/\"}]}<\/script>\n<!-- \/ Yoast SEO plugin. -->","yoast_head_json":{"title":"Promueven negocios en l\u00ednea ante amenaza de pandemia - El Diario - Bolivia","robots":{"index":"index","follow":"follow","max-snippet":"max-snippet:-1","max-image-preview":"max-image-preview:large","max-video-preview":"max-video-preview:-1"},"canonical":"https:\/\/www.eldiario.net\/portal\/2021\/06\/07\/promueven-negocios-en-linea-ante-amenaza-de-pandemia\/","og_locale":"es_ES","og_type":"article","og_title":"Promueven negocios en l\u00ednea ante amenaza de pandemia - El Diario - Bolivia","og_description":"Con la aplicaci\u00f3n de las nuevas tecnolog\u00edas a todos los niveles y la irrupci\u00f3n de la pandemia de covid-19 que est\u00e1 produciendo un cambio en las empresas en todos los sectores, incluido el comercial, la Asociaci\u00f3n Internacional de Ventas (AIV), con sede en Panam\u00e1, apuesta por el programa de distribuci\u00f3n comercial 5.0 que se basa [&hellip;]","og_url":"https:\/\/www.eldiario.net\/portal\/2021\/06\/07\/promueven-negocios-en-linea-ante-amenaza-de-pandemia\/","og_site_name":"El Diario - Bolivia","article_publisher":"https:\/\/www.facebook.com\/eldiario.bolivia\/","article_published_time":"2021-06-07T10:44:27+00:00","author":"Jeanette","twitter_card":"summary_large_image","twitter_creator":"@eldiario_net","twitter_site":"@eldiario_net","twitter_misc":{"Escrito por":"Jeanette","Tiempo de lectura":"2 minutos"},"schema":{"@context":"https:\/\/schema.org","@graph":[{"@type":"Article","@id":"https:\/\/www.eldiario.net\/portal\/2021\/06\/07\/promueven-negocios-en-linea-ante-amenaza-de-pandemia\/#article","isPartOf":{"@id":"https:\/\/www.eldiario.net\/portal\/2021\/06\/07\/promueven-negocios-en-linea-ante-amenaza-de-pandemia\/"},"author":{"name":"Jeanette","@id":"https:\/\/www.eldiario.net\/portal\/#\/schema\/person\/f46445640444750d7d753ccd04ae01b7"},"headline":"Promueven negocios en l\u00ednea ante amenaza de pandemia","datePublished":"2021-06-07T10:44:27+00:00","mainEntityOfPage":{"@id":"https:\/\/www.eldiario.net\/portal\/2021\/06\/07\/promueven-negocios-en-linea-ante-amenaza-de-pandemia\/"},"wordCount":358,"publisher":{"@id":"https:\/\/www.eldiario.net\/portal\/#organization"},"articleSection":["Nacional"],"inLanguage":"es"},{"@type":"WebPage","@id":"https:\/\/www.eldiario.net\/portal\/2021\/06\/07\/promueven-negocios-en-linea-ante-amenaza-de-pandemia\/","url":"https:\/\/www.eldiario.net\/portal\/2021\/06\/07\/promueven-negocios-en-linea-ante-amenaza-de-pandemia\/","name":"Promueven negocios en l\u00ednea ante amenaza de pandemia - El Diario - Bolivia","isPartOf":{"@id":"https:\/\/www.eldiario.net\/portal\/#website"},"datePublished":"2021-06-07T10:44:27+00:00","breadcrumb":{"@id":"https:\/\/www.eldiario.net\/portal\/2021\/06\/07\/promueven-negocios-en-linea-ante-amenaza-de-pandemia\/#breadcrumb"},"inLanguage":"es","potentialAction":[{"@type":"ReadAction","target":["https:\/\/www.eldiario.net\/portal\/2021\/06\/07\/promueven-negocios-en-linea-ante-amenaza-de-pandemia\/"]}]},{"@type":"BreadcrumbList","@id":"https:\/\/www.eldiario.net\/portal\/2021\/06\/07\/promueven-negocios-en-linea-ante-amenaza-de-pandemia\/#breadcrumb","itemListElement":[{"@type":"ListItem","position":1,"name":"Portada","item":"https:\/\/www.eldiario.net\/portal\/"},{"@type":"ListItem","position":2,"name":"Promueven negocios en l\u00ednea ante amenaza de pandemia"}]},{"@type":"WebSite","@id":"https:\/\/www.eldiario.net\/portal\/#website","url":"https:\/\/www.eldiario.net\/portal\/","name":"El Diario - Decano de la prensa nacional","description":"El Diario - Decano de la prensa nacional","publisher":{"@id":"https:\/\/www.eldiario.net\/portal\/#organization"},"potentialAction":[{"@type":"SearchAction","target":{"@type":"EntryPoint","urlTemplate":"https:\/\/www.eldiario.net\/portal\/?s={search_term_string}"},"query-input":{"@type":"PropertyValueSpecification","valueRequired":true,"valueName":"search_term_string"}}],"inLanguage":"es"},{"@type":"Organization","@id":"https:\/\/www.eldiario.net\/portal\/#organization","name":"El Diario - Decano de la prensa nacional","url":"https:\/\/www.eldiario.net\/portal\/","logo":{"@type":"ImageObject","inLanguage":"es","@id":"https:\/\/www.eldiario.net\/portal\/#\/schema\/logo\/image\/","url":"https:\/\/www.eldiario.net\/portal\/wp-content\/uploads\/2023\/07\/logo_ED.jpg","contentUrl":"https:\/\/www.eldiario.net\/portal\/wp-content\/uploads\/2023\/07\/logo_ED.jpg","width":272,"height":52,"caption":"El Diario - Decano de la prensa nacional"},"image":{"@id":"https:\/\/www.eldiario.net\/portal\/#\/schema\/logo\/image\/"},"sameAs":["https:\/\/www.facebook.com\/eldiario.bolivia\/","https:\/\/x.com\/eldiario_net"]},{"@type":"Person","@id":"https:\/\/www.eldiario.net\/portal\/#\/schema\/person\/f46445640444750d7d753ccd04ae01b7","name":"Jeanette","image":{"@type":"ImageObject","inLanguage":"es","@id":"https:\/\/secure.gravatar.com\/avatar\/3ea2118a5f7dad2b7138b1187a6b7ee55f160b9968b66013c3a3ef39dd7e5798?s=96&d=mm&r=g","url":"https:\/\/secure.gravatar.com\/avatar\/3ea2118a5f7dad2b7138b1187a6b7ee55f160b9968b66013c3a3ef39dd7e5798?s=96&d=mm&r=g","contentUrl":"https:\/\/secure.gravatar.com\/avatar\/3ea2118a5f7dad2b7138b1187a6b7ee55f160b9968b66013c3a3ef39dd7e5798?s=96&d=mm&r=g","caption":"Jeanette"},"sameAs":["https:\/\/www.eldiario.net\/portal"],"url":"https:\/\/www.eldiario.net\/portal\/author\/jeanette\/"}]}},"_links":{"self":[{"href":"https:\/\/www.eldiario.net\/portal\/wp-json\/wp\/v2\/posts\/8907","targetHints":{"allow":["GET"]}}],"collection":[{"href":"https:\/\/www.eldiario.net\/portal\/wp-json\/wp\/v2\/posts"}],"about":[{"href":"https:\/\/www.eldiario.net\/portal\/wp-json\/wp\/v2\/types\/post"}],"author":[{"embeddable":true,"href":"https:\/\/www.eldiario.net\/portal\/wp-json\/wp\/v2\/users\/1"}],"replies":[{"embeddable":true,"href":"https:\/\/www.eldiario.net\/portal\/wp-json\/wp\/v2\/comments?post=8907"}],"version-history":[{"count":0,"href":"https:\/\/www.eldiario.net\/portal\/wp-json\/wp\/v2\/posts\/8907\/revisions"}],"wp:attachment":[{"href":"https:\/\/www.eldiario.net\/portal\/wp-json\/wp\/v2\/media?parent=8907"}],"wp:term":[{"taxonomy":"category","embeddable":true,"href":"https:\/\/www.eldiario.net\/portal\/wp-json\/wp\/v2\/categories?post=8907"},{"taxonomy":"post_tag","embeddable":true,"href":"https:\/\/www.eldiario.net\/portal\/wp-json\/wp\/v2\/tags?post=8907"}],"curies":[{"name":"wp","href":"https:\/\/api.w.org\/{rel}","templated":true}]}}