{"id":89067,"date":"2022-06-08T05:10:12","date_gmt":"2022-06-08T09:10:12","guid":{"rendered":"https:\/\/www.eldiario.net\/portal\/?p=89067"},"modified":"2022-06-08T05:10:12","modified_gmt":"2022-06-08T09:10:12","slug":"rock-en-la-sangre","status":"publish","type":"post","link":"https:\/\/www.eldiario.net\/portal\/2022\/06\/08\/rock-en-la-sangre\/","title":{"rendered":"Rock en la Sangre"},"content":{"rendered":"<p>Eximio guitarrista y artista renombrado por donde va. As\u00ed podr\u00edamos presentar al invitado de lujo hoy en Cvltvral, cuyo talento en la guitarra no es un misterio para nadie, y, actualmente, est\u00e1 promocionando una presentaci\u00f3n algo m\u00e1s rockera. En esta exclusiva tenemos los detalles\u2026 Sean todos bienvenidos al show.<\/p>\n<p><strong>\u00bfDesde cu\u00e1ndo se viene gestando esta presentaci\u00f3n rockera?<\/strong><br \/>\nEl rock ha sido siempre algo que me ha acompa\u00f1ado desde mi m\u00e1s temprana adolescencia. Yo recuerdo muy bien entre las primeras memorias, tocar una bater\u00eda de ollas que colocaba sobre mi escritorio acompa\u00f1ado alguna canci\u00f3n de AC\/DC. Despu\u00e9s, ya en mi etapa de formaci\u00f3n acad\u00e9mica, el rock sigui\u00f3 formando una parte importante de m\u00ed, ha sido una escuela para m\u00ed, esa fuerza remota \u00edgnea que posee el rock es algo que he tratado de llevar a la m\u00fasica que toco. Si bien a m\u00ed me importa mucho la est\u00e9tica, lo sublime, la delicadeza en lo que hago, para m\u00ed es muy importante el opuesto o complementario de ello que es esa fuerza bruta, que te arrasa, que remolca, que empuja y siempre mi vida ha estado asignada por estos opuestos aparentes, que a la vez son complementos. Nada es dulce si no existe un poco de amargo, sin arriba no hay abajo, sin claro no hay oscuro, eso es lo que me interesa m\u00e1s a m\u00ed, los contrastes, tambi\u00e9n m\u00e1s que una sola pieza en particular, me gusta la interacci\u00f3n entre las piezas, que la pienso muy bien.<\/p>\n<p><strong>\u00bfC\u00f3mo tomas la decisi\u00f3n de hacer esta presentaci\u00f3n?<\/strong><br \/>\nEn la pandemia, en el freno que me vi obligado, empec\u00e9 a hacer una serie de arreglos, que hac\u00eda 15 a\u00f1os no hab\u00eda realizado. En mi disco \u201dAires Indios\u201d, que es todo m\u00fasica boliviana, y que es todo casi arreglos y versiones m\u00edas, intentaba crear un repertorio para guitarra de m\u00fasica boliviana, desde le barroco colonial hasta nuestros d\u00edas. Ese lo grab\u00e9 en el 2006, est\u00e1n los \u201cAires Indios\u201d de Eduardo Caba, una Sonata del Barroco Colonial de Moxos, Chiquitos, m\u00fasica de Prudencio, que esa s\u00ed es original para guitarra, m\u00fasica de Alfredo Dom\u00ednguez, que interpreto a mi parecer urbano; y una serie de m\u00fasicas populares que arregl\u00e9 para aquel entonces.<br \/>\nY desde esas fechas hasta hace poco, no hab\u00eda vuelto a ocuparme de arreglos, que es algo que me interesa mucho, entonces en la pandemia, no fueron uno o dos, sino entre 10 y 15 arreglos que florecieron junto con cosas que hab\u00eda dejado pospuestas. De pronto me di cuenta, que pod\u00eda hacer un programa de este tipo, pop y rock, que me gustan y que le gusta a mucha gente, pero en versiones para guitarra.<\/p>\n<p><strong>\u00bfQu\u00e9 grandes bandas de rock han influenciado tu camino en la guitarra?<\/strong><br \/>\nEn mi camino no tanto, m\u00e1s bien la interpretaci\u00f3n. Con esto me refiero a que esa fuerza que te arrasa. Es esa fuerza la que me subyuga, adem\u00e1s pretendo que esa fuerza est\u00e9 en todo mi trabajo. El rock me ha ense\u00f1ado mejor ese camino. En mis interpretaciones, en la m\u00fasica que hago, han ganado mucha vida y mucha fuerza gracias a eso.<br \/>\nLas bandas que o\u00eda en ese entonces van desde AC\/DC, Iron Maiden, Dream Theater, que es un metal progresivo del cu\u00e1l soy un admirador tenaz.<\/p>\n<p><strong>Top tres guitarristas favoritos<\/strong><br \/>\nHay varios por distintas razones, me fascina la facilidad e innovaci\u00f3n de Eddie Van Halen, me fascina la fuerza y la simplicidad de Angus Young, me fascina la complejidad, la belleza, la haza\u00f1a tit\u00e1nica de tocar cosas tan complejas musicalmente John Petrucci.<\/p>\n<p><strong>\u00bfQu\u00e9 momentos deseas enfatizar en esta tocada?<\/strong><br \/>\nNo sabr\u00eda enmarcarme en una \u00e9poca espec\u00edfica, sino en piezas que he escogido para tocar, como \u201cBohemian Rapsody\u201d de Queen, como el \u201cThunder struck\u201d de AC\/DC, como dos piezas de Sting, a qui\u00e9n actualmente admiro m\u00e1s que cuando estaba en The Police. Entonces hay m\u00fasica de distintas \u00e9pocas, no busco enfatizar en alguna \u00e9poca, sino he agarrado piezas que venimos oyendo desde hace mucho tiempo y que me gustar\u00eda que suenen en solo de guitarra.<\/p>\n<p><strong>\u00bfLa m\u00fasica cruce\u00f1a merece un ac\u00e1pite?<\/strong><br \/>\nEn los \u00faltimos a\u00f1os me estuve ocupando mucho de la m\u00fasica de los andes y de los valles, en traer esa m\u00fasica y hacerla sonar en la guitarra, desde mi disco Aires Indios en el 2006, donde casi todo es muisca de los andes y de los valles, y hay solamente un arreglo de m\u00fasica cruce\u00f1a. Entonces de me di la tarea de saldar esta deuda con la m\u00fasica cruce\u00f1a, y han devenido tres piezas que me emociona mucho, el Guajoj\u00f3, un taquirari, el Jumechi, un carnaval, y el Lamento Yuki, una chovena. Es una trilog\u00eda, porque las he pensado en tres piezas que se tocan juntas. Como todas las versiones que hago para guitarra, siempre me suponen un principio una monta\u00f1a inexpugnable, donde me digo, como hacer para que suene en la guitarra y que no sea una an\u00e9cdota, que no solo sea una melod\u00eda con acompa\u00f1amiento, sino una versi\u00f3n que encierre todo y se pueda o\u00edr como la original.<\/p>\n<p><strong>\u00bfPara la gente que nos sigue qu\u00e9 tipo de concierto puede esperar?<\/strong><br \/>\nHay tres pilares fundamentales que son mi funci\u00f3n, tocar en el ser humano:<br \/>\n1. Coraz\u00f3n<br \/>\n2. Mente<br \/>\n3. Esp\u00edritu<\/p>\n<p><strong>Mover el coraz\u00f3n, sorprender la mente y tocar el esp\u00edritu.<\/strong><br \/>\nM\u00e1s all\u00e1 de que esta vez sea una m\u00fasica que suena mucho m\u00e1s familiar a los o\u00eddos y que puede sorprender no solo por la interpretaci\u00f3n t\u00e9cnica del instrumento que se ve, sino por la familiaridad que hay con la m\u00fasica y por la sorpresa de ver c\u00f3mo es posible meter todo eso en una guitarra. Que todav\u00eda suene bien, emocionante y suene hasta tan rockero como el original, en este caso el \u201cThunderstruck\u201d de AC\/DC, donde he tenido que inventar recursos para que eso suene de verdad con esa fuerza remota que yo quiero que exista en todo lo hago y en especial en algo tan fuerte como todo el mundo lo percibe que es AC\/DC.<\/p>\n","protected":false},"excerpt":{"rendered":"<p>Eximio guitarrista y artista renombrado por donde va. As\u00ed podr\u00edamos presentar al invitado de lujo hoy en Cvltvral, cuyo talento en la guitarra no es un misterio para nadie, y, actualmente, est\u00e1 promocionando una presentaci\u00f3n algo m\u00e1s rockera. En esta exclusiva tenemos los detalles\u2026 Sean todos bienvenidos al show. \u00bfDesde cu\u00e1ndo se viene gestando esta [&hellip;]<\/p>\n","protected":false},"author":1,"featured_media":89068,"comment_status":"closed","ping_status":"closed","sticky":false,"template":"","format":"standard","meta":{"_acf_changed":false,"footnotes":""},"categories":[8],"tags":[],"class_list":["post-89067","post","type-post","status-publish","format-standard","has-post-thumbnail","category-cultural"],"acf":{"antetitulo":""},"yoast_head":"<!-- This site is optimized with the Yoast SEO plugin v28.4 - https:\/\/yoast.com\/product\/yoast-seo-wordpress\/ -->\n<title>Rock en la Sangre - El Diario - Bolivia<\/title>\n<meta name=\"robots\" content=\"index, follow, max-snippet:-1, max-image-preview:large, max-video-preview:-1\" \/>\n<link rel=\"canonical\" href=\"https:\/\/www.eldiario.net\/portal\/2022\/06\/08\/rock-en-la-sangre\/\" \/>\n<meta property=\"og:locale\" content=\"es_ES\" \/>\n<meta property=\"og:type\" content=\"article\" \/>\n<meta property=\"og:title\" content=\"Rock en la Sangre - El Diario - Bolivia\" \/>\n<meta property=\"og:description\" content=\"Eximio guitarrista y artista renombrado por donde va. As\u00ed podr\u00edamos presentar al invitado de lujo hoy en Cvltvral, cuyo talento en la guitarra no es un misterio para nadie, y, actualmente, est\u00e1 promocionando una presentaci\u00f3n algo m\u00e1s rockera. En esta exclusiva tenemos los detalles\u2026 Sean todos bienvenidos al show. \u00bfDesde cu\u00e1ndo se viene gestando esta [&hellip;]\" \/>\n<meta property=\"og:url\" content=\"https:\/\/www.eldiario.net\/portal\/2022\/06\/08\/rock-en-la-sangre\/\" \/>\n<meta property=\"og:site_name\" content=\"El Diario - Bolivia\" \/>\n<meta property=\"article:publisher\" content=\"https:\/\/www.facebook.com\/eldiario.bolivia\/\" \/>\n<meta property=\"article:published_time\" content=\"2022-06-08T09:10:12+00:00\" \/>\n<meta name=\"author\" content=\"Jeanette\" \/>\n<meta name=\"twitter:card\" content=\"summary_large_image\" \/>\n<meta name=\"twitter:creator\" content=\"@eldiario_net\" \/>\n<meta name=\"twitter:site\" content=\"@eldiario_net\" \/>\n<meta name=\"twitter:label1\" content=\"Escrito por\" \/>\n\t<meta name=\"twitter:data1\" content=\"Jeanette\" \/>\n\t<meta name=\"twitter:label2\" content=\"Tiempo de lectura\" \/>\n\t<meta name=\"twitter:data2\" content=\"5 minutos\" \/>\n<script type=\"application\/ld+json\" class=\"yoast-schema-graph\">{\"@context\":\"https:\\\/\\\/schema.org\",\"@graph\":[{\"@type\":\"Article\",\"@id\":\"https:\\\/\\\/www.eldiario.net\\\/portal\\\/2022\\\/06\\\/08\\\/rock-en-la-sangre\\\/#article\",\"isPartOf\":{\"@id\":\"https:\\\/\\\/www.eldiario.net\\\/portal\\\/2022\\\/06\\\/08\\\/rock-en-la-sangre\\\/\"},\"author\":{\"name\":\"Jeanette\",\"@id\":\"https:\\\/\\\/www.eldiario.net\\\/portal\\\/#\\\/schema\\\/person\\\/2c57cf2b7a7ae032e449e4c9b1019eac\"},\"headline\":\"Rock en la Sangre\",\"datePublished\":\"2022-06-08T09:10:12+00:00\",\"mainEntityOfPage\":{\"@id\":\"https:\\\/\\\/www.eldiario.net\\\/portal\\\/2022\\\/06\\\/08\\\/rock-en-la-sangre\\\/\"},\"wordCount\":1079,\"publisher\":{\"@id\":\"https:\\\/\\\/www.eldiario.net\\\/portal\\\/#organization\"},\"image\":{\"@id\":\"https:\\\/\\\/www.eldiario.net\\\/portal\\\/2022\\\/06\\\/08\\\/rock-en-la-sangre\\\/#primaryimage\"},\"thumbnailUrl\":\"\",\"articleSection\":[\"Cultural\"],\"inLanguage\":\"es\"},{\"@type\":\"WebPage\",\"@id\":\"https:\\\/\\\/www.eldiario.net\\\/portal\\\/2022\\\/06\\\/08\\\/rock-en-la-sangre\\\/\",\"url\":\"https:\\\/\\\/www.eldiario.net\\\/portal\\\/2022\\\/06\\\/08\\\/rock-en-la-sangre\\\/\",\"name\":\"Rock en la Sangre - El Diario - Bolivia\",\"isPartOf\":{\"@id\":\"https:\\\/\\\/www.eldiario.net\\\/portal\\\/#website\"},\"primaryImageOfPage\":{\"@id\":\"https:\\\/\\\/www.eldiario.net\\\/portal\\\/2022\\\/06\\\/08\\\/rock-en-la-sangre\\\/#primaryimage\"},\"image\":{\"@id\":\"https:\\\/\\\/www.eldiario.net\\\/portal\\\/2022\\\/06\\\/08\\\/rock-en-la-sangre\\\/#primaryimage\"},\"thumbnailUrl\":\"\",\"datePublished\":\"2022-06-08T09:10:12+00:00\",\"breadcrumb\":{\"@id\":\"https:\\\/\\\/www.eldiario.net\\\/portal\\\/2022\\\/06\\\/08\\\/rock-en-la-sangre\\\/#breadcrumb\"},\"inLanguage\":\"es\",\"potentialAction\":[{\"@type\":\"ReadAction\",\"target\":[\"https:\\\/\\\/www.eldiario.net\\\/portal\\\/2022\\\/06\\\/08\\\/rock-en-la-sangre\\\/\"]}]},{\"@type\":\"ImageObject\",\"inLanguage\":\"es\",\"@id\":\"https:\\\/\\\/www.eldiario.net\\\/portal\\\/2022\\\/06\\\/08\\\/rock-en-la-sangre\\\/#primaryimage\",\"url\":\"\",\"contentUrl\":\"\"},{\"@type\":\"BreadcrumbList\",\"@id\":\"https:\\\/\\\/www.eldiario.net\\\/portal\\\/2022\\\/06\\\/08\\\/rock-en-la-sangre\\\/#breadcrumb\",\"itemListElement\":[{\"@type\":\"ListItem\",\"position\":1,\"name\":\"Portada\",\"item\":\"https:\\\/\\\/www.eldiario.net\\\/portal\\\/\"},{\"@type\":\"ListItem\",\"position\":2,\"name\":\"Rock en la Sangre\"}]},{\"@type\":\"WebSite\",\"@id\":\"https:\\\/\\\/www.eldiario.net\\\/portal\\\/#website\",\"url\":\"https:\\\/\\\/www.eldiario.net\\\/portal\\\/\",\"name\":\"El Diario - Decano de la prensa nacional\",\"description\":\"El Diario - Decano de la prensa nacional\",\"publisher\":{\"@id\":\"https:\\\/\\\/www.eldiario.net\\\/portal\\\/#organization\"},\"potentialAction\":[{\"@type\":\"SearchAction\",\"target\":{\"@type\":\"EntryPoint\",\"urlTemplate\":\"https:\\\/\\\/www.eldiario.net\\\/portal\\\/?s={search_term_string}\"},\"query-input\":{\"@type\":\"PropertyValueSpecification\",\"valueRequired\":true,\"valueName\":\"search_term_string\"}}],\"inLanguage\":\"es\"},{\"@type\":\"Organization\",\"@id\":\"https:\\\/\\\/www.eldiario.net\\\/portal\\\/#organization\",\"name\":\"El Diario - Decano de la prensa nacional\",\"url\":\"https:\\\/\\\/www.eldiario.net\\\/portal\\\/\",\"logo\":{\"@type\":\"ImageObject\",\"inLanguage\":\"es\",\"@id\":\"https:\\\/\\\/www.eldiario.net\\\/portal\\\/#\\\/schema\\\/logo\\\/image\\\/\",\"url\":\"https:\\\/\\\/www.eldiario.net\\\/portal\\\/wp-content\\\/uploads\\\/2023\\\/07\\\/logo_ED.jpg\",\"contentUrl\":\"https:\\\/\\\/www.eldiario.net\\\/portal\\\/wp-content\\\/uploads\\\/2023\\\/07\\\/logo_ED.jpg\",\"width\":272,\"height\":52,\"caption\":\"El Diario - Decano de la prensa nacional\"},\"image\":{\"@id\":\"https:\\\/\\\/www.eldiario.net\\\/portal\\\/#\\\/schema\\\/logo\\\/image\\\/\"},\"sameAs\":[\"https:\\\/\\\/www.facebook.com\\\/eldiario.bolivia\\\/\",\"https:\\\/\\\/x.com\\\/eldiario_net\"]},{\"@type\":\"Person\",\"@id\":\"https:\\\/\\\/www.eldiario.net\\\/portal\\\/#\\\/schema\\\/person\\\/2c57cf2b7a7ae032e449e4c9b1019eac\",\"name\":\"Jeanette\",\"image\":{\"@type\":\"ImageObject\",\"inLanguage\":\"es\",\"@id\":\"https:\\\/\\\/secure.gravatar.com\\\/avatar\\\/3ea2118a5f7dad2b7138b1187a6b7ee55f160b9968b66013c3a3ef39dd7e5798?s=96&d=mm&r=g\",\"url\":\"https:\\\/\\\/secure.gravatar.com\\\/avatar\\\/3ea2118a5f7dad2b7138b1187a6b7ee55f160b9968b66013c3a3ef39dd7e5798?s=96&d=mm&r=g\",\"contentUrl\":\"https:\\\/\\\/secure.gravatar.com\\\/avatar\\\/3ea2118a5f7dad2b7138b1187a6b7ee55f160b9968b66013c3a3ef39dd7e5798?s=96&d=mm&r=g\",\"caption\":\"Jeanette\"},\"sameAs\":[\"https:\\\/\\\/www.eldiario.net\\\/portal\"],\"url\":\"https:\\\/\\\/www.eldiario.net\\\/portal\\\/author\\\/jeanette\\\/\"}]}<\/script>\n<!-- \/ Yoast SEO plugin. -->","yoast_head_json":{"title":"Rock en la Sangre - El Diario - Bolivia","robots":{"index":"index","follow":"follow","max-snippet":"max-snippet:-1","max-image-preview":"max-image-preview:large","max-video-preview":"max-video-preview:-1"},"canonical":"https:\/\/www.eldiario.net\/portal\/2022\/06\/08\/rock-en-la-sangre\/","og_locale":"es_ES","og_type":"article","og_title":"Rock en la Sangre - El Diario - Bolivia","og_description":"Eximio guitarrista y artista renombrado por donde va. As\u00ed podr\u00edamos presentar al invitado de lujo hoy en Cvltvral, cuyo talento en la guitarra no es un misterio para nadie, y, actualmente, est\u00e1 promocionando una presentaci\u00f3n algo m\u00e1s rockera. En esta exclusiva tenemos los detalles\u2026 Sean todos bienvenidos al show. \u00bfDesde cu\u00e1ndo se viene gestando esta [&hellip;]","og_url":"https:\/\/www.eldiario.net\/portal\/2022\/06\/08\/rock-en-la-sangre\/","og_site_name":"El Diario - Bolivia","article_publisher":"https:\/\/www.facebook.com\/eldiario.bolivia\/","article_published_time":"2022-06-08T09:10:12+00:00","author":"Jeanette","twitter_card":"summary_large_image","twitter_creator":"@eldiario_net","twitter_site":"@eldiario_net","twitter_misc":{"Escrito por":"Jeanette","Tiempo de lectura":"5 minutos"},"schema":{"@context":"https:\/\/schema.org","@graph":[{"@type":"Article","@id":"https:\/\/www.eldiario.net\/portal\/2022\/06\/08\/rock-en-la-sangre\/#article","isPartOf":{"@id":"https:\/\/www.eldiario.net\/portal\/2022\/06\/08\/rock-en-la-sangre\/"},"author":{"name":"Jeanette","@id":"https:\/\/www.eldiario.net\/portal\/#\/schema\/person\/2c57cf2b7a7ae032e449e4c9b1019eac"},"headline":"Rock en la Sangre","datePublished":"2022-06-08T09:10:12+00:00","mainEntityOfPage":{"@id":"https:\/\/www.eldiario.net\/portal\/2022\/06\/08\/rock-en-la-sangre\/"},"wordCount":1079,"publisher":{"@id":"https:\/\/www.eldiario.net\/portal\/#organization"},"image":{"@id":"https:\/\/www.eldiario.net\/portal\/2022\/06\/08\/rock-en-la-sangre\/#primaryimage"},"thumbnailUrl":"","articleSection":["Cultural"],"inLanguage":"es"},{"@type":"WebPage","@id":"https:\/\/www.eldiario.net\/portal\/2022\/06\/08\/rock-en-la-sangre\/","url":"https:\/\/www.eldiario.net\/portal\/2022\/06\/08\/rock-en-la-sangre\/","name":"Rock en la Sangre - El Diario - Bolivia","isPartOf":{"@id":"https:\/\/www.eldiario.net\/portal\/#website"},"primaryImageOfPage":{"@id":"https:\/\/www.eldiario.net\/portal\/2022\/06\/08\/rock-en-la-sangre\/#primaryimage"},"image":{"@id":"https:\/\/www.eldiario.net\/portal\/2022\/06\/08\/rock-en-la-sangre\/#primaryimage"},"thumbnailUrl":"","datePublished":"2022-06-08T09:10:12+00:00","breadcrumb":{"@id":"https:\/\/www.eldiario.net\/portal\/2022\/06\/08\/rock-en-la-sangre\/#breadcrumb"},"inLanguage":"es","potentialAction":[{"@type":"ReadAction","target":["https:\/\/www.eldiario.net\/portal\/2022\/06\/08\/rock-en-la-sangre\/"]}]},{"@type":"ImageObject","inLanguage":"es","@id":"https:\/\/www.eldiario.net\/portal\/2022\/06\/08\/rock-en-la-sangre\/#primaryimage","url":"","contentUrl":""},{"@type":"BreadcrumbList","@id":"https:\/\/www.eldiario.net\/portal\/2022\/06\/08\/rock-en-la-sangre\/#breadcrumb","itemListElement":[{"@type":"ListItem","position":1,"name":"Portada","item":"https:\/\/www.eldiario.net\/portal\/"},{"@type":"ListItem","position":2,"name":"Rock en la Sangre"}]},{"@type":"WebSite","@id":"https:\/\/www.eldiario.net\/portal\/#website","url":"https:\/\/www.eldiario.net\/portal\/","name":"El Diario - Decano de la prensa nacional","description":"El Diario - Decano de la prensa nacional","publisher":{"@id":"https:\/\/www.eldiario.net\/portal\/#organization"},"potentialAction":[{"@type":"SearchAction","target":{"@type":"EntryPoint","urlTemplate":"https:\/\/www.eldiario.net\/portal\/?s={search_term_string}"},"query-input":{"@type":"PropertyValueSpecification","valueRequired":true,"valueName":"search_term_string"}}],"inLanguage":"es"},{"@type":"Organization","@id":"https:\/\/www.eldiario.net\/portal\/#organization","name":"El Diario - Decano de la prensa nacional","url":"https:\/\/www.eldiario.net\/portal\/","logo":{"@type":"ImageObject","inLanguage":"es","@id":"https:\/\/www.eldiario.net\/portal\/#\/schema\/logo\/image\/","url":"https:\/\/www.eldiario.net\/portal\/wp-content\/uploads\/2023\/07\/logo_ED.jpg","contentUrl":"https:\/\/www.eldiario.net\/portal\/wp-content\/uploads\/2023\/07\/logo_ED.jpg","width":272,"height":52,"caption":"El Diario - Decano de la prensa nacional"},"image":{"@id":"https:\/\/www.eldiario.net\/portal\/#\/schema\/logo\/image\/"},"sameAs":["https:\/\/www.facebook.com\/eldiario.bolivia\/","https:\/\/x.com\/eldiario_net"]},{"@type":"Person","@id":"https:\/\/www.eldiario.net\/portal\/#\/schema\/person\/2c57cf2b7a7ae032e449e4c9b1019eac","name":"Jeanette","image":{"@type":"ImageObject","inLanguage":"es","@id":"https:\/\/secure.gravatar.com\/avatar\/3ea2118a5f7dad2b7138b1187a6b7ee55f160b9968b66013c3a3ef39dd7e5798?s=96&d=mm&r=g","url":"https:\/\/secure.gravatar.com\/avatar\/3ea2118a5f7dad2b7138b1187a6b7ee55f160b9968b66013c3a3ef39dd7e5798?s=96&d=mm&r=g","contentUrl":"https:\/\/secure.gravatar.com\/avatar\/3ea2118a5f7dad2b7138b1187a6b7ee55f160b9968b66013c3a3ef39dd7e5798?s=96&d=mm&r=g","caption":"Jeanette"},"sameAs":["https:\/\/www.eldiario.net\/portal"],"url":"https:\/\/www.eldiario.net\/portal\/author\/jeanette\/"}]}},"_links":{"self":[{"href":"https:\/\/www.eldiario.net\/portal\/wp-json\/wp\/v2\/posts\/89067","targetHints":{"allow":["GET"]}}],"collection":[{"href":"https:\/\/www.eldiario.net\/portal\/wp-json\/wp\/v2\/posts"}],"about":[{"href":"https:\/\/www.eldiario.net\/portal\/wp-json\/wp\/v2\/types\/post"}],"author":[{"embeddable":true,"href":"https:\/\/www.eldiario.net\/portal\/wp-json\/wp\/v2\/users\/1"}],"replies":[{"embeddable":true,"href":"https:\/\/www.eldiario.net\/portal\/wp-json\/wp\/v2\/comments?post=89067"}],"version-history":[{"count":0,"href":"https:\/\/www.eldiario.net\/portal\/wp-json\/wp\/v2\/posts\/89067\/revisions"}],"wp:attachment":[{"href":"https:\/\/www.eldiario.net\/portal\/wp-json\/wp\/v2\/media?parent=89067"}],"wp:term":[{"taxonomy":"category","embeddable":true,"href":"https:\/\/www.eldiario.net\/portal\/wp-json\/wp\/v2\/categories?post=89067"},{"taxonomy":"post_tag","embeddable":true,"href":"https:\/\/www.eldiario.net\/portal\/wp-json\/wp\/v2\/tags?post=89067"}],"curies":[{"name":"wp","href":"https:\/\/api.w.org\/{rel}","templated":true}]}}