{"id":89064,"date":"2022-06-08T05:08:14","date_gmt":"2022-06-08T09:08:14","guid":{"rendered":"https:\/\/www.eldiario.net\/portal\/?p=89064"},"modified":"2022-06-08T05:08:14","modified_gmt":"2022-06-08T09:08:14","slug":"noveno-encuentro-de-poesia-ciudad-de-los-anillos","status":"publish","type":"post","link":"https:\/\/www.eldiario.net\/portal\/2022\/06\/08\/noveno-encuentro-de-poesia-ciudad-de-los-anillos\/","title":{"rendered":"Noveno encuentro de poes\u00eda \u201cCiudad de los Anillos\u201d"},"content":{"rendered":"<p>Tras dos versiones semipresenciales, en las que varios autores participaron por v\u00eda digital, el Encuentro Internacional de Poes\u00eda \u201cCiudad de los Anillos\u201d vuelve a la plena presencialidad; celebrando, precisamente, el hecho de poder reunir en Santa Cruz a autores de distintos pa\u00edses, departamentos, voces y sensibilidades, congregados \u201cen torno al fuego, viejo pero siempre nuevo\u201d de la poes\u00eda, como se\u00f1ala Gabriel Ch\u00e1vez Casazola, curador y fundador del evento junto a Gary Daher, hace nueve a\u00f1os.<br \/>\nEl Encuentro, organizado por la C\u00e1mara Departamental del Libro cruce\u00f1a, se realiza, como es habitual, en el marco de la 23\u00aa Feria Internacional del Libro de Santa Cruz de la Sierra (FILSC), con la participaci\u00f3n de 45 poetas, 10 de ellos internacionales y 35 nacionales, quienes compartir\u00e1n lecturas de su obra todas las noches, hasta el viernes 10 de junio, a las 20:00 horas, en el Sal\u00f3n \u201cGabriel Ren\u00e9 Moreno\u201d de la Expocruz.<br \/>\nJunto a los invitados de honor: el premio Pulitzer estadounidense Forrest Gander, que llega con apoyo de la embajada de EE.UU, y el brasile\u00f1o Floriano Martins, los poetas extranjeros que estar\u00e1n presentes son el uruguayo Jorge Palma; los argentinos Hugo Rivella, Carolina Zamudio, C\u00e9sar Bisso, Tina Elorriaga y Candelaria Rojas; el cubano Nelson C\u00e1rdenas y el mexicano Roberto Am\u00e9zquita, cada cual con una amplia trayectoria.<br \/>\nEl s\u00e1bado 11 de junio, todos ellos ofrecer\u00e1n una lectura en Samaipata a las 17:00 horas en el Centro Cultural \u201cLa Mexicana\u201d, con autores llegados de otras ciudades de Bolivia, como Alex Aill\u00f3n (Sucre), Vadik Barr\u00f3n (Oruro), Mariana Bredow (Cochabamba), Jessica Freudenthal y Felman Ruiz (La Paz).<br \/>\n\u201cM\u00e1s que un encuentro, ser\u00e1 un re-encuentro de poes\u00eda\u201d se\u00f1ala Gary Daher, destacando el hecho de que el p\u00fablico podr\u00e1 volver a escuchar a los autores leer su poes\u00eda de viva voz y tendr\u00e1 ocasi\u00f3n de conocerlos en persona; haciendo posible, al mismo tiempo, que los autores bolivianos abran un di\u00e1logo con los escritores internacionales, ampliando horizontes para la obra de unos y otros.<br \/>\nDesde su primera versi\u00f3n, cuando el invitado de honor fue el poeta nicarag\u00fcense Ernesto Cardenal, el encuentro ha reunido a reconocidos poetas de varios pa\u00edses y regiones de Bolivia, poniendo en valor la Feria Internacional del Libro de Santa Cruz entre las muestras del rubro a escala latinoamericana.<\/p>\n","protected":false},"excerpt":{"rendered":"<p>Tras dos versiones semipresenciales, en las que varios autores participaron por v\u00eda digital, el Encuentro Internacional de Poes\u00eda \u201cCiudad de los Anillos\u201d vuelve a la plena presencialidad; celebrando, precisamente, el hecho de poder reunir en Santa Cruz a autores de distintos pa\u00edses, departamentos, voces y sensibilidades, congregados \u201cen torno al fuego, viejo pero siempre nuevo\u201d [&hellip;]<\/p>\n","protected":false},"author":1,"featured_media":89065,"comment_status":"closed","ping_status":"closed","sticky":false,"template":"","format":"standard","meta":{"_acf_changed":false,"footnotes":""},"categories":[8],"tags":[],"class_list":["post-89064","post","type-post","status-publish","format-standard","has-post-thumbnail","category-cultural"],"acf":{"antetitulo":""},"yoast_head":"<!-- This site is optimized with the Yoast SEO plugin v28.4 - https:\/\/yoast.com\/product\/yoast-seo-wordpress\/ -->\n<title>Noveno encuentro de poes\u00eda \u201cCiudad de los Anillos\u201d - El Diario - Bolivia<\/title>\n<meta name=\"robots\" content=\"index, follow, max-snippet:-1, max-image-preview:large, max-video-preview:-1\" \/>\n<link rel=\"canonical\" href=\"https:\/\/www.eldiario.net\/portal\/2022\/06\/08\/noveno-encuentro-de-poesia-ciudad-de-los-anillos\/\" \/>\n<meta property=\"og:locale\" content=\"es_ES\" \/>\n<meta property=\"og:type\" content=\"article\" \/>\n<meta property=\"og:title\" content=\"Noveno encuentro de poes\u00eda \u201cCiudad de los Anillos\u201d - El Diario - Bolivia\" \/>\n<meta property=\"og:description\" content=\"Tras dos versiones semipresenciales, en las que varios autores participaron por v\u00eda digital, el Encuentro Internacional de Poes\u00eda \u201cCiudad de los Anillos\u201d vuelve a la plena presencialidad; celebrando, precisamente, el hecho de poder reunir en Santa Cruz a autores de distintos pa\u00edses, departamentos, voces y sensibilidades, congregados \u201cen torno al fuego, viejo pero siempre nuevo\u201d [&hellip;]\" \/>\n<meta property=\"og:url\" content=\"https:\/\/www.eldiario.net\/portal\/2022\/06\/08\/noveno-encuentro-de-poesia-ciudad-de-los-anillos\/\" \/>\n<meta property=\"og:site_name\" content=\"El Diario - Bolivia\" \/>\n<meta property=\"article:publisher\" content=\"https:\/\/www.facebook.com\/eldiario.bolivia\/\" \/>\n<meta property=\"article:published_time\" content=\"2022-06-08T09:08:14+00:00\" \/>\n<meta name=\"author\" content=\"Jeanette\" \/>\n<meta name=\"twitter:card\" content=\"summary_large_image\" \/>\n<meta name=\"twitter:creator\" content=\"@eldiario_net\" \/>\n<meta name=\"twitter:site\" content=\"@eldiario_net\" \/>\n<meta name=\"twitter:label1\" content=\"Escrito por\" \/>\n\t<meta name=\"twitter:data1\" content=\"Jeanette\" \/>\n\t<meta name=\"twitter:label2\" content=\"Tiempo de lectura\" \/>\n\t<meta name=\"twitter:data2\" content=\"2 minutos\" \/>\n<script type=\"application\/ld+json\" class=\"yoast-schema-graph\">{\"@context\":\"https:\\\/\\\/schema.org\",\"@graph\":[{\"@type\":\"Article\",\"@id\":\"https:\\\/\\\/www.eldiario.net\\\/portal\\\/2022\\\/06\\\/08\\\/noveno-encuentro-de-poesia-ciudad-de-los-anillos\\\/#article\",\"isPartOf\":{\"@id\":\"https:\\\/\\\/www.eldiario.net\\\/portal\\\/2022\\\/06\\\/08\\\/noveno-encuentro-de-poesia-ciudad-de-los-anillos\\\/\"},\"author\":{\"name\":\"Jeanette\",\"@id\":\"https:\\\/\\\/www.eldiario.net\\\/portal\\\/#\\\/schema\\\/person\\\/2c57cf2b7a7ae032e449e4c9b1019eac\"},\"headline\":\"Noveno encuentro de poes\u00eda \u201cCiudad de los Anillos\u201d\",\"datePublished\":\"2022-06-08T09:08:14+00:00\",\"mainEntityOfPage\":{\"@id\":\"https:\\\/\\\/www.eldiario.net\\\/portal\\\/2022\\\/06\\\/08\\\/noveno-encuentro-de-poesia-ciudad-de-los-anillos\\\/\"},\"wordCount\":405,\"publisher\":{\"@id\":\"https:\\\/\\\/www.eldiario.net\\\/portal\\\/#organization\"},\"image\":{\"@id\":\"https:\\\/\\\/www.eldiario.net\\\/portal\\\/2022\\\/06\\\/08\\\/noveno-encuentro-de-poesia-ciudad-de-los-anillos\\\/#primaryimage\"},\"thumbnailUrl\":\"\",\"articleSection\":[\"Cultural\"],\"inLanguage\":\"es\"},{\"@type\":\"WebPage\",\"@id\":\"https:\\\/\\\/www.eldiario.net\\\/portal\\\/2022\\\/06\\\/08\\\/noveno-encuentro-de-poesia-ciudad-de-los-anillos\\\/\",\"url\":\"https:\\\/\\\/www.eldiario.net\\\/portal\\\/2022\\\/06\\\/08\\\/noveno-encuentro-de-poesia-ciudad-de-los-anillos\\\/\",\"name\":\"Noveno encuentro de poes\u00eda \u201cCiudad de los Anillos\u201d - El Diario - Bolivia\",\"isPartOf\":{\"@id\":\"https:\\\/\\\/www.eldiario.net\\\/portal\\\/#website\"},\"primaryImageOfPage\":{\"@id\":\"https:\\\/\\\/www.eldiario.net\\\/portal\\\/2022\\\/06\\\/08\\\/noveno-encuentro-de-poesia-ciudad-de-los-anillos\\\/#primaryimage\"},\"image\":{\"@id\":\"https:\\\/\\\/www.eldiario.net\\\/portal\\\/2022\\\/06\\\/08\\\/noveno-encuentro-de-poesia-ciudad-de-los-anillos\\\/#primaryimage\"},\"thumbnailUrl\":\"\",\"datePublished\":\"2022-06-08T09:08:14+00:00\",\"breadcrumb\":{\"@id\":\"https:\\\/\\\/www.eldiario.net\\\/portal\\\/2022\\\/06\\\/08\\\/noveno-encuentro-de-poesia-ciudad-de-los-anillos\\\/#breadcrumb\"},\"inLanguage\":\"es\",\"potentialAction\":[{\"@type\":\"ReadAction\",\"target\":[\"https:\\\/\\\/www.eldiario.net\\\/portal\\\/2022\\\/06\\\/08\\\/noveno-encuentro-de-poesia-ciudad-de-los-anillos\\\/\"]}]},{\"@type\":\"ImageObject\",\"inLanguage\":\"es\",\"@id\":\"https:\\\/\\\/www.eldiario.net\\\/portal\\\/2022\\\/06\\\/08\\\/noveno-encuentro-de-poesia-ciudad-de-los-anillos\\\/#primaryimage\",\"url\":\"\",\"contentUrl\":\"\"},{\"@type\":\"BreadcrumbList\",\"@id\":\"https:\\\/\\\/www.eldiario.net\\\/portal\\\/2022\\\/06\\\/08\\\/noveno-encuentro-de-poesia-ciudad-de-los-anillos\\\/#breadcrumb\",\"itemListElement\":[{\"@type\":\"ListItem\",\"position\":1,\"name\":\"Portada\",\"item\":\"https:\\\/\\\/www.eldiario.net\\\/portal\\\/\"},{\"@type\":\"ListItem\",\"position\":2,\"name\":\"Noveno encuentro de poes\u00eda \u201cCiudad de los Anillos\u201d\"}]},{\"@type\":\"WebSite\",\"@id\":\"https:\\\/\\\/www.eldiario.net\\\/portal\\\/#website\",\"url\":\"https:\\\/\\\/www.eldiario.net\\\/portal\\\/\",\"name\":\"El Diario - Decano de la prensa nacional\",\"description\":\"El Diario - Decano de la prensa nacional\",\"publisher\":{\"@id\":\"https:\\\/\\\/www.eldiario.net\\\/portal\\\/#organization\"},\"potentialAction\":[{\"@type\":\"SearchAction\",\"target\":{\"@type\":\"EntryPoint\",\"urlTemplate\":\"https:\\\/\\\/www.eldiario.net\\\/portal\\\/?s={search_term_string}\"},\"query-input\":{\"@type\":\"PropertyValueSpecification\",\"valueRequired\":true,\"valueName\":\"search_term_string\"}}],\"inLanguage\":\"es\"},{\"@type\":\"Organization\",\"@id\":\"https:\\\/\\\/www.eldiario.net\\\/portal\\\/#organization\",\"name\":\"El Diario - Decano de la prensa nacional\",\"url\":\"https:\\\/\\\/www.eldiario.net\\\/portal\\\/\",\"logo\":{\"@type\":\"ImageObject\",\"inLanguage\":\"es\",\"@id\":\"https:\\\/\\\/www.eldiario.net\\\/portal\\\/#\\\/schema\\\/logo\\\/image\\\/\",\"url\":\"https:\\\/\\\/www.eldiario.net\\\/portal\\\/wp-content\\\/uploads\\\/2023\\\/07\\\/logo_ED.jpg\",\"contentUrl\":\"https:\\\/\\\/www.eldiario.net\\\/portal\\\/wp-content\\\/uploads\\\/2023\\\/07\\\/logo_ED.jpg\",\"width\":272,\"height\":52,\"caption\":\"El Diario - Decano de la prensa nacional\"},\"image\":{\"@id\":\"https:\\\/\\\/www.eldiario.net\\\/portal\\\/#\\\/schema\\\/logo\\\/image\\\/\"},\"sameAs\":[\"https:\\\/\\\/www.facebook.com\\\/eldiario.bolivia\\\/\",\"https:\\\/\\\/x.com\\\/eldiario_net\"]},{\"@type\":\"Person\",\"@id\":\"https:\\\/\\\/www.eldiario.net\\\/portal\\\/#\\\/schema\\\/person\\\/2c57cf2b7a7ae032e449e4c9b1019eac\",\"name\":\"Jeanette\",\"image\":{\"@type\":\"ImageObject\",\"inLanguage\":\"es\",\"@id\":\"https:\\\/\\\/secure.gravatar.com\\\/avatar\\\/3ea2118a5f7dad2b7138b1187a6b7ee55f160b9968b66013c3a3ef39dd7e5798?s=96&d=mm&r=g\",\"url\":\"https:\\\/\\\/secure.gravatar.com\\\/avatar\\\/3ea2118a5f7dad2b7138b1187a6b7ee55f160b9968b66013c3a3ef39dd7e5798?s=96&d=mm&r=g\",\"contentUrl\":\"https:\\\/\\\/secure.gravatar.com\\\/avatar\\\/3ea2118a5f7dad2b7138b1187a6b7ee55f160b9968b66013c3a3ef39dd7e5798?s=96&d=mm&r=g\",\"caption\":\"Jeanette\"},\"sameAs\":[\"https:\\\/\\\/www.eldiario.net\\\/portal\"],\"url\":\"https:\\\/\\\/www.eldiario.net\\\/portal\\\/author\\\/jeanette\\\/\"}]}<\/script>\n<!-- \/ Yoast SEO plugin. -->","yoast_head_json":{"title":"Noveno encuentro de poes\u00eda \u201cCiudad de los Anillos\u201d - El Diario - Bolivia","robots":{"index":"index","follow":"follow","max-snippet":"max-snippet:-1","max-image-preview":"max-image-preview:large","max-video-preview":"max-video-preview:-1"},"canonical":"https:\/\/www.eldiario.net\/portal\/2022\/06\/08\/noveno-encuentro-de-poesia-ciudad-de-los-anillos\/","og_locale":"es_ES","og_type":"article","og_title":"Noveno encuentro de poes\u00eda \u201cCiudad de los Anillos\u201d - El Diario - Bolivia","og_description":"Tras dos versiones semipresenciales, en las que varios autores participaron por v\u00eda digital, el Encuentro Internacional de Poes\u00eda \u201cCiudad de los Anillos\u201d vuelve a la plena presencialidad; celebrando, precisamente, el hecho de poder reunir en Santa Cruz a autores de distintos pa\u00edses, departamentos, voces y sensibilidades, congregados \u201cen torno al fuego, viejo pero siempre nuevo\u201d [&hellip;]","og_url":"https:\/\/www.eldiario.net\/portal\/2022\/06\/08\/noveno-encuentro-de-poesia-ciudad-de-los-anillos\/","og_site_name":"El Diario - Bolivia","article_publisher":"https:\/\/www.facebook.com\/eldiario.bolivia\/","article_published_time":"2022-06-08T09:08:14+00:00","author":"Jeanette","twitter_card":"summary_large_image","twitter_creator":"@eldiario_net","twitter_site":"@eldiario_net","twitter_misc":{"Escrito por":"Jeanette","Tiempo de lectura":"2 minutos"},"schema":{"@context":"https:\/\/schema.org","@graph":[{"@type":"Article","@id":"https:\/\/www.eldiario.net\/portal\/2022\/06\/08\/noveno-encuentro-de-poesia-ciudad-de-los-anillos\/#article","isPartOf":{"@id":"https:\/\/www.eldiario.net\/portal\/2022\/06\/08\/noveno-encuentro-de-poesia-ciudad-de-los-anillos\/"},"author":{"name":"Jeanette","@id":"https:\/\/www.eldiario.net\/portal\/#\/schema\/person\/2c57cf2b7a7ae032e449e4c9b1019eac"},"headline":"Noveno encuentro de poes\u00eda \u201cCiudad de los Anillos\u201d","datePublished":"2022-06-08T09:08:14+00:00","mainEntityOfPage":{"@id":"https:\/\/www.eldiario.net\/portal\/2022\/06\/08\/noveno-encuentro-de-poesia-ciudad-de-los-anillos\/"},"wordCount":405,"publisher":{"@id":"https:\/\/www.eldiario.net\/portal\/#organization"},"image":{"@id":"https:\/\/www.eldiario.net\/portal\/2022\/06\/08\/noveno-encuentro-de-poesia-ciudad-de-los-anillos\/#primaryimage"},"thumbnailUrl":"","articleSection":["Cultural"],"inLanguage":"es"},{"@type":"WebPage","@id":"https:\/\/www.eldiario.net\/portal\/2022\/06\/08\/noveno-encuentro-de-poesia-ciudad-de-los-anillos\/","url":"https:\/\/www.eldiario.net\/portal\/2022\/06\/08\/noveno-encuentro-de-poesia-ciudad-de-los-anillos\/","name":"Noveno encuentro de poes\u00eda \u201cCiudad de los Anillos\u201d - El Diario - Bolivia","isPartOf":{"@id":"https:\/\/www.eldiario.net\/portal\/#website"},"primaryImageOfPage":{"@id":"https:\/\/www.eldiario.net\/portal\/2022\/06\/08\/noveno-encuentro-de-poesia-ciudad-de-los-anillos\/#primaryimage"},"image":{"@id":"https:\/\/www.eldiario.net\/portal\/2022\/06\/08\/noveno-encuentro-de-poesia-ciudad-de-los-anillos\/#primaryimage"},"thumbnailUrl":"","datePublished":"2022-06-08T09:08:14+00:00","breadcrumb":{"@id":"https:\/\/www.eldiario.net\/portal\/2022\/06\/08\/noveno-encuentro-de-poesia-ciudad-de-los-anillos\/#breadcrumb"},"inLanguage":"es","potentialAction":[{"@type":"ReadAction","target":["https:\/\/www.eldiario.net\/portal\/2022\/06\/08\/noveno-encuentro-de-poesia-ciudad-de-los-anillos\/"]}]},{"@type":"ImageObject","inLanguage":"es","@id":"https:\/\/www.eldiario.net\/portal\/2022\/06\/08\/noveno-encuentro-de-poesia-ciudad-de-los-anillos\/#primaryimage","url":"","contentUrl":""},{"@type":"BreadcrumbList","@id":"https:\/\/www.eldiario.net\/portal\/2022\/06\/08\/noveno-encuentro-de-poesia-ciudad-de-los-anillos\/#breadcrumb","itemListElement":[{"@type":"ListItem","position":1,"name":"Portada","item":"https:\/\/www.eldiario.net\/portal\/"},{"@type":"ListItem","position":2,"name":"Noveno encuentro de poes\u00eda \u201cCiudad de los Anillos\u201d"}]},{"@type":"WebSite","@id":"https:\/\/www.eldiario.net\/portal\/#website","url":"https:\/\/www.eldiario.net\/portal\/","name":"El Diario - Decano de la prensa nacional","description":"El Diario - Decano de la prensa nacional","publisher":{"@id":"https:\/\/www.eldiario.net\/portal\/#organization"},"potentialAction":[{"@type":"SearchAction","target":{"@type":"EntryPoint","urlTemplate":"https:\/\/www.eldiario.net\/portal\/?s={search_term_string}"},"query-input":{"@type":"PropertyValueSpecification","valueRequired":true,"valueName":"search_term_string"}}],"inLanguage":"es"},{"@type":"Organization","@id":"https:\/\/www.eldiario.net\/portal\/#organization","name":"El Diario - Decano de la prensa nacional","url":"https:\/\/www.eldiario.net\/portal\/","logo":{"@type":"ImageObject","inLanguage":"es","@id":"https:\/\/www.eldiario.net\/portal\/#\/schema\/logo\/image\/","url":"https:\/\/www.eldiario.net\/portal\/wp-content\/uploads\/2023\/07\/logo_ED.jpg","contentUrl":"https:\/\/www.eldiario.net\/portal\/wp-content\/uploads\/2023\/07\/logo_ED.jpg","width":272,"height":52,"caption":"El Diario - Decano de la prensa nacional"},"image":{"@id":"https:\/\/www.eldiario.net\/portal\/#\/schema\/logo\/image\/"},"sameAs":["https:\/\/www.facebook.com\/eldiario.bolivia\/","https:\/\/x.com\/eldiario_net"]},{"@type":"Person","@id":"https:\/\/www.eldiario.net\/portal\/#\/schema\/person\/2c57cf2b7a7ae032e449e4c9b1019eac","name":"Jeanette","image":{"@type":"ImageObject","inLanguage":"es","@id":"https:\/\/secure.gravatar.com\/avatar\/3ea2118a5f7dad2b7138b1187a6b7ee55f160b9968b66013c3a3ef39dd7e5798?s=96&d=mm&r=g","url":"https:\/\/secure.gravatar.com\/avatar\/3ea2118a5f7dad2b7138b1187a6b7ee55f160b9968b66013c3a3ef39dd7e5798?s=96&d=mm&r=g","contentUrl":"https:\/\/secure.gravatar.com\/avatar\/3ea2118a5f7dad2b7138b1187a6b7ee55f160b9968b66013c3a3ef39dd7e5798?s=96&d=mm&r=g","caption":"Jeanette"},"sameAs":["https:\/\/www.eldiario.net\/portal"],"url":"https:\/\/www.eldiario.net\/portal\/author\/jeanette\/"}]}},"_links":{"self":[{"href":"https:\/\/www.eldiario.net\/portal\/wp-json\/wp\/v2\/posts\/89064","targetHints":{"allow":["GET"]}}],"collection":[{"href":"https:\/\/www.eldiario.net\/portal\/wp-json\/wp\/v2\/posts"}],"about":[{"href":"https:\/\/www.eldiario.net\/portal\/wp-json\/wp\/v2\/types\/post"}],"author":[{"embeddable":true,"href":"https:\/\/www.eldiario.net\/portal\/wp-json\/wp\/v2\/users\/1"}],"replies":[{"embeddable":true,"href":"https:\/\/www.eldiario.net\/portal\/wp-json\/wp\/v2\/comments?post=89064"}],"version-history":[{"count":0,"href":"https:\/\/www.eldiario.net\/portal\/wp-json\/wp\/v2\/posts\/89064\/revisions"}],"wp:attachment":[{"href":"https:\/\/www.eldiario.net\/portal\/wp-json\/wp\/v2\/media?parent=89064"}],"wp:term":[{"taxonomy":"category","embeddable":true,"href":"https:\/\/www.eldiario.net\/portal\/wp-json\/wp\/v2\/categories?post=89064"},{"taxonomy":"post_tag","embeddable":true,"href":"https:\/\/www.eldiario.net\/portal\/wp-json\/wp\/v2\/tags?post=89064"}],"curies":[{"name":"wp","href":"https:\/\/api.w.org\/{rel}","templated":true}]}}