{"id":89059,"date":"2022-06-08T05:06:40","date_gmt":"2022-06-08T09:06:40","guid":{"rendered":"https:\/\/www.eldiario.net\/portal\/?p=89059"},"modified":"2022-06-08T05:06:40","modified_gmt":"2022-06-08T09:06:40","slug":"bolivia-crecera-menos-de-4-para-2022","status":"publish","type":"post","link":"https:\/\/www.eldiario.net\/portal\/2022\/06\/08\/bolivia-crecera-menos-de-4-para-2022\/","title":{"rendered":"Bolivia crecer\u00e1 menos  de 4 % para 2022"},"content":{"rendered":"<p>Bolivia registrar\u00e1 un crecimiento de la econom\u00eda de 3,9 % en la presente gesti\u00f3n, pero tambi\u00e9n presentar\u00e1 cifras menores en los pr\u00f3ximos a\u00f1os, 2,8 % en 2023 y 2,7 % en 2024, seg\u00fan el \u00faltimo informe Perspectivas Econ\u00f3micas Mundiales del Banco Mundial.<br \/>\nBolivia registr\u00f3 2,2 % de crecimiento en 2019, y un a\u00f1o despu\u00e9s una recesi\u00f3n de -8,7 %, pero en 2021 recuper\u00f3 terreno con 6,1 %, para la presente gesti\u00f3n registrar\u00e1 3,9 %, menos a las proyecciones del Gobierno que fijan 5,1 %.<br \/>\nEl Banco Mundial se\u00f1ala que la guerra en Ucrania provoca una mayor inflaci\u00f3n y condiciones financieras m\u00e1s restrictivas, y alerta de una abrupta desaceleraci\u00f3n del crecimiento y aumenta el riesgo de estanflaci\u00f3n.<br \/>\nLa estanflaci\u00f3n registra tres condicionantes: una elevada inflaci\u00f3n, un incremento en los precios de consumo y un crecimiento econ\u00f3mico reducido.<br \/>\nBolivia fue destacada por medios internacionales por la baja inflaci\u00f3n que registra, y las condiciones para enfrentar la crisis derivada de la guerra Rusia-Ucrania, que provoc\u00f3 altos precios de las materias primas, alta inflaci\u00f3n y una reducci\u00f3n de liquidez en el mundo.<br \/>\nLos economistas se\u00f1alan que el modelo est\u00e1 agotado, y requiere ajustes para encarar la nueva coyuntura internacional.<br \/>\nEn las redes sociales, Tik Tok, el economista y docente de la Universidad Cat\u00f3lica Boliviana, Gonzalo Ch\u00e1vez, se\u00f1ala que los recursos disminuyeron debido a la reducci\u00f3n de la producci\u00f3n de gas, y explica que las pol\u00edticas implementadas no atrajeron inversores, y las que realiz\u00f3 Yacimientos Petrol\u00edferos Fiscales Bolivianos no son suficientes.<\/p>\n<p>Informe<br \/>\nComo agravante de los da\u00f1os provocados por la pandemia de covid-19, la invasi\u00f3n rusa a Ucrania ha exacerbado la desaceleraci\u00f3n de la econom\u00eda mundial, que est\u00e1 entrando en lo que podr\u00eda convertirse en un per\u00edodo prolongado de escaso crecimiento y elevada inflaci\u00f3n, seg\u00fan el \u00faltimo informe perspectivas econ\u00f3micas mundiales.<br \/>\nEse contexto aumenta el riesgo de estanflaci\u00f3n, con consecuencias potencialmente perjudiciales tanto para las econom\u00edas de ingreso mediano como para las de ingreso bajo.<br \/>\nSe prev\u00e9 que el crecimiento mundial descienda del 5,7 % en 2021 al 2,9 % en 2022, un porcentaje considerablemente menor que el 4,1 % que se anticip\u00f3 en enero. Se prev\u00e9 que oscile en torno a ese ritmo durante el per\u00edodo 2023-2024, a medida que la guerra en Ucrania afecte la actividad, la inversi\u00f3n y el comercio en el corto plazo; la demanda reprimida se disipe, y vayan elimin\u00e1ndose las pol\u00edticas monetarias y fiscales acomodaticias. Como resultado de los da\u00f1os derivados de la pandemia y la guerra, este a\u00f1o, el nivel de ingreso per c\u00e1pita de las econom\u00edas en desarrollo se ubicar\u00e1 casi un 5 % por debajo de su tendencia previa a la pandemia.<br \/>\n\u201cLa guerra en Ucrania, los confinamientos en China, los trastornos de la cadena de suministro y el riesgo de estanflaci\u00f3n afectan el crecimiento. Para muchos pa\u00edses, ser\u00e1 dif\u00edcil evitar la recesi\u00f3n\u201d, afirm\u00f3 el presidente del Grupo Banco Mundial, David Malpass.<br \/>\n\u201cLos mercados est\u00e1n expectantes, por lo que es urgente fomentar la producci\u00f3n y evitar las restricciones comerciales. Se requieren cambios en las pol\u00edticas fiscales, monetarias, clim\u00e1ticas y de endeudamiento para contrarrestar la asignaci\u00f3n inadecuada de capital y la desigualdad\u201d, agreg\u00f3.<br \/>\nLas econom\u00edas en desarrollo deber\u00e1n equilibrar la necesidad de garantizar la sostenibilidad fiscal con la necesidad de mitigar los efectos de las m\u00faltiples crisis en los ciudadanos m\u00e1s pobres, se\u00f1al\u00f3 el director del Grupo de Perspectivas del Banco Mundial, Ayhan Kose.<br \/>\nPor ello recomienda que se debe comunicar con claridad las decisiones en materia de pol\u00edtica monetaria, aprovechar la credibilidad de los marcos de pol\u00edtica monetaria y proteger la independencia del banco central, para que pueda anclar eficazmente las expectativas inflacionarias y reducir el grado de restricci\u00f3n monetaria requerida para lograr los efectos deseados sobre la inflaci\u00f3n y la actividad.<br \/>\nSe prev\u00e9 que el crecimiento en las econom\u00edas avanzadas se desacelere dr\u00e1sticamente del 5,1 % en 2021 al 2,6 % en 2022 (1,2 puntos porcentuales por debajo de las proyecciones de enero). Se prev\u00e9 que el crecimiento se modere a\u00fan m\u00e1s al 2,2 % en 2023, lo que reflejar\u00e1 en gran medida la retirada del apoyo mediante pol\u00edticas monetarias y fiscales, proporcionado durante la pandemia, se\u00f1ala el informe.<br \/>\nEntre los mercados emergentes y las econom\u00edas en desarrollo, tambi\u00e9n se prev\u00e9 una ca\u00edda del crecimiento del 6,6 % en 2021 al 3,4 % en 2022, muy por debajo del promedio anual del 4,8 % durante el per\u00edodo comprendido entre 2011 y 2019.<br \/>\nLos efectos secundarios negativos de la guerra neutralizar\u00e1n considerablemente cualquier est\u00edmulo de corto plazo para algunos exportadores de productos b\u00e1sicos derivado de los precios de energ\u00eda m\u00e1s altos.<\/p>\n","protected":false},"excerpt":{"rendered":"<p>Bolivia registrar\u00e1 un crecimiento de la econom\u00eda de 3,9 % en la presente gesti\u00f3n, pero tambi\u00e9n presentar\u00e1 cifras menores en los pr\u00f3ximos a\u00f1os, 2,8 % en 2023 y 2,7 % en 2024, seg\u00fan el \u00faltimo informe Perspectivas Econ\u00f3micas Mundiales del Banco Mundial. Bolivia registr\u00f3 2,2 % de crecimiento en 2019, y un a\u00f1o despu\u00e9s una [&hellip;]<\/p>\n","protected":false},"author":1,"featured_media":89060,"comment_status":"closed","ping_status":"closed","sticky":false,"template":"","format":"standard","meta":{"_acf_changed":false,"footnotes":""},"categories":[7],"tags":[],"class_list":["post-89059","post","type-post","status-publish","format-standard","has-post-thumbnail","category-economia"],"acf":{"antetitulo":""},"yoast_head":"<!-- This site is optimized with the Yoast SEO plugin v28.4 - https:\/\/yoast.com\/product\/yoast-seo-wordpress\/ -->\n<title>Bolivia crecer\u00e1 menos de 4 % para 2022 - El Diario - Bolivia<\/title>\n<meta name=\"robots\" content=\"index, follow, max-snippet:-1, max-image-preview:large, max-video-preview:-1\" \/>\n<link rel=\"canonical\" href=\"https:\/\/www.eldiario.net\/portal\/2022\/06\/08\/bolivia-crecera-menos-de-4-para-2022\/\" \/>\n<meta property=\"og:locale\" content=\"es_ES\" \/>\n<meta property=\"og:type\" content=\"article\" \/>\n<meta property=\"og:title\" content=\"Bolivia crecer\u00e1 menos de 4 % para 2022 - El Diario - Bolivia\" \/>\n<meta property=\"og:description\" content=\"Bolivia registrar\u00e1 un crecimiento de la econom\u00eda de 3,9 % en la presente gesti\u00f3n, pero tambi\u00e9n presentar\u00e1 cifras menores en los pr\u00f3ximos a\u00f1os, 2,8 % en 2023 y 2,7 % en 2024, seg\u00fan el \u00faltimo informe Perspectivas Econ\u00f3micas Mundiales del Banco Mundial. Bolivia registr\u00f3 2,2 % de crecimiento en 2019, y un a\u00f1o despu\u00e9s una [&hellip;]\" \/>\n<meta property=\"og:url\" content=\"https:\/\/www.eldiario.net\/portal\/2022\/06\/08\/bolivia-crecera-menos-de-4-para-2022\/\" \/>\n<meta property=\"og:site_name\" content=\"El Diario - Bolivia\" \/>\n<meta property=\"article:publisher\" content=\"https:\/\/www.facebook.com\/eldiario.bolivia\/\" \/>\n<meta property=\"article:published_time\" content=\"2022-06-08T09:06:40+00:00\" \/>\n<meta property=\"og:image\" content=\"https:\/\/www.eldiario.net\/portal\/wp-content\/uploads\/2022\/06\/banco.jpg\" \/>\n\t<meta property=\"og:image:width\" content=\"2058\" \/>\n\t<meta property=\"og:image:height\" content=\"1408\" \/>\n\t<meta property=\"og:image:type\" content=\"image\/jpeg\" \/>\n<meta name=\"author\" content=\"Jeanette\" \/>\n<meta name=\"twitter:card\" content=\"summary_large_image\" \/>\n<meta name=\"twitter:creator\" content=\"@eldiario_net\" \/>\n<meta name=\"twitter:site\" content=\"@eldiario_net\" \/>\n<meta name=\"twitter:label1\" content=\"Escrito por\" \/>\n\t<meta name=\"twitter:data1\" content=\"Jeanette\" \/>\n\t<meta name=\"twitter:label2\" content=\"Tiempo de lectura\" \/>\n\t<meta name=\"twitter:data2\" content=\"4 minutos\" \/>\n<script type=\"application\/ld+json\" class=\"yoast-schema-graph\">{\"@context\":\"https:\\\/\\\/schema.org\",\"@graph\":[{\"@type\":\"Article\",\"@id\":\"https:\\\/\\\/www.eldiario.net\\\/portal\\\/2022\\\/06\\\/08\\\/bolivia-crecera-menos-de-4-para-2022\\\/#article\",\"isPartOf\":{\"@id\":\"https:\\\/\\\/www.eldiario.net\\\/portal\\\/2022\\\/06\\\/08\\\/bolivia-crecera-menos-de-4-para-2022\\\/\"},\"author\":{\"name\":\"Jeanette\",\"@id\":\"https:\\\/\\\/www.eldiario.net\\\/portal\\\/#\\\/schema\\\/person\\\/2c57cf2b7a7ae032e449e4c9b1019eac\"},\"headline\":\"Bolivia crecer\u00e1 menos de 4 % para 2022\",\"datePublished\":\"2022-06-08T09:06:40+00:00\",\"mainEntityOfPage\":{\"@id\":\"https:\\\/\\\/www.eldiario.net\\\/portal\\\/2022\\\/06\\\/08\\\/bolivia-crecera-menos-de-4-para-2022\\\/\"},\"wordCount\":793,\"publisher\":{\"@id\":\"https:\\\/\\\/www.eldiario.net\\\/portal\\\/#organization\"},\"image\":{\"@id\":\"https:\\\/\\\/www.eldiario.net\\\/portal\\\/2022\\\/06\\\/08\\\/bolivia-crecera-menos-de-4-para-2022\\\/#primaryimage\"},\"thumbnailUrl\":\"https:\\\/\\\/www.eldiario.net\\\/portal\\\/wp-content\\\/uploads\\\/2022\\\/06\\\/banco.jpg\",\"articleSection\":[\"Econom\u00eda\"],\"inLanguage\":\"es\"},{\"@type\":\"WebPage\",\"@id\":\"https:\\\/\\\/www.eldiario.net\\\/portal\\\/2022\\\/06\\\/08\\\/bolivia-crecera-menos-de-4-para-2022\\\/\",\"url\":\"https:\\\/\\\/www.eldiario.net\\\/portal\\\/2022\\\/06\\\/08\\\/bolivia-crecera-menos-de-4-para-2022\\\/\",\"name\":\"Bolivia crecer\u00e1 menos de 4 % para 2022 - El Diario - Bolivia\",\"isPartOf\":{\"@id\":\"https:\\\/\\\/www.eldiario.net\\\/portal\\\/#website\"},\"primaryImageOfPage\":{\"@id\":\"https:\\\/\\\/www.eldiario.net\\\/portal\\\/2022\\\/06\\\/08\\\/bolivia-crecera-menos-de-4-para-2022\\\/#primaryimage\"},\"image\":{\"@id\":\"https:\\\/\\\/www.eldiario.net\\\/portal\\\/2022\\\/06\\\/08\\\/bolivia-crecera-menos-de-4-para-2022\\\/#primaryimage\"},\"thumbnailUrl\":\"https:\\\/\\\/www.eldiario.net\\\/portal\\\/wp-content\\\/uploads\\\/2022\\\/06\\\/banco.jpg\",\"datePublished\":\"2022-06-08T09:06:40+00:00\",\"breadcrumb\":{\"@id\":\"https:\\\/\\\/www.eldiario.net\\\/portal\\\/2022\\\/06\\\/08\\\/bolivia-crecera-menos-de-4-para-2022\\\/#breadcrumb\"},\"inLanguage\":\"es\",\"potentialAction\":[{\"@type\":\"ReadAction\",\"target\":[\"https:\\\/\\\/www.eldiario.net\\\/portal\\\/2022\\\/06\\\/08\\\/bolivia-crecera-menos-de-4-para-2022\\\/\"]}]},{\"@type\":\"ImageObject\",\"inLanguage\":\"es\",\"@id\":\"https:\\\/\\\/www.eldiario.net\\\/portal\\\/2022\\\/06\\\/08\\\/bolivia-crecera-menos-de-4-para-2022\\\/#primaryimage\",\"url\":\"https:\\\/\\\/www.eldiario.net\\\/portal\\\/wp-content\\\/uploads\\\/2022\\\/06\\\/banco.jpg\",\"contentUrl\":\"https:\\\/\\\/www.eldiario.net\\\/portal\\\/wp-content\\\/uploads\\\/2022\\\/06\\\/banco.jpg\",\"width\":2058,\"height\":1408},{\"@type\":\"BreadcrumbList\",\"@id\":\"https:\\\/\\\/www.eldiario.net\\\/portal\\\/2022\\\/06\\\/08\\\/bolivia-crecera-menos-de-4-para-2022\\\/#breadcrumb\",\"itemListElement\":[{\"@type\":\"ListItem\",\"position\":1,\"name\":\"Portada\",\"item\":\"https:\\\/\\\/www.eldiario.net\\\/portal\\\/\"},{\"@type\":\"ListItem\",\"position\":2,\"name\":\"Bolivia crecer\u00e1 menos de 4 % para 2022\"}]},{\"@type\":\"WebSite\",\"@id\":\"https:\\\/\\\/www.eldiario.net\\\/portal\\\/#website\",\"url\":\"https:\\\/\\\/www.eldiario.net\\\/portal\\\/\",\"name\":\"El Diario - Decano de la prensa nacional\",\"description\":\"El Diario - Decano de la prensa nacional\",\"publisher\":{\"@id\":\"https:\\\/\\\/www.eldiario.net\\\/portal\\\/#organization\"},\"potentialAction\":[{\"@type\":\"SearchAction\",\"target\":{\"@type\":\"EntryPoint\",\"urlTemplate\":\"https:\\\/\\\/www.eldiario.net\\\/portal\\\/?s={search_term_string}\"},\"query-input\":{\"@type\":\"PropertyValueSpecification\",\"valueRequired\":true,\"valueName\":\"search_term_string\"}}],\"inLanguage\":\"es\"},{\"@type\":\"Organization\",\"@id\":\"https:\\\/\\\/www.eldiario.net\\\/portal\\\/#organization\",\"name\":\"El Diario - Decano de la prensa nacional\",\"url\":\"https:\\\/\\\/www.eldiario.net\\\/portal\\\/\",\"logo\":{\"@type\":\"ImageObject\",\"inLanguage\":\"es\",\"@id\":\"https:\\\/\\\/www.eldiario.net\\\/portal\\\/#\\\/schema\\\/logo\\\/image\\\/\",\"url\":\"https:\\\/\\\/www.eldiario.net\\\/portal\\\/wp-content\\\/uploads\\\/2023\\\/07\\\/logo_ED.jpg\",\"contentUrl\":\"https:\\\/\\\/www.eldiario.net\\\/portal\\\/wp-content\\\/uploads\\\/2023\\\/07\\\/logo_ED.jpg\",\"width\":272,\"height\":52,\"caption\":\"El Diario - Decano de la prensa nacional\"},\"image\":{\"@id\":\"https:\\\/\\\/www.eldiario.net\\\/portal\\\/#\\\/schema\\\/logo\\\/image\\\/\"},\"sameAs\":[\"https:\\\/\\\/www.facebook.com\\\/eldiario.bolivia\\\/\",\"https:\\\/\\\/x.com\\\/eldiario_net\"]},{\"@type\":\"Person\",\"@id\":\"https:\\\/\\\/www.eldiario.net\\\/portal\\\/#\\\/schema\\\/person\\\/2c57cf2b7a7ae032e449e4c9b1019eac\",\"name\":\"Jeanette\",\"image\":{\"@type\":\"ImageObject\",\"inLanguage\":\"es\",\"@id\":\"https:\\\/\\\/secure.gravatar.com\\\/avatar\\\/3ea2118a5f7dad2b7138b1187a6b7ee55f160b9968b66013c3a3ef39dd7e5798?s=96&d=mm&r=g\",\"url\":\"https:\\\/\\\/secure.gravatar.com\\\/avatar\\\/3ea2118a5f7dad2b7138b1187a6b7ee55f160b9968b66013c3a3ef39dd7e5798?s=96&d=mm&r=g\",\"contentUrl\":\"https:\\\/\\\/secure.gravatar.com\\\/avatar\\\/3ea2118a5f7dad2b7138b1187a6b7ee55f160b9968b66013c3a3ef39dd7e5798?s=96&d=mm&r=g\",\"caption\":\"Jeanette\"},\"sameAs\":[\"https:\\\/\\\/www.eldiario.net\\\/portal\"],\"url\":\"https:\\\/\\\/www.eldiario.net\\\/portal\\\/author\\\/jeanette\\\/\"}]}<\/script>\n<!-- \/ Yoast SEO plugin. -->","yoast_head_json":{"title":"Bolivia crecer\u00e1 menos de 4 % para 2022 - El Diario - Bolivia","robots":{"index":"index","follow":"follow","max-snippet":"max-snippet:-1","max-image-preview":"max-image-preview:large","max-video-preview":"max-video-preview:-1"},"canonical":"https:\/\/www.eldiario.net\/portal\/2022\/06\/08\/bolivia-crecera-menos-de-4-para-2022\/","og_locale":"es_ES","og_type":"article","og_title":"Bolivia crecer\u00e1 menos de 4 % para 2022 - El Diario - Bolivia","og_description":"Bolivia registrar\u00e1 un crecimiento de la econom\u00eda de 3,9 % en la presente gesti\u00f3n, pero tambi\u00e9n presentar\u00e1 cifras menores en los pr\u00f3ximos a\u00f1os, 2,8 % en 2023 y 2,7 % en 2024, seg\u00fan el \u00faltimo informe Perspectivas Econ\u00f3micas Mundiales del Banco Mundial. Bolivia registr\u00f3 2,2 % de crecimiento en 2019, y un a\u00f1o despu\u00e9s una [&hellip;]","og_url":"https:\/\/www.eldiario.net\/portal\/2022\/06\/08\/bolivia-crecera-menos-de-4-para-2022\/","og_site_name":"El Diario - Bolivia","article_publisher":"https:\/\/www.facebook.com\/eldiario.bolivia\/","article_published_time":"2022-06-08T09:06:40+00:00","og_image":[{"width":2058,"height":1408,"url":"https:\/\/www.eldiario.net\/portal\/wp-content\/uploads\/2022\/06\/banco.jpg","type":"image\/jpeg"}],"author":"Jeanette","twitter_card":"summary_large_image","twitter_creator":"@eldiario_net","twitter_site":"@eldiario_net","twitter_misc":{"Escrito por":"Jeanette","Tiempo de lectura":"4 minutos"},"schema":{"@context":"https:\/\/schema.org","@graph":[{"@type":"Article","@id":"https:\/\/www.eldiario.net\/portal\/2022\/06\/08\/bolivia-crecera-menos-de-4-para-2022\/#article","isPartOf":{"@id":"https:\/\/www.eldiario.net\/portal\/2022\/06\/08\/bolivia-crecera-menos-de-4-para-2022\/"},"author":{"name":"Jeanette","@id":"https:\/\/www.eldiario.net\/portal\/#\/schema\/person\/2c57cf2b7a7ae032e449e4c9b1019eac"},"headline":"Bolivia crecer\u00e1 menos de 4 % para 2022","datePublished":"2022-06-08T09:06:40+00:00","mainEntityOfPage":{"@id":"https:\/\/www.eldiario.net\/portal\/2022\/06\/08\/bolivia-crecera-menos-de-4-para-2022\/"},"wordCount":793,"publisher":{"@id":"https:\/\/www.eldiario.net\/portal\/#organization"},"image":{"@id":"https:\/\/www.eldiario.net\/portal\/2022\/06\/08\/bolivia-crecera-menos-de-4-para-2022\/#primaryimage"},"thumbnailUrl":"https:\/\/www.eldiario.net\/portal\/wp-content\/uploads\/2022\/06\/banco.jpg","articleSection":["Econom\u00eda"],"inLanguage":"es"},{"@type":"WebPage","@id":"https:\/\/www.eldiario.net\/portal\/2022\/06\/08\/bolivia-crecera-menos-de-4-para-2022\/","url":"https:\/\/www.eldiario.net\/portal\/2022\/06\/08\/bolivia-crecera-menos-de-4-para-2022\/","name":"Bolivia crecer\u00e1 menos de 4 % para 2022 - El Diario - Bolivia","isPartOf":{"@id":"https:\/\/www.eldiario.net\/portal\/#website"},"primaryImageOfPage":{"@id":"https:\/\/www.eldiario.net\/portal\/2022\/06\/08\/bolivia-crecera-menos-de-4-para-2022\/#primaryimage"},"image":{"@id":"https:\/\/www.eldiario.net\/portal\/2022\/06\/08\/bolivia-crecera-menos-de-4-para-2022\/#primaryimage"},"thumbnailUrl":"https:\/\/www.eldiario.net\/portal\/wp-content\/uploads\/2022\/06\/banco.jpg","datePublished":"2022-06-08T09:06:40+00:00","breadcrumb":{"@id":"https:\/\/www.eldiario.net\/portal\/2022\/06\/08\/bolivia-crecera-menos-de-4-para-2022\/#breadcrumb"},"inLanguage":"es","potentialAction":[{"@type":"ReadAction","target":["https:\/\/www.eldiario.net\/portal\/2022\/06\/08\/bolivia-crecera-menos-de-4-para-2022\/"]}]},{"@type":"ImageObject","inLanguage":"es","@id":"https:\/\/www.eldiario.net\/portal\/2022\/06\/08\/bolivia-crecera-menos-de-4-para-2022\/#primaryimage","url":"https:\/\/www.eldiario.net\/portal\/wp-content\/uploads\/2022\/06\/banco.jpg","contentUrl":"https:\/\/www.eldiario.net\/portal\/wp-content\/uploads\/2022\/06\/banco.jpg","width":2058,"height":1408},{"@type":"BreadcrumbList","@id":"https:\/\/www.eldiario.net\/portal\/2022\/06\/08\/bolivia-crecera-menos-de-4-para-2022\/#breadcrumb","itemListElement":[{"@type":"ListItem","position":1,"name":"Portada","item":"https:\/\/www.eldiario.net\/portal\/"},{"@type":"ListItem","position":2,"name":"Bolivia crecer\u00e1 menos de 4 % para 2022"}]},{"@type":"WebSite","@id":"https:\/\/www.eldiario.net\/portal\/#website","url":"https:\/\/www.eldiario.net\/portal\/","name":"El Diario - Decano de la prensa nacional","description":"El Diario - Decano de la prensa nacional","publisher":{"@id":"https:\/\/www.eldiario.net\/portal\/#organization"},"potentialAction":[{"@type":"SearchAction","target":{"@type":"EntryPoint","urlTemplate":"https:\/\/www.eldiario.net\/portal\/?s={search_term_string}"},"query-input":{"@type":"PropertyValueSpecification","valueRequired":true,"valueName":"search_term_string"}}],"inLanguage":"es"},{"@type":"Organization","@id":"https:\/\/www.eldiario.net\/portal\/#organization","name":"El Diario - Decano de la prensa nacional","url":"https:\/\/www.eldiario.net\/portal\/","logo":{"@type":"ImageObject","inLanguage":"es","@id":"https:\/\/www.eldiario.net\/portal\/#\/schema\/logo\/image\/","url":"https:\/\/www.eldiario.net\/portal\/wp-content\/uploads\/2023\/07\/logo_ED.jpg","contentUrl":"https:\/\/www.eldiario.net\/portal\/wp-content\/uploads\/2023\/07\/logo_ED.jpg","width":272,"height":52,"caption":"El Diario - Decano de la prensa nacional"},"image":{"@id":"https:\/\/www.eldiario.net\/portal\/#\/schema\/logo\/image\/"},"sameAs":["https:\/\/www.facebook.com\/eldiario.bolivia\/","https:\/\/x.com\/eldiario_net"]},{"@type":"Person","@id":"https:\/\/www.eldiario.net\/portal\/#\/schema\/person\/2c57cf2b7a7ae032e449e4c9b1019eac","name":"Jeanette","image":{"@type":"ImageObject","inLanguage":"es","@id":"https:\/\/secure.gravatar.com\/avatar\/3ea2118a5f7dad2b7138b1187a6b7ee55f160b9968b66013c3a3ef39dd7e5798?s=96&d=mm&r=g","url":"https:\/\/secure.gravatar.com\/avatar\/3ea2118a5f7dad2b7138b1187a6b7ee55f160b9968b66013c3a3ef39dd7e5798?s=96&d=mm&r=g","contentUrl":"https:\/\/secure.gravatar.com\/avatar\/3ea2118a5f7dad2b7138b1187a6b7ee55f160b9968b66013c3a3ef39dd7e5798?s=96&d=mm&r=g","caption":"Jeanette"},"sameAs":["https:\/\/www.eldiario.net\/portal"],"url":"https:\/\/www.eldiario.net\/portal\/author\/jeanette\/"}]}},"_links":{"self":[{"href":"https:\/\/www.eldiario.net\/portal\/wp-json\/wp\/v2\/posts\/89059","targetHints":{"allow":["GET"]}}],"collection":[{"href":"https:\/\/www.eldiario.net\/portal\/wp-json\/wp\/v2\/posts"}],"about":[{"href":"https:\/\/www.eldiario.net\/portal\/wp-json\/wp\/v2\/types\/post"}],"author":[{"embeddable":true,"href":"https:\/\/www.eldiario.net\/portal\/wp-json\/wp\/v2\/users\/1"}],"replies":[{"embeddable":true,"href":"https:\/\/www.eldiario.net\/portal\/wp-json\/wp\/v2\/comments?post=89059"}],"version-history":[{"count":0,"href":"https:\/\/www.eldiario.net\/portal\/wp-json\/wp\/v2\/posts\/89059\/revisions"}],"wp:featuredmedia":[{"embeddable":true,"href":"https:\/\/www.eldiario.net\/portal\/wp-json\/wp\/v2\/media\/89060"}],"wp:attachment":[{"href":"https:\/\/www.eldiario.net\/portal\/wp-json\/wp\/v2\/media?parent=89059"}],"wp:term":[{"taxonomy":"category","embeddable":true,"href":"https:\/\/www.eldiario.net\/portal\/wp-json\/wp\/v2\/categories?post=89059"},{"taxonomy":"post_tag","embeddable":true,"href":"https:\/\/www.eldiario.net\/portal\/wp-json\/wp\/v2\/tags?post=89059"}],"curies":[{"name":"wp","href":"https:\/\/api.w.org\/{rel}","templated":true}]}}