{"id":89056,"date":"2022-06-08T05:05:50","date_gmt":"2022-06-08T09:05:50","guid":{"rendered":"https:\/\/www.eldiario.net\/portal\/?p=89056"},"modified":"2022-06-08T05:05:50","modified_gmt":"2022-06-08T09:05:50","slug":"academia-brinda-apoyo-al-uso-de-cultivos-geneticamente-modificados","status":"publish","type":"post","link":"https:\/\/www.eldiario.net\/portal\/2022\/06\/08\/academia-brinda-apoyo-al-uso-de-cultivos-geneticamente-modificados\/","title":{"rendered":"Academia brinda apoyo al uso de  cultivos gen\u00e9ticamente modificados"},"content":{"rendered":"<p>La Universidad Aut\u00f3noma Gabriel Ren\u00e9 Moreno (UAGRM) entreg\u00f3 al presidente de la C\u00e1mara Agropecuaria del Oriente (CAO), Oscar Mario Justiniano, un documento donde respalda el uso de cultivos gen\u00e9ticamente modificados en Bolivia.<br \/>\nEsa posici\u00f3n fue fijada en un conservatorio acad\u00e9mico y documentos oficiales del Instituto Nacional de Innovaci\u00f3n Agropecuaria y Forestal Santa Cruz (INIAF), as\u00ed lo dio a conocer el rector de esta casa superior de estudios, Vicente Cuellar.<br \/>\nJustiniano destac\u00f3 el aporte de la universidad, que con investigaci\u00f3n y tecnolog\u00eda fortalecer\u00e1n las actividades econ\u00f3micas del departamento cruce\u00f1o, l\u00edder en la producci\u00f3n de alimentos en el pa\u00eds.<br \/>\n\u201cVamos a trabajar en beneficio de la poblaci\u00f3n boliviana, mejorando la producci\u00f3n y productividad a trav\u00e9s de la investigaci\u00f3n e innovaci\u00f3n, como pilar fundamental que precisa la econom\u00eda local y nacional, para generar alimentos en mejor calidad, mayor cantidad y precios adecuados\u201d, afirm\u00f3.<br \/>\nEl rector de la UAGRM asegur\u00f3 que la universidad ser\u00e1 aliada del sector productivo, para aportar con tecnolog\u00eda, conocimiento e innovaci\u00f3n.<br \/>\nAsever\u00f3 que el estudio fue realizado para desvirtuar el estigma que se ha creado en la sociedad sobre el uso de cultivos gen\u00e9ticamente modificados.<br \/>\nEl decano de la Facultad de Ciencias Agr\u00edcolas de la UAGRM, Jos\u00e9 Luis Llanos, se\u00f1al\u00f3 que las semillas modificadas incrementan los rendimientos y reducen el uso de agroqu\u00edmicos.<br \/>\nConsidera que Bolivia f\u00e1cilmente alcanzar\u00eda una producci\u00f3n de seis toneladas por hect\u00e1rea con la ejecuci\u00f3n de eventos que son aplicados en pa\u00edses como Paraguay, Brasil, Argentina y Uruguay.<\/p>\n","protected":false},"excerpt":{"rendered":"<p>La Universidad Aut\u00f3noma Gabriel Ren\u00e9 Moreno (UAGRM) entreg\u00f3 al presidente de la C\u00e1mara Agropecuaria del Oriente (CAO), Oscar Mario Justiniano, un documento donde respalda el uso de cultivos gen\u00e9ticamente modificados en Bolivia. Esa posici\u00f3n fue fijada en un conservatorio acad\u00e9mico y documentos oficiales del Instituto Nacional de Innovaci\u00f3n Agropecuaria y Forestal Santa Cruz (INIAF), as\u00ed [&hellip;]<\/p>\n","protected":false},"author":1,"featured_media":89057,"comment_status":"closed","ping_status":"closed","sticky":false,"template":"","format":"standard","meta":{"_acf_changed":false,"footnotes":""},"categories":[7],"tags":[],"class_list":["post-89056","post","type-post","status-publish","format-standard","has-post-thumbnail","category-economia"],"acf":{"antetitulo":""},"yoast_head":"<!-- This site is optimized with the Yoast SEO plugin v28.4 - https:\/\/yoast.com\/product\/yoast-seo-wordpress\/ -->\n<title>Academia brinda apoyo al uso de cultivos gen\u00e9ticamente modificados - El Diario - Bolivia<\/title>\n<meta name=\"robots\" content=\"index, follow, max-snippet:-1, max-image-preview:large, max-video-preview:-1\" \/>\n<link rel=\"canonical\" href=\"https:\/\/www.eldiario.net\/portal\/2022\/06\/08\/academia-brinda-apoyo-al-uso-de-cultivos-geneticamente-modificados\/\" \/>\n<meta property=\"og:locale\" content=\"es_ES\" \/>\n<meta property=\"og:type\" content=\"article\" \/>\n<meta property=\"og:title\" content=\"Academia brinda apoyo al uso de cultivos gen\u00e9ticamente modificados - El Diario - Bolivia\" \/>\n<meta property=\"og:description\" content=\"La Universidad Aut\u00f3noma Gabriel Ren\u00e9 Moreno (UAGRM) entreg\u00f3 al presidente de la C\u00e1mara Agropecuaria del Oriente (CAO), Oscar Mario Justiniano, un documento donde respalda el uso de cultivos gen\u00e9ticamente modificados en Bolivia. Esa posici\u00f3n fue fijada en un conservatorio acad\u00e9mico y documentos oficiales del Instituto Nacional de Innovaci\u00f3n Agropecuaria y Forestal Santa Cruz (INIAF), as\u00ed [&hellip;]\" \/>\n<meta property=\"og:url\" content=\"https:\/\/www.eldiario.net\/portal\/2022\/06\/08\/academia-brinda-apoyo-al-uso-de-cultivos-geneticamente-modificados\/\" \/>\n<meta property=\"og:site_name\" content=\"El Diario - Bolivia\" \/>\n<meta property=\"article:publisher\" content=\"https:\/\/www.facebook.com\/eldiario.bolivia\/\" \/>\n<meta property=\"article:published_time\" content=\"2022-06-08T09:05:50+00:00\" \/>\n<meta name=\"author\" content=\"Jeanette\" \/>\n<meta name=\"twitter:card\" content=\"summary_large_image\" \/>\n<meta name=\"twitter:creator\" content=\"@eldiario_net\" \/>\n<meta name=\"twitter:site\" content=\"@eldiario_net\" \/>\n<meta name=\"twitter:label1\" content=\"Escrito por\" \/>\n\t<meta name=\"twitter:data1\" content=\"Jeanette\" \/>\n\t<meta name=\"twitter:label2\" content=\"Tiempo de lectura\" \/>\n\t<meta name=\"twitter:data2\" content=\"2 minutos\" \/>\n<script type=\"application\/ld+json\" class=\"yoast-schema-graph\">{\"@context\":\"https:\\\/\\\/schema.org\",\"@graph\":[{\"@type\":\"Article\",\"@id\":\"https:\\\/\\\/www.eldiario.net\\\/portal\\\/2022\\\/06\\\/08\\\/academia-brinda-apoyo-al-uso-de-cultivos-geneticamente-modificados\\\/#article\",\"isPartOf\":{\"@id\":\"https:\\\/\\\/www.eldiario.net\\\/portal\\\/2022\\\/06\\\/08\\\/academia-brinda-apoyo-al-uso-de-cultivos-geneticamente-modificados\\\/\"},\"author\":{\"name\":\"Jeanette\",\"@id\":\"https:\\\/\\\/www.eldiario.net\\\/portal\\\/#\\\/schema\\\/person\\\/2c57cf2b7a7ae032e449e4c9b1019eac\"},\"headline\":\"Academia brinda apoyo al uso de cultivos gen\u00e9ticamente modificados\",\"datePublished\":\"2022-06-08T09:05:50+00:00\",\"mainEntityOfPage\":{\"@id\":\"https:\\\/\\\/www.eldiario.net\\\/portal\\\/2022\\\/06\\\/08\\\/academia-brinda-apoyo-al-uso-de-cultivos-geneticamente-modificados\\\/\"},\"wordCount\":283,\"publisher\":{\"@id\":\"https:\\\/\\\/www.eldiario.net\\\/portal\\\/#organization\"},\"image\":{\"@id\":\"https:\\\/\\\/www.eldiario.net\\\/portal\\\/2022\\\/06\\\/08\\\/academia-brinda-apoyo-al-uso-de-cultivos-geneticamente-modificados\\\/#primaryimage\"},\"thumbnailUrl\":\"\",\"articleSection\":[\"Econom\u00eda\"],\"inLanguage\":\"es\"},{\"@type\":\"WebPage\",\"@id\":\"https:\\\/\\\/www.eldiario.net\\\/portal\\\/2022\\\/06\\\/08\\\/academia-brinda-apoyo-al-uso-de-cultivos-geneticamente-modificados\\\/\",\"url\":\"https:\\\/\\\/www.eldiario.net\\\/portal\\\/2022\\\/06\\\/08\\\/academia-brinda-apoyo-al-uso-de-cultivos-geneticamente-modificados\\\/\",\"name\":\"Academia brinda apoyo al uso de cultivos gen\u00e9ticamente modificados - El Diario - Bolivia\",\"isPartOf\":{\"@id\":\"https:\\\/\\\/www.eldiario.net\\\/portal\\\/#website\"},\"primaryImageOfPage\":{\"@id\":\"https:\\\/\\\/www.eldiario.net\\\/portal\\\/2022\\\/06\\\/08\\\/academia-brinda-apoyo-al-uso-de-cultivos-geneticamente-modificados\\\/#primaryimage\"},\"image\":{\"@id\":\"https:\\\/\\\/www.eldiario.net\\\/portal\\\/2022\\\/06\\\/08\\\/academia-brinda-apoyo-al-uso-de-cultivos-geneticamente-modificados\\\/#primaryimage\"},\"thumbnailUrl\":\"\",\"datePublished\":\"2022-06-08T09:05:50+00:00\",\"breadcrumb\":{\"@id\":\"https:\\\/\\\/www.eldiario.net\\\/portal\\\/2022\\\/06\\\/08\\\/academia-brinda-apoyo-al-uso-de-cultivos-geneticamente-modificados\\\/#breadcrumb\"},\"inLanguage\":\"es\",\"potentialAction\":[{\"@type\":\"ReadAction\",\"target\":[\"https:\\\/\\\/www.eldiario.net\\\/portal\\\/2022\\\/06\\\/08\\\/academia-brinda-apoyo-al-uso-de-cultivos-geneticamente-modificados\\\/\"]}]},{\"@type\":\"ImageObject\",\"inLanguage\":\"es\",\"@id\":\"https:\\\/\\\/www.eldiario.net\\\/portal\\\/2022\\\/06\\\/08\\\/academia-brinda-apoyo-al-uso-de-cultivos-geneticamente-modificados\\\/#primaryimage\",\"url\":\"\",\"contentUrl\":\"\"},{\"@type\":\"BreadcrumbList\",\"@id\":\"https:\\\/\\\/www.eldiario.net\\\/portal\\\/2022\\\/06\\\/08\\\/academia-brinda-apoyo-al-uso-de-cultivos-geneticamente-modificados\\\/#breadcrumb\",\"itemListElement\":[{\"@type\":\"ListItem\",\"position\":1,\"name\":\"Portada\",\"item\":\"https:\\\/\\\/www.eldiario.net\\\/portal\\\/\"},{\"@type\":\"ListItem\",\"position\":2,\"name\":\"Academia brinda apoyo al uso de cultivos gen\u00e9ticamente modificados\"}]},{\"@type\":\"WebSite\",\"@id\":\"https:\\\/\\\/www.eldiario.net\\\/portal\\\/#website\",\"url\":\"https:\\\/\\\/www.eldiario.net\\\/portal\\\/\",\"name\":\"El Diario - Decano de la prensa nacional\",\"description\":\"El Diario - Decano de la prensa nacional\",\"publisher\":{\"@id\":\"https:\\\/\\\/www.eldiario.net\\\/portal\\\/#organization\"},\"potentialAction\":[{\"@type\":\"SearchAction\",\"target\":{\"@type\":\"EntryPoint\",\"urlTemplate\":\"https:\\\/\\\/www.eldiario.net\\\/portal\\\/?s={search_term_string}\"},\"query-input\":{\"@type\":\"PropertyValueSpecification\",\"valueRequired\":true,\"valueName\":\"search_term_string\"}}],\"inLanguage\":\"es\"},{\"@type\":\"Organization\",\"@id\":\"https:\\\/\\\/www.eldiario.net\\\/portal\\\/#organization\",\"name\":\"El Diario - Decano de la prensa nacional\",\"url\":\"https:\\\/\\\/www.eldiario.net\\\/portal\\\/\",\"logo\":{\"@type\":\"ImageObject\",\"inLanguage\":\"es\",\"@id\":\"https:\\\/\\\/www.eldiario.net\\\/portal\\\/#\\\/schema\\\/logo\\\/image\\\/\",\"url\":\"https:\\\/\\\/www.eldiario.net\\\/portal\\\/wp-content\\\/uploads\\\/2023\\\/07\\\/logo_ED.jpg\",\"contentUrl\":\"https:\\\/\\\/www.eldiario.net\\\/portal\\\/wp-content\\\/uploads\\\/2023\\\/07\\\/logo_ED.jpg\",\"width\":272,\"height\":52,\"caption\":\"El Diario - Decano de la prensa nacional\"},\"image\":{\"@id\":\"https:\\\/\\\/www.eldiario.net\\\/portal\\\/#\\\/schema\\\/logo\\\/image\\\/\"},\"sameAs\":[\"https:\\\/\\\/www.facebook.com\\\/eldiario.bolivia\\\/\",\"https:\\\/\\\/x.com\\\/eldiario_net\"]},{\"@type\":\"Person\",\"@id\":\"https:\\\/\\\/www.eldiario.net\\\/portal\\\/#\\\/schema\\\/person\\\/2c57cf2b7a7ae032e449e4c9b1019eac\",\"name\":\"Jeanette\",\"image\":{\"@type\":\"ImageObject\",\"inLanguage\":\"es\",\"@id\":\"https:\\\/\\\/secure.gravatar.com\\\/avatar\\\/3ea2118a5f7dad2b7138b1187a6b7ee55f160b9968b66013c3a3ef39dd7e5798?s=96&d=mm&r=g\",\"url\":\"https:\\\/\\\/secure.gravatar.com\\\/avatar\\\/3ea2118a5f7dad2b7138b1187a6b7ee55f160b9968b66013c3a3ef39dd7e5798?s=96&d=mm&r=g\",\"contentUrl\":\"https:\\\/\\\/secure.gravatar.com\\\/avatar\\\/3ea2118a5f7dad2b7138b1187a6b7ee55f160b9968b66013c3a3ef39dd7e5798?s=96&d=mm&r=g\",\"caption\":\"Jeanette\"},\"sameAs\":[\"https:\\\/\\\/www.eldiario.net\\\/portal\"],\"url\":\"https:\\\/\\\/www.eldiario.net\\\/portal\\\/author\\\/jeanette\\\/\"}]}<\/script>\n<!-- \/ Yoast SEO plugin. -->","yoast_head_json":{"title":"Academia brinda apoyo al uso de cultivos gen\u00e9ticamente modificados - El Diario - Bolivia","robots":{"index":"index","follow":"follow","max-snippet":"max-snippet:-1","max-image-preview":"max-image-preview:large","max-video-preview":"max-video-preview:-1"},"canonical":"https:\/\/www.eldiario.net\/portal\/2022\/06\/08\/academia-brinda-apoyo-al-uso-de-cultivos-geneticamente-modificados\/","og_locale":"es_ES","og_type":"article","og_title":"Academia brinda apoyo al uso de cultivos gen\u00e9ticamente modificados - El Diario - Bolivia","og_description":"La Universidad Aut\u00f3noma Gabriel Ren\u00e9 Moreno (UAGRM) entreg\u00f3 al presidente de la C\u00e1mara Agropecuaria del Oriente (CAO), Oscar Mario Justiniano, un documento donde respalda el uso de cultivos gen\u00e9ticamente modificados en Bolivia. Esa posici\u00f3n fue fijada en un conservatorio acad\u00e9mico y documentos oficiales del Instituto Nacional de Innovaci\u00f3n Agropecuaria y Forestal Santa Cruz (INIAF), as\u00ed [&hellip;]","og_url":"https:\/\/www.eldiario.net\/portal\/2022\/06\/08\/academia-brinda-apoyo-al-uso-de-cultivos-geneticamente-modificados\/","og_site_name":"El Diario - Bolivia","article_publisher":"https:\/\/www.facebook.com\/eldiario.bolivia\/","article_published_time":"2022-06-08T09:05:50+00:00","author":"Jeanette","twitter_card":"summary_large_image","twitter_creator":"@eldiario_net","twitter_site":"@eldiario_net","twitter_misc":{"Escrito por":"Jeanette","Tiempo de lectura":"2 minutos"},"schema":{"@context":"https:\/\/schema.org","@graph":[{"@type":"Article","@id":"https:\/\/www.eldiario.net\/portal\/2022\/06\/08\/academia-brinda-apoyo-al-uso-de-cultivos-geneticamente-modificados\/#article","isPartOf":{"@id":"https:\/\/www.eldiario.net\/portal\/2022\/06\/08\/academia-brinda-apoyo-al-uso-de-cultivos-geneticamente-modificados\/"},"author":{"name":"Jeanette","@id":"https:\/\/www.eldiario.net\/portal\/#\/schema\/person\/2c57cf2b7a7ae032e449e4c9b1019eac"},"headline":"Academia brinda apoyo al uso de cultivos gen\u00e9ticamente modificados","datePublished":"2022-06-08T09:05:50+00:00","mainEntityOfPage":{"@id":"https:\/\/www.eldiario.net\/portal\/2022\/06\/08\/academia-brinda-apoyo-al-uso-de-cultivos-geneticamente-modificados\/"},"wordCount":283,"publisher":{"@id":"https:\/\/www.eldiario.net\/portal\/#organization"},"image":{"@id":"https:\/\/www.eldiario.net\/portal\/2022\/06\/08\/academia-brinda-apoyo-al-uso-de-cultivos-geneticamente-modificados\/#primaryimage"},"thumbnailUrl":"","articleSection":["Econom\u00eda"],"inLanguage":"es"},{"@type":"WebPage","@id":"https:\/\/www.eldiario.net\/portal\/2022\/06\/08\/academia-brinda-apoyo-al-uso-de-cultivos-geneticamente-modificados\/","url":"https:\/\/www.eldiario.net\/portal\/2022\/06\/08\/academia-brinda-apoyo-al-uso-de-cultivos-geneticamente-modificados\/","name":"Academia brinda apoyo al uso de cultivos gen\u00e9ticamente modificados - El Diario - Bolivia","isPartOf":{"@id":"https:\/\/www.eldiario.net\/portal\/#website"},"primaryImageOfPage":{"@id":"https:\/\/www.eldiario.net\/portal\/2022\/06\/08\/academia-brinda-apoyo-al-uso-de-cultivos-geneticamente-modificados\/#primaryimage"},"image":{"@id":"https:\/\/www.eldiario.net\/portal\/2022\/06\/08\/academia-brinda-apoyo-al-uso-de-cultivos-geneticamente-modificados\/#primaryimage"},"thumbnailUrl":"","datePublished":"2022-06-08T09:05:50+00:00","breadcrumb":{"@id":"https:\/\/www.eldiario.net\/portal\/2022\/06\/08\/academia-brinda-apoyo-al-uso-de-cultivos-geneticamente-modificados\/#breadcrumb"},"inLanguage":"es","potentialAction":[{"@type":"ReadAction","target":["https:\/\/www.eldiario.net\/portal\/2022\/06\/08\/academia-brinda-apoyo-al-uso-de-cultivos-geneticamente-modificados\/"]}]},{"@type":"ImageObject","inLanguage":"es","@id":"https:\/\/www.eldiario.net\/portal\/2022\/06\/08\/academia-brinda-apoyo-al-uso-de-cultivos-geneticamente-modificados\/#primaryimage","url":"","contentUrl":""},{"@type":"BreadcrumbList","@id":"https:\/\/www.eldiario.net\/portal\/2022\/06\/08\/academia-brinda-apoyo-al-uso-de-cultivos-geneticamente-modificados\/#breadcrumb","itemListElement":[{"@type":"ListItem","position":1,"name":"Portada","item":"https:\/\/www.eldiario.net\/portal\/"},{"@type":"ListItem","position":2,"name":"Academia brinda apoyo al uso de cultivos gen\u00e9ticamente modificados"}]},{"@type":"WebSite","@id":"https:\/\/www.eldiario.net\/portal\/#website","url":"https:\/\/www.eldiario.net\/portal\/","name":"El Diario - Decano de la prensa nacional","description":"El Diario - Decano de la prensa nacional","publisher":{"@id":"https:\/\/www.eldiario.net\/portal\/#organization"},"potentialAction":[{"@type":"SearchAction","target":{"@type":"EntryPoint","urlTemplate":"https:\/\/www.eldiario.net\/portal\/?s={search_term_string}"},"query-input":{"@type":"PropertyValueSpecification","valueRequired":true,"valueName":"search_term_string"}}],"inLanguage":"es"},{"@type":"Organization","@id":"https:\/\/www.eldiario.net\/portal\/#organization","name":"El Diario - Decano de la prensa nacional","url":"https:\/\/www.eldiario.net\/portal\/","logo":{"@type":"ImageObject","inLanguage":"es","@id":"https:\/\/www.eldiario.net\/portal\/#\/schema\/logo\/image\/","url":"https:\/\/www.eldiario.net\/portal\/wp-content\/uploads\/2023\/07\/logo_ED.jpg","contentUrl":"https:\/\/www.eldiario.net\/portal\/wp-content\/uploads\/2023\/07\/logo_ED.jpg","width":272,"height":52,"caption":"El Diario - Decano de la prensa nacional"},"image":{"@id":"https:\/\/www.eldiario.net\/portal\/#\/schema\/logo\/image\/"},"sameAs":["https:\/\/www.facebook.com\/eldiario.bolivia\/","https:\/\/x.com\/eldiario_net"]},{"@type":"Person","@id":"https:\/\/www.eldiario.net\/portal\/#\/schema\/person\/2c57cf2b7a7ae032e449e4c9b1019eac","name":"Jeanette","image":{"@type":"ImageObject","inLanguage":"es","@id":"https:\/\/secure.gravatar.com\/avatar\/3ea2118a5f7dad2b7138b1187a6b7ee55f160b9968b66013c3a3ef39dd7e5798?s=96&d=mm&r=g","url":"https:\/\/secure.gravatar.com\/avatar\/3ea2118a5f7dad2b7138b1187a6b7ee55f160b9968b66013c3a3ef39dd7e5798?s=96&d=mm&r=g","contentUrl":"https:\/\/secure.gravatar.com\/avatar\/3ea2118a5f7dad2b7138b1187a6b7ee55f160b9968b66013c3a3ef39dd7e5798?s=96&d=mm&r=g","caption":"Jeanette"},"sameAs":["https:\/\/www.eldiario.net\/portal"],"url":"https:\/\/www.eldiario.net\/portal\/author\/jeanette\/"}]}},"_links":{"self":[{"href":"https:\/\/www.eldiario.net\/portal\/wp-json\/wp\/v2\/posts\/89056","targetHints":{"allow":["GET"]}}],"collection":[{"href":"https:\/\/www.eldiario.net\/portal\/wp-json\/wp\/v2\/posts"}],"about":[{"href":"https:\/\/www.eldiario.net\/portal\/wp-json\/wp\/v2\/types\/post"}],"author":[{"embeddable":true,"href":"https:\/\/www.eldiario.net\/portal\/wp-json\/wp\/v2\/users\/1"}],"replies":[{"embeddable":true,"href":"https:\/\/www.eldiario.net\/portal\/wp-json\/wp\/v2\/comments?post=89056"}],"version-history":[{"count":0,"href":"https:\/\/www.eldiario.net\/portal\/wp-json\/wp\/v2\/posts\/89056\/revisions"}],"wp:attachment":[{"href":"https:\/\/www.eldiario.net\/portal\/wp-json\/wp\/v2\/media?parent=89056"}],"wp:term":[{"taxonomy":"category","embeddable":true,"href":"https:\/\/www.eldiario.net\/portal\/wp-json\/wp\/v2\/categories?post=89056"},{"taxonomy":"post_tag","embeddable":true,"href":"https:\/\/www.eldiario.net\/portal\/wp-json\/wp\/v2\/tags?post=89056"}],"curies":[{"name":"wp","href":"https:\/\/api.w.org\/{rel}","templated":true}]}}