{"id":89053,"date":"2022-06-08T05:05:14","date_gmt":"2022-06-08T09:05:14","guid":{"rendered":"https:\/\/www.eldiario.net\/portal\/?p=89053"},"modified":"2022-06-08T05:05:14","modified_gmt":"2022-06-08T09:05:14","slug":"fencomin-exige-consensuar-proyecto-de-ley-de-oro","status":"publish","type":"post","link":"https:\/\/www.eldiario.net\/portal\/2022\/06\/08\/fencomin-exige-consensuar-proyecto-de-ley-de-oro\/","title":{"rendered":"Fencomin exige consensuar  proyecto de ley de oro"},"content":{"rendered":"<p>La Federaci\u00f3n Nacional de Cooperativas Mineras (Fencomin), a trav\u00e9s de sus dirigentes, exigen consensuar el proyecto de ley de compra de oro con todos los sectores del rubro y no solo con algunas federaciones.<br \/>\nDe manera arbitraria algunas federaciones regionales se han puesto a la tarea de hacer el trabajo de Fencomin, como el proyecto de compra del oro, cuya norma no ha sido consensuada con la organizaci\u00f3n matriz de los cooperativistas, se\u00f1al\u00f3 el titular de los cooperativistas, Octavio Ramos.<br \/>\nExigen que el proyecto de ley sea consensuado con Fencomin y todas las federaciones regionales, y paralelamente sea socializado.<br \/>\nPero dej\u00f3 claro que la propuesta del tema tributario presentado al Gobierno viabilizar\u00e1 el proyecto, y vaya adelante, pero se requiere trabajo coordinando con todas las organizaciones de Fencomin.<br \/>\nLament\u00f3 que se haya reunido con Ferreco, una federaci\u00f3n regional del sector de La Paz, mientras que Fencomin representa a las nueve federaciones departamentales.<\/p>\n<p>REUNI\u00d3N<br \/>\nLa semana pasada el Presidente Luis Arce anunci\u00f3 acuerdos arribados con la Federaci\u00f3n Regional de Cooperativas Mineras Aur\u00edferas (Ferreco) y el Ministerio de Miner\u00eda y Metalurgia, para incrementar las reservas internacionales de oro y combatir la miner\u00eda ilegal.<br \/>\nEl Presidente\u00a0se\u00f1al\u00f3 que son cuatro puntos\u00a0muy importantes los acordados en una reuni\u00f3n sostenida el jueves pasado, en la que Ferreco acept\u00f3 la viabilidad y\u00a0prosecuci\u00f3n\u00a0 del proyecto de la Ley del Oro de Producci\u00f3n Nacional destinado al fortalecimiento de las Reservas Internacionales para\u00a0su tratamiento y aprobaci\u00f3n legislativa.<br \/>\nOtro punto se\u00f1ala la continuaci\u00f3n con el tratamiento\u00a0del an\u00e1lisis tributario propuesto por la referida federaci\u00f3n, as\u00ed tambi\u00e9n acuerdan impulsar el tratamiento legislativo del PL 436\/2019-202, Ley de Creaci\u00f3n del Ente Gestor de Seguro Social a Corto Plazo de las Cooperativas Mineras Aur\u00edferas Afiliadas a FERRECO.<br \/>\nFinalmente, el cuarto punto del acta de acuerdos se\u00f1ala que de manera conjunta con las Federaciones de Cooperativas Aur\u00edferas, se encarar\u00e1 la lucha contra la miner\u00eda ilegal y el avasallamiento minero, ratificando la\u00a0censura y reproche contra aquellos que atentan contra la Madre Tierra, los recursos naturales y los bienes del Estado. Se articular\u00e1n y promover\u00e1n las medidas correspondientes por las instancias competentes.<\/p>\n","protected":false},"excerpt":{"rendered":"<p>La Federaci\u00f3n Nacional de Cooperativas Mineras (Fencomin), a trav\u00e9s de sus dirigentes, exigen consensuar el proyecto de ley de compra de oro con todos los sectores del rubro y no solo con algunas federaciones. De manera arbitraria algunas federaciones regionales se han puesto a la tarea de hacer el trabajo de Fencomin, como el proyecto [&hellip;]<\/p>\n","protected":false},"author":1,"featured_media":89054,"comment_status":"closed","ping_status":"closed","sticky":false,"template":"","format":"standard","meta":{"_acf_changed":false,"footnotes":""},"categories":[7],"tags":[],"class_list":["post-89053","post","type-post","status-publish","format-standard","has-post-thumbnail","category-economia"],"acf":{"antetitulo":""},"yoast_head":"<!-- This site is optimized with the Yoast SEO plugin v28.4 - https:\/\/yoast.com\/product\/yoast-seo-wordpress\/ -->\n<title>Fencomin exige consensuar proyecto de ley de oro - El Diario - Bolivia<\/title>\n<meta name=\"robots\" content=\"index, follow, max-snippet:-1, max-image-preview:large, max-video-preview:-1\" \/>\n<link rel=\"canonical\" href=\"https:\/\/www.eldiario.net\/portal\/2022\/06\/08\/fencomin-exige-consensuar-proyecto-de-ley-de-oro\/\" \/>\n<meta property=\"og:locale\" content=\"es_ES\" \/>\n<meta property=\"og:type\" content=\"article\" \/>\n<meta property=\"og:title\" content=\"Fencomin exige consensuar proyecto de ley de oro - El Diario - Bolivia\" \/>\n<meta property=\"og:description\" content=\"La Federaci\u00f3n Nacional de Cooperativas Mineras (Fencomin), a trav\u00e9s de sus dirigentes, exigen consensuar el proyecto de ley de compra de oro con todos los sectores del rubro y no solo con algunas federaciones. De manera arbitraria algunas federaciones regionales se han puesto a la tarea de hacer el trabajo de Fencomin, como el proyecto [&hellip;]\" \/>\n<meta property=\"og:url\" content=\"https:\/\/www.eldiario.net\/portal\/2022\/06\/08\/fencomin-exige-consensuar-proyecto-de-ley-de-oro\/\" \/>\n<meta property=\"og:site_name\" content=\"El Diario - Bolivia\" \/>\n<meta property=\"article:publisher\" content=\"https:\/\/www.facebook.com\/eldiario.bolivia\/\" \/>\n<meta property=\"article:published_time\" content=\"2022-06-08T09:05:14+00:00\" \/>\n<meta name=\"author\" content=\"Jeanette\" \/>\n<meta name=\"twitter:card\" content=\"summary_large_image\" \/>\n<meta name=\"twitter:creator\" content=\"@eldiario_net\" \/>\n<meta name=\"twitter:site\" content=\"@eldiario_net\" \/>\n<meta name=\"twitter:label1\" content=\"Escrito por\" \/>\n\t<meta name=\"twitter:data1\" content=\"Jeanette\" \/>\n\t<meta name=\"twitter:label2\" content=\"Tiempo de lectura\" \/>\n\t<meta name=\"twitter:data2\" content=\"2 minutos\" \/>\n<script type=\"application\/ld+json\" class=\"yoast-schema-graph\">{\"@context\":\"https:\\\/\\\/schema.org\",\"@graph\":[{\"@type\":\"Article\",\"@id\":\"https:\\\/\\\/www.eldiario.net\\\/portal\\\/2022\\\/06\\\/08\\\/fencomin-exige-consensuar-proyecto-de-ley-de-oro\\\/#article\",\"isPartOf\":{\"@id\":\"https:\\\/\\\/www.eldiario.net\\\/portal\\\/2022\\\/06\\\/08\\\/fencomin-exige-consensuar-proyecto-de-ley-de-oro\\\/\"},\"author\":{\"name\":\"Jeanette\",\"@id\":\"https:\\\/\\\/www.eldiario.net\\\/portal\\\/#\\\/schema\\\/person\\\/2c57cf2b7a7ae032e449e4c9b1019eac\"},\"headline\":\"Fencomin exige consensuar proyecto de ley de oro\",\"datePublished\":\"2022-06-08T09:05:14+00:00\",\"mainEntityOfPage\":{\"@id\":\"https:\\\/\\\/www.eldiario.net\\\/portal\\\/2022\\\/06\\\/08\\\/fencomin-exige-consensuar-proyecto-de-ley-de-oro\\\/\"},\"wordCount\":385,\"publisher\":{\"@id\":\"https:\\\/\\\/www.eldiario.net\\\/portal\\\/#organization\"},\"image\":{\"@id\":\"https:\\\/\\\/www.eldiario.net\\\/portal\\\/2022\\\/06\\\/08\\\/fencomin-exige-consensuar-proyecto-de-ley-de-oro\\\/#primaryimage\"},\"thumbnailUrl\":\"\",\"articleSection\":[\"Econom\u00eda\"],\"inLanguage\":\"es\"},{\"@type\":\"WebPage\",\"@id\":\"https:\\\/\\\/www.eldiario.net\\\/portal\\\/2022\\\/06\\\/08\\\/fencomin-exige-consensuar-proyecto-de-ley-de-oro\\\/\",\"url\":\"https:\\\/\\\/www.eldiario.net\\\/portal\\\/2022\\\/06\\\/08\\\/fencomin-exige-consensuar-proyecto-de-ley-de-oro\\\/\",\"name\":\"Fencomin exige consensuar proyecto de ley de oro - El Diario - Bolivia\",\"isPartOf\":{\"@id\":\"https:\\\/\\\/www.eldiario.net\\\/portal\\\/#website\"},\"primaryImageOfPage\":{\"@id\":\"https:\\\/\\\/www.eldiario.net\\\/portal\\\/2022\\\/06\\\/08\\\/fencomin-exige-consensuar-proyecto-de-ley-de-oro\\\/#primaryimage\"},\"image\":{\"@id\":\"https:\\\/\\\/www.eldiario.net\\\/portal\\\/2022\\\/06\\\/08\\\/fencomin-exige-consensuar-proyecto-de-ley-de-oro\\\/#primaryimage\"},\"thumbnailUrl\":\"\",\"datePublished\":\"2022-06-08T09:05:14+00:00\",\"breadcrumb\":{\"@id\":\"https:\\\/\\\/www.eldiario.net\\\/portal\\\/2022\\\/06\\\/08\\\/fencomin-exige-consensuar-proyecto-de-ley-de-oro\\\/#breadcrumb\"},\"inLanguage\":\"es\",\"potentialAction\":[{\"@type\":\"ReadAction\",\"target\":[\"https:\\\/\\\/www.eldiario.net\\\/portal\\\/2022\\\/06\\\/08\\\/fencomin-exige-consensuar-proyecto-de-ley-de-oro\\\/\"]}]},{\"@type\":\"ImageObject\",\"inLanguage\":\"es\",\"@id\":\"https:\\\/\\\/www.eldiario.net\\\/portal\\\/2022\\\/06\\\/08\\\/fencomin-exige-consensuar-proyecto-de-ley-de-oro\\\/#primaryimage\",\"url\":\"\",\"contentUrl\":\"\"},{\"@type\":\"BreadcrumbList\",\"@id\":\"https:\\\/\\\/www.eldiario.net\\\/portal\\\/2022\\\/06\\\/08\\\/fencomin-exige-consensuar-proyecto-de-ley-de-oro\\\/#breadcrumb\",\"itemListElement\":[{\"@type\":\"ListItem\",\"position\":1,\"name\":\"Portada\",\"item\":\"https:\\\/\\\/www.eldiario.net\\\/portal\\\/\"},{\"@type\":\"ListItem\",\"position\":2,\"name\":\"Fencomin exige consensuar proyecto de ley de oro\"}]},{\"@type\":\"WebSite\",\"@id\":\"https:\\\/\\\/www.eldiario.net\\\/portal\\\/#website\",\"url\":\"https:\\\/\\\/www.eldiario.net\\\/portal\\\/\",\"name\":\"El Diario - Decano de la prensa nacional\",\"description\":\"El Diario - Decano de la prensa nacional\",\"publisher\":{\"@id\":\"https:\\\/\\\/www.eldiario.net\\\/portal\\\/#organization\"},\"potentialAction\":[{\"@type\":\"SearchAction\",\"target\":{\"@type\":\"EntryPoint\",\"urlTemplate\":\"https:\\\/\\\/www.eldiario.net\\\/portal\\\/?s={search_term_string}\"},\"query-input\":{\"@type\":\"PropertyValueSpecification\",\"valueRequired\":true,\"valueName\":\"search_term_string\"}}],\"inLanguage\":\"es\"},{\"@type\":\"Organization\",\"@id\":\"https:\\\/\\\/www.eldiario.net\\\/portal\\\/#organization\",\"name\":\"El Diario - Decano de la prensa nacional\",\"url\":\"https:\\\/\\\/www.eldiario.net\\\/portal\\\/\",\"logo\":{\"@type\":\"ImageObject\",\"inLanguage\":\"es\",\"@id\":\"https:\\\/\\\/www.eldiario.net\\\/portal\\\/#\\\/schema\\\/logo\\\/image\\\/\",\"url\":\"https:\\\/\\\/www.eldiario.net\\\/portal\\\/wp-content\\\/uploads\\\/2023\\\/07\\\/logo_ED.jpg\",\"contentUrl\":\"https:\\\/\\\/www.eldiario.net\\\/portal\\\/wp-content\\\/uploads\\\/2023\\\/07\\\/logo_ED.jpg\",\"width\":272,\"height\":52,\"caption\":\"El Diario - Decano de la prensa nacional\"},\"image\":{\"@id\":\"https:\\\/\\\/www.eldiario.net\\\/portal\\\/#\\\/schema\\\/logo\\\/image\\\/\"},\"sameAs\":[\"https:\\\/\\\/www.facebook.com\\\/eldiario.bolivia\\\/\",\"https:\\\/\\\/x.com\\\/eldiario_net\"]},{\"@type\":\"Person\",\"@id\":\"https:\\\/\\\/www.eldiario.net\\\/portal\\\/#\\\/schema\\\/person\\\/2c57cf2b7a7ae032e449e4c9b1019eac\",\"name\":\"Jeanette\",\"image\":{\"@type\":\"ImageObject\",\"inLanguage\":\"es\",\"@id\":\"https:\\\/\\\/secure.gravatar.com\\\/avatar\\\/3ea2118a5f7dad2b7138b1187a6b7ee55f160b9968b66013c3a3ef39dd7e5798?s=96&d=mm&r=g\",\"url\":\"https:\\\/\\\/secure.gravatar.com\\\/avatar\\\/3ea2118a5f7dad2b7138b1187a6b7ee55f160b9968b66013c3a3ef39dd7e5798?s=96&d=mm&r=g\",\"contentUrl\":\"https:\\\/\\\/secure.gravatar.com\\\/avatar\\\/3ea2118a5f7dad2b7138b1187a6b7ee55f160b9968b66013c3a3ef39dd7e5798?s=96&d=mm&r=g\",\"caption\":\"Jeanette\"},\"sameAs\":[\"https:\\\/\\\/www.eldiario.net\\\/portal\"],\"url\":\"https:\\\/\\\/www.eldiario.net\\\/portal\\\/author\\\/jeanette\\\/\"}]}<\/script>\n<!-- \/ Yoast SEO plugin. -->","yoast_head_json":{"title":"Fencomin exige consensuar proyecto de ley de oro - El Diario - Bolivia","robots":{"index":"index","follow":"follow","max-snippet":"max-snippet:-1","max-image-preview":"max-image-preview:large","max-video-preview":"max-video-preview:-1"},"canonical":"https:\/\/www.eldiario.net\/portal\/2022\/06\/08\/fencomin-exige-consensuar-proyecto-de-ley-de-oro\/","og_locale":"es_ES","og_type":"article","og_title":"Fencomin exige consensuar proyecto de ley de oro - El Diario - Bolivia","og_description":"La Federaci\u00f3n Nacional de Cooperativas Mineras (Fencomin), a trav\u00e9s de sus dirigentes, exigen consensuar el proyecto de ley de compra de oro con todos los sectores del rubro y no solo con algunas federaciones. De manera arbitraria algunas federaciones regionales se han puesto a la tarea de hacer el trabajo de Fencomin, como el proyecto [&hellip;]","og_url":"https:\/\/www.eldiario.net\/portal\/2022\/06\/08\/fencomin-exige-consensuar-proyecto-de-ley-de-oro\/","og_site_name":"El Diario - Bolivia","article_publisher":"https:\/\/www.facebook.com\/eldiario.bolivia\/","article_published_time":"2022-06-08T09:05:14+00:00","author":"Jeanette","twitter_card":"summary_large_image","twitter_creator":"@eldiario_net","twitter_site":"@eldiario_net","twitter_misc":{"Escrito por":"Jeanette","Tiempo de lectura":"2 minutos"},"schema":{"@context":"https:\/\/schema.org","@graph":[{"@type":"Article","@id":"https:\/\/www.eldiario.net\/portal\/2022\/06\/08\/fencomin-exige-consensuar-proyecto-de-ley-de-oro\/#article","isPartOf":{"@id":"https:\/\/www.eldiario.net\/portal\/2022\/06\/08\/fencomin-exige-consensuar-proyecto-de-ley-de-oro\/"},"author":{"name":"Jeanette","@id":"https:\/\/www.eldiario.net\/portal\/#\/schema\/person\/2c57cf2b7a7ae032e449e4c9b1019eac"},"headline":"Fencomin exige consensuar proyecto de ley de oro","datePublished":"2022-06-08T09:05:14+00:00","mainEntityOfPage":{"@id":"https:\/\/www.eldiario.net\/portal\/2022\/06\/08\/fencomin-exige-consensuar-proyecto-de-ley-de-oro\/"},"wordCount":385,"publisher":{"@id":"https:\/\/www.eldiario.net\/portal\/#organization"},"image":{"@id":"https:\/\/www.eldiario.net\/portal\/2022\/06\/08\/fencomin-exige-consensuar-proyecto-de-ley-de-oro\/#primaryimage"},"thumbnailUrl":"","articleSection":["Econom\u00eda"],"inLanguage":"es"},{"@type":"WebPage","@id":"https:\/\/www.eldiario.net\/portal\/2022\/06\/08\/fencomin-exige-consensuar-proyecto-de-ley-de-oro\/","url":"https:\/\/www.eldiario.net\/portal\/2022\/06\/08\/fencomin-exige-consensuar-proyecto-de-ley-de-oro\/","name":"Fencomin exige consensuar proyecto de ley de oro - El Diario - Bolivia","isPartOf":{"@id":"https:\/\/www.eldiario.net\/portal\/#website"},"primaryImageOfPage":{"@id":"https:\/\/www.eldiario.net\/portal\/2022\/06\/08\/fencomin-exige-consensuar-proyecto-de-ley-de-oro\/#primaryimage"},"image":{"@id":"https:\/\/www.eldiario.net\/portal\/2022\/06\/08\/fencomin-exige-consensuar-proyecto-de-ley-de-oro\/#primaryimage"},"thumbnailUrl":"","datePublished":"2022-06-08T09:05:14+00:00","breadcrumb":{"@id":"https:\/\/www.eldiario.net\/portal\/2022\/06\/08\/fencomin-exige-consensuar-proyecto-de-ley-de-oro\/#breadcrumb"},"inLanguage":"es","potentialAction":[{"@type":"ReadAction","target":["https:\/\/www.eldiario.net\/portal\/2022\/06\/08\/fencomin-exige-consensuar-proyecto-de-ley-de-oro\/"]}]},{"@type":"ImageObject","inLanguage":"es","@id":"https:\/\/www.eldiario.net\/portal\/2022\/06\/08\/fencomin-exige-consensuar-proyecto-de-ley-de-oro\/#primaryimage","url":"","contentUrl":""},{"@type":"BreadcrumbList","@id":"https:\/\/www.eldiario.net\/portal\/2022\/06\/08\/fencomin-exige-consensuar-proyecto-de-ley-de-oro\/#breadcrumb","itemListElement":[{"@type":"ListItem","position":1,"name":"Portada","item":"https:\/\/www.eldiario.net\/portal\/"},{"@type":"ListItem","position":2,"name":"Fencomin exige consensuar proyecto de ley de oro"}]},{"@type":"WebSite","@id":"https:\/\/www.eldiario.net\/portal\/#website","url":"https:\/\/www.eldiario.net\/portal\/","name":"El Diario - Decano de la prensa nacional","description":"El Diario - Decano de la prensa nacional","publisher":{"@id":"https:\/\/www.eldiario.net\/portal\/#organization"},"potentialAction":[{"@type":"SearchAction","target":{"@type":"EntryPoint","urlTemplate":"https:\/\/www.eldiario.net\/portal\/?s={search_term_string}"},"query-input":{"@type":"PropertyValueSpecification","valueRequired":true,"valueName":"search_term_string"}}],"inLanguage":"es"},{"@type":"Organization","@id":"https:\/\/www.eldiario.net\/portal\/#organization","name":"El Diario - Decano de la prensa nacional","url":"https:\/\/www.eldiario.net\/portal\/","logo":{"@type":"ImageObject","inLanguage":"es","@id":"https:\/\/www.eldiario.net\/portal\/#\/schema\/logo\/image\/","url":"https:\/\/www.eldiario.net\/portal\/wp-content\/uploads\/2023\/07\/logo_ED.jpg","contentUrl":"https:\/\/www.eldiario.net\/portal\/wp-content\/uploads\/2023\/07\/logo_ED.jpg","width":272,"height":52,"caption":"El Diario - Decano de la prensa nacional"},"image":{"@id":"https:\/\/www.eldiario.net\/portal\/#\/schema\/logo\/image\/"},"sameAs":["https:\/\/www.facebook.com\/eldiario.bolivia\/","https:\/\/x.com\/eldiario_net"]},{"@type":"Person","@id":"https:\/\/www.eldiario.net\/portal\/#\/schema\/person\/2c57cf2b7a7ae032e449e4c9b1019eac","name":"Jeanette","image":{"@type":"ImageObject","inLanguage":"es","@id":"https:\/\/secure.gravatar.com\/avatar\/3ea2118a5f7dad2b7138b1187a6b7ee55f160b9968b66013c3a3ef39dd7e5798?s=96&d=mm&r=g","url":"https:\/\/secure.gravatar.com\/avatar\/3ea2118a5f7dad2b7138b1187a6b7ee55f160b9968b66013c3a3ef39dd7e5798?s=96&d=mm&r=g","contentUrl":"https:\/\/secure.gravatar.com\/avatar\/3ea2118a5f7dad2b7138b1187a6b7ee55f160b9968b66013c3a3ef39dd7e5798?s=96&d=mm&r=g","caption":"Jeanette"},"sameAs":["https:\/\/www.eldiario.net\/portal"],"url":"https:\/\/www.eldiario.net\/portal\/author\/jeanette\/"}]}},"_links":{"self":[{"href":"https:\/\/www.eldiario.net\/portal\/wp-json\/wp\/v2\/posts\/89053","targetHints":{"allow":["GET"]}}],"collection":[{"href":"https:\/\/www.eldiario.net\/portal\/wp-json\/wp\/v2\/posts"}],"about":[{"href":"https:\/\/www.eldiario.net\/portal\/wp-json\/wp\/v2\/types\/post"}],"author":[{"embeddable":true,"href":"https:\/\/www.eldiario.net\/portal\/wp-json\/wp\/v2\/users\/1"}],"replies":[{"embeddable":true,"href":"https:\/\/www.eldiario.net\/portal\/wp-json\/wp\/v2\/comments?post=89053"}],"version-history":[{"count":0,"href":"https:\/\/www.eldiario.net\/portal\/wp-json\/wp\/v2\/posts\/89053\/revisions"}],"wp:attachment":[{"href":"https:\/\/www.eldiario.net\/portal\/wp-json\/wp\/v2\/media?parent=89053"}],"wp:term":[{"taxonomy":"category","embeddable":true,"href":"https:\/\/www.eldiario.net\/portal\/wp-json\/wp\/v2\/categories?post=89053"},{"taxonomy":"post_tag","embeddable":true,"href":"https:\/\/www.eldiario.net\/portal\/wp-json\/wp\/v2\/tags?post=89053"}],"curies":[{"name":"wp","href":"https:\/\/api.w.org\/{rel}","templated":true}]}}