{"id":89050,"date":"2022-06-08T05:04:36","date_gmt":"2022-06-08T09:04:36","guid":{"rendered":"https:\/\/www.eldiario.net\/portal\/?p=89050"},"modified":"2022-06-08T05:04:36","modified_gmt":"2022-06-08T09:04:36","slug":"promueven-la-produccion-y-consumo-de-frutos-amazonicos","status":"publish","type":"post","link":"https:\/\/www.eldiario.net\/portal\/2022\/06\/08\/promueven-la-produccion-y-consumo-de-frutos-amazonicos\/","title":{"rendered":"Promueven la producci\u00f3n y  consumo de frutos amaz\u00f3nicos"},"content":{"rendered":"<p>Con el objetivo de revalorizar la importancia de los frutos producidos en los bosques de la amazonia e informar a la poblaci\u00f3n sobre el alto valor nutritivo con el que cuentan estos productos, el Ministerio de Desarrollo Rural y Tierras (MDRyT) en coordinaci\u00f3n con el Ministerio de Relaciones Exteriores, organizaron el evento denominado \u00abSal\u00f3n de degustaci\u00f3n de Frutos Amaz\u00f3nicos\u00bb.<br \/>\nEl ministro de Desarrollo Rural y Tierras, Remmy Gonzales Atila, en oportunidad de participar del evento, manifest\u00f3 que el basto y rico territorio con el que cuenta Bolivia, tiene diferentes caracter\u00edsticas productivas, y una de esas es la zona de la amazonia, que tiene una diversidad de productos que deben ser recolectados para cubrir la alimentaci\u00f3n de la poblaci\u00f3n.<br \/>\nIndic\u00f3 que los frutos amaz\u00f3nicos significan para las familias bolivianas, un beneficio para la salud, ya que aportan minerales y vitaminas.<br \/>\nLa autoridad de Desarrollo Rural explic\u00f3 que la cadena productiva de los frutos amaz\u00f3nicos, beneficia de manera directa a 4.200 familias y de forma indirecta a 16.928 familias en los departamentos de La Paz, Beni y Pando.<br \/>\nEse evento es un referente para que la poblaci\u00f3n en general asista a la \u00abFeria Nacional de Cacao y Frutos Amaz\u00f3nicos\u00bb que est\u00e1 programada para ma\u00f1ana 9 y el viernes 10 de junio en la plaza San Francisco de la ciudad de La Paz, donde se podr\u00e1 degustar y comprar cacaos finos y de aroma, as\u00ed como frutos amaz\u00f3nicos como el asa\u00ed, copuazu, majo y casta\u00f1a.<br \/>\nDel \u00abSal\u00f3n de degustaci\u00f3n de Frutos Amaz\u00f3nicos\u00bb realizado en salones de la Canciller\u00eda, participaron representantes de distintos pa\u00edses para degustar estos frutos.<br \/>\nDe esta actividad promocional, participaron el viceministro de Comercio Exterior e Integraci\u00f3n, Benjam\u00edn Blanco, el director de la Instituci\u00f3n P\u00fablica Desconcentrada Seguridad Alimentaria, V\u00edctor Hugo V\u00e1squez, el Senador por el departamento de Pando, Luis Adolfo Flores y representantes de organizaciones de productores.<\/p>\n","protected":false},"excerpt":{"rendered":"<p>Con el objetivo de revalorizar la importancia de los frutos producidos en los bosques de la amazonia e informar a la poblaci\u00f3n sobre el alto valor nutritivo con el que cuentan estos productos, el Ministerio de Desarrollo Rural y Tierras (MDRyT) en coordinaci\u00f3n con el Ministerio de Relaciones Exteriores, organizaron el evento denominado \u00abSal\u00f3n de [&hellip;]<\/p>\n","protected":false},"author":1,"featured_media":89051,"comment_status":"closed","ping_status":"closed","sticky":false,"template":"","format":"standard","meta":{"_acf_changed":false,"footnotes":""},"categories":[7],"tags":[],"class_list":["post-89050","post","type-post","status-publish","format-standard","has-post-thumbnail","category-economia"],"acf":{"antetitulo":""},"yoast_head":"<!-- This site is optimized with the Yoast SEO plugin v28.4 - https:\/\/yoast.com\/product\/yoast-seo-wordpress\/ -->\n<title>Promueven la producci\u00f3n y consumo de frutos amaz\u00f3nicos - El Diario - Bolivia<\/title>\n<meta name=\"robots\" content=\"index, follow, max-snippet:-1, max-image-preview:large, max-video-preview:-1\" \/>\n<link rel=\"canonical\" href=\"https:\/\/www.eldiario.net\/portal\/2022\/06\/08\/promueven-la-produccion-y-consumo-de-frutos-amazonicos\/\" \/>\n<meta property=\"og:locale\" content=\"es_ES\" \/>\n<meta property=\"og:type\" content=\"article\" \/>\n<meta property=\"og:title\" content=\"Promueven la producci\u00f3n y consumo de frutos amaz\u00f3nicos - El Diario - Bolivia\" \/>\n<meta property=\"og:description\" content=\"Con el objetivo de revalorizar la importancia de los frutos producidos en los bosques de la amazonia e informar a la poblaci\u00f3n sobre el alto valor nutritivo con el que cuentan estos productos, el Ministerio de Desarrollo Rural y Tierras (MDRyT) en coordinaci\u00f3n con el Ministerio de Relaciones Exteriores, organizaron el evento denominado \u00abSal\u00f3n de [&hellip;]\" \/>\n<meta property=\"og:url\" content=\"https:\/\/www.eldiario.net\/portal\/2022\/06\/08\/promueven-la-produccion-y-consumo-de-frutos-amazonicos\/\" \/>\n<meta property=\"og:site_name\" content=\"El Diario - Bolivia\" \/>\n<meta property=\"article:publisher\" content=\"https:\/\/www.facebook.com\/eldiario.bolivia\/\" \/>\n<meta property=\"article:published_time\" content=\"2022-06-08T09:04:36+00:00\" \/>\n<meta name=\"author\" content=\"Jeanette\" \/>\n<meta name=\"twitter:card\" content=\"summary_large_image\" \/>\n<meta name=\"twitter:creator\" content=\"@eldiario_net\" \/>\n<meta name=\"twitter:site\" content=\"@eldiario_net\" \/>\n<meta name=\"twitter:label1\" content=\"Escrito por\" \/>\n\t<meta name=\"twitter:data1\" content=\"Jeanette\" \/>\n\t<meta name=\"twitter:label2\" content=\"Tiempo de lectura\" \/>\n\t<meta name=\"twitter:data2\" content=\"2 minutos\" \/>\n<script type=\"application\/ld+json\" class=\"yoast-schema-graph\">{\"@context\":\"https:\\\/\\\/schema.org\",\"@graph\":[{\"@type\":\"Article\",\"@id\":\"https:\\\/\\\/www.eldiario.net\\\/portal\\\/2022\\\/06\\\/08\\\/promueven-la-produccion-y-consumo-de-frutos-amazonicos\\\/#article\",\"isPartOf\":{\"@id\":\"https:\\\/\\\/www.eldiario.net\\\/portal\\\/2022\\\/06\\\/08\\\/promueven-la-produccion-y-consumo-de-frutos-amazonicos\\\/\"},\"author\":{\"name\":\"Jeanette\",\"@id\":\"https:\\\/\\\/www.eldiario.net\\\/portal\\\/#\\\/schema\\\/person\\\/2c57cf2b7a7ae032e449e4c9b1019eac\"},\"headline\":\"Promueven la producci\u00f3n y consumo de frutos amaz\u00f3nicos\",\"datePublished\":\"2022-06-08T09:04:36+00:00\",\"mainEntityOfPage\":{\"@id\":\"https:\\\/\\\/www.eldiario.net\\\/portal\\\/2022\\\/06\\\/08\\\/promueven-la-produccion-y-consumo-de-frutos-amazonicos\\\/\"},\"wordCount\":338,\"publisher\":{\"@id\":\"https:\\\/\\\/www.eldiario.net\\\/portal\\\/#organization\"},\"image\":{\"@id\":\"https:\\\/\\\/www.eldiario.net\\\/portal\\\/2022\\\/06\\\/08\\\/promueven-la-produccion-y-consumo-de-frutos-amazonicos\\\/#primaryimage\"},\"thumbnailUrl\":\"\",\"articleSection\":[\"Econom\u00eda\"],\"inLanguage\":\"es\"},{\"@type\":\"WebPage\",\"@id\":\"https:\\\/\\\/www.eldiario.net\\\/portal\\\/2022\\\/06\\\/08\\\/promueven-la-produccion-y-consumo-de-frutos-amazonicos\\\/\",\"url\":\"https:\\\/\\\/www.eldiario.net\\\/portal\\\/2022\\\/06\\\/08\\\/promueven-la-produccion-y-consumo-de-frutos-amazonicos\\\/\",\"name\":\"Promueven la producci\u00f3n y consumo de frutos amaz\u00f3nicos - El Diario - Bolivia\",\"isPartOf\":{\"@id\":\"https:\\\/\\\/www.eldiario.net\\\/portal\\\/#website\"},\"primaryImageOfPage\":{\"@id\":\"https:\\\/\\\/www.eldiario.net\\\/portal\\\/2022\\\/06\\\/08\\\/promueven-la-produccion-y-consumo-de-frutos-amazonicos\\\/#primaryimage\"},\"image\":{\"@id\":\"https:\\\/\\\/www.eldiario.net\\\/portal\\\/2022\\\/06\\\/08\\\/promueven-la-produccion-y-consumo-de-frutos-amazonicos\\\/#primaryimage\"},\"thumbnailUrl\":\"\",\"datePublished\":\"2022-06-08T09:04:36+00:00\",\"breadcrumb\":{\"@id\":\"https:\\\/\\\/www.eldiario.net\\\/portal\\\/2022\\\/06\\\/08\\\/promueven-la-produccion-y-consumo-de-frutos-amazonicos\\\/#breadcrumb\"},\"inLanguage\":\"es\",\"potentialAction\":[{\"@type\":\"ReadAction\",\"target\":[\"https:\\\/\\\/www.eldiario.net\\\/portal\\\/2022\\\/06\\\/08\\\/promueven-la-produccion-y-consumo-de-frutos-amazonicos\\\/\"]}]},{\"@type\":\"ImageObject\",\"inLanguage\":\"es\",\"@id\":\"https:\\\/\\\/www.eldiario.net\\\/portal\\\/2022\\\/06\\\/08\\\/promueven-la-produccion-y-consumo-de-frutos-amazonicos\\\/#primaryimage\",\"url\":\"\",\"contentUrl\":\"\"},{\"@type\":\"BreadcrumbList\",\"@id\":\"https:\\\/\\\/www.eldiario.net\\\/portal\\\/2022\\\/06\\\/08\\\/promueven-la-produccion-y-consumo-de-frutos-amazonicos\\\/#breadcrumb\",\"itemListElement\":[{\"@type\":\"ListItem\",\"position\":1,\"name\":\"Portada\",\"item\":\"https:\\\/\\\/www.eldiario.net\\\/portal\\\/\"},{\"@type\":\"ListItem\",\"position\":2,\"name\":\"Promueven la producci\u00f3n y consumo de frutos amaz\u00f3nicos\"}]},{\"@type\":\"WebSite\",\"@id\":\"https:\\\/\\\/www.eldiario.net\\\/portal\\\/#website\",\"url\":\"https:\\\/\\\/www.eldiario.net\\\/portal\\\/\",\"name\":\"El Diario - Decano de la prensa nacional\",\"description\":\"El Diario - Decano de la prensa nacional\",\"publisher\":{\"@id\":\"https:\\\/\\\/www.eldiario.net\\\/portal\\\/#organization\"},\"potentialAction\":[{\"@type\":\"SearchAction\",\"target\":{\"@type\":\"EntryPoint\",\"urlTemplate\":\"https:\\\/\\\/www.eldiario.net\\\/portal\\\/?s={search_term_string}\"},\"query-input\":{\"@type\":\"PropertyValueSpecification\",\"valueRequired\":true,\"valueName\":\"search_term_string\"}}],\"inLanguage\":\"es\"},{\"@type\":\"Organization\",\"@id\":\"https:\\\/\\\/www.eldiario.net\\\/portal\\\/#organization\",\"name\":\"El Diario - Decano de la prensa nacional\",\"url\":\"https:\\\/\\\/www.eldiario.net\\\/portal\\\/\",\"logo\":{\"@type\":\"ImageObject\",\"inLanguage\":\"es\",\"@id\":\"https:\\\/\\\/www.eldiario.net\\\/portal\\\/#\\\/schema\\\/logo\\\/image\\\/\",\"url\":\"https:\\\/\\\/www.eldiario.net\\\/portal\\\/wp-content\\\/uploads\\\/2023\\\/07\\\/logo_ED.jpg\",\"contentUrl\":\"https:\\\/\\\/www.eldiario.net\\\/portal\\\/wp-content\\\/uploads\\\/2023\\\/07\\\/logo_ED.jpg\",\"width\":272,\"height\":52,\"caption\":\"El Diario - Decano de la prensa nacional\"},\"image\":{\"@id\":\"https:\\\/\\\/www.eldiario.net\\\/portal\\\/#\\\/schema\\\/logo\\\/image\\\/\"},\"sameAs\":[\"https:\\\/\\\/www.facebook.com\\\/eldiario.bolivia\\\/\",\"https:\\\/\\\/x.com\\\/eldiario_net\"]},{\"@type\":\"Person\",\"@id\":\"https:\\\/\\\/www.eldiario.net\\\/portal\\\/#\\\/schema\\\/person\\\/2c57cf2b7a7ae032e449e4c9b1019eac\",\"name\":\"Jeanette\",\"image\":{\"@type\":\"ImageObject\",\"inLanguage\":\"es\",\"@id\":\"https:\\\/\\\/secure.gravatar.com\\\/avatar\\\/3ea2118a5f7dad2b7138b1187a6b7ee55f160b9968b66013c3a3ef39dd7e5798?s=96&d=mm&r=g\",\"url\":\"https:\\\/\\\/secure.gravatar.com\\\/avatar\\\/3ea2118a5f7dad2b7138b1187a6b7ee55f160b9968b66013c3a3ef39dd7e5798?s=96&d=mm&r=g\",\"contentUrl\":\"https:\\\/\\\/secure.gravatar.com\\\/avatar\\\/3ea2118a5f7dad2b7138b1187a6b7ee55f160b9968b66013c3a3ef39dd7e5798?s=96&d=mm&r=g\",\"caption\":\"Jeanette\"},\"sameAs\":[\"https:\\\/\\\/www.eldiario.net\\\/portal\"],\"url\":\"https:\\\/\\\/www.eldiario.net\\\/portal\\\/author\\\/jeanette\\\/\"}]}<\/script>\n<!-- \/ Yoast SEO plugin. -->","yoast_head_json":{"title":"Promueven la producci\u00f3n y consumo de frutos amaz\u00f3nicos - El Diario - Bolivia","robots":{"index":"index","follow":"follow","max-snippet":"max-snippet:-1","max-image-preview":"max-image-preview:large","max-video-preview":"max-video-preview:-1"},"canonical":"https:\/\/www.eldiario.net\/portal\/2022\/06\/08\/promueven-la-produccion-y-consumo-de-frutos-amazonicos\/","og_locale":"es_ES","og_type":"article","og_title":"Promueven la producci\u00f3n y consumo de frutos amaz\u00f3nicos - El Diario - Bolivia","og_description":"Con el objetivo de revalorizar la importancia de los frutos producidos en los bosques de la amazonia e informar a la poblaci\u00f3n sobre el alto valor nutritivo con el que cuentan estos productos, el Ministerio de Desarrollo Rural y Tierras (MDRyT) en coordinaci\u00f3n con el Ministerio de Relaciones Exteriores, organizaron el evento denominado \u00abSal\u00f3n de [&hellip;]","og_url":"https:\/\/www.eldiario.net\/portal\/2022\/06\/08\/promueven-la-produccion-y-consumo-de-frutos-amazonicos\/","og_site_name":"El Diario - Bolivia","article_publisher":"https:\/\/www.facebook.com\/eldiario.bolivia\/","article_published_time":"2022-06-08T09:04:36+00:00","author":"Jeanette","twitter_card":"summary_large_image","twitter_creator":"@eldiario_net","twitter_site":"@eldiario_net","twitter_misc":{"Escrito por":"Jeanette","Tiempo de lectura":"2 minutos"},"schema":{"@context":"https:\/\/schema.org","@graph":[{"@type":"Article","@id":"https:\/\/www.eldiario.net\/portal\/2022\/06\/08\/promueven-la-produccion-y-consumo-de-frutos-amazonicos\/#article","isPartOf":{"@id":"https:\/\/www.eldiario.net\/portal\/2022\/06\/08\/promueven-la-produccion-y-consumo-de-frutos-amazonicos\/"},"author":{"name":"Jeanette","@id":"https:\/\/www.eldiario.net\/portal\/#\/schema\/person\/2c57cf2b7a7ae032e449e4c9b1019eac"},"headline":"Promueven la producci\u00f3n y consumo de frutos amaz\u00f3nicos","datePublished":"2022-06-08T09:04:36+00:00","mainEntityOfPage":{"@id":"https:\/\/www.eldiario.net\/portal\/2022\/06\/08\/promueven-la-produccion-y-consumo-de-frutos-amazonicos\/"},"wordCount":338,"publisher":{"@id":"https:\/\/www.eldiario.net\/portal\/#organization"},"image":{"@id":"https:\/\/www.eldiario.net\/portal\/2022\/06\/08\/promueven-la-produccion-y-consumo-de-frutos-amazonicos\/#primaryimage"},"thumbnailUrl":"","articleSection":["Econom\u00eda"],"inLanguage":"es"},{"@type":"WebPage","@id":"https:\/\/www.eldiario.net\/portal\/2022\/06\/08\/promueven-la-produccion-y-consumo-de-frutos-amazonicos\/","url":"https:\/\/www.eldiario.net\/portal\/2022\/06\/08\/promueven-la-produccion-y-consumo-de-frutos-amazonicos\/","name":"Promueven la producci\u00f3n y consumo de frutos amaz\u00f3nicos - El Diario - Bolivia","isPartOf":{"@id":"https:\/\/www.eldiario.net\/portal\/#website"},"primaryImageOfPage":{"@id":"https:\/\/www.eldiario.net\/portal\/2022\/06\/08\/promueven-la-produccion-y-consumo-de-frutos-amazonicos\/#primaryimage"},"image":{"@id":"https:\/\/www.eldiario.net\/portal\/2022\/06\/08\/promueven-la-produccion-y-consumo-de-frutos-amazonicos\/#primaryimage"},"thumbnailUrl":"","datePublished":"2022-06-08T09:04:36+00:00","breadcrumb":{"@id":"https:\/\/www.eldiario.net\/portal\/2022\/06\/08\/promueven-la-produccion-y-consumo-de-frutos-amazonicos\/#breadcrumb"},"inLanguage":"es","potentialAction":[{"@type":"ReadAction","target":["https:\/\/www.eldiario.net\/portal\/2022\/06\/08\/promueven-la-produccion-y-consumo-de-frutos-amazonicos\/"]}]},{"@type":"ImageObject","inLanguage":"es","@id":"https:\/\/www.eldiario.net\/portal\/2022\/06\/08\/promueven-la-produccion-y-consumo-de-frutos-amazonicos\/#primaryimage","url":"","contentUrl":""},{"@type":"BreadcrumbList","@id":"https:\/\/www.eldiario.net\/portal\/2022\/06\/08\/promueven-la-produccion-y-consumo-de-frutos-amazonicos\/#breadcrumb","itemListElement":[{"@type":"ListItem","position":1,"name":"Portada","item":"https:\/\/www.eldiario.net\/portal\/"},{"@type":"ListItem","position":2,"name":"Promueven la producci\u00f3n y consumo de frutos amaz\u00f3nicos"}]},{"@type":"WebSite","@id":"https:\/\/www.eldiario.net\/portal\/#website","url":"https:\/\/www.eldiario.net\/portal\/","name":"El Diario - Decano de la prensa nacional","description":"El Diario - Decano de la prensa nacional","publisher":{"@id":"https:\/\/www.eldiario.net\/portal\/#organization"},"potentialAction":[{"@type":"SearchAction","target":{"@type":"EntryPoint","urlTemplate":"https:\/\/www.eldiario.net\/portal\/?s={search_term_string}"},"query-input":{"@type":"PropertyValueSpecification","valueRequired":true,"valueName":"search_term_string"}}],"inLanguage":"es"},{"@type":"Organization","@id":"https:\/\/www.eldiario.net\/portal\/#organization","name":"El Diario - Decano de la prensa nacional","url":"https:\/\/www.eldiario.net\/portal\/","logo":{"@type":"ImageObject","inLanguage":"es","@id":"https:\/\/www.eldiario.net\/portal\/#\/schema\/logo\/image\/","url":"https:\/\/www.eldiario.net\/portal\/wp-content\/uploads\/2023\/07\/logo_ED.jpg","contentUrl":"https:\/\/www.eldiario.net\/portal\/wp-content\/uploads\/2023\/07\/logo_ED.jpg","width":272,"height":52,"caption":"El Diario - Decano de la prensa nacional"},"image":{"@id":"https:\/\/www.eldiario.net\/portal\/#\/schema\/logo\/image\/"},"sameAs":["https:\/\/www.facebook.com\/eldiario.bolivia\/","https:\/\/x.com\/eldiario_net"]},{"@type":"Person","@id":"https:\/\/www.eldiario.net\/portal\/#\/schema\/person\/2c57cf2b7a7ae032e449e4c9b1019eac","name":"Jeanette","image":{"@type":"ImageObject","inLanguage":"es","@id":"https:\/\/secure.gravatar.com\/avatar\/3ea2118a5f7dad2b7138b1187a6b7ee55f160b9968b66013c3a3ef39dd7e5798?s=96&d=mm&r=g","url":"https:\/\/secure.gravatar.com\/avatar\/3ea2118a5f7dad2b7138b1187a6b7ee55f160b9968b66013c3a3ef39dd7e5798?s=96&d=mm&r=g","contentUrl":"https:\/\/secure.gravatar.com\/avatar\/3ea2118a5f7dad2b7138b1187a6b7ee55f160b9968b66013c3a3ef39dd7e5798?s=96&d=mm&r=g","caption":"Jeanette"},"sameAs":["https:\/\/www.eldiario.net\/portal"],"url":"https:\/\/www.eldiario.net\/portal\/author\/jeanette\/"}]}},"_links":{"self":[{"href":"https:\/\/www.eldiario.net\/portal\/wp-json\/wp\/v2\/posts\/89050","targetHints":{"allow":["GET"]}}],"collection":[{"href":"https:\/\/www.eldiario.net\/portal\/wp-json\/wp\/v2\/posts"}],"about":[{"href":"https:\/\/www.eldiario.net\/portal\/wp-json\/wp\/v2\/types\/post"}],"author":[{"embeddable":true,"href":"https:\/\/www.eldiario.net\/portal\/wp-json\/wp\/v2\/users\/1"}],"replies":[{"embeddable":true,"href":"https:\/\/www.eldiario.net\/portal\/wp-json\/wp\/v2\/comments?post=89050"}],"version-history":[{"count":0,"href":"https:\/\/www.eldiario.net\/portal\/wp-json\/wp\/v2\/posts\/89050\/revisions"}],"wp:attachment":[{"href":"https:\/\/www.eldiario.net\/portal\/wp-json\/wp\/v2\/media?parent=89050"}],"wp:term":[{"taxonomy":"category","embeddable":true,"href":"https:\/\/www.eldiario.net\/portal\/wp-json\/wp\/v2\/categories?post=89050"},{"taxonomy":"post_tag","embeddable":true,"href":"https:\/\/www.eldiario.net\/portal\/wp-json\/wp\/v2\/tags?post=89050"}],"curies":[{"name":"wp","href":"https:\/\/api.w.org\/{rel}","templated":true}]}}