{"id":8904,"date":"2021-06-07T06:43:20","date_gmt":"2021-06-07T10:43:20","guid":{"rendered":"https:\/\/www.eldiario.net\/portal\/?p=8904"},"modified":"2021-06-07T06:43:20","modified_gmt":"2021-06-07T10:43:20","slug":"150-medicos-realizaron-rastrillaje-en-barrios-crucenos-por-covid-19","status":"publish","type":"post","link":"https:\/\/www.eldiario.net\/portal\/2021\/06\/07\/150-medicos-realizaron-rastrillaje-en-barrios-crucenos-por-covid-19\/","title":{"rendered":"150 m\u00e9dicos realizaron rastrillaje  en barrios cruce\u00f1os por Covid-19"},"content":{"rendered":"<p class=\"v1MsoNormal\">Las brigadas m\u00e9dicas municipales recorrieron diversas zonas de la ciudad de Santa Cruz de la Sierra en el marco de un rastrillaje casa por casa para detectar posibles casos de Covid-19. El alcalde Jhonny Fern\u00e1ndez acompa\u00f1\u00f3 a las brigadas en su labor por el distrito 12, una de las zonas con mayor \u00edndice de contagio.<\/p>\n<p class=\"v1MsoNormal\">En plena jornada de encapsulamiento en la capital cruce\u00f1a, las brigadas m\u00e9dicas municipales recorren diversas zonas de la ciudad para realizar un rastrillaje casa por casa y detectar posibles casos de Covid-19. Son 150 profesionales distribuidos en 6 distritos municipales.<\/p>\n<p class=\"v1MsoNormal\">La primera autoridad municipal cruce\u00f1a asegur\u00f3 la labor de los equipos m\u00e9dicos en aquellas zonas con mayor \u00edndice de contagio. Las visitas a hogares y el rastrillaje se desarrollan en los distritos 6, 7, 8, 12, 13 y 14.<\/p>\n<p class=\"v1MsoNormal\">Las visitas m\u00e9dicas comienzan con un triaje a los integrantes de cada familia y, cuando amerita, se realiza la prueba nasofar\u00edngea. En aquellos casos que el resultado de positivo, se entrega tambi\u00e9n un kit de medicamentos que contienen antiinflamatorios, Azitromicina, Ivermectina entre otros remedios, destac\u00f3 el alcalde.<\/p>\n<p class=\"v1MsoNormal\">Al concluir la visita a los hogares se desinfecta la casa para dar mayor seguridad a los habitantes de la misma.<\/p>\n<p class=\"v1MsoNormal\">Fern\u00e1ndez justifica la labor de las brigadas ante la \u201cnecesidad urgente de llegar a estos barrios\u201d y atender a la poblaci\u00f3n. Adem\u00e1s, contempla la posibilidad de \u00absuavizar las medidas\u00bb si se logra contener los contagios con las actuales disposiciones.<\/p>\n<p class=\"v1MsoNormal\">Para ello, la autoridad pide a los ciudadanos que mantengan la disciplina y acaten las disposiciones del COEM.<\/p>\n<p class=\"v1MsoNormal\">\n<p class=\"v1MsoNormal\">ACCESO A VACUNAS<\/p>\n<p class=\"v1MsoNormal\">Jhonny Fern\u00e1ndez aprovech\u00f3 la oportunidad para exigir al Gobierno central que agilice la entrega de vacunas para avanzar con las medidas de prevenci\u00f3n frente al Covid-19. Por su parte, compromete los recursos necesarios para el tratamiento de los pacientes.<\/p>\n<p class=\"v1MsoNormal\">\u00abQue nos deje que compremos nosotros\u00bb, reclama la primera autoridad municipal. Propone la liberaci\u00f3n para el acceso a vacunas y discrepa con las autoridades gubernamentales que, durante la semana, afirmaron la apertura para la compra de vacunas por parte de municipios y gobernaciones.<\/p>\n<p class=\"v1MsoNormal\">\u00abNo sigamos la burocracia de Estado a Estado que solo nos hace perder el tiempo\u00bb, observa Fern\u00e1ndez y matiza que los decretos vigentes contienen ese condicionante como requisito para la importaci\u00f3n de vacunas.<\/p>\n<p class=\"v1MsoNormal\">Se refiri\u00f3 tambi\u00e9n a la escasez de ox\u00edgeno que se evidenci\u00f3 en los \u00faltimos d\u00edas. Estima que ma\u00f1ana en la tarde se podr\u00e1 conocer el nombre de las empresas que participen en la licitaci\u00f3n p\u00fablica de una \u00abnueva planta (de ox\u00edgeno) para la mancomunidad\u00bb.<\/p>\n<p class=\"v1MsoNormal\">El acuerdo alcanzado con los productores y proveedores de ox\u00edgeno garantiza que no se desabastecer\u00e1n a los hospitales de primer, segundo y tercer nivel, afirma Fern\u00e1ndez. (El Deber)<\/p>\n","protected":false},"excerpt":{"rendered":"<p>Las brigadas m\u00e9dicas municipales recorrieron diversas zonas de la ciudad de Santa Cruz de la Sierra en el marco de un rastrillaje casa por casa para detectar posibles casos de Covid-19. El alcalde Jhonny Fern\u00e1ndez acompa\u00f1\u00f3 a las brigadas en su labor por el distrito 12, una de las zonas con mayor \u00edndice de contagio. [&hellip;]<\/p>\n","protected":false},"author":1,"featured_media":8905,"comment_status":"closed","ping_status":"closed","sticky":false,"template":"","format":"standard","meta":{"_acf_changed":false,"footnotes":""},"categories":[14],"tags":[],"class_list":["post-8904","post","type-post","status-publish","format-standard","has-post-thumbnail","category-politica"],"acf":{"antetitulo":""},"yoast_head":"<!-- This site is optimized with the Yoast SEO plugin v28.4 - https:\/\/yoast.com\/product\/yoast-seo-wordpress\/ -->\n<title>150 m\u00e9dicos realizaron rastrillaje en barrios cruce\u00f1os por Covid-19 - El Diario - Bolivia<\/title>\n<meta name=\"robots\" content=\"index, follow, max-snippet:-1, max-image-preview:large, max-video-preview:-1\" \/>\n<link rel=\"canonical\" href=\"https:\/\/www.eldiario.net\/portal\/2021\/06\/07\/150-medicos-realizaron-rastrillaje-en-barrios-crucenos-por-covid-19\/\" \/>\n<meta property=\"og:locale\" content=\"es_ES\" \/>\n<meta property=\"og:type\" content=\"article\" \/>\n<meta property=\"og:title\" content=\"150 m\u00e9dicos realizaron rastrillaje en barrios cruce\u00f1os por Covid-19 - El Diario - Bolivia\" \/>\n<meta property=\"og:description\" content=\"Las brigadas m\u00e9dicas municipales recorrieron diversas zonas de la ciudad de Santa Cruz de la Sierra en el marco de un rastrillaje casa por casa para detectar posibles casos de Covid-19. El alcalde Jhonny Fern\u00e1ndez acompa\u00f1\u00f3 a las brigadas en su labor por el distrito 12, una de las zonas con mayor \u00edndice de contagio. [&hellip;]\" \/>\n<meta property=\"og:url\" content=\"https:\/\/www.eldiario.net\/portal\/2021\/06\/07\/150-medicos-realizaron-rastrillaje-en-barrios-crucenos-por-covid-19\/\" \/>\n<meta property=\"og:site_name\" content=\"El Diario - Bolivia\" \/>\n<meta property=\"article:publisher\" content=\"https:\/\/www.facebook.com\/eldiario.bolivia\/\" \/>\n<meta property=\"article:published_time\" content=\"2021-06-07T10:43:20+00:00\" \/>\n<meta name=\"author\" content=\"Jeanette\" \/>\n<meta name=\"twitter:card\" content=\"summary_large_image\" \/>\n<meta name=\"twitter:creator\" content=\"@eldiario_net\" \/>\n<meta name=\"twitter:site\" content=\"@eldiario_net\" \/>\n<meta name=\"twitter:label1\" content=\"Escrito por\" \/>\n\t<meta name=\"twitter:data1\" content=\"Jeanette\" \/>\n\t<meta name=\"twitter:label2\" content=\"Tiempo de lectura\" \/>\n\t<meta name=\"twitter:data2\" content=\"2 minutos\" \/>\n<script type=\"application\/ld+json\" class=\"yoast-schema-graph\">{\"@context\":\"https:\\\/\\\/schema.org\",\"@graph\":[{\"@type\":\"Article\",\"@id\":\"https:\\\/\\\/www.eldiario.net\\\/portal\\\/2021\\\/06\\\/07\\\/150-medicos-realizaron-rastrillaje-en-barrios-crucenos-por-covid-19\\\/#article\",\"isPartOf\":{\"@id\":\"https:\\\/\\\/www.eldiario.net\\\/portal\\\/2021\\\/06\\\/07\\\/150-medicos-realizaron-rastrillaje-en-barrios-crucenos-por-covid-19\\\/\"},\"author\":{\"name\":\"Jeanette\",\"@id\":\"https:\\\/\\\/www.eldiario.net\\\/portal\\\/#\\\/schema\\\/person\\\/f46445640444750d7d753ccd04ae01b7\"},\"headline\":\"150 m\u00e9dicos realizaron rastrillaje en barrios cruce\u00f1os por Covid-19\",\"datePublished\":\"2021-06-07T10:43:20+00:00\",\"mainEntityOfPage\":{\"@id\":\"https:\\\/\\\/www.eldiario.net\\\/portal\\\/2021\\\/06\\\/07\\\/150-medicos-realizaron-rastrillaje-en-barrios-crucenos-por-covid-19\\\/\"},\"wordCount\":477,\"publisher\":{\"@id\":\"https:\\\/\\\/www.eldiario.net\\\/portal\\\/#organization\"},\"image\":{\"@id\":\"https:\\\/\\\/www.eldiario.net\\\/portal\\\/2021\\\/06\\\/07\\\/150-medicos-realizaron-rastrillaje-en-barrios-crucenos-por-covid-19\\\/#primaryimage\"},\"thumbnailUrl\":\"\",\"articleSection\":[\"Pol\u00edtica\"],\"inLanguage\":\"es\"},{\"@type\":\"WebPage\",\"@id\":\"https:\\\/\\\/www.eldiario.net\\\/portal\\\/2021\\\/06\\\/07\\\/150-medicos-realizaron-rastrillaje-en-barrios-crucenos-por-covid-19\\\/\",\"url\":\"https:\\\/\\\/www.eldiario.net\\\/portal\\\/2021\\\/06\\\/07\\\/150-medicos-realizaron-rastrillaje-en-barrios-crucenos-por-covid-19\\\/\",\"name\":\"150 m\u00e9dicos realizaron rastrillaje en barrios cruce\u00f1os por Covid-19 - El Diario - Bolivia\",\"isPartOf\":{\"@id\":\"https:\\\/\\\/www.eldiario.net\\\/portal\\\/#website\"},\"primaryImageOfPage\":{\"@id\":\"https:\\\/\\\/www.eldiario.net\\\/portal\\\/2021\\\/06\\\/07\\\/150-medicos-realizaron-rastrillaje-en-barrios-crucenos-por-covid-19\\\/#primaryimage\"},\"image\":{\"@id\":\"https:\\\/\\\/www.eldiario.net\\\/portal\\\/2021\\\/06\\\/07\\\/150-medicos-realizaron-rastrillaje-en-barrios-crucenos-por-covid-19\\\/#primaryimage\"},\"thumbnailUrl\":\"\",\"datePublished\":\"2021-06-07T10:43:20+00:00\",\"breadcrumb\":{\"@id\":\"https:\\\/\\\/www.eldiario.net\\\/portal\\\/2021\\\/06\\\/07\\\/150-medicos-realizaron-rastrillaje-en-barrios-crucenos-por-covid-19\\\/#breadcrumb\"},\"inLanguage\":\"es\",\"potentialAction\":[{\"@type\":\"ReadAction\",\"target\":[\"https:\\\/\\\/www.eldiario.net\\\/portal\\\/2021\\\/06\\\/07\\\/150-medicos-realizaron-rastrillaje-en-barrios-crucenos-por-covid-19\\\/\"]}]},{\"@type\":\"ImageObject\",\"inLanguage\":\"es\",\"@id\":\"https:\\\/\\\/www.eldiario.net\\\/portal\\\/2021\\\/06\\\/07\\\/150-medicos-realizaron-rastrillaje-en-barrios-crucenos-por-covid-19\\\/#primaryimage\",\"url\":\"\",\"contentUrl\":\"\"},{\"@type\":\"BreadcrumbList\",\"@id\":\"https:\\\/\\\/www.eldiario.net\\\/portal\\\/2021\\\/06\\\/07\\\/150-medicos-realizaron-rastrillaje-en-barrios-crucenos-por-covid-19\\\/#breadcrumb\",\"itemListElement\":[{\"@type\":\"ListItem\",\"position\":1,\"name\":\"Portada\",\"item\":\"https:\\\/\\\/www.eldiario.net\\\/portal\\\/\"},{\"@type\":\"ListItem\",\"position\":2,\"name\":\"150 m\u00e9dicos realizaron rastrillaje en barrios cruce\u00f1os por Covid-19\"}]},{\"@type\":\"WebSite\",\"@id\":\"https:\\\/\\\/www.eldiario.net\\\/portal\\\/#website\",\"url\":\"https:\\\/\\\/www.eldiario.net\\\/portal\\\/\",\"name\":\"El Diario - Decano de la prensa nacional\",\"description\":\"El Diario - Decano de la prensa nacional\",\"publisher\":{\"@id\":\"https:\\\/\\\/www.eldiario.net\\\/portal\\\/#organization\"},\"potentialAction\":[{\"@type\":\"SearchAction\",\"target\":{\"@type\":\"EntryPoint\",\"urlTemplate\":\"https:\\\/\\\/www.eldiario.net\\\/portal\\\/?s={search_term_string}\"},\"query-input\":{\"@type\":\"PropertyValueSpecification\",\"valueRequired\":true,\"valueName\":\"search_term_string\"}}],\"inLanguage\":\"es\"},{\"@type\":\"Organization\",\"@id\":\"https:\\\/\\\/www.eldiario.net\\\/portal\\\/#organization\",\"name\":\"El Diario - Decano de la prensa nacional\",\"url\":\"https:\\\/\\\/www.eldiario.net\\\/portal\\\/\",\"logo\":{\"@type\":\"ImageObject\",\"inLanguage\":\"es\",\"@id\":\"https:\\\/\\\/www.eldiario.net\\\/portal\\\/#\\\/schema\\\/logo\\\/image\\\/\",\"url\":\"https:\\\/\\\/www.eldiario.net\\\/portal\\\/wp-content\\\/uploads\\\/2023\\\/07\\\/logo_ED.jpg\",\"contentUrl\":\"https:\\\/\\\/www.eldiario.net\\\/portal\\\/wp-content\\\/uploads\\\/2023\\\/07\\\/logo_ED.jpg\",\"width\":272,\"height\":52,\"caption\":\"El Diario - Decano de la prensa nacional\"},\"image\":{\"@id\":\"https:\\\/\\\/www.eldiario.net\\\/portal\\\/#\\\/schema\\\/logo\\\/image\\\/\"},\"sameAs\":[\"https:\\\/\\\/www.facebook.com\\\/eldiario.bolivia\\\/\",\"https:\\\/\\\/x.com\\\/eldiario_net\"]},{\"@type\":\"Person\",\"@id\":\"https:\\\/\\\/www.eldiario.net\\\/portal\\\/#\\\/schema\\\/person\\\/f46445640444750d7d753ccd04ae01b7\",\"name\":\"Jeanette\",\"image\":{\"@type\":\"ImageObject\",\"inLanguage\":\"es\",\"@id\":\"https:\\\/\\\/secure.gravatar.com\\\/avatar\\\/3ea2118a5f7dad2b7138b1187a6b7ee55f160b9968b66013c3a3ef39dd7e5798?s=96&d=mm&r=g\",\"url\":\"https:\\\/\\\/secure.gravatar.com\\\/avatar\\\/3ea2118a5f7dad2b7138b1187a6b7ee55f160b9968b66013c3a3ef39dd7e5798?s=96&d=mm&r=g\",\"contentUrl\":\"https:\\\/\\\/secure.gravatar.com\\\/avatar\\\/3ea2118a5f7dad2b7138b1187a6b7ee55f160b9968b66013c3a3ef39dd7e5798?s=96&d=mm&r=g\",\"caption\":\"Jeanette\"},\"sameAs\":[\"https:\\\/\\\/www.eldiario.net\\\/portal\"],\"url\":\"https:\\\/\\\/www.eldiario.net\\\/portal\\\/author\\\/jeanette\\\/\"}]}<\/script>\n<!-- \/ Yoast SEO plugin. -->","yoast_head_json":{"title":"150 m\u00e9dicos realizaron rastrillaje en barrios cruce\u00f1os por Covid-19 - El Diario - Bolivia","robots":{"index":"index","follow":"follow","max-snippet":"max-snippet:-1","max-image-preview":"max-image-preview:large","max-video-preview":"max-video-preview:-1"},"canonical":"https:\/\/www.eldiario.net\/portal\/2021\/06\/07\/150-medicos-realizaron-rastrillaje-en-barrios-crucenos-por-covid-19\/","og_locale":"es_ES","og_type":"article","og_title":"150 m\u00e9dicos realizaron rastrillaje en barrios cruce\u00f1os por Covid-19 - El Diario - Bolivia","og_description":"Las brigadas m\u00e9dicas municipales recorrieron diversas zonas de la ciudad de Santa Cruz de la Sierra en el marco de un rastrillaje casa por casa para detectar posibles casos de Covid-19. El alcalde Jhonny Fern\u00e1ndez acompa\u00f1\u00f3 a las brigadas en su labor por el distrito 12, una de las zonas con mayor \u00edndice de contagio. [&hellip;]","og_url":"https:\/\/www.eldiario.net\/portal\/2021\/06\/07\/150-medicos-realizaron-rastrillaje-en-barrios-crucenos-por-covid-19\/","og_site_name":"El Diario - Bolivia","article_publisher":"https:\/\/www.facebook.com\/eldiario.bolivia\/","article_published_time":"2021-06-07T10:43:20+00:00","author":"Jeanette","twitter_card":"summary_large_image","twitter_creator":"@eldiario_net","twitter_site":"@eldiario_net","twitter_misc":{"Escrito por":"Jeanette","Tiempo de lectura":"2 minutos"},"schema":{"@context":"https:\/\/schema.org","@graph":[{"@type":"Article","@id":"https:\/\/www.eldiario.net\/portal\/2021\/06\/07\/150-medicos-realizaron-rastrillaje-en-barrios-crucenos-por-covid-19\/#article","isPartOf":{"@id":"https:\/\/www.eldiario.net\/portal\/2021\/06\/07\/150-medicos-realizaron-rastrillaje-en-barrios-crucenos-por-covid-19\/"},"author":{"name":"Jeanette","@id":"https:\/\/www.eldiario.net\/portal\/#\/schema\/person\/f46445640444750d7d753ccd04ae01b7"},"headline":"150 m\u00e9dicos realizaron rastrillaje en barrios cruce\u00f1os por Covid-19","datePublished":"2021-06-07T10:43:20+00:00","mainEntityOfPage":{"@id":"https:\/\/www.eldiario.net\/portal\/2021\/06\/07\/150-medicos-realizaron-rastrillaje-en-barrios-crucenos-por-covid-19\/"},"wordCount":477,"publisher":{"@id":"https:\/\/www.eldiario.net\/portal\/#organization"},"image":{"@id":"https:\/\/www.eldiario.net\/portal\/2021\/06\/07\/150-medicos-realizaron-rastrillaje-en-barrios-crucenos-por-covid-19\/#primaryimage"},"thumbnailUrl":"","articleSection":["Pol\u00edtica"],"inLanguage":"es"},{"@type":"WebPage","@id":"https:\/\/www.eldiario.net\/portal\/2021\/06\/07\/150-medicos-realizaron-rastrillaje-en-barrios-crucenos-por-covid-19\/","url":"https:\/\/www.eldiario.net\/portal\/2021\/06\/07\/150-medicos-realizaron-rastrillaje-en-barrios-crucenos-por-covid-19\/","name":"150 m\u00e9dicos realizaron rastrillaje en barrios cruce\u00f1os por Covid-19 - El Diario - Bolivia","isPartOf":{"@id":"https:\/\/www.eldiario.net\/portal\/#website"},"primaryImageOfPage":{"@id":"https:\/\/www.eldiario.net\/portal\/2021\/06\/07\/150-medicos-realizaron-rastrillaje-en-barrios-crucenos-por-covid-19\/#primaryimage"},"image":{"@id":"https:\/\/www.eldiario.net\/portal\/2021\/06\/07\/150-medicos-realizaron-rastrillaje-en-barrios-crucenos-por-covid-19\/#primaryimage"},"thumbnailUrl":"","datePublished":"2021-06-07T10:43:20+00:00","breadcrumb":{"@id":"https:\/\/www.eldiario.net\/portal\/2021\/06\/07\/150-medicos-realizaron-rastrillaje-en-barrios-crucenos-por-covid-19\/#breadcrumb"},"inLanguage":"es","potentialAction":[{"@type":"ReadAction","target":["https:\/\/www.eldiario.net\/portal\/2021\/06\/07\/150-medicos-realizaron-rastrillaje-en-barrios-crucenos-por-covid-19\/"]}]},{"@type":"ImageObject","inLanguage":"es","@id":"https:\/\/www.eldiario.net\/portal\/2021\/06\/07\/150-medicos-realizaron-rastrillaje-en-barrios-crucenos-por-covid-19\/#primaryimage","url":"","contentUrl":""},{"@type":"BreadcrumbList","@id":"https:\/\/www.eldiario.net\/portal\/2021\/06\/07\/150-medicos-realizaron-rastrillaje-en-barrios-crucenos-por-covid-19\/#breadcrumb","itemListElement":[{"@type":"ListItem","position":1,"name":"Portada","item":"https:\/\/www.eldiario.net\/portal\/"},{"@type":"ListItem","position":2,"name":"150 m\u00e9dicos realizaron rastrillaje en barrios cruce\u00f1os por Covid-19"}]},{"@type":"WebSite","@id":"https:\/\/www.eldiario.net\/portal\/#website","url":"https:\/\/www.eldiario.net\/portal\/","name":"El Diario - Decano de la prensa nacional","description":"El Diario - Decano de la prensa nacional","publisher":{"@id":"https:\/\/www.eldiario.net\/portal\/#organization"},"potentialAction":[{"@type":"SearchAction","target":{"@type":"EntryPoint","urlTemplate":"https:\/\/www.eldiario.net\/portal\/?s={search_term_string}"},"query-input":{"@type":"PropertyValueSpecification","valueRequired":true,"valueName":"search_term_string"}}],"inLanguage":"es"},{"@type":"Organization","@id":"https:\/\/www.eldiario.net\/portal\/#organization","name":"El Diario - Decano de la prensa nacional","url":"https:\/\/www.eldiario.net\/portal\/","logo":{"@type":"ImageObject","inLanguage":"es","@id":"https:\/\/www.eldiario.net\/portal\/#\/schema\/logo\/image\/","url":"https:\/\/www.eldiario.net\/portal\/wp-content\/uploads\/2023\/07\/logo_ED.jpg","contentUrl":"https:\/\/www.eldiario.net\/portal\/wp-content\/uploads\/2023\/07\/logo_ED.jpg","width":272,"height":52,"caption":"El Diario - Decano de la prensa nacional"},"image":{"@id":"https:\/\/www.eldiario.net\/portal\/#\/schema\/logo\/image\/"},"sameAs":["https:\/\/www.facebook.com\/eldiario.bolivia\/","https:\/\/x.com\/eldiario_net"]},{"@type":"Person","@id":"https:\/\/www.eldiario.net\/portal\/#\/schema\/person\/f46445640444750d7d753ccd04ae01b7","name":"Jeanette","image":{"@type":"ImageObject","inLanguage":"es","@id":"https:\/\/secure.gravatar.com\/avatar\/3ea2118a5f7dad2b7138b1187a6b7ee55f160b9968b66013c3a3ef39dd7e5798?s=96&d=mm&r=g","url":"https:\/\/secure.gravatar.com\/avatar\/3ea2118a5f7dad2b7138b1187a6b7ee55f160b9968b66013c3a3ef39dd7e5798?s=96&d=mm&r=g","contentUrl":"https:\/\/secure.gravatar.com\/avatar\/3ea2118a5f7dad2b7138b1187a6b7ee55f160b9968b66013c3a3ef39dd7e5798?s=96&d=mm&r=g","caption":"Jeanette"},"sameAs":["https:\/\/www.eldiario.net\/portal"],"url":"https:\/\/www.eldiario.net\/portal\/author\/jeanette\/"}]}},"_links":{"self":[{"href":"https:\/\/www.eldiario.net\/portal\/wp-json\/wp\/v2\/posts\/8904","targetHints":{"allow":["GET"]}}],"collection":[{"href":"https:\/\/www.eldiario.net\/portal\/wp-json\/wp\/v2\/posts"}],"about":[{"href":"https:\/\/www.eldiario.net\/portal\/wp-json\/wp\/v2\/types\/post"}],"author":[{"embeddable":true,"href":"https:\/\/www.eldiario.net\/portal\/wp-json\/wp\/v2\/users\/1"}],"replies":[{"embeddable":true,"href":"https:\/\/www.eldiario.net\/portal\/wp-json\/wp\/v2\/comments?post=8904"}],"version-history":[{"count":0,"href":"https:\/\/www.eldiario.net\/portal\/wp-json\/wp\/v2\/posts\/8904\/revisions"}],"wp:attachment":[{"href":"https:\/\/www.eldiario.net\/portal\/wp-json\/wp\/v2\/media?parent=8904"}],"wp:term":[{"taxonomy":"category","embeddable":true,"href":"https:\/\/www.eldiario.net\/portal\/wp-json\/wp\/v2\/categories?post=8904"},{"taxonomy":"post_tag","embeddable":true,"href":"https:\/\/www.eldiario.net\/portal\/wp-json\/wp\/v2\/tags?post=8904"}],"curies":[{"name":"wp","href":"https:\/\/api.w.org\/{rel}","templated":true}]}}