{"id":8901,"date":"2021-06-07T06:41:25","date_gmt":"2021-06-07T10:41:25","guid":{"rendered":"https:\/\/www.eldiario.net\/portal\/?p=8901"},"modified":"2021-06-07T06:41:25","modified_gmt":"2021-06-07T10:41:25","slug":"diputados-retomaran-tratamiento-del-impuesto-a-servicios-digitales","status":"publish","type":"post","link":"https:\/\/www.eldiario.net\/portal\/2021\/06\/07\/diputados-retomaran-tratamiento-del-impuesto-a-servicios-digitales\/","title":{"rendered":"Diputados retomar\u00e1n tratamiento  del impuesto a servicios digitales"},"content":{"rendered":"<p>A pesar de haber anunciado la paralizaci\u00f3n del tratamiento de la ley para el pago de impuestos por servicios digitales, la C\u00e1mara de Diputados agend\u00f3 el tratamiento de esta normativa para esta semana, el exdiputado Gonzalo Barrientos cuestion\u00f3 que desde el Gobierno se insista en la aprobaci\u00f3n de un nuevo tributo en momentos de crisis econ\u00f3mica.<br \/>\nEl exlegislador alert\u00f3 que este proyecto de ley ser\u00e1 tratado durante esta semana, seg\u00fan la programaci\u00f3n de actividades de la C\u00e1mara de Diputados. Cuestion\u00f3 que el tratamiento de esta norma se produzca en momentos cr\u00edticos para la econom\u00eda de las familias bolivianas.<br \/>\n\u201cEn un momento tan dif\u00edcil que se est\u00e1 sufriendo por las muertes, tantos contagios, no hay medicamentos, no hay ox\u00edgeno, han colapsado las unidades de terapia intensiva, se est\u00e1n cerrando las empresas, no hay empleo y la poblaci\u00f3n est\u00e1 preocupada por c\u00f3mo llevar el pan de cada d\u00eda a su casa\u201d, sostuvo Barrientos.<br \/>\nLament\u00f3 que una ley de estas caracter\u00edsticas llegue a afectar la econom\u00eda de la poblaci\u00f3n que usa plataformas digitales para educaci\u00f3n y otras actividades cotidianas que por la pandemia se han hecho esenciales.<br \/>\n\u201cQue en este momento tan dif\u00edcil, se quiera imponer un impuestazo digital, al extremo que hasta los ni\u00f1os tendr\u00edan que pagar por bajar un libro o por la adquisici\u00f3n de diferentes servicios o productos a trav\u00e9s de las redes digitales, nos parece un desprop\u00f3sito\u201d, dijo.<br \/>\nEl exparlamentario record\u00f3 que legisladores y autoridades anunciaron que este proyecto de normativa iba a ser archivado ante la pol\u00e9mica generada a causa de sus alcances, por lo que pidi\u00f3 que se aclare esta situaci\u00f3n lo antes posible.<br \/>\nEn la agenda semanal de la C\u00e1mara de Diputados programada para esta semana, se encuentra el tratamiento de este proyecto de ley como el punto n\u00famero 3 para ser tratado entre el 7 y 11 de junio.<br \/>\nA inicios del mes de mayo, la senadora oficialista, Virginia Velazco, anunci\u00f3 la postergaci\u00f3n del pol\u00e9mico proyecto de ley hasta que se avance en su socializaci\u00f3n, denunciando adem\u00e1s que exist\u00eda desinformaci\u00f3n sobre su contenido.<br \/>\n\u201cSe est\u00e1 postergando este proyecto de ley hasta que se socialice, hasta que la poblaci\u00f3n pueda conocer porque, reitero, est\u00e1n mal informando sobre este proyecto de ley, no es as\u00ed como est\u00e1n informando, que van a pagar por usar el WhatsApp, por usar el Facebook, Instagram\u201d, dijo.<\/p>\n","protected":false},"excerpt":{"rendered":"<p>A pesar de haber anunciado la paralizaci\u00f3n del tratamiento de la ley para el pago de impuestos por servicios digitales, la C\u00e1mara de Diputados agend\u00f3 el tratamiento de esta normativa para esta semana, el exdiputado Gonzalo Barrientos cuestion\u00f3 que desde el Gobierno se insista en la aprobaci\u00f3n de un nuevo tributo en momentos de crisis [&hellip;]<\/p>\n","protected":false},"author":1,"featured_media":8902,"comment_status":"closed","ping_status":"closed","sticky":false,"template":"","format":"standard","meta":{"_acf_changed":false,"footnotes":""},"categories":[14],"tags":[],"class_list":["post-8901","post","type-post","status-publish","format-standard","has-post-thumbnail","category-politica"],"acf":{"antetitulo":""},"yoast_head":"<!-- This site is optimized with the Yoast SEO plugin v28.3 - https:\/\/yoast.com\/product\/yoast-seo-wordpress\/ -->\n<title>Diputados retomar\u00e1n tratamiento del impuesto a servicios digitales - El Diario - Bolivia<\/title>\n<meta name=\"robots\" content=\"index, follow, max-snippet:-1, max-image-preview:large, max-video-preview:-1\" \/>\n<link rel=\"canonical\" href=\"https:\/\/www.eldiario.net\/portal\/2021\/06\/07\/diputados-retomaran-tratamiento-del-impuesto-a-servicios-digitales\/\" \/>\n<meta property=\"og:locale\" content=\"es_ES\" \/>\n<meta property=\"og:type\" content=\"article\" \/>\n<meta property=\"og:title\" content=\"Diputados retomar\u00e1n tratamiento del impuesto a servicios digitales - El Diario - Bolivia\" \/>\n<meta property=\"og:description\" content=\"A pesar de haber anunciado la paralizaci\u00f3n del tratamiento de la ley para el pago de impuestos por servicios digitales, la C\u00e1mara de Diputados agend\u00f3 el tratamiento de esta normativa para esta semana, el exdiputado Gonzalo Barrientos cuestion\u00f3 que desde el Gobierno se insista en la aprobaci\u00f3n de un nuevo tributo en momentos de crisis [&hellip;]\" \/>\n<meta property=\"og:url\" content=\"https:\/\/www.eldiario.net\/portal\/2021\/06\/07\/diputados-retomaran-tratamiento-del-impuesto-a-servicios-digitales\/\" \/>\n<meta property=\"og:site_name\" content=\"El Diario - Bolivia\" \/>\n<meta property=\"article:publisher\" content=\"https:\/\/www.facebook.com\/eldiario.bolivia\/\" \/>\n<meta property=\"article:published_time\" content=\"2021-06-07T10:41:25+00:00\" \/>\n<meta name=\"author\" content=\"Jeanette\" \/>\n<meta name=\"twitter:card\" content=\"summary_large_image\" \/>\n<meta name=\"twitter:creator\" content=\"@eldiario_net\" \/>\n<meta name=\"twitter:site\" content=\"@eldiario_net\" \/>\n<meta name=\"twitter:label1\" content=\"Escrito por\" \/>\n\t<meta name=\"twitter:data1\" content=\"Jeanette\" \/>\n\t<meta name=\"twitter:label2\" content=\"Tiempo de lectura\" \/>\n\t<meta name=\"twitter:data2\" content=\"2 minutos\" \/>\n<script type=\"application\/ld+json\" class=\"yoast-schema-graph\">{\"@context\":\"https:\\\/\\\/schema.org\",\"@graph\":[{\"@type\":\"Article\",\"@id\":\"https:\\\/\\\/www.eldiario.net\\\/portal\\\/2021\\\/06\\\/07\\\/diputados-retomaran-tratamiento-del-impuesto-a-servicios-digitales\\\/#article\",\"isPartOf\":{\"@id\":\"https:\\\/\\\/www.eldiario.net\\\/portal\\\/2021\\\/06\\\/07\\\/diputados-retomaran-tratamiento-del-impuesto-a-servicios-digitales\\\/\"},\"author\":{\"name\":\"Jeanette\",\"@id\":\"https:\\\/\\\/www.eldiario.net\\\/portal\\\/#\\\/schema\\\/person\\\/f46445640444750d7d753ccd04ae01b7\"},\"headline\":\"Diputados retomar\u00e1n tratamiento del impuesto a servicios digitales\",\"datePublished\":\"2021-06-07T10:41:25+00:00\",\"mainEntityOfPage\":{\"@id\":\"https:\\\/\\\/www.eldiario.net\\\/portal\\\/2021\\\/06\\\/07\\\/diputados-retomaran-tratamiento-del-impuesto-a-servicios-digitales\\\/\"},\"wordCount\":429,\"publisher\":{\"@id\":\"https:\\\/\\\/www.eldiario.net\\\/portal\\\/#organization\"},\"image\":{\"@id\":\"https:\\\/\\\/www.eldiario.net\\\/portal\\\/2021\\\/06\\\/07\\\/diputados-retomaran-tratamiento-del-impuesto-a-servicios-digitales\\\/#primaryimage\"},\"thumbnailUrl\":\"\",\"articleSection\":[\"Pol\u00edtica\"],\"inLanguage\":\"es\"},{\"@type\":\"WebPage\",\"@id\":\"https:\\\/\\\/www.eldiario.net\\\/portal\\\/2021\\\/06\\\/07\\\/diputados-retomaran-tratamiento-del-impuesto-a-servicios-digitales\\\/\",\"url\":\"https:\\\/\\\/www.eldiario.net\\\/portal\\\/2021\\\/06\\\/07\\\/diputados-retomaran-tratamiento-del-impuesto-a-servicios-digitales\\\/\",\"name\":\"Diputados retomar\u00e1n tratamiento del impuesto a servicios digitales - El Diario - Bolivia\",\"isPartOf\":{\"@id\":\"https:\\\/\\\/www.eldiario.net\\\/portal\\\/#website\"},\"primaryImageOfPage\":{\"@id\":\"https:\\\/\\\/www.eldiario.net\\\/portal\\\/2021\\\/06\\\/07\\\/diputados-retomaran-tratamiento-del-impuesto-a-servicios-digitales\\\/#primaryimage\"},\"image\":{\"@id\":\"https:\\\/\\\/www.eldiario.net\\\/portal\\\/2021\\\/06\\\/07\\\/diputados-retomaran-tratamiento-del-impuesto-a-servicios-digitales\\\/#primaryimage\"},\"thumbnailUrl\":\"\",\"datePublished\":\"2021-06-07T10:41:25+00:00\",\"breadcrumb\":{\"@id\":\"https:\\\/\\\/www.eldiario.net\\\/portal\\\/2021\\\/06\\\/07\\\/diputados-retomaran-tratamiento-del-impuesto-a-servicios-digitales\\\/#breadcrumb\"},\"inLanguage\":\"es\",\"potentialAction\":[{\"@type\":\"ReadAction\",\"target\":[\"https:\\\/\\\/www.eldiario.net\\\/portal\\\/2021\\\/06\\\/07\\\/diputados-retomaran-tratamiento-del-impuesto-a-servicios-digitales\\\/\"]}]},{\"@type\":\"ImageObject\",\"inLanguage\":\"es\",\"@id\":\"https:\\\/\\\/www.eldiario.net\\\/portal\\\/2021\\\/06\\\/07\\\/diputados-retomaran-tratamiento-del-impuesto-a-servicios-digitales\\\/#primaryimage\",\"url\":\"\",\"contentUrl\":\"\"},{\"@type\":\"BreadcrumbList\",\"@id\":\"https:\\\/\\\/www.eldiario.net\\\/portal\\\/2021\\\/06\\\/07\\\/diputados-retomaran-tratamiento-del-impuesto-a-servicios-digitales\\\/#breadcrumb\",\"itemListElement\":[{\"@type\":\"ListItem\",\"position\":1,\"name\":\"Portada\",\"item\":\"https:\\\/\\\/www.eldiario.net\\\/portal\\\/\"},{\"@type\":\"ListItem\",\"position\":2,\"name\":\"Diputados retomar\u00e1n tratamiento del impuesto a servicios digitales\"}]},{\"@type\":\"WebSite\",\"@id\":\"https:\\\/\\\/www.eldiario.net\\\/portal\\\/#website\",\"url\":\"https:\\\/\\\/www.eldiario.net\\\/portal\\\/\",\"name\":\"El Diario - Decano de la prensa nacional\",\"description\":\"El Diario - Decano de la prensa nacional\",\"publisher\":{\"@id\":\"https:\\\/\\\/www.eldiario.net\\\/portal\\\/#organization\"},\"potentialAction\":[{\"@type\":\"SearchAction\",\"target\":{\"@type\":\"EntryPoint\",\"urlTemplate\":\"https:\\\/\\\/www.eldiario.net\\\/portal\\\/?s={search_term_string}\"},\"query-input\":{\"@type\":\"PropertyValueSpecification\",\"valueRequired\":true,\"valueName\":\"search_term_string\"}}],\"inLanguage\":\"es\"},{\"@type\":\"Organization\",\"@id\":\"https:\\\/\\\/www.eldiario.net\\\/portal\\\/#organization\",\"name\":\"El Diario - Decano de la prensa nacional\",\"url\":\"https:\\\/\\\/www.eldiario.net\\\/portal\\\/\",\"logo\":{\"@type\":\"ImageObject\",\"inLanguage\":\"es\",\"@id\":\"https:\\\/\\\/www.eldiario.net\\\/portal\\\/#\\\/schema\\\/logo\\\/image\\\/\",\"url\":\"https:\\\/\\\/www.eldiario.net\\\/portal\\\/wp-content\\\/uploads\\\/2023\\\/07\\\/logo_ED.jpg\",\"contentUrl\":\"https:\\\/\\\/www.eldiario.net\\\/portal\\\/wp-content\\\/uploads\\\/2023\\\/07\\\/logo_ED.jpg\",\"width\":272,\"height\":52,\"caption\":\"El Diario - Decano de la prensa nacional\"},\"image\":{\"@id\":\"https:\\\/\\\/www.eldiario.net\\\/portal\\\/#\\\/schema\\\/logo\\\/image\\\/\"},\"sameAs\":[\"https:\\\/\\\/www.facebook.com\\\/eldiario.bolivia\\\/\",\"https:\\\/\\\/x.com\\\/eldiario_net\"]},{\"@type\":\"Person\",\"@id\":\"https:\\\/\\\/www.eldiario.net\\\/portal\\\/#\\\/schema\\\/person\\\/f46445640444750d7d753ccd04ae01b7\",\"name\":\"Jeanette\",\"image\":{\"@type\":\"ImageObject\",\"inLanguage\":\"es\",\"@id\":\"https:\\\/\\\/secure.gravatar.com\\\/avatar\\\/3ea2118a5f7dad2b7138b1187a6b7ee55f160b9968b66013c3a3ef39dd7e5798?s=96&d=mm&r=g\",\"url\":\"https:\\\/\\\/secure.gravatar.com\\\/avatar\\\/3ea2118a5f7dad2b7138b1187a6b7ee55f160b9968b66013c3a3ef39dd7e5798?s=96&d=mm&r=g\",\"contentUrl\":\"https:\\\/\\\/secure.gravatar.com\\\/avatar\\\/3ea2118a5f7dad2b7138b1187a6b7ee55f160b9968b66013c3a3ef39dd7e5798?s=96&d=mm&r=g\",\"caption\":\"Jeanette\"},\"sameAs\":[\"https:\\\/\\\/www.eldiario.net\\\/portal\"],\"url\":\"https:\\\/\\\/www.eldiario.net\\\/portal\\\/author\\\/jeanette\\\/\"}]}<\/script>\n<!-- \/ Yoast SEO plugin. -->","yoast_head_json":{"title":"Diputados retomar\u00e1n tratamiento del impuesto a servicios digitales - El Diario - Bolivia","robots":{"index":"index","follow":"follow","max-snippet":"max-snippet:-1","max-image-preview":"max-image-preview:large","max-video-preview":"max-video-preview:-1"},"canonical":"https:\/\/www.eldiario.net\/portal\/2021\/06\/07\/diputados-retomaran-tratamiento-del-impuesto-a-servicios-digitales\/","og_locale":"es_ES","og_type":"article","og_title":"Diputados retomar\u00e1n tratamiento del impuesto a servicios digitales - El Diario - Bolivia","og_description":"A pesar de haber anunciado la paralizaci\u00f3n del tratamiento de la ley para el pago de impuestos por servicios digitales, la C\u00e1mara de Diputados agend\u00f3 el tratamiento de esta normativa para esta semana, el exdiputado Gonzalo Barrientos cuestion\u00f3 que desde el Gobierno se insista en la aprobaci\u00f3n de un nuevo tributo en momentos de crisis [&hellip;]","og_url":"https:\/\/www.eldiario.net\/portal\/2021\/06\/07\/diputados-retomaran-tratamiento-del-impuesto-a-servicios-digitales\/","og_site_name":"El Diario - Bolivia","article_publisher":"https:\/\/www.facebook.com\/eldiario.bolivia\/","article_published_time":"2021-06-07T10:41:25+00:00","author":"Jeanette","twitter_card":"summary_large_image","twitter_creator":"@eldiario_net","twitter_site":"@eldiario_net","twitter_misc":{"Escrito por":"Jeanette","Tiempo de lectura":"2 minutos"},"schema":{"@context":"https:\/\/schema.org","@graph":[{"@type":"Article","@id":"https:\/\/www.eldiario.net\/portal\/2021\/06\/07\/diputados-retomaran-tratamiento-del-impuesto-a-servicios-digitales\/#article","isPartOf":{"@id":"https:\/\/www.eldiario.net\/portal\/2021\/06\/07\/diputados-retomaran-tratamiento-del-impuesto-a-servicios-digitales\/"},"author":{"name":"Jeanette","@id":"https:\/\/www.eldiario.net\/portal\/#\/schema\/person\/f46445640444750d7d753ccd04ae01b7"},"headline":"Diputados retomar\u00e1n tratamiento del impuesto a servicios digitales","datePublished":"2021-06-07T10:41:25+00:00","mainEntityOfPage":{"@id":"https:\/\/www.eldiario.net\/portal\/2021\/06\/07\/diputados-retomaran-tratamiento-del-impuesto-a-servicios-digitales\/"},"wordCount":429,"publisher":{"@id":"https:\/\/www.eldiario.net\/portal\/#organization"},"image":{"@id":"https:\/\/www.eldiario.net\/portal\/2021\/06\/07\/diputados-retomaran-tratamiento-del-impuesto-a-servicios-digitales\/#primaryimage"},"thumbnailUrl":"","articleSection":["Pol\u00edtica"],"inLanguage":"es"},{"@type":"WebPage","@id":"https:\/\/www.eldiario.net\/portal\/2021\/06\/07\/diputados-retomaran-tratamiento-del-impuesto-a-servicios-digitales\/","url":"https:\/\/www.eldiario.net\/portal\/2021\/06\/07\/diputados-retomaran-tratamiento-del-impuesto-a-servicios-digitales\/","name":"Diputados retomar\u00e1n tratamiento del impuesto a servicios digitales - El Diario - Bolivia","isPartOf":{"@id":"https:\/\/www.eldiario.net\/portal\/#website"},"primaryImageOfPage":{"@id":"https:\/\/www.eldiario.net\/portal\/2021\/06\/07\/diputados-retomaran-tratamiento-del-impuesto-a-servicios-digitales\/#primaryimage"},"image":{"@id":"https:\/\/www.eldiario.net\/portal\/2021\/06\/07\/diputados-retomaran-tratamiento-del-impuesto-a-servicios-digitales\/#primaryimage"},"thumbnailUrl":"","datePublished":"2021-06-07T10:41:25+00:00","breadcrumb":{"@id":"https:\/\/www.eldiario.net\/portal\/2021\/06\/07\/diputados-retomaran-tratamiento-del-impuesto-a-servicios-digitales\/#breadcrumb"},"inLanguage":"es","potentialAction":[{"@type":"ReadAction","target":["https:\/\/www.eldiario.net\/portal\/2021\/06\/07\/diputados-retomaran-tratamiento-del-impuesto-a-servicios-digitales\/"]}]},{"@type":"ImageObject","inLanguage":"es","@id":"https:\/\/www.eldiario.net\/portal\/2021\/06\/07\/diputados-retomaran-tratamiento-del-impuesto-a-servicios-digitales\/#primaryimage","url":"","contentUrl":""},{"@type":"BreadcrumbList","@id":"https:\/\/www.eldiario.net\/portal\/2021\/06\/07\/diputados-retomaran-tratamiento-del-impuesto-a-servicios-digitales\/#breadcrumb","itemListElement":[{"@type":"ListItem","position":1,"name":"Portada","item":"https:\/\/www.eldiario.net\/portal\/"},{"@type":"ListItem","position":2,"name":"Diputados retomar\u00e1n tratamiento del impuesto a servicios digitales"}]},{"@type":"WebSite","@id":"https:\/\/www.eldiario.net\/portal\/#website","url":"https:\/\/www.eldiario.net\/portal\/","name":"El Diario - Decano de la prensa nacional","description":"El Diario - Decano de la prensa nacional","publisher":{"@id":"https:\/\/www.eldiario.net\/portal\/#organization"},"potentialAction":[{"@type":"SearchAction","target":{"@type":"EntryPoint","urlTemplate":"https:\/\/www.eldiario.net\/portal\/?s={search_term_string}"},"query-input":{"@type":"PropertyValueSpecification","valueRequired":true,"valueName":"search_term_string"}}],"inLanguage":"es"},{"@type":"Organization","@id":"https:\/\/www.eldiario.net\/portal\/#organization","name":"El Diario - Decano de la prensa nacional","url":"https:\/\/www.eldiario.net\/portal\/","logo":{"@type":"ImageObject","inLanguage":"es","@id":"https:\/\/www.eldiario.net\/portal\/#\/schema\/logo\/image\/","url":"https:\/\/www.eldiario.net\/portal\/wp-content\/uploads\/2023\/07\/logo_ED.jpg","contentUrl":"https:\/\/www.eldiario.net\/portal\/wp-content\/uploads\/2023\/07\/logo_ED.jpg","width":272,"height":52,"caption":"El Diario - Decano de la prensa nacional"},"image":{"@id":"https:\/\/www.eldiario.net\/portal\/#\/schema\/logo\/image\/"},"sameAs":["https:\/\/www.facebook.com\/eldiario.bolivia\/","https:\/\/x.com\/eldiario_net"]},{"@type":"Person","@id":"https:\/\/www.eldiario.net\/portal\/#\/schema\/person\/f46445640444750d7d753ccd04ae01b7","name":"Jeanette","image":{"@type":"ImageObject","inLanguage":"es","@id":"https:\/\/secure.gravatar.com\/avatar\/3ea2118a5f7dad2b7138b1187a6b7ee55f160b9968b66013c3a3ef39dd7e5798?s=96&d=mm&r=g","url":"https:\/\/secure.gravatar.com\/avatar\/3ea2118a5f7dad2b7138b1187a6b7ee55f160b9968b66013c3a3ef39dd7e5798?s=96&d=mm&r=g","contentUrl":"https:\/\/secure.gravatar.com\/avatar\/3ea2118a5f7dad2b7138b1187a6b7ee55f160b9968b66013c3a3ef39dd7e5798?s=96&d=mm&r=g","caption":"Jeanette"},"sameAs":["https:\/\/www.eldiario.net\/portal"],"url":"https:\/\/www.eldiario.net\/portal\/author\/jeanette\/"}]}},"_links":{"self":[{"href":"https:\/\/www.eldiario.net\/portal\/wp-json\/wp\/v2\/posts\/8901","targetHints":{"allow":["GET"]}}],"collection":[{"href":"https:\/\/www.eldiario.net\/portal\/wp-json\/wp\/v2\/posts"}],"about":[{"href":"https:\/\/www.eldiario.net\/portal\/wp-json\/wp\/v2\/types\/post"}],"author":[{"embeddable":true,"href":"https:\/\/www.eldiario.net\/portal\/wp-json\/wp\/v2\/users\/1"}],"replies":[{"embeddable":true,"href":"https:\/\/www.eldiario.net\/portal\/wp-json\/wp\/v2\/comments?post=8901"}],"version-history":[{"count":0,"href":"https:\/\/www.eldiario.net\/portal\/wp-json\/wp\/v2\/posts\/8901\/revisions"}],"wp:attachment":[{"href":"https:\/\/www.eldiario.net\/portal\/wp-json\/wp\/v2\/media?parent=8901"}],"wp:term":[{"taxonomy":"category","embeddable":true,"href":"https:\/\/www.eldiario.net\/portal\/wp-json\/wp\/v2\/categories?post=8901"},{"taxonomy":"post_tag","embeddable":true,"href":"https:\/\/www.eldiario.net\/portal\/wp-json\/wp\/v2\/tags?post=8901"}],"curies":[{"name":"wp","href":"https:\/\/api.w.org\/{rel}","templated":true}]}}