{"id":8896,"date":"2021-06-07T06:38:45","date_gmt":"2021-06-07T10:38:45","guid":{"rendered":"https:\/\/www.eldiario.net\/portal\/?p=8896"},"modified":"2021-06-07T06:38:45","modified_gmt":"2021-06-07T10:38:45","slug":"atencion-de-la-pandemia-no-mejoro-con-actual-gobierno","status":"publish","type":"post","link":"https:\/\/www.eldiario.net\/portal\/2021\/06\/07\/atencion-de-la-pandemia-no-mejoro-con-actual-gobierno\/","title":{"rendered":"Atenci\u00f3n de la pandemia no mejor\u00f3 con actual Gobierno"},"content":{"rendered":"<p>Indican que al momento de presentar la candidatura para las elecciones generales, el actual Gobierno ten\u00eda conocimiento de la realidad sanitaria que se deb\u00eda enfrentar en caso de llegar al poder.<br \/>\nAnte la crisis de salud por la que atraviesa el pa\u00eds a causa del colapso del sistema sanitario, adem\u00e1s de la escasez de insumos y medicamentos de primera necesidad para pacientes con cuadros graves de coronavirus, los legisladores discrepan sobre efectividad de las medidas aplicadas en el actual Gobierno, se\u00f1alando que no se notan mejor\u00edas con respecto a la gesti\u00f3n pasada.<br \/>\nPor un lado, se se\u00f1ala que no han existido grandes mejor\u00edas con respecto a la infraestructura hospitalaria, ni en la adquisici\u00f3n de insumos para la atenci\u00f3n y dotaci\u00f3n a la poblaci\u00f3n que sufre por el contagio del virus.<br \/>\nPara el diputado por Comunidad Ciudadana, Alejandro Reyes, las cifras no mienten y es notoria la falta de acci\u00f3n de la actual administraci\u00f3n para dotar de mejor infraestructura, adem\u00e1s, de todos los requerimientos y necesidades del sector salud, por lo que no existe gran diferencia con el gobierno transitorio.<br \/>\n\u201cEs una cuesti\u00f3n de sumas y restas, porque lamentablemente estamos igual en la cantidad de hospitales, igual en la cantidad de respiradores, igual en el \u00e1mbito de la corrupci\u00f3n\u201d, manifest\u00f3.<br \/>\nAl respecto, el diputado oficialista Juanito Angulo refiri\u00f3 que es normal que desde la oposici\u00f3n se acuse al Gobierno por un deficiente manejo de la pandemia, siendo que este sector tiene afinidad pol\u00edtica con el gobierno de Jeanine A\u00f1ez. Sostuvo que en la actualidad existe mayor acceso a vacunas, pruebas y otros insumos.<br \/>\n\u201cTienen que respaldar, ya que son aliados pol\u00edticos. Ahora es muy diferente, hoy se garantizan los insumos, medicamentos, las pruebas masivas, se garantiza la vacunaci\u00f3n del cual se ha iniciado un plan de inmunizaci\u00f3n de manera concertada planificada con la poblaci\u00f3n\u201d, dijo.<br \/>\nPara el exdiputado, Gonzalo Barrientos, las comparaciones entre el actual Gobierno y el de transici\u00f3n son innecesarias y muy distintas ya que las circunstancias son muy diferentes.<br \/>\nIndic\u00f3 que al momento de presentar la candidatura para las elecciones generales, el actual Gobierno ten\u00eda conocimiento de la realidad sanitaria que deb\u00edan enfrentar en caso de llegar al poder.<br \/>\n\u201cSon escenarios muy diferentes porque con el Gobierno de transici\u00f3n vino el coronavirus, que afect\u00f3 a todo el mundo y obviamente fue por primera vez pero este Gobierno sabia sobre las responsabilidades que se ten\u00edan que asumir. Nos encontramos ante la falta de una verdadera planificaci\u00f3n\u201d, se\u00f1al\u00f3 el exparlamentario.<\/p>\n","protected":false},"excerpt":{"rendered":"<p>Indican que al momento de presentar la candidatura para las elecciones generales, el actual Gobierno ten\u00eda conocimiento de la realidad sanitaria que se deb\u00eda enfrentar en caso de llegar al poder. Ante la crisis de salud por la que atraviesa el pa\u00eds a causa del colapso del sistema sanitario, adem\u00e1s de la escasez de insumos [&hellip;]<\/p>\n","protected":false},"author":1,"featured_media":0,"comment_status":"closed","ping_status":"closed","sticky":false,"template":"","format":"standard","meta":{"_acf_changed":false,"footnotes":""},"categories":[14],"tags":[],"class_list":["post-8896","post","type-post","status-publish","format-standard","category-politica"],"acf":{"antetitulo":""},"yoast_head":"<!-- This site is optimized with the Yoast SEO plugin v28.3 - https:\/\/yoast.com\/product\/yoast-seo-wordpress\/ -->\n<title>Atenci\u00f3n de la pandemia no mejor\u00f3 con actual Gobierno - El Diario - Bolivia<\/title>\n<meta name=\"robots\" content=\"index, follow, max-snippet:-1, max-image-preview:large, max-video-preview:-1\" \/>\n<link rel=\"canonical\" href=\"https:\/\/www.eldiario.net\/portal\/2021\/06\/07\/atencion-de-la-pandemia-no-mejoro-con-actual-gobierno\/\" \/>\n<meta property=\"og:locale\" content=\"es_ES\" \/>\n<meta property=\"og:type\" content=\"article\" \/>\n<meta property=\"og:title\" content=\"Atenci\u00f3n de la pandemia no mejor\u00f3 con actual Gobierno - El Diario - Bolivia\" \/>\n<meta property=\"og:description\" content=\"Indican que al momento de presentar la candidatura para las elecciones generales, el actual Gobierno ten\u00eda conocimiento de la realidad sanitaria que se deb\u00eda enfrentar en caso de llegar al poder. Ante la crisis de salud por la que atraviesa el pa\u00eds a causa del colapso del sistema sanitario, adem\u00e1s de la escasez de insumos [&hellip;]\" \/>\n<meta property=\"og:url\" content=\"https:\/\/www.eldiario.net\/portal\/2021\/06\/07\/atencion-de-la-pandemia-no-mejoro-con-actual-gobierno\/\" \/>\n<meta property=\"og:site_name\" content=\"El Diario - Bolivia\" \/>\n<meta property=\"article:publisher\" content=\"https:\/\/www.facebook.com\/eldiario.bolivia\/\" \/>\n<meta property=\"article:published_time\" content=\"2021-06-07T10:38:45+00:00\" \/>\n<meta name=\"author\" content=\"Jeanette\" \/>\n<meta name=\"twitter:card\" content=\"summary_large_image\" \/>\n<meta name=\"twitter:creator\" content=\"@eldiario_net\" \/>\n<meta name=\"twitter:site\" content=\"@eldiario_net\" \/>\n<meta name=\"twitter:label1\" content=\"Escrito por\" \/>\n\t<meta name=\"twitter:data1\" content=\"Jeanette\" \/>\n\t<meta name=\"twitter:label2\" content=\"Tiempo de lectura\" \/>\n\t<meta name=\"twitter:data2\" content=\"2 minutos\" \/>\n<script type=\"application\/ld+json\" class=\"yoast-schema-graph\">{\"@context\":\"https:\\\/\\\/schema.org\",\"@graph\":[{\"@type\":\"Article\",\"@id\":\"https:\\\/\\\/www.eldiario.net\\\/portal\\\/2021\\\/06\\\/07\\\/atencion-de-la-pandemia-no-mejoro-con-actual-gobierno\\\/#article\",\"isPartOf\":{\"@id\":\"https:\\\/\\\/www.eldiario.net\\\/portal\\\/2021\\\/06\\\/07\\\/atencion-de-la-pandemia-no-mejoro-con-actual-gobierno\\\/\"},\"author\":{\"name\":\"Jeanette\",\"@id\":\"https:\\\/\\\/www.eldiario.net\\\/portal\\\/#\\\/schema\\\/person\\\/f46445640444750d7d753ccd04ae01b7\"},\"headline\":\"Atenci\u00f3n de la pandemia no mejor\u00f3 con actual Gobierno\",\"datePublished\":\"2021-06-07T10:38:45+00:00\",\"mainEntityOfPage\":{\"@id\":\"https:\\\/\\\/www.eldiario.net\\\/portal\\\/2021\\\/06\\\/07\\\/atencion-de-la-pandemia-no-mejoro-con-actual-gobierno\\\/\"},\"wordCount\":452,\"publisher\":{\"@id\":\"https:\\\/\\\/www.eldiario.net\\\/portal\\\/#organization\"},\"articleSection\":[\"Pol\u00edtica\"],\"inLanguage\":\"es\"},{\"@type\":\"WebPage\",\"@id\":\"https:\\\/\\\/www.eldiario.net\\\/portal\\\/2021\\\/06\\\/07\\\/atencion-de-la-pandemia-no-mejoro-con-actual-gobierno\\\/\",\"url\":\"https:\\\/\\\/www.eldiario.net\\\/portal\\\/2021\\\/06\\\/07\\\/atencion-de-la-pandemia-no-mejoro-con-actual-gobierno\\\/\",\"name\":\"Atenci\u00f3n de la pandemia no mejor\u00f3 con actual Gobierno - El Diario - Bolivia\",\"isPartOf\":{\"@id\":\"https:\\\/\\\/www.eldiario.net\\\/portal\\\/#website\"},\"datePublished\":\"2021-06-07T10:38:45+00:00\",\"breadcrumb\":{\"@id\":\"https:\\\/\\\/www.eldiario.net\\\/portal\\\/2021\\\/06\\\/07\\\/atencion-de-la-pandemia-no-mejoro-con-actual-gobierno\\\/#breadcrumb\"},\"inLanguage\":\"es\",\"potentialAction\":[{\"@type\":\"ReadAction\",\"target\":[\"https:\\\/\\\/www.eldiario.net\\\/portal\\\/2021\\\/06\\\/07\\\/atencion-de-la-pandemia-no-mejoro-con-actual-gobierno\\\/\"]}]},{\"@type\":\"BreadcrumbList\",\"@id\":\"https:\\\/\\\/www.eldiario.net\\\/portal\\\/2021\\\/06\\\/07\\\/atencion-de-la-pandemia-no-mejoro-con-actual-gobierno\\\/#breadcrumb\",\"itemListElement\":[{\"@type\":\"ListItem\",\"position\":1,\"name\":\"Portada\",\"item\":\"https:\\\/\\\/www.eldiario.net\\\/portal\\\/\"},{\"@type\":\"ListItem\",\"position\":2,\"name\":\"Atenci\u00f3n de la pandemia no mejor\u00f3 con actual Gobierno\"}]},{\"@type\":\"WebSite\",\"@id\":\"https:\\\/\\\/www.eldiario.net\\\/portal\\\/#website\",\"url\":\"https:\\\/\\\/www.eldiario.net\\\/portal\\\/\",\"name\":\"El Diario - Decano de la prensa nacional\",\"description\":\"El Diario - Decano de la prensa nacional\",\"publisher\":{\"@id\":\"https:\\\/\\\/www.eldiario.net\\\/portal\\\/#organization\"},\"potentialAction\":[{\"@type\":\"SearchAction\",\"target\":{\"@type\":\"EntryPoint\",\"urlTemplate\":\"https:\\\/\\\/www.eldiario.net\\\/portal\\\/?s={search_term_string}\"},\"query-input\":{\"@type\":\"PropertyValueSpecification\",\"valueRequired\":true,\"valueName\":\"search_term_string\"}}],\"inLanguage\":\"es\"},{\"@type\":\"Organization\",\"@id\":\"https:\\\/\\\/www.eldiario.net\\\/portal\\\/#organization\",\"name\":\"El Diario - Decano de la prensa nacional\",\"url\":\"https:\\\/\\\/www.eldiario.net\\\/portal\\\/\",\"logo\":{\"@type\":\"ImageObject\",\"inLanguage\":\"es\",\"@id\":\"https:\\\/\\\/www.eldiario.net\\\/portal\\\/#\\\/schema\\\/logo\\\/image\\\/\",\"url\":\"https:\\\/\\\/www.eldiario.net\\\/portal\\\/wp-content\\\/uploads\\\/2023\\\/07\\\/logo_ED.jpg\",\"contentUrl\":\"https:\\\/\\\/www.eldiario.net\\\/portal\\\/wp-content\\\/uploads\\\/2023\\\/07\\\/logo_ED.jpg\",\"width\":272,\"height\":52,\"caption\":\"El Diario - Decano de la prensa nacional\"},\"image\":{\"@id\":\"https:\\\/\\\/www.eldiario.net\\\/portal\\\/#\\\/schema\\\/logo\\\/image\\\/\"},\"sameAs\":[\"https:\\\/\\\/www.facebook.com\\\/eldiario.bolivia\\\/\",\"https:\\\/\\\/x.com\\\/eldiario_net\"]},{\"@type\":\"Person\",\"@id\":\"https:\\\/\\\/www.eldiario.net\\\/portal\\\/#\\\/schema\\\/person\\\/f46445640444750d7d753ccd04ae01b7\",\"name\":\"Jeanette\",\"image\":{\"@type\":\"ImageObject\",\"inLanguage\":\"es\",\"@id\":\"https:\\\/\\\/secure.gravatar.com\\\/avatar\\\/3ea2118a5f7dad2b7138b1187a6b7ee55f160b9968b66013c3a3ef39dd7e5798?s=96&d=mm&r=g\",\"url\":\"https:\\\/\\\/secure.gravatar.com\\\/avatar\\\/3ea2118a5f7dad2b7138b1187a6b7ee55f160b9968b66013c3a3ef39dd7e5798?s=96&d=mm&r=g\",\"contentUrl\":\"https:\\\/\\\/secure.gravatar.com\\\/avatar\\\/3ea2118a5f7dad2b7138b1187a6b7ee55f160b9968b66013c3a3ef39dd7e5798?s=96&d=mm&r=g\",\"caption\":\"Jeanette\"},\"sameAs\":[\"https:\\\/\\\/www.eldiario.net\\\/portal\"],\"url\":\"https:\\\/\\\/www.eldiario.net\\\/portal\\\/author\\\/jeanette\\\/\"}]}<\/script>\n<!-- \/ Yoast SEO plugin. -->","yoast_head_json":{"title":"Atenci\u00f3n de la pandemia no mejor\u00f3 con actual Gobierno - El Diario - Bolivia","robots":{"index":"index","follow":"follow","max-snippet":"max-snippet:-1","max-image-preview":"max-image-preview:large","max-video-preview":"max-video-preview:-1"},"canonical":"https:\/\/www.eldiario.net\/portal\/2021\/06\/07\/atencion-de-la-pandemia-no-mejoro-con-actual-gobierno\/","og_locale":"es_ES","og_type":"article","og_title":"Atenci\u00f3n de la pandemia no mejor\u00f3 con actual Gobierno - El Diario - Bolivia","og_description":"Indican que al momento de presentar la candidatura para las elecciones generales, el actual Gobierno ten\u00eda conocimiento de la realidad sanitaria que se deb\u00eda enfrentar en caso de llegar al poder. Ante la crisis de salud por la que atraviesa el pa\u00eds a causa del colapso del sistema sanitario, adem\u00e1s de la escasez de insumos [&hellip;]","og_url":"https:\/\/www.eldiario.net\/portal\/2021\/06\/07\/atencion-de-la-pandemia-no-mejoro-con-actual-gobierno\/","og_site_name":"El Diario - Bolivia","article_publisher":"https:\/\/www.facebook.com\/eldiario.bolivia\/","article_published_time":"2021-06-07T10:38:45+00:00","author":"Jeanette","twitter_card":"summary_large_image","twitter_creator":"@eldiario_net","twitter_site":"@eldiario_net","twitter_misc":{"Escrito por":"Jeanette","Tiempo de lectura":"2 minutos"},"schema":{"@context":"https:\/\/schema.org","@graph":[{"@type":"Article","@id":"https:\/\/www.eldiario.net\/portal\/2021\/06\/07\/atencion-de-la-pandemia-no-mejoro-con-actual-gobierno\/#article","isPartOf":{"@id":"https:\/\/www.eldiario.net\/portal\/2021\/06\/07\/atencion-de-la-pandemia-no-mejoro-con-actual-gobierno\/"},"author":{"name":"Jeanette","@id":"https:\/\/www.eldiario.net\/portal\/#\/schema\/person\/f46445640444750d7d753ccd04ae01b7"},"headline":"Atenci\u00f3n de la pandemia no mejor\u00f3 con actual Gobierno","datePublished":"2021-06-07T10:38:45+00:00","mainEntityOfPage":{"@id":"https:\/\/www.eldiario.net\/portal\/2021\/06\/07\/atencion-de-la-pandemia-no-mejoro-con-actual-gobierno\/"},"wordCount":452,"publisher":{"@id":"https:\/\/www.eldiario.net\/portal\/#organization"},"articleSection":["Pol\u00edtica"],"inLanguage":"es"},{"@type":"WebPage","@id":"https:\/\/www.eldiario.net\/portal\/2021\/06\/07\/atencion-de-la-pandemia-no-mejoro-con-actual-gobierno\/","url":"https:\/\/www.eldiario.net\/portal\/2021\/06\/07\/atencion-de-la-pandemia-no-mejoro-con-actual-gobierno\/","name":"Atenci\u00f3n de la pandemia no mejor\u00f3 con actual Gobierno - El Diario - Bolivia","isPartOf":{"@id":"https:\/\/www.eldiario.net\/portal\/#website"},"datePublished":"2021-06-07T10:38:45+00:00","breadcrumb":{"@id":"https:\/\/www.eldiario.net\/portal\/2021\/06\/07\/atencion-de-la-pandemia-no-mejoro-con-actual-gobierno\/#breadcrumb"},"inLanguage":"es","potentialAction":[{"@type":"ReadAction","target":["https:\/\/www.eldiario.net\/portal\/2021\/06\/07\/atencion-de-la-pandemia-no-mejoro-con-actual-gobierno\/"]}]},{"@type":"BreadcrumbList","@id":"https:\/\/www.eldiario.net\/portal\/2021\/06\/07\/atencion-de-la-pandemia-no-mejoro-con-actual-gobierno\/#breadcrumb","itemListElement":[{"@type":"ListItem","position":1,"name":"Portada","item":"https:\/\/www.eldiario.net\/portal\/"},{"@type":"ListItem","position":2,"name":"Atenci\u00f3n de la pandemia no mejor\u00f3 con actual Gobierno"}]},{"@type":"WebSite","@id":"https:\/\/www.eldiario.net\/portal\/#website","url":"https:\/\/www.eldiario.net\/portal\/","name":"El Diario - Decano de la prensa nacional","description":"El Diario - Decano de la prensa nacional","publisher":{"@id":"https:\/\/www.eldiario.net\/portal\/#organization"},"potentialAction":[{"@type":"SearchAction","target":{"@type":"EntryPoint","urlTemplate":"https:\/\/www.eldiario.net\/portal\/?s={search_term_string}"},"query-input":{"@type":"PropertyValueSpecification","valueRequired":true,"valueName":"search_term_string"}}],"inLanguage":"es"},{"@type":"Organization","@id":"https:\/\/www.eldiario.net\/portal\/#organization","name":"El Diario - Decano de la prensa nacional","url":"https:\/\/www.eldiario.net\/portal\/","logo":{"@type":"ImageObject","inLanguage":"es","@id":"https:\/\/www.eldiario.net\/portal\/#\/schema\/logo\/image\/","url":"https:\/\/www.eldiario.net\/portal\/wp-content\/uploads\/2023\/07\/logo_ED.jpg","contentUrl":"https:\/\/www.eldiario.net\/portal\/wp-content\/uploads\/2023\/07\/logo_ED.jpg","width":272,"height":52,"caption":"El Diario - Decano de la prensa nacional"},"image":{"@id":"https:\/\/www.eldiario.net\/portal\/#\/schema\/logo\/image\/"},"sameAs":["https:\/\/www.facebook.com\/eldiario.bolivia\/","https:\/\/x.com\/eldiario_net"]},{"@type":"Person","@id":"https:\/\/www.eldiario.net\/portal\/#\/schema\/person\/f46445640444750d7d753ccd04ae01b7","name":"Jeanette","image":{"@type":"ImageObject","inLanguage":"es","@id":"https:\/\/secure.gravatar.com\/avatar\/3ea2118a5f7dad2b7138b1187a6b7ee55f160b9968b66013c3a3ef39dd7e5798?s=96&d=mm&r=g","url":"https:\/\/secure.gravatar.com\/avatar\/3ea2118a5f7dad2b7138b1187a6b7ee55f160b9968b66013c3a3ef39dd7e5798?s=96&d=mm&r=g","contentUrl":"https:\/\/secure.gravatar.com\/avatar\/3ea2118a5f7dad2b7138b1187a6b7ee55f160b9968b66013c3a3ef39dd7e5798?s=96&d=mm&r=g","caption":"Jeanette"},"sameAs":["https:\/\/www.eldiario.net\/portal"],"url":"https:\/\/www.eldiario.net\/portal\/author\/jeanette\/"}]}},"_links":{"self":[{"href":"https:\/\/www.eldiario.net\/portal\/wp-json\/wp\/v2\/posts\/8896","targetHints":{"allow":["GET"]}}],"collection":[{"href":"https:\/\/www.eldiario.net\/portal\/wp-json\/wp\/v2\/posts"}],"about":[{"href":"https:\/\/www.eldiario.net\/portal\/wp-json\/wp\/v2\/types\/post"}],"author":[{"embeddable":true,"href":"https:\/\/www.eldiario.net\/portal\/wp-json\/wp\/v2\/users\/1"}],"replies":[{"embeddable":true,"href":"https:\/\/www.eldiario.net\/portal\/wp-json\/wp\/v2\/comments?post=8896"}],"version-history":[{"count":0,"href":"https:\/\/www.eldiario.net\/portal\/wp-json\/wp\/v2\/posts\/8896\/revisions"}],"wp:attachment":[{"href":"https:\/\/www.eldiario.net\/portal\/wp-json\/wp\/v2\/media?parent=8896"}],"wp:term":[{"taxonomy":"category","embeddable":true,"href":"https:\/\/www.eldiario.net\/portal\/wp-json\/wp\/v2\/categories?post=8896"},{"taxonomy":"post_tag","embeddable":true,"href":"https:\/\/www.eldiario.net\/portal\/wp-json\/wp\/v2\/tags?post=8896"}],"curies":[{"name":"wp","href":"https:\/\/api.w.org\/{rel}","templated":true}]}}