{"id":8893,"date":"2021-06-07T06:38:01","date_gmt":"2021-06-07T10:38:01","guid":{"rendered":"https:\/\/www.eldiario.net\/portal\/?p=8893"},"modified":"2021-06-07T06:38:01","modified_gmt":"2021-06-07T10:38:01","slug":"expresidente-de-comibol-sugiere-nueva-ley-minera","status":"publish","type":"post","link":"https:\/\/www.eldiario.net\/portal\/2021\/06\/07\/expresidente-de-comibol-sugiere-nueva-ley-minera\/","title":{"rendered":"Expresidente de Comibol sugiere nueva ley minera"},"content":{"rendered":"<p>El expresidente de la Corporaci\u00f3n Minera de Bolivia (Comibol) y especialista en miner\u00eda H\u00e9ctor C\u00f3rdova plante\u00f3 la necesidad de contar con una nueva Ley de Miner\u00eda que le devuelva al Estado el control sobre el sector.<br \/>\n\u201cEl decreto 21060 (de 1985) sigue vigente en cuanto a la autorizaci\u00f3n de libre comercializaci\u00f3n de minerales y metales, lo cual hace imposible para que el Estado pueda controlar el flujo de minerales y metales (\u2026). Se le ha quitado a Comibol todos sus yacimientos, se les ha pasado al sector privado de una y otra forma, en contratos de arrendamiento, contratos de riesgo compartido, otro tipo de contratos que no se les corrigi\u00f3 con la norma\u201d, dijo el experto.<br \/>\nSeg\u00fan C\u00f3rdova, se han restituido las competencias productivas a la Comibol, pero no sus yacimientos. \u201cLos minerales extra\u00eddos de las minas de Comibol se registran a nombre de los operadores como si fueran suyas, desde 1985 aparecen registradas a nombre del Estado y eso no ha corregido la Ley de Miner\u00eda y Metalurgia (de 2014)\u201d, se\u00f1al\u00f3.<br \/>\nLa exautoridad explic\u00f3 que, entre otras cosas, no haber logrado generar valor agregado en el sector minero se debe a una visi\u00f3n no compartida acerca del rol de una Corporaci\u00f3n Minera de Bolivia (Comibol) \u201cpoderosa, libre de cooperativas\u201d, y de un Estado dominante en la cadena productiva.<br \/>\nEn un an\u00e1lisis de las operaciones mismas, identific\u00f3 tambi\u00e9n la falta de profesionales especializados, la dependencia de los insumos importados, los altos costos de las empresas estatales y, en el campo pol\u00edtico-econ\u00f3mico, la opci\u00f3n por liberar la comercializaci\u00f3n de los minerales y metales.<br \/>\nEn ese panorama complejo, C\u00f3rdova remarc\u00f3 que la Comibol necesita una refundaci\u00f3n para que su oficina central integre a sus empresas en su institucionalidad porque actualmente se desempe\u00f1an en baja productividad y pr\u00e1cticamente dirigidas por los obreros en la miner\u00eda nacionalizada.<br \/>\nC\u00f3rdova comparti\u00f3 ese an\u00e1lisis durante el foro denominado \u201cPresente y futuro de la miner\u00eda nacional\u201d, organizado por el Centro de Estudios para el Desarrollo Laboral Agrario (Cedla) en el que varios expertos coincidieron que el nuevo ciclo minero encuentra a Bolivia con un funcionamiento deficitario de sus empresas nacionalizadas, normas contradictorias en la gesti\u00f3n de regal\u00edas e impuestos, la explotaci\u00f3n ilegal del oro e incertidumbre en la pol\u00edtica del litio.<br \/>\nEl nuevo ciclo fue marcado por una ca\u00edda en los precios internacionales de los minerales, desde el 2014, y la importancia de la extracci\u00f3n del oro y de los recursos evapor\u00edticos en la demanda mundial.<br \/>\n\u00bfBolivia es a\u00fan un pa\u00eds minero?, lanz\u00f3 la pregunta Alfredo Zaconeta, investigador del Cedla, a los primeros panelistas. Inmediatamente las cifras del valor de la producci\u00f3n minera del a\u00f1o 2020, preparadas para el seminario, que ascienden a 3.253 millones de d\u00f3lares, dieron una respuesta positiva contundente. (Br\u00fajula Digital)<\/p>\n","protected":false},"excerpt":{"rendered":"<p>El expresidente de la Corporaci\u00f3n Minera de Bolivia (Comibol) y especialista en miner\u00eda H\u00e9ctor C\u00f3rdova plante\u00f3 la necesidad de contar con una nueva Ley de Miner\u00eda que le devuelva al Estado el control sobre el sector. \u201cEl decreto 21060 (de 1985) sigue vigente en cuanto a la autorizaci\u00f3n de libre comercializaci\u00f3n de minerales y metales, [&hellip;]<\/p>\n","protected":false},"author":1,"featured_media":8894,"comment_status":"closed","ping_status":"closed","sticky":false,"template":"","format":"standard","meta":{"_acf_changed":false,"footnotes":""},"categories":[14],"tags":[],"class_list":["post-8893","post","type-post","status-publish","format-standard","has-post-thumbnail","category-politica"],"acf":{"antetitulo":""},"yoast_head":"<!-- This site is optimized with the Yoast SEO plugin v28.4 - https:\/\/yoast.com\/product\/yoast-seo-wordpress\/ -->\n<title>Expresidente de Comibol sugiere nueva ley minera - El Diario - Bolivia<\/title>\n<meta name=\"robots\" content=\"index, follow, max-snippet:-1, max-image-preview:large, max-video-preview:-1\" \/>\n<link rel=\"canonical\" href=\"https:\/\/www.eldiario.net\/portal\/2021\/06\/07\/expresidente-de-comibol-sugiere-nueva-ley-minera\/\" \/>\n<meta property=\"og:locale\" content=\"es_ES\" \/>\n<meta property=\"og:type\" content=\"article\" \/>\n<meta property=\"og:title\" content=\"Expresidente de Comibol sugiere nueva ley minera - El Diario - Bolivia\" \/>\n<meta property=\"og:description\" content=\"El expresidente de la Corporaci\u00f3n Minera de Bolivia (Comibol) y especialista en miner\u00eda H\u00e9ctor C\u00f3rdova plante\u00f3 la necesidad de contar con una nueva Ley de Miner\u00eda que le devuelva al Estado el control sobre el sector. \u201cEl decreto 21060 (de 1985) sigue vigente en cuanto a la autorizaci\u00f3n de libre comercializaci\u00f3n de minerales y metales, [&hellip;]\" \/>\n<meta property=\"og:url\" content=\"https:\/\/www.eldiario.net\/portal\/2021\/06\/07\/expresidente-de-comibol-sugiere-nueva-ley-minera\/\" \/>\n<meta property=\"og:site_name\" content=\"El Diario - Bolivia\" \/>\n<meta property=\"article:publisher\" content=\"https:\/\/www.facebook.com\/eldiario.bolivia\/\" \/>\n<meta property=\"article:published_time\" content=\"2021-06-07T10:38:01+00:00\" \/>\n<meta name=\"author\" content=\"Jeanette\" \/>\n<meta name=\"twitter:card\" content=\"summary_large_image\" \/>\n<meta name=\"twitter:creator\" content=\"@eldiario_net\" \/>\n<meta name=\"twitter:site\" content=\"@eldiario_net\" \/>\n<meta name=\"twitter:label1\" content=\"Escrito por\" \/>\n\t<meta name=\"twitter:data1\" content=\"Jeanette\" \/>\n\t<meta name=\"twitter:label2\" content=\"Tiempo de lectura\" \/>\n\t<meta name=\"twitter:data2\" content=\"2 minutos\" \/>\n<script type=\"application\/ld+json\" class=\"yoast-schema-graph\">{\"@context\":\"https:\\\/\\\/schema.org\",\"@graph\":[{\"@type\":\"Article\",\"@id\":\"https:\\\/\\\/www.eldiario.net\\\/portal\\\/2021\\\/06\\\/07\\\/expresidente-de-comibol-sugiere-nueva-ley-minera\\\/#article\",\"isPartOf\":{\"@id\":\"https:\\\/\\\/www.eldiario.net\\\/portal\\\/2021\\\/06\\\/07\\\/expresidente-de-comibol-sugiere-nueva-ley-minera\\\/\"},\"author\":{\"name\":\"Jeanette\",\"@id\":\"https:\\\/\\\/www.eldiario.net\\\/portal\\\/#\\\/schema\\\/person\\\/f46445640444750d7d753ccd04ae01b7\"},\"headline\":\"Expresidente de Comibol sugiere nueva ley minera\",\"datePublished\":\"2021-06-07T10:38:01+00:00\",\"mainEntityOfPage\":{\"@id\":\"https:\\\/\\\/www.eldiario.net\\\/portal\\\/2021\\\/06\\\/07\\\/expresidente-de-comibol-sugiere-nueva-ley-minera\\\/\"},\"wordCount\":496,\"publisher\":{\"@id\":\"https:\\\/\\\/www.eldiario.net\\\/portal\\\/#organization\"},\"image\":{\"@id\":\"https:\\\/\\\/www.eldiario.net\\\/portal\\\/2021\\\/06\\\/07\\\/expresidente-de-comibol-sugiere-nueva-ley-minera\\\/#primaryimage\"},\"thumbnailUrl\":\"\",\"articleSection\":[\"Pol\u00edtica\"],\"inLanguage\":\"es\"},{\"@type\":\"WebPage\",\"@id\":\"https:\\\/\\\/www.eldiario.net\\\/portal\\\/2021\\\/06\\\/07\\\/expresidente-de-comibol-sugiere-nueva-ley-minera\\\/\",\"url\":\"https:\\\/\\\/www.eldiario.net\\\/portal\\\/2021\\\/06\\\/07\\\/expresidente-de-comibol-sugiere-nueva-ley-minera\\\/\",\"name\":\"Expresidente de Comibol sugiere nueva ley minera - El Diario - Bolivia\",\"isPartOf\":{\"@id\":\"https:\\\/\\\/www.eldiario.net\\\/portal\\\/#website\"},\"primaryImageOfPage\":{\"@id\":\"https:\\\/\\\/www.eldiario.net\\\/portal\\\/2021\\\/06\\\/07\\\/expresidente-de-comibol-sugiere-nueva-ley-minera\\\/#primaryimage\"},\"image\":{\"@id\":\"https:\\\/\\\/www.eldiario.net\\\/portal\\\/2021\\\/06\\\/07\\\/expresidente-de-comibol-sugiere-nueva-ley-minera\\\/#primaryimage\"},\"thumbnailUrl\":\"\",\"datePublished\":\"2021-06-07T10:38:01+00:00\",\"breadcrumb\":{\"@id\":\"https:\\\/\\\/www.eldiario.net\\\/portal\\\/2021\\\/06\\\/07\\\/expresidente-de-comibol-sugiere-nueva-ley-minera\\\/#breadcrumb\"},\"inLanguage\":\"es\",\"potentialAction\":[{\"@type\":\"ReadAction\",\"target\":[\"https:\\\/\\\/www.eldiario.net\\\/portal\\\/2021\\\/06\\\/07\\\/expresidente-de-comibol-sugiere-nueva-ley-minera\\\/\"]}]},{\"@type\":\"ImageObject\",\"inLanguage\":\"es\",\"@id\":\"https:\\\/\\\/www.eldiario.net\\\/portal\\\/2021\\\/06\\\/07\\\/expresidente-de-comibol-sugiere-nueva-ley-minera\\\/#primaryimage\",\"url\":\"\",\"contentUrl\":\"\"},{\"@type\":\"BreadcrumbList\",\"@id\":\"https:\\\/\\\/www.eldiario.net\\\/portal\\\/2021\\\/06\\\/07\\\/expresidente-de-comibol-sugiere-nueva-ley-minera\\\/#breadcrumb\",\"itemListElement\":[{\"@type\":\"ListItem\",\"position\":1,\"name\":\"Portada\",\"item\":\"https:\\\/\\\/www.eldiario.net\\\/portal\\\/\"},{\"@type\":\"ListItem\",\"position\":2,\"name\":\"Expresidente de Comibol sugiere nueva ley minera\"}]},{\"@type\":\"WebSite\",\"@id\":\"https:\\\/\\\/www.eldiario.net\\\/portal\\\/#website\",\"url\":\"https:\\\/\\\/www.eldiario.net\\\/portal\\\/\",\"name\":\"El Diario - Decano de la prensa nacional\",\"description\":\"El Diario - Decano de la prensa nacional\",\"publisher\":{\"@id\":\"https:\\\/\\\/www.eldiario.net\\\/portal\\\/#organization\"},\"potentialAction\":[{\"@type\":\"SearchAction\",\"target\":{\"@type\":\"EntryPoint\",\"urlTemplate\":\"https:\\\/\\\/www.eldiario.net\\\/portal\\\/?s={search_term_string}\"},\"query-input\":{\"@type\":\"PropertyValueSpecification\",\"valueRequired\":true,\"valueName\":\"search_term_string\"}}],\"inLanguage\":\"es\"},{\"@type\":\"Organization\",\"@id\":\"https:\\\/\\\/www.eldiario.net\\\/portal\\\/#organization\",\"name\":\"El Diario - Decano de la prensa nacional\",\"url\":\"https:\\\/\\\/www.eldiario.net\\\/portal\\\/\",\"logo\":{\"@type\":\"ImageObject\",\"inLanguage\":\"es\",\"@id\":\"https:\\\/\\\/www.eldiario.net\\\/portal\\\/#\\\/schema\\\/logo\\\/image\\\/\",\"url\":\"https:\\\/\\\/www.eldiario.net\\\/portal\\\/wp-content\\\/uploads\\\/2023\\\/07\\\/logo_ED.jpg\",\"contentUrl\":\"https:\\\/\\\/www.eldiario.net\\\/portal\\\/wp-content\\\/uploads\\\/2023\\\/07\\\/logo_ED.jpg\",\"width\":272,\"height\":52,\"caption\":\"El Diario - Decano de la prensa nacional\"},\"image\":{\"@id\":\"https:\\\/\\\/www.eldiario.net\\\/portal\\\/#\\\/schema\\\/logo\\\/image\\\/\"},\"sameAs\":[\"https:\\\/\\\/www.facebook.com\\\/eldiario.bolivia\\\/\",\"https:\\\/\\\/x.com\\\/eldiario_net\"]},{\"@type\":\"Person\",\"@id\":\"https:\\\/\\\/www.eldiario.net\\\/portal\\\/#\\\/schema\\\/person\\\/f46445640444750d7d753ccd04ae01b7\",\"name\":\"Jeanette\",\"image\":{\"@type\":\"ImageObject\",\"inLanguage\":\"es\",\"@id\":\"https:\\\/\\\/secure.gravatar.com\\\/avatar\\\/3ea2118a5f7dad2b7138b1187a6b7ee55f160b9968b66013c3a3ef39dd7e5798?s=96&d=mm&r=g\",\"url\":\"https:\\\/\\\/secure.gravatar.com\\\/avatar\\\/3ea2118a5f7dad2b7138b1187a6b7ee55f160b9968b66013c3a3ef39dd7e5798?s=96&d=mm&r=g\",\"contentUrl\":\"https:\\\/\\\/secure.gravatar.com\\\/avatar\\\/3ea2118a5f7dad2b7138b1187a6b7ee55f160b9968b66013c3a3ef39dd7e5798?s=96&d=mm&r=g\",\"caption\":\"Jeanette\"},\"sameAs\":[\"https:\\\/\\\/www.eldiario.net\\\/portal\"],\"url\":\"https:\\\/\\\/www.eldiario.net\\\/portal\\\/author\\\/jeanette\\\/\"}]}<\/script>\n<!-- \/ Yoast SEO plugin. -->","yoast_head_json":{"title":"Expresidente de Comibol sugiere nueva ley minera - El Diario - Bolivia","robots":{"index":"index","follow":"follow","max-snippet":"max-snippet:-1","max-image-preview":"max-image-preview:large","max-video-preview":"max-video-preview:-1"},"canonical":"https:\/\/www.eldiario.net\/portal\/2021\/06\/07\/expresidente-de-comibol-sugiere-nueva-ley-minera\/","og_locale":"es_ES","og_type":"article","og_title":"Expresidente de Comibol sugiere nueva ley minera - El Diario - Bolivia","og_description":"El expresidente de la Corporaci\u00f3n Minera de Bolivia (Comibol) y especialista en miner\u00eda H\u00e9ctor C\u00f3rdova plante\u00f3 la necesidad de contar con una nueva Ley de Miner\u00eda que le devuelva al Estado el control sobre el sector. \u201cEl decreto 21060 (de 1985) sigue vigente en cuanto a la autorizaci\u00f3n de libre comercializaci\u00f3n de minerales y metales, [&hellip;]","og_url":"https:\/\/www.eldiario.net\/portal\/2021\/06\/07\/expresidente-de-comibol-sugiere-nueva-ley-minera\/","og_site_name":"El Diario - Bolivia","article_publisher":"https:\/\/www.facebook.com\/eldiario.bolivia\/","article_published_time":"2021-06-07T10:38:01+00:00","author":"Jeanette","twitter_card":"summary_large_image","twitter_creator":"@eldiario_net","twitter_site":"@eldiario_net","twitter_misc":{"Escrito por":"Jeanette","Tiempo de lectura":"2 minutos"},"schema":{"@context":"https:\/\/schema.org","@graph":[{"@type":"Article","@id":"https:\/\/www.eldiario.net\/portal\/2021\/06\/07\/expresidente-de-comibol-sugiere-nueva-ley-minera\/#article","isPartOf":{"@id":"https:\/\/www.eldiario.net\/portal\/2021\/06\/07\/expresidente-de-comibol-sugiere-nueva-ley-minera\/"},"author":{"name":"Jeanette","@id":"https:\/\/www.eldiario.net\/portal\/#\/schema\/person\/f46445640444750d7d753ccd04ae01b7"},"headline":"Expresidente de Comibol sugiere nueva ley minera","datePublished":"2021-06-07T10:38:01+00:00","mainEntityOfPage":{"@id":"https:\/\/www.eldiario.net\/portal\/2021\/06\/07\/expresidente-de-comibol-sugiere-nueva-ley-minera\/"},"wordCount":496,"publisher":{"@id":"https:\/\/www.eldiario.net\/portal\/#organization"},"image":{"@id":"https:\/\/www.eldiario.net\/portal\/2021\/06\/07\/expresidente-de-comibol-sugiere-nueva-ley-minera\/#primaryimage"},"thumbnailUrl":"","articleSection":["Pol\u00edtica"],"inLanguage":"es"},{"@type":"WebPage","@id":"https:\/\/www.eldiario.net\/portal\/2021\/06\/07\/expresidente-de-comibol-sugiere-nueva-ley-minera\/","url":"https:\/\/www.eldiario.net\/portal\/2021\/06\/07\/expresidente-de-comibol-sugiere-nueva-ley-minera\/","name":"Expresidente de Comibol sugiere nueva ley minera - El Diario - Bolivia","isPartOf":{"@id":"https:\/\/www.eldiario.net\/portal\/#website"},"primaryImageOfPage":{"@id":"https:\/\/www.eldiario.net\/portal\/2021\/06\/07\/expresidente-de-comibol-sugiere-nueva-ley-minera\/#primaryimage"},"image":{"@id":"https:\/\/www.eldiario.net\/portal\/2021\/06\/07\/expresidente-de-comibol-sugiere-nueva-ley-minera\/#primaryimage"},"thumbnailUrl":"","datePublished":"2021-06-07T10:38:01+00:00","breadcrumb":{"@id":"https:\/\/www.eldiario.net\/portal\/2021\/06\/07\/expresidente-de-comibol-sugiere-nueva-ley-minera\/#breadcrumb"},"inLanguage":"es","potentialAction":[{"@type":"ReadAction","target":["https:\/\/www.eldiario.net\/portal\/2021\/06\/07\/expresidente-de-comibol-sugiere-nueva-ley-minera\/"]}]},{"@type":"ImageObject","inLanguage":"es","@id":"https:\/\/www.eldiario.net\/portal\/2021\/06\/07\/expresidente-de-comibol-sugiere-nueva-ley-minera\/#primaryimage","url":"","contentUrl":""},{"@type":"BreadcrumbList","@id":"https:\/\/www.eldiario.net\/portal\/2021\/06\/07\/expresidente-de-comibol-sugiere-nueva-ley-minera\/#breadcrumb","itemListElement":[{"@type":"ListItem","position":1,"name":"Portada","item":"https:\/\/www.eldiario.net\/portal\/"},{"@type":"ListItem","position":2,"name":"Expresidente de Comibol sugiere nueva ley minera"}]},{"@type":"WebSite","@id":"https:\/\/www.eldiario.net\/portal\/#website","url":"https:\/\/www.eldiario.net\/portal\/","name":"El Diario - Decano de la prensa nacional","description":"El Diario - Decano de la prensa nacional","publisher":{"@id":"https:\/\/www.eldiario.net\/portal\/#organization"},"potentialAction":[{"@type":"SearchAction","target":{"@type":"EntryPoint","urlTemplate":"https:\/\/www.eldiario.net\/portal\/?s={search_term_string}"},"query-input":{"@type":"PropertyValueSpecification","valueRequired":true,"valueName":"search_term_string"}}],"inLanguage":"es"},{"@type":"Organization","@id":"https:\/\/www.eldiario.net\/portal\/#organization","name":"El Diario - Decano de la prensa nacional","url":"https:\/\/www.eldiario.net\/portal\/","logo":{"@type":"ImageObject","inLanguage":"es","@id":"https:\/\/www.eldiario.net\/portal\/#\/schema\/logo\/image\/","url":"https:\/\/www.eldiario.net\/portal\/wp-content\/uploads\/2023\/07\/logo_ED.jpg","contentUrl":"https:\/\/www.eldiario.net\/portal\/wp-content\/uploads\/2023\/07\/logo_ED.jpg","width":272,"height":52,"caption":"El Diario - Decano de la prensa nacional"},"image":{"@id":"https:\/\/www.eldiario.net\/portal\/#\/schema\/logo\/image\/"},"sameAs":["https:\/\/www.facebook.com\/eldiario.bolivia\/","https:\/\/x.com\/eldiario_net"]},{"@type":"Person","@id":"https:\/\/www.eldiario.net\/portal\/#\/schema\/person\/f46445640444750d7d753ccd04ae01b7","name":"Jeanette","image":{"@type":"ImageObject","inLanguage":"es","@id":"https:\/\/secure.gravatar.com\/avatar\/3ea2118a5f7dad2b7138b1187a6b7ee55f160b9968b66013c3a3ef39dd7e5798?s=96&d=mm&r=g","url":"https:\/\/secure.gravatar.com\/avatar\/3ea2118a5f7dad2b7138b1187a6b7ee55f160b9968b66013c3a3ef39dd7e5798?s=96&d=mm&r=g","contentUrl":"https:\/\/secure.gravatar.com\/avatar\/3ea2118a5f7dad2b7138b1187a6b7ee55f160b9968b66013c3a3ef39dd7e5798?s=96&d=mm&r=g","caption":"Jeanette"},"sameAs":["https:\/\/www.eldiario.net\/portal"],"url":"https:\/\/www.eldiario.net\/portal\/author\/jeanette\/"}]}},"_links":{"self":[{"href":"https:\/\/www.eldiario.net\/portal\/wp-json\/wp\/v2\/posts\/8893","targetHints":{"allow":["GET"]}}],"collection":[{"href":"https:\/\/www.eldiario.net\/portal\/wp-json\/wp\/v2\/posts"}],"about":[{"href":"https:\/\/www.eldiario.net\/portal\/wp-json\/wp\/v2\/types\/post"}],"author":[{"embeddable":true,"href":"https:\/\/www.eldiario.net\/portal\/wp-json\/wp\/v2\/users\/1"}],"replies":[{"embeddable":true,"href":"https:\/\/www.eldiario.net\/portal\/wp-json\/wp\/v2\/comments?post=8893"}],"version-history":[{"count":0,"href":"https:\/\/www.eldiario.net\/portal\/wp-json\/wp\/v2\/posts\/8893\/revisions"}],"wp:attachment":[{"href":"https:\/\/www.eldiario.net\/portal\/wp-json\/wp\/v2\/media?parent=8893"}],"wp:term":[{"taxonomy":"category","embeddable":true,"href":"https:\/\/www.eldiario.net\/portal\/wp-json\/wp\/v2\/categories?post=8893"},{"taxonomy":"post_tag","embeddable":true,"href":"https:\/\/www.eldiario.net\/portal\/wp-json\/wp\/v2\/tags?post=8893"}],"curies":[{"name":"wp","href":"https:\/\/api.w.org\/{rel}","templated":true}]}}