{"id":8858,"date":"2021-06-07T06:19:37","date_gmt":"2021-06-07T10:19:37","guid":{"rendered":"https:\/\/www.eldiario.net\/portal\/?p=8858"},"modified":"2021-06-07T06:19:37","modified_gmt":"2021-06-07T10:19:37","slug":"inspeccionaron-obras-en-carreteras-a-los-yungas","status":"publish","type":"post","link":"https:\/\/www.eldiario.net\/portal\/2021\/06\/07\/inspeccionaron-obras-en-carreteras-a-los-yungas\/","title":{"rendered":"Inspeccionaron obras en carreteras a los Yungas"},"content":{"rendered":"<p>Durante el fin de semana\u00a0inspeccionaron la v\u00eda Unduavi-Chulumani-Irupana con el objetivo de acelerar su construcci\u00f3n, solicitado por los habitantes de los\u00a0Yungas, quienes esperan\u00a0que en los pr\u00f3ximos d\u00edas se\u00a0empiece a trabajar en la construcci\u00f3n del tramo.<br \/>\nLas autoridades de la Administradora Boliviana de Carreteras, as\u00ed como del Legislativo y de los municipios de la regi\u00f3n, trabajar\u00e1n para buscar financiamiento y una norma, y reci\u00e9n pondr\u00e1n en agenda la ruta pese a existir un proyecto a dise\u00f1o final.<br \/>\nLa inspecci\u00f3n realizada el pasado viernes cont\u00f3 con la presencia del presidente de la Administradora Boliviana de Carreteras (ABC), Henry Nina, representantes de organizaciones sociales, diputados, alcaldes de la regi\u00f3n, y la prensa.<br \/>\nA lo largo del recorrido las autoridades exigieron la v\u00eda Unduavi-Chulumani, Irupana-Sacambaya, Sud Yungas y parte de Nor Yungas, puesto que los habitantes de la regi\u00f3n se sienten abandonados por la falta de obras.<br \/>\nDesde el gobierno de Evo Morales se destin\u00f3 m\u00e1s recursos a la construcci\u00f3n de v\u00edas en el departamento de Santa Cruz, y mostraron poco inter\u00e9s en La Paz, y ahora reci\u00e9n ponen inter\u00e9s, y tambi\u00e9n lo incluir\u00e1n en la agenda 2021-2025.<br \/>\nPor ejemplo, el secretario ejecutivo de Cofecay, Ernesto Mamani, dijo que los habitantes de los Yungas viven en constante riesgo, y por ello espera que en un plazo menor sea una realidad la carretera.<br \/>\nLa ruta Unduavi-Puente Villa-Chulumani-Irupana y Sacambaya, tambi\u00e9n Coroico, es vital para el desarrollo de los productores de esta regi\u00f3n.<br \/>\nPor su parte, el alcalde de Coroico, Julio Salinas, espera que la ruta se haga lo antes posible, y para ello planteo unidad para exigir la ejecuci\u00f3n de la obra, debido a la necesidad de integrar la regi\u00f3n con el resto del departamento.<br \/>\n\u201cM\u00e1s que comodidad se busca prever la vida humana\u201d, dijo a tiempo de indicar que no pueden llegar a tiempo a las citas que los convocan en la sede de gobierno.<br \/>\nAl igual que representantes de organizaciones sociales, as\u00ed como autoridades, ediles, el burgomaestre de Coroico sostiene que es vital la carretera para el desarrollo de la regi\u00f3n.<br \/>\nPor su parte, ejecutivos de la ABC, incluido el titular de esta instituci\u00f3n, indicaron que ya se cuenta con un proyecto a dise\u00f1o final, y ahora se incluir\u00e1 en la agenda 2021-2025, y paralelamente se impulsar\u00e1 una norma en la Asamblea Plurinacional, y tambi\u00e9n financiamiento.<\/p>\n","protected":false},"excerpt":{"rendered":"<p>Durante el fin de semana\u00a0inspeccionaron la v\u00eda Unduavi-Chulumani-Irupana con el objetivo de acelerar su construcci\u00f3n, solicitado por los habitantes de los\u00a0Yungas, quienes esperan\u00a0que en los pr\u00f3ximos d\u00edas se\u00a0empiece a trabajar en la construcci\u00f3n del tramo. Las autoridades de la Administradora Boliviana de Carreteras, as\u00ed como del Legislativo y de los municipios de la regi\u00f3n, trabajar\u00e1n [&hellip;]<\/p>\n","protected":false},"author":1,"featured_media":8859,"comment_status":"closed","ping_status":"closed","sticky":false,"template":"","format":"standard","meta":{"_acf_changed":false,"footnotes":""},"categories":[7],"tags":[],"class_list":["post-8858","post","type-post","status-publish","format-standard","has-post-thumbnail","category-economia"],"acf":{"antetitulo":""},"yoast_head":"<!-- This site is optimized with the Yoast SEO plugin v28.3 - https:\/\/yoast.com\/product\/yoast-seo-wordpress\/ -->\n<title>Inspeccionaron obras en carreteras a los Yungas - El Diario - Bolivia<\/title>\n<meta name=\"robots\" content=\"index, follow, max-snippet:-1, max-image-preview:large, max-video-preview:-1\" \/>\n<link rel=\"canonical\" href=\"https:\/\/www.eldiario.net\/portal\/2021\/06\/07\/inspeccionaron-obras-en-carreteras-a-los-yungas\/\" \/>\n<meta property=\"og:locale\" content=\"es_ES\" \/>\n<meta property=\"og:type\" content=\"article\" \/>\n<meta property=\"og:title\" content=\"Inspeccionaron obras en carreteras a los Yungas - El Diario - Bolivia\" \/>\n<meta property=\"og:description\" content=\"Durante el fin de semana\u00a0inspeccionaron la v\u00eda Unduavi-Chulumani-Irupana con el objetivo de acelerar su construcci\u00f3n, solicitado por los habitantes de los\u00a0Yungas, quienes esperan\u00a0que en los pr\u00f3ximos d\u00edas se\u00a0empiece a trabajar en la construcci\u00f3n del tramo. Las autoridades de la Administradora Boliviana de Carreteras, as\u00ed como del Legislativo y de los municipios de la regi\u00f3n, trabajar\u00e1n [&hellip;]\" \/>\n<meta property=\"og:url\" content=\"https:\/\/www.eldiario.net\/portal\/2021\/06\/07\/inspeccionaron-obras-en-carreteras-a-los-yungas\/\" \/>\n<meta property=\"og:site_name\" content=\"El Diario - Bolivia\" \/>\n<meta property=\"article:publisher\" content=\"https:\/\/www.facebook.com\/eldiario.bolivia\/\" \/>\n<meta property=\"article:published_time\" content=\"2021-06-07T10:19:37+00:00\" \/>\n<meta name=\"author\" content=\"Jeanette\" \/>\n<meta name=\"twitter:card\" content=\"summary_large_image\" \/>\n<meta name=\"twitter:creator\" content=\"@eldiario_net\" \/>\n<meta name=\"twitter:site\" content=\"@eldiario_net\" \/>\n<meta name=\"twitter:label1\" content=\"Escrito por\" \/>\n\t<meta name=\"twitter:data1\" content=\"Jeanette\" \/>\n\t<meta name=\"twitter:label2\" content=\"Tiempo de lectura\" \/>\n\t<meta name=\"twitter:data2\" content=\"2 minutos\" \/>\n<script type=\"application\/ld+json\" class=\"yoast-schema-graph\">{\"@context\":\"https:\\\/\\\/schema.org\",\"@graph\":[{\"@type\":\"Article\",\"@id\":\"https:\\\/\\\/www.eldiario.net\\\/portal\\\/2021\\\/06\\\/07\\\/inspeccionaron-obras-en-carreteras-a-los-yungas\\\/#article\",\"isPartOf\":{\"@id\":\"https:\\\/\\\/www.eldiario.net\\\/portal\\\/2021\\\/06\\\/07\\\/inspeccionaron-obras-en-carreteras-a-los-yungas\\\/\"},\"author\":{\"name\":\"Jeanette\",\"@id\":\"https:\\\/\\\/www.eldiario.net\\\/portal\\\/#\\\/schema\\\/person\\\/f46445640444750d7d753ccd04ae01b7\"},\"headline\":\"Inspeccionaron obras en carreteras a los Yungas\",\"datePublished\":\"2021-06-07T10:19:37+00:00\",\"mainEntityOfPage\":{\"@id\":\"https:\\\/\\\/www.eldiario.net\\\/portal\\\/2021\\\/06\\\/07\\\/inspeccionaron-obras-en-carreteras-a-los-yungas\\\/\"},\"wordCount\":425,\"publisher\":{\"@id\":\"https:\\\/\\\/www.eldiario.net\\\/portal\\\/#organization\"},\"image\":{\"@id\":\"https:\\\/\\\/www.eldiario.net\\\/portal\\\/2021\\\/06\\\/07\\\/inspeccionaron-obras-en-carreteras-a-los-yungas\\\/#primaryimage\"},\"thumbnailUrl\":\"\",\"articleSection\":[\"Econom\u00eda\"],\"inLanguage\":\"es\"},{\"@type\":\"WebPage\",\"@id\":\"https:\\\/\\\/www.eldiario.net\\\/portal\\\/2021\\\/06\\\/07\\\/inspeccionaron-obras-en-carreteras-a-los-yungas\\\/\",\"url\":\"https:\\\/\\\/www.eldiario.net\\\/portal\\\/2021\\\/06\\\/07\\\/inspeccionaron-obras-en-carreteras-a-los-yungas\\\/\",\"name\":\"Inspeccionaron obras en carreteras a los Yungas - El Diario - Bolivia\",\"isPartOf\":{\"@id\":\"https:\\\/\\\/www.eldiario.net\\\/portal\\\/#website\"},\"primaryImageOfPage\":{\"@id\":\"https:\\\/\\\/www.eldiario.net\\\/portal\\\/2021\\\/06\\\/07\\\/inspeccionaron-obras-en-carreteras-a-los-yungas\\\/#primaryimage\"},\"image\":{\"@id\":\"https:\\\/\\\/www.eldiario.net\\\/portal\\\/2021\\\/06\\\/07\\\/inspeccionaron-obras-en-carreteras-a-los-yungas\\\/#primaryimage\"},\"thumbnailUrl\":\"\",\"datePublished\":\"2021-06-07T10:19:37+00:00\",\"breadcrumb\":{\"@id\":\"https:\\\/\\\/www.eldiario.net\\\/portal\\\/2021\\\/06\\\/07\\\/inspeccionaron-obras-en-carreteras-a-los-yungas\\\/#breadcrumb\"},\"inLanguage\":\"es\",\"potentialAction\":[{\"@type\":\"ReadAction\",\"target\":[\"https:\\\/\\\/www.eldiario.net\\\/portal\\\/2021\\\/06\\\/07\\\/inspeccionaron-obras-en-carreteras-a-los-yungas\\\/\"]}]},{\"@type\":\"ImageObject\",\"inLanguage\":\"es\",\"@id\":\"https:\\\/\\\/www.eldiario.net\\\/portal\\\/2021\\\/06\\\/07\\\/inspeccionaron-obras-en-carreteras-a-los-yungas\\\/#primaryimage\",\"url\":\"\",\"contentUrl\":\"\"},{\"@type\":\"BreadcrumbList\",\"@id\":\"https:\\\/\\\/www.eldiario.net\\\/portal\\\/2021\\\/06\\\/07\\\/inspeccionaron-obras-en-carreteras-a-los-yungas\\\/#breadcrumb\",\"itemListElement\":[{\"@type\":\"ListItem\",\"position\":1,\"name\":\"Portada\",\"item\":\"https:\\\/\\\/www.eldiario.net\\\/portal\\\/\"},{\"@type\":\"ListItem\",\"position\":2,\"name\":\"Inspeccionaron obras en carreteras a los Yungas\"}]},{\"@type\":\"WebSite\",\"@id\":\"https:\\\/\\\/www.eldiario.net\\\/portal\\\/#website\",\"url\":\"https:\\\/\\\/www.eldiario.net\\\/portal\\\/\",\"name\":\"El Diario - Decano de la prensa nacional\",\"description\":\"El Diario - Decano de la prensa nacional\",\"publisher\":{\"@id\":\"https:\\\/\\\/www.eldiario.net\\\/portal\\\/#organization\"},\"potentialAction\":[{\"@type\":\"SearchAction\",\"target\":{\"@type\":\"EntryPoint\",\"urlTemplate\":\"https:\\\/\\\/www.eldiario.net\\\/portal\\\/?s={search_term_string}\"},\"query-input\":{\"@type\":\"PropertyValueSpecification\",\"valueRequired\":true,\"valueName\":\"search_term_string\"}}],\"inLanguage\":\"es\"},{\"@type\":\"Organization\",\"@id\":\"https:\\\/\\\/www.eldiario.net\\\/portal\\\/#organization\",\"name\":\"El Diario - Decano de la prensa nacional\",\"url\":\"https:\\\/\\\/www.eldiario.net\\\/portal\\\/\",\"logo\":{\"@type\":\"ImageObject\",\"inLanguage\":\"es\",\"@id\":\"https:\\\/\\\/www.eldiario.net\\\/portal\\\/#\\\/schema\\\/logo\\\/image\\\/\",\"url\":\"https:\\\/\\\/www.eldiario.net\\\/portal\\\/wp-content\\\/uploads\\\/2023\\\/07\\\/logo_ED.jpg\",\"contentUrl\":\"https:\\\/\\\/www.eldiario.net\\\/portal\\\/wp-content\\\/uploads\\\/2023\\\/07\\\/logo_ED.jpg\",\"width\":272,\"height\":52,\"caption\":\"El Diario - Decano de la prensa nacional\"},\"image\":{\"@id\":\"https:\\\/\\\/www.eldiario.net\\\/portal\\\/#\\\/schema\\\/logo\\\/image\\\/\"},\"sameAs\":[\"https:\\\/\\\/www.facebook.com\\\/eldiario.bolivia\\\/\",\"https:\\\/\\\/x.com\\\/eldiario_net\"]},{\"@type\":\"Person\",\"@id\":\"https:\\\/\\\/www.eldiario.net\\\/portal\\\/#\\\/schema\\\/person\\\/f46445640444750d7d753ccd04ae01b7\",\"name\":\"Jeanette\",\"image\":{\"@type\":\"ImageObject\",\"inLanguage\":\"es\",\"@id\":\"https:\\\/\\\/secure.gravatar.com\\\/avatar\\\/3ea2118a5f7dad2b7138b1187a6b7ee55f160b9968b66013c3a3ef39dd7e5798?s=96&d=mm&r=g\",\"url\":\"https:\\\/\\\/secure.gravatar.com\\\/avatar\\\/3ea2118a5f7dad2b7138b1187a6b7ee55f160b9968b66013c3a3ef39dd7e5798?s=96&d=mm&r=g\",\"contentUrl\":\"https:\\\/\\\/secure.gravatar.com\\\/avatar\\\/3ea2118a5f7dad2b7138b1187a6b7ee55f160b9968b66013c3a3ef39dd7e5798?s=96&d=mm&r=g\",\"caption\":\"Jeanette\"},\"sameAs\":[\"https:\\\/\\\/www.eldiario.net\\\/portal\"],\"url\":\"https:\\\/\\\/www.eldiario.net\\\/portal\\\/author\\\/jeanette\\\/\"}]}<\/script>\n<!-- \/ Yoast SEO plugin. -->","yoast_head_json":{"title":"Inspeccionaron obras en carreteras a los Yungas - El Diario - Bolivia","robots":{"index":"index","follow":"follow","max-snippet":"max-snippet:-1","max-image-preview":"max-image-preview:large","max-video-preview":"max-video-preview:-1"},"canonical":"https:\/\/www.eldiario.net\/portal\/2021\/06\/07\/inspeccionaron-obras-en-carreteras-a-los-yungas\/","og_locale":"es_ES","og_type":"article","og_title":"Inspeccionaron obras en carreteras a los Yungas - El Diario - Bolivia","og_description":"Durante el fin de semana\u00a0inspeccionaron la v\u00eda Unduavi-Chulumani-Irupana con el objetivo de acelerar su construcci\u00f3n, solicitado por los habitantes de los\u00a0Yungas, quienes esperan\u00a0que en los pr\u00f3ximos d\u00edas se\u00a0empiece a trabajar en la construcci\u00f3n del tramo. Las autoridades de la Administradora Boliviana de Carreteras, as\u00ed como del Legislativo y de los municipios de la regi\u00f3n, trabajar\u00e1n [&hellip;]","og_url":"https:\/\/www.eldiario.net\/portal\/2021\/06\/07\/inspeccionaron-obras-en-carreteras-a-los-yungas\/","og_site_name":"El Diario - Bolivia","article_publisher":"https:\/\/www.facebook.com\/eldiario.bolivia\/","article_published_time":"2021-06-07T10:19:37+00:00","author":"Jeanette","twitter_card":"summary_large_image","twitter_creator":"@eldiario_net","twitter_site":"@eldiario_net","twitter_misc":{"Escrito por":"Jeanette","Tiempo de lectura":"2 minutos"},"schema":{"@context":"https:\/\/schema.org","@graph":[{"@type":"Article","@id":"https:\/\/www.eldiario.net\/portal\/2021\/06\/07\/inspeccionaron-obras-en-carreteras-a-los-yungas\/#article","isPartOf":{"@id":"https:\/\/www.eldiario.net\/portal\/2021\/06\/07\/inspeccionaron-obras-en-carreteras-a-los-yungas\/"},"author":{"name":"Jeanette","@id":"https:\/\/www.eldiario.net\/portal\/#\/schema\/person\/f46445640444750d7d753ccd04ae01b7"},"headline":"Inspeccionaron obras en carreteras a los Yungas","datePublished":"2021-06-07T10:19:37+00:00","mainEntityOfPage":{"@id":"https:\/\/www.eldiario.net\/portal\/2021\/06\/07\/inspeccionaron-obras-en-carreteras-a-los-yungas\/"},"wordCount":425,"publisher":{"@id":"https:\/\/www.eldiario.net\/portal\/#organization"},"image":{"@id":"https:\/\/www.eldiario.net\/portal\/2021\/06\/07\/inspeccionaron-obras-en-carreteras-a-los-yungas\/#primaryimage"},"thumbnailUrl":"","articleSection":["Econom\u00eda"],"inLanguage":"es"},{"@type":"WebPage","@id":"https:\/\/www.eldiario.net\/portal\/2021\/06\/07\/inspeccionaron-obras-en-carreteras-a-los-yungas\/","url":"https:\/\/www.eldiario.net\/portal\/2021\/06\/07\/inspeccionaron-obras-en-carreteras-a-los-yungas\/","name":"Inspeccionaron obras en carreteras a los Yungas - El Diario - Bolivia","isPartOf":{"@id":"https:\/\/www.eldiario.net\/portal\/#website"},"primaryImageOfPage":{"@id":"https:\/\/www.eldiario.net\/portal\/2021\/06\/07\/inspeccionaron-obras-en-carreteras-a-los-yungas\/#primaryimage"},"image":{"@id":"https:\/\/www.eldiario.net\/portal\/2021\/06\/07\/inspeccionaron-obras-en-carreteras-a-los-yungas\/#primaryimage"},"thumbnailUrl":"","datePublished":"2021-06-07T10:19:37+00:00","breadcrumb":{"@id":"https:\/\/www.eldiario.net\/portal\/2021\/06\/07\/inspeccionaron-obras-en-carreteras-a-los-yungas\/#breadcrumb"},"inLanguage":"es","potentialAction":[{"@type":"ReadAction","target":["https:\/\/www.eldiario.net\/portal\/2021\/06\/07\/inspeccionaron-obras-en-carreteras-a-los-yungas\/"]}]},{"@type":"ImageObject","inLanguage":"es","@id":"https:\/\/www.eldiario.net\/portal\/2021\/06\/07\/inspeccionaron-obras-en-carreteras-a-los-yungas\/#primaryimage","url":"","contentUrl":""},{"@type":"BreadcrumbList","@id":"https:\/\/www.eldiario.net\/portal\/2021\/06\/07\/inspeccionaron-obras-en-carreteras-a-los-yungas\/#breadcrumb","itemListElement":[{"@type":"ListItem","position":1,"name":"Portada","item":"https:\/\/www.eldiario.net\/portal\/"},{"@type":"ListItem","position":2,"name":"Inspeccionaron obras en carreteras a los Yungas"}]},{"@type":"WebSite","@id":"https:\/\/www.eldiario.net\/portal\/#website","url":"https:\/\/www.eldiario.net\/portal\/","name":"El Diario - Decano de la prensa nacional","description":"El Diario - Decano de la prensa nacional","publisher":{"@id":"https:\/\/www.eldiario.net\/portal\/#organization"},"potentialAction":[{"@type":"SearchAction","target":{"@type":"EntryPoint","urlTemplate":"https:\/\/www.eldiario.net\/portal\/?s={search_term_string}"},"query-input":{"@type":"PropertyValueSpecification","valueRequired":true,"valueName":"search_term_string"}}],"inLanguage":"es"},{"@type":"Organization","@id":"https:\/\/www.eldiario.net\/portal\/#organization","name":"El Diario - Decano de la prensa nacional","url":"https:\/\/www.eldiario.net\/portal\/","logo":{"@type":"ImageObject","inLanguage":"es","@id":"https:\/\/www.eldiario.net\/portal\/#\/schema\/logo\/image\/","url":"https:\/\/www.eldiario.net\/portal\/wp-content\/uploads\/2023\/07\/logo_ED.jpg","contentUrl":"https:\/\/www.eldiario.net\/portal\/wp-content\/uploads\/2023\/07\/logo_ED.jpg","width":272,"height":52,"caption":"El Diario - Decano de la prensa nacional"},"image":{"@id":"https:\/\/www.eldiario.net\/portal\/#\/schema\/logo\/image\/"},"sameAs":["https:\/\/www.facebook.com\/eldiario.bolivia\/","https:\/\/x.com\/eldiario_net"]},{"@type":"Person","@id":"https:\/\/www.eldiario.net\/portal\/#\/schema\/person\/f46445640444750d7d753ccd04ae01b7","name":"Jeanette","image":{"@type":"ImageObject","inLanguage":"es","@id":"https:\/\/secure.gravatar.com\/avatar\/3ea2118a5f7dad2b7138b1187a6b7ee55f160b9968b66013c3a3ef39dd7e5798?s=96&d=mm&r=g","url":"https:\/\/secure.gravatar.com\/avatar\/3ea2118a5f7dad2b7138b1187a6b7ee55f160b9968b66013c3a3ef39dd7e5798?s=96&d=mm&r=g","contentUrl":"https:\/\/secure.gravatar.com\/avatar\/3ea2118a5f7dad2b7138b1187a6b7ee55f160b9968b66013c3a3ef39dd7e5798?s=96&d=mm&r=g","caption":"Jeanette"},"sameAs":["https:\/\/www.eldiario.net\/portal"],"url":"https:\/\/www.eldiario.net\/portal\/author\/jeanette\/"}]}},"_links":{"self":[{"href":"https:\/\/www.eldiario.net\/portal\/wp-json\/wp\/v2\/posts\/8858","targetHints":{"allow":["GET"]}}],"collection":[{"href":"https:\/\/www.eldiario.net\/portal\/wp-json\/wp\/v2\/posts"}],"about":[{"href":"https:\/\/www.eldiario.net\/portal\/wp-json\/wp\/v2\/types\/post"}],"author":[{"embeddable":true,"href":"https:\/\/www.eldiario.net\/portal\/wp-json\/wp\/v2\/users\/1"}],"replies":[{"embeddable":true,"href":"https:\/\/www.eldiario.net\/portal\/wp-json\/wp\/v2\/comments?post=8858"}],"version-history":[{"count":0,"href":"https:\/\/www.eldiario.net\/portal\/wp-json\/wp\/v2\/posts\/8858\/revisions"}],"wp:attachment":[{"href":"https:\/\/www.eldiario.net\/portal\/wp-json\/wp\/v2\/media?parent=8858"}],"wp:term":[{"taxonomy":"category","embeddable":true,"href":"https:\/\/www.eldiario.net\/portal\/wp-json\/wp\/v2\/categories?post=8858"},{"taxonomy":"post_tag","embeddable":true,"href":"https:\/\/www.eldiario.net\/portal\/wp-json\/wp\/v2\/tags?post=8858"}],"curies":[{"name":"wp","href":"https:\/\/api.w.org\/{rel}","templated":true}]}}