{"id":8855,"date":"2021-06-07T06:18:17","date_gmt":"2021-06-07T10:18:17","guid":{"rendered":"https:\/\/www.eldiario.net\/portal\/?p=8855"},"modified":"2021-06-07T06:18:17","modified_gmt":"2021-06-07T10:18:17","slug":"productores-de-valles-crucenos-ratifican-bloqueo-a-partir-de-hoy","status":"publish","type":"post","link":"https:\/\/www.eldiario.net\/portal\/2021\/06\/07\/productores-de-valles-crucenos-ratifican-bloqueo-a-partir-de-hoy\/","title":{"rendered":"Productores de valles cruce\u00f1os ratifican\u00a0bloqueo a partir de hoy"},"content":{"rendered":"<p>El secretario ejecutivo de la Central \u00danica de Trabajadores Campesinos de la provincia Caballero, Luciano Alegre, ratific\u00f3 que a partir de hoy se instalan cuatro puntos de bloqueo en la regi\u00f3n, en protesta contra la inacci\u00f3n del Gobierno frente al contrabando de productos agr\u00edcolas que afecta a la producci\u00f3n nacional.<br \/>\n\u201cTodo el mundo sabe que el precio de nuestros productos est\u00e1 bajo por el contrabando. Para m\u00ed en otras palabras, nos est\u00e1 matando. Por ejemplo, el precio de la papa est\u00e1 por los suelos y los agroqu\u00edmicos por las nubes\u201d, declar\u00f3 entrevistado por Rado Veritas de Comarapa para la red Erbol.<br \/>\nIndic\u00f3 que la medida de presi\u00f3n fue aprobada por los sindicatos de campesinos de la Central \u00danica, porque que se han visto afectados de gran manera y se aguantaron bastante tiempo esperando que el gobierno nacional tome una determinaci\u00f3n para frenar el contrabando.<br \/>\nRatific\u00f3 que la gente est\u00e1 molesta por esa situaci\u00f3n que ha derivado en el bloqueo de caminos por 48 horas en la provincia Caballero, en el departamento de Santa Cruz. La otra demanda es tambi\u00e9n por el mal estado de las carreteras y la decisi\u00f3n de los bancos privados de iniciar el cobro de los cr\u00e9ditos sin considerar las dificultades econ\u00f3micas que tienen los agricultores.<br \/>\nPidi\u00f3 al resto de los productores agropecuarios, a los campesinos y a los transportistas de otras provincias aleda\u00f1as, sumarse a la medida de presi\u00f3n porque el beneficio ser\u00e1 para todos.<br \/>\nEl dirigente indic\u00f3 que no han tenido acercamiento de las autoridades de gobierno, aunque inform\u00f3 que en las \u00faltimas horas lleg\u00f3 personal de la Aduana Nacional a Comarapa. Sin embargo, no fueron buscados, por tanto, entienden que el objetivo de la visita es otro y el conflicto que se instalar\u00e1 a partir de hoy. (Erbol)<\/p>\n","protected":false},"excerpt":{"rendered":"<p>El secretario ejecutivo de la Central \u00danica de Trabajadores Campesinos de la provincia Caballero, Luciano Alegre, ratific\u00f3 que a partir de hoy se instalan cuatro puntos de bloqueo en la regi\u00f3n, en protesta contra la inacci\u00f3n del Gobierno frente al contrabando de productos agr\u00edcolas que afecta a la producci\u00f3n nacional. \u201cTodo el mundo sabe que [&hellip;]<\/p>\n","protected":false},"author":1,"featured_media":8856,"comment_status":"closed","ping_status":"closed","sticky":false,"template":"","format":"standard","meta":{"_acf_changed":false,"footnotes":""},"categories":[7],"tags":[],"class_list":["post-8855","post","type-post","status-publish","format-standard","has-post-thumbnail","category-economia"],"acf":{"antetitulo":""},"yoast_head":"<!-- This site is optimized with the Yoast SEO plugin v28.3 - https:\/\/yoast.com\/product\/yoast-seo-wordpress\/ -->\n<title>Productores de valles cruce\u00f1os ratifican\u00a0bloqueo a partir de hoy - El Diario - Bolivia<\/title>\n<meta name=\"robots\" content=\"index, follow, max-snippet:-1, max-image-preview:large, max-video-preview:-1\" \/>\n<link rel=\"canonical\" href=\"https:\/\/www.eldiario.net\/portal\/2021\/06\/07\/productores-de-valles-crucenos-ratifican-bloqueo-a-partir-de-hoy\/\" \/>\n<meta property=\"og:locale\" content=\"es_ES\" \/>\n<meta property=\"og:type\" content=\"article\" \/>\n<meta property=\"og:title\" content=\"Productores de valles cruce\u00f1os ratifican\u00a0bloqueo a partir de hoy - El Diario - Bolivia\" \/>\n<meta property=\"og:description\" content=\"El secretario ejecutivo de la Central \u00danica de Trabajadores Campesinos de la provincia Caballero, Luciano Alegre, ratific\u00f3 que a partir de hoy se instalan cuatro puntos de bloqueo en la regi\u00f3n, en protesta contra la inacci\u00f3n del Gobierno frente al contrabando de productos agr\u00edcolas que afecta a la producci\u00f3n nacional. \u201cTodo el mundo sabe que [&hellip;]\" \/>\n<meta property=\"og:url\" content=\"https:\/\/www.eldiario.net\/portal\/2021\/06\/07\/productores-de-valles-crucenos-ratifican-bloqueo-a-partir-de-hoy\/\" \/>\n<meta property=\"og:site_name\" content=\"El Diario - Bolivia\" \/>\n<meta property=\"article:publisher\" content=\"https:\/\/www.facebook.com\/eldiario.bolivia\/\" \/>\n<meta property=\"article:published_time\" content=\"2021-06-07T10:18:17+00:00\" \/>\n<meta property=\"og:image\" content=\"https:\/\/www.eldiario.net\/portal\/wp-content\/uploads\/2021\/06\/bloque.jpg\" \/>\n\t<meta property=\"og:image:width\" content=\"1\" \/>\n\t<meta property=\"og:image:height\" content=\"1\" \/>\n\t<meta property=\"og:image:type\" content=\"image\/jpeg\" \/>\n<meta name=\"author\" content=\"Jeanette\" \/>\n<meta name=\"twitter:card\" content=\"summary_large_image\" \/>\n<meta name=\"twitter:creator\" content=\"@eldiario_net\" \/>\n<meta name=\"twitter:site\" content=\"@eldiario_net\" \/>\n<meta name=\"twitter:label1\" content=\"Escrito por\" \/>\n\t<meta name=\"twitter:data1\" content=\"Jeanette\" \/>\n\t<meta name=\"twitter:label2\" content=\"Tiempo de lectura\" \/>\n\t<meta name=\"twitter:data2\" content=\"2 minutos\" \/>\n<script type=\"application\/ld+json\" class=\"yoast-schema-graph\">{\"@context\":\"https:\\\/\\\/schema.org\",\"@graph\":[{\"@type\":\"Article\",\"@id\":\"https:\\\/\\\/www.eldiario.net\\\/portal\\\/2021\\\/06\\\/07\\\/productores-de-valles-crucenos-ratifican-bloqueo-a-partir-de-hoy\\\/#article\",\"isPartOf\":{\"@id\":\"https:\\\/\\\/www.eldiario.net\\\/portal\\\/2021\\\/06\\\/07\\\/productores-de-valles-crucenos-ratifican-bloqueo-a-partir-de-hoy\\\/\"},\"author\":{\"name\":\"Jeanette\",\"@id\":\"https:\\\/\\\/www.eldiario.net\\\/portal\\\/#\\\/schema\\\/person\\\/f46445640444750d7d753ccd04ae01b7\"},\"headline\":\"Productores de valles cruce\u00f1os ratifican\u00a0bloqueo a partir de hoy\",\"datePublished\":\"2021-06-07T10:18:17+00:00\",\"mainEntityOfPage\":{\"@id\":\"https:\\\/\\\/www.eldiario.net\\\/portal\\\/2021\\\/06\\\/07\\\/productores-de-valles-crucenos-ratifican-bloqueo-a-partir-de-hoy\\\/\"},\"wordCount\":318,\"publisher\":{\"@id\":\"https:\\\/\\\/www.eldiario.net\\\/portal\\\/#organization\"},\"image\":{\"@id\":\"https:\\\/\\\/www.eldiario.net\\\/portal\\\/2021\\\/06\\\/07\\\/productores-de-valles-crucenos-ratifican-bloqueo-a-partir-de-hoy\\\/#primaryimage\"},\"thumbnailUrl\":\"https:\\\/\\\/www.eldiario.net\\\/portal\\\/wp-content\\\/uploads\\\/2021\\\/06\\\/bloque.jpg\",\"articleSection\":[\"Econom\u00eda\"],\"inLanguage\":\"es\"},{\"@type\":\"WebPage\",\"@id\":\"https:\\\/\\\/www.eldiario.net\\\/portal\\\/2021\\\/06\\\/07\\\/productores-de-valles-crucenos-ratifican-bloqueo-a-partir-de-hoy\\\/\",\"url\":\"https:\\\/\\\/www.eldiario.net\\\/portal\\\/2021\\\/06\\\/07\\\/productores-de-valles-crucenos-ratifican-bloqueo-a-partir-de-hoy\\\/\",\"name\":\"Productores de valles cruce\u00f1os ratifican\u00a0bloqueo a partir de hoy - El Diario - Bolivia\",\"isPartOf\":{\"@id\":\"https:\\\/\\\/www.eldiario.net\\\/portal\\\/#website\"},\"primaryImageOfPage\":{\"@id\":\"https:\\\/\\\/www.eldiario.net\\\/portal\\\/2021\\\/06\\\/07\\\/productores-de-valles-crucenos-ratifican-bloqueo-a-partir-de-hoy\\\/#primaryimage\"},\"image\":{\"@id\":\"https:\\\/\\\/www.eldiario.net\\\/portal\\\/2021\\\/06\\\/07\\\/productores-de-valles-crucenos-ratifican-bloqueo-a-partir-de-hoy\\\/#primaryimage\"},\"thumbnailUrl\":\"https:\\\/\\\/www.eldiario.net\\\/portal\\\/wp-content\\\/uploads\\\/2021\\\/06\\\/bloque.jpg\",\"datePublished\":\"2021-06-07T10:18:17+00:00\",\"breadcrumb\":{\"@id\":\"https:\\\/\\\/www.eldiario.net\\\/portal\\\/2021\\\/06\\\/07\\\/productores-de-valles-crucenos-ratifican-bloqueo-a-partir-de-hoy\\\/#breadcrumb\"},\"inLanguage\":\"es\",\"potentialAction\":[{\"@type\":\"ReadAction\",\"target\":[\"https:\\\/\\\/www.eldiario.net\\\/portal\\\/2021\\\/06\\\/07\\\/productores-de-valles-crucenos-ratifican-bloqueo-a-partir-de-hoy\\\/\"]}]},{\"@type\":\"ImageObject\",\"inLanguage\":\"es\",\"@id\":\"https:\\\/\\\/www.eldiario.net\\\/portal\\\/2021\\\/06\\\/07\\\/productores-de-valles-crucenos-ratifican-bloqueo-a-partir-de-hoy\\\/#primaryimage\",\"url\":\"https:\\\/\\\/www.eldiario.net\\\/portal\\\/wp-content\\\/uploads\\\/2021\\\/06\\\/bloque.jpg\",\"contentUrl\":\"https:\\\/\\\/www.eldiario.net\\\/portal\\\/wp-content\\\/uploads\\\/2021\\\/06\\\/bloque.jpg\"},{\"@type\":\"BreadcrumbList\",\"@id\":\"https:\\\/\\\/www.eldiario.net\\\/portal\\\/2021\\\/06\\\/07\\\/productores-de-valles-crucenos-ratifican-bloqueo-a-partir-de-hoy\\\/#breadcrumb\",\"itemListElement\":[{\"@type\":\"ListItem\",\"position\":1,\"name\":\"Portada\",\"item\":\"https:\\\/\\\/www.eldiario.net\\\/portal\\\/\"},{\"@type\":\"ListItem\",\"position\":2,\"name\":\"Productores de valles cruce\u00f1os ratifican\u00a0bloqueo a partir de hoy\"}]},{\"@type\":\"WebSite\",\"@id\":\"https:\\\/\\\/www.eldiario.net\\\/portal\\\/#website\",\"url\":\"https:\\\/\\\/www.eldiario.net\\\/portal\\\/\",\"name\":\"El Diario - Decano de la prensa nacional\",\"description\":\"El Diario - Decano de la prensa nacional\",\"publisher\":{\"@id\":\"https:\\\/\\\/www.eldiario.net\\\/portal\\\/#organization\"},\"potentialAction\":[{\"@type\":\"SearchAction\",\"target\":{\"@type\":\"EntryPoint\",\"urlTemplate\":\"https:\\\/\\\/www.eldiario.net\\\/portal\\\/?s={search_term_string}\"},\"query-input\":{\"@type\":\"PropertyValueSpecification\",\"valueRequired\":true,\"valueName\":\"search_term_string\"}}],\"inLanguage\":\"es\"},{\"@type\":\"Organization\",\"@id\":\"https:\\\/\\\/www.eldiario.net\\\/portal\\\/#organization\",\"name\":\"El Diario - Decano de la prensa nacional\",\"url\":\"https:\\\/\\\/www.eldiario.net\\\/portal\\\/\",\"logo\":{\"@type\":\"ImageObject\",\"inLanguage\":\"es\",\"@id\":\"https:\\\/\\\/www.eldiario.net\\\/portal\\\/#\\\/schema\\\/logo\\\/image\\\/\",\"url\":\"https:\\\/\\\/www.eldiario.net\\\/portal\\\/wp-content\\\/uploads\\\/2023\\\/07\\\/logo_ED.jpg\",\"contentUrl\":\"https:\\\/\\\/www.eldiario.net\\\/portal\\\/wp-content\\\/uploads\\\/2023\\\/07\\\/logo_ED.jpg\",\"width\":272,\"height\":52,\"caption\":\"El Diario - Decano de la prensa nacional\"},\"image\":{\"@id\":\"https:\\\/\\\/www.eldiario.net\\\/portal\\\/#\\\/schema\\\/logo\\\/image\\\/\"},\"sameAs\":[\"https:\\\/\\\/www.facebook.com\\\/eldiario.bolivia\\\/\",\"https:\\\/\\\/x.com\\\/eldiario_net\"]},{\"@type\":\"Person\",\"@id\":\"https:\\\/\\\/www.eldiario.net\\\/portal\\\/#\\\/schema\\\/person\\\/f46445640444750d7d753ccd04ae01b7\",\"name\":\"Jeanette\",\"image\":{\"@type\":\"ImageObject\",\"inLanguage\":\"es\",\"@id\":\"https:\\\/\\\/secure.gravatar.com\\\/avatar\\\/3ea2118a5f7dad2b7138b1187a6b7ee55f160b9968b66013c3a3ef39dd7e5798?s=96&d=mm&r=g\",\"url\":\"https:\\\/\\\/secure.gravatar.com\\\/avatar\\\/3ea2118a5f7dad2b7138b1187a6b7ee55f160b9968b66013c3a3ef39dd7e5798?s=96&d=mm&r=g\",\"contentUrl\":\"https:\\\/\\\/secure.gravatar.com\\\/avatar\\\/3ea2118a5f7dad2b7138b1187a6b7ee55f160b9968b66013c3a3ef39dd7e5798?s=96&d=mm&r=g\",\"caption\":\"Jeanette\"},\"sameAs\":[\"https:\\\/\\\/www.eldiario.net\\\/portal\"],\"url\":\"https:\\\/\\\/www.eldiario.net\\\/portal\\\/author\\\/jeanette\\\/\"}]}<\/script>\n<!-- \/ Yoast SEO plugin. -->","yoast_head_json":{"title":"Productores de valles cruce\u00f1os ratifican\u00a0bloqueo a partir de hoy - El Diario - Bolivia","robots":{"index":"index","follow":"follow","max-snippet":"max-snippet:-1","max-image-preview":"max-image-preview:large","max-video-preview":"max-video-preview:-1"},"canonical":"https:\/\/www.eldiario.net\/portal\/2021\/06\/07\/productores-de-valles-crucenos-ratifican-bloqueo-a-partir-de-hoy\/","og_locale":"es_ES","og_type":"article","og_title":"Productores de valles cruce\u00f1os ratifican\u00a0bloqueo a partir de hoy - El Diario - Bolivia","og_description":"El secretario ejecutivo de la Central \u00danica de Trabajadores Campesinos de la provincia Caballero, Luciano Alegre, ratific\u00f3 que a partir de hoy se instalan cuatro puntos de bloqueo en la regi\u00f3n, en protesta contra la inacci\u00f3n del Gobierno frente al contrabando de productos agr\u00edcolas que afecta a la producci\u00f3n nacional. \u201cTodo el mundo sabe que [&hellip;]","og_url":"https:\/\/www.eldiario.net\/portal\/2021\/06\/07\/productores-de-valles-crucenos-ratifican-bloqueo-a-partir-de-hoy\/","og_site_name":"El Diario - Bolivia","article_publisher":"https:\/\/www.facebook.com\/eldiario.bolivia\/","article_published_time":"2021-06-07T10:18:17+00:00","og_image":[{"url":"https:\/\/www.eldiario.net\/portal\/wp-content\/uploads\/2021\/06\/bloque.jpg","width":1,"height":1,"type":"image\/jpeg"}],"author":"Jeanette","twitter_card":"summary_large_image","twitter_creator":"@eldiario_net","twitter_site":"@eldiario_net","twitter_misc":{"Escrito por":"Jeanette","Tiempo de lectura":"2 minutos"},"schema":{"@context":"https:\/\/schema.org","@graph":[{"@type":"Article","@id":"https:\/\/www.eldiario.net\/portal\/2021\/06\/07\/productores-de-valles-crucenos-ratifican-bloqueo-a-partir-de-hoy\/#article","isPartOf":{"@id":"https:\/\/www.eldiario.net\/portal\/2021\/06\/07\/productores-de-valles-crucenos-ratifican-bloqueo-a-partir-de-hoy\/"},"author":{"name":"Jeanette","@id":"https:\/\/www.eldiario.net\/portal\/#\/schema\/person\/f46445640444750d7d753ccd04ae01b7"},"headline":"Productores de valles cruce\u00f1os ratifican\u00a0bloqueo a partir de hoy","datePublished":"2021-06-07T10:18:17+00:00","mainEntityOfPage":{"@id":"https:\/\/www.eldiario.net\/portal\/2021\/06\/07\/productores-de-valles-crucenos-ratifican-bloqueo-a-partir-de-hoy\/"},"wordCount":318,"publisher":{"@id":"https:\/\/www.eldiario.net\/portal\/#organization"},"image":{"@id":"https:\/\/www.eldiario.net\/portal\/2021\/06\/07\/productores-de-valles-crucenos-ratifican-bloqueo-a-partir-de-hoy\/#primaryimage"},"thumbnailUrl":"https:\/\/www.eldiario.net\/portal\/wp-content\/uploads\/2021\/06\/bloque.jpg","articleSection":["Econom\u00eda"],"inLanguage":"es"},{"@type":"WebPage","@id":"https:\/\/www.eldiario.net\/portal\/2021\/06\/07\/productores-de-valles-crucenos-ratifican-bloqueo-a-partir-de-hoy\/","url":"https:\/\/www.eldiario.net\/portal\/2021\/06\/07\/productores-de-valles-crucenos-ratifican-bloqueo-a-partir-de-hoy\/","name":"Productores de valles cruce\u00f1os ratifican\u00a0bloqueo a partir de hoy - El Diario - Bolivia","isPartOf":{"@id":"https:\/\/www.eldiario.net\/portal\/#website"},"primaryImageOfPage":{"@id":"https:\/\/www.eldiario.net\/portal\/2021\/06\/07\/productores-de-valles-crucenos-ratifican-bloqueo-a-partir-de-hoy\/#primaryimage"},"image":{"@id":"https:\/\/www.eldiario.net\/portal\/2021\/06\/07\/productores-de-valles-crucenos-ratifican-bloqueo-a-partir-de-hoy\/#primaryimage"},"thumbnailUrl":"https:\/\/www.eldiario.net\/portal\/wp-content\/uploads\/2021\/06\/bloque.jpg","datePublished":"2021-06-07T10:18:17+00:00","breadcrumb":{"@id":"https:\/\/www.eldiario.net\/portal\/2021\/06\/07\/productores-de-valles-crucenos-ratifican-bloqueo-a-partir-de-hoy\/#breadcrumb"},"inLanguage":"es","potentialAction":[{"@type":"ReadAction","target":["https:\/\/www.eldiario.net\/portal\/2021\/06\/07\/productores-de-valles-crucenos-ratifican-bloqueo-a-partir-de-hoy\/"]}]},{"@type":"ImageObject","inLanguage":"es","@id":"https:\/\/www.eldiario.net\/portal\/2021\/06\/07\/productores-de-valles-crucenos-ratifican-bloqueo-a-partir-de-hoy\/#primaryimage","url":"https:\/\/www.eldiario.net\/portal\/wp-content\/uploads\/2021\/06\/bloque.jpg","contentUrl":"https:\/\/www.eldiario.net\/portal\/wp-content\/uploads\/2021\/06\/bloque.jpg"},{"@type":"BreadcrumbList","@id":"https:\/\/www.eldiario.net\/portal\/2021\/06\/07\/productores-de-valles-crucenos-ratifican-bloqueo-a-partir-de-hoy\/#breadcrumb","itemListElement":[{"@type":"ListItem","position":1,"name":"Portada","item":"https:\/\/www.eldiario.net\/portal\/"},{"@type":"ListItem","position":2,"name":"Productores de valles cruce\u00f1os ratifican\u00a0bloqueo a partir de hoy"}]},{"@type":"WebSite","@id":"https:\/\/www.eldiario.net\/portal\/#website","url":"https:\/\/www.eldiario.net\/portal\/","name":"El Diario - Decano de la prensa nacional","description":"El Diario - Decano de la prensa nacional","publisher":{"@id":"https:\/\/www.eldiario.net\/portal\/#organization"},"potentialAction":[{"@type":"SearchAction","target":{"@type":"EntryPoint","urlTemplate":"https:\/\/www.eldiario.net\/portal\/?s={search_term_string}"},"query-input":{"@type":"PropertyValueSpecification","valueRequired":true,"valueName":"search_term_string"}}],"inLanguage":"es"},{"@type":"Organization","@id":"https:\/\/www.eldiario.net\/portal\/#organization","name":"El Diario - Decano de la prensa nacional","url":"https:\/\/www.eldiario.net\/portal\/","logo":{"@type":"ImageObject","inLanguage":"es","@id":"https:\/\/www.eldiario.net\/portal\/#\/schema\/logo\/image\/","url":"https:\/\/www.eldiario.net\/portal\/wp-content\/uploads\/2023\/07\/logo_ED.jpg","contentUrl":"https:\/\/www.eldiario.net\/portal\/wp-content\/uploads\/2023\/07\/logo_ED.jpg","width":272,"height":52,"caption":"El Diario - Decano de la prensa nacional"},"image":{"@id":"https:\/\/www.eldiario.net\/portal\/#\/schema\/logo\/image\/"},"sameAs":["https:\/\/www.facebook.com\/eldiario.bolivia\/","https:\/\/x.com\/eldiario_net"]},{"@type":"Person","@id":"https:\/\/www.eldiario.net\/portal\/#\/schema\/person\/f46445640444750d7d753ccd04ae01b7","name":"Jeanette","image":{"@type":"ImageObject","inLanguage":"es","@id":"https:\/\/secure.gravatar.com\/avatar\/3ea2118a5f7dad2b7138b1187a6b7ee55f160b9968b66013c3a3ef39dd7e5798?s=96&d=mm&r=g","url":"https:\/\/secure.gravatar.com\/avatar\/3ea2118a5f7dad2b7138b1187a6b7ee55f160b9968b66013c3a3ef39dd7e5798?s=96&d=mm&r=g","contentUrl":"https:\/\/secure.gravatar.com\/avatar\/3ea2118a5f7dad2b7138b1187a6b7ee55f160b9968b66013c3a3ef39dd7e5798?s=96&d=mm&r=g","caption":"Jeanette"},"sameAs":["https:\/\/www.eldiario.net\/portal"],"url":"https:\/\/www.eldiario.net\/portal\/author\/jeanette\/"}]}},"_links":{"self":[{"href":"https:\/\/www.eldiario.net\/portal\/wp-json\/wp\/v2\/posts\/8855","targetHints":{"allow":["GET"]}}],"collection":[{"href":"https:\/\/www.eldiario.net\/portal\/wp-json\/wp\/v2\/posts"}],"about":[{"href":"https:\/\/www.eldiario.net\/portal\/wp-json\/wp\/v2\/types\/post"}],"author":[{"embeddable":true,"href":"https:\/\/www.eldiario.net\/portal\/wp-json\/wp\/v2\/users\/1"}],"replies":[{"embeddable":true,"href":"https:\/\/www.eldiario.net\/portal\/wp-json\/wp\/v2\/comments?post=8855"}],"version-history":[{"count":0,"href":"https:\/\/www.eldiario.net\/portal\/wp-json\/wp\/v2\/posts\/8855\/revisions"}],"wp:featuredmedia":[{"embeddable":true,"href":"https:\/\/www.eldiario.net\/portal\/wp-json\/wp\/v2\/media\/8856"}],"wp:attachment":[{"href":"https:\/\/www.eldiario.net\/portal\/wp-json\/wp\/v2\/media?parent=8855"}],"wp:term":[{"taxonomy":"category","embeddable":true,"href":"https:\/\/www.eldiario.net\/portal\/wp-json\/wp\/v2\/categories?post=8855"},{"taxonomy":"post_tag","embeddable":true,"href":"https:\/\/www.eldiario.net\/portal\/wp-json\/wp\/v2\/tags?post=8855"}],"curies":[{"name":"wp","href":"https:\/\/api.w.org\/{rel}","templated":true}]}}