{"id":88058,"date":"2022-06-03T06:20:30","date_gmt":"2022-06-03T10:20:30","guid":{"rendered":"https:\/\/www.eldiario.net\/portal\/?p=88058"},"modified":"2022-06-03T06:20:30","modified_gmt":"2022-06-03T10:20:30","slug":"la-exposicion-excelencia-educativa","status":"publish","type":"post","link":"https:\/\/www.eldiario.net\/portal\/2022\/06\/03\/la-exposicion-excelencia-educativa\/","title":{"rendered":"La exposici\u00f3n, excelencia educativa"},"content":{"rendered":"<p>\u00bfQU\u00c9 ES LA EXPOSICI\u00d3N?<\/p>\n<p>Es el acto de presentar de manera oral o escrita un tema o asunto para un auditorio. En este sentido, una exposici\u00f3n puede ser una presentaci\u00f3n, una conferencia, una ponencia o un discurso e<\/p>\n<p>Una exposici\u00f3n consiste en desarrollar un determinado tema ante un grupo de personas. El objetivo que persigue no solo es el de prepararnos en sentido intelectual, sino tambi\u00e9n es sentido emocional. Realizar una exposici\u00f3n exige investigar un tema a profundidad, lo que nos hace expertos en el mismo; adem\u00e1s, tener un conocimiento profundo de un tema brinda seguridad y permite que nos desenvolvamos con facilidad ante las personas. Al igual que en los trabajos escritos, la exposici\u00f3n necesita una planificaci\u00f3n coherente y un desarrollo ordenado de la informaci\u00f3n. Por lo tanto, la organizaci\u00f3n de la informaci\u00f3n extra\u00edda debe ser adecuada a un esquema (guion).<\/p>\n<p>Uno de los objetivos principales de la exposici\u00f3n es explanar detalladamente un tema o acontecimiento ante un grupo de espectadores. Debido a esto, se recomienda que antes de realizar una exposici\u00f3n se recopile la mayor cantidad de informaci\u00f3n posible sobre el asunto a tratar, para exhibir todos los puntos relacionados con el tema ante el p\u00fablico.<\/p>\n<p>n el cual se desarrolla un aspecto espec\u00edfico de un tema para someterlo a la discusi\u00f3n e interpretaci\u00f3n del p\u00fablico.<\/p>\n<p><strong>Caracter\u00edsticas de una exposici\u00f3n<\/strong><\/p>\n<ul>\n<li>Prop\u00f3sitos claros\n<p>Es necesario tener los prop\u00f3sitos claramente definidos, ya que este est\u00e1 determinado por la intenci\u00f3n del expositor, quien quiere que la audiencia piense, sienta, sepa o crea depende de ese prop\u00f3sito. El objetivo de una presentaci\u00f3n oral puede ser explicar un proceso, defender un punto de vista, contrastar opiniones, relatar eventos hist\u00f3ricos, entre otros.<\/li>\n<li>Adaptarse a la audiencia\n<p>Una exposici\u00f3n debe estar preparada espec\u00edficamente para el p\u00fablico al cual est\u00e1 dirigida, para lograr as\u00ed que la informaci\u00f3n llegue a la audiencia de forma eficiente. Hay que identificar claramente a los interlocutores. Es bueno saber cu\u00e1les son sus antecedentes y qu\u00e9 nivel de conocimiento poseen. Adem\u00e1s, es importante conocer qu\u00e9 esperan obtener de la presentaci\u00f3n.<\/li>\n<li>Evita detalles innecesarios\n<p>En las presentaciones de calidad se cumple la frase \u201cmenos es m\u00e1s\u201d. Es un error com\u00fan por parte de los presentadores tratar de decir demasiado. Como resultado, el mensaje principal puede perderse. Es preferible una presentaci\u00f3n clara y concisa, que sea provocativa y conduzca a un di\u00e1logo durante la sesi\u00f3n de preguntas y respuestas.<\/li>\n<li>Uso de soportes visuales bien dise\u00f1ados\n<p>Los soportes visuales con errores de ortograf\u00eda y mal dise\u00f1ados pueden da\u00f1ar la credibilidad del orador. Aunque el discurso sea excelente, el expositor ser\u00e1 percibido como poco profesional si las ayudas visuales est\u00e1n mal ejecutadas. Entonces, adem\u00e1s de contener informaci\u00f3n importante, este material debe ser claro, limpio, organizado y lo suficientemente grande como para que el p\u00fablico pueda verlo e interpretarlo correctamente.<\/li>\n<li>Termina a tiempo\n<p>Esta es una de las caracter\u00edsticas m\u00e1s importantes de la exposici\u00f3n oral. Cuando no se termina una presentaci\u00f3n a tiempo, se puede perder la credibilidad. Tambi\u00e9n se corre el riesgo de ofender al p\u00fablico. De igual modo, hay menos oportunidades de hacer una conclusi\u00f3n fuerte porque los asistentes no est\u00e1n escuchando o ya se han marchado.<\/li>\n<li>Fomenta la participaci\u00f3n del p\u00fablico\n<p>Los prop\u00f3sitos de una presentaci\u00f3n no se cumplir\u00e1n si la audiencia no se involucra. El presentador debe procurar que la audiencia interact\u00fae con \u00e9l y con los dem\u00e1s. Esta interacci\u00f3n con el p\u00fablico hace que la exposici\u00f3n sea m\u00e1s interesante y accesible para todos. Es \u00fatil tener estrategias para involucrar a la audiencia desde el principio y con frecuencia.<\/li>\n<li>Manejar: introducci\u00f3n, cuerpo y cierre\n<p>La introducci\u00f3n procura captar el inter\u00e9s de los oyentes, indicar el objetivo de la presentaci\u00f3n y explicar c\u00f3mo est\u00e1 organizada. El cuerpo tiene como fin apoyar el argumento principal o precisar el tema. Normalmente est\u00e1 dividido en secciones que exponen cada punto probatorio. Finalmente, en el cierre se resumen las ideas claves de la exposici\u00f3n.<\/li>\n<\/ul>\n","protected":false},"excerpt":{"rendered":"<p>\u00bfQU\u00c9 ES LA EXPOSICI\u00d3N? Es el acto de presentar de manera oral o escrita un tema o asunto para un auditorio. En este sentido, una exposici\u00f3n puede ser una presentaci\u00f3n, una conferencia, una ponencia o un discurso e Una exposici\u00f3n consiste en desarrollar un determinado tema ante un grupo de personas. El objetivo que persigue [&hellip;]<\/p>\n","protected":false},"author":1,"featured_media":0,"comment_status":"closed","ping_status":"closed","sticky":false,"template":"","format":"standard","meta":{"_acf_changed":false,"footnotes":""},"categories":[43],"tags":[],"class_list":["post-88058","post","type-post","status-publish","format-standard","category-nuevos-horizontes"],"acf":{"antetitulo":""},"yoast_head":"<!-- This site is optimized with the Yoast SEO plugin v28.4 - https:\/\/yoast.com\/product\/yoast-seo-wordpress\/ -->\n<title>La exposici\u00f3n, excelencia educativa - El Diario - Bolivia<\/title>\n<meta name=\"robots\" content=\"index, follow, max-snippet:-1, max-image-preview:large, max-video-preview:-1\" \/>\n<link rel=\"canonical\" href=\"https:\/\/www.eldiario.net\/portal\/2022\/06\/03\/la-exposicion-excelencia-educativa\/\" \/>\n<meta property=\"og:locale\" content=\"es_ES\" \/>\n<meta property=\"og:type\" content=\"article\" \/>\n<meta property=\"og:title\" content=\"La exposici\u00f3n, excelencia educativa - El Diario - Bolivia\" \/>\n<meta property=\"og:description\" content=\"\u00bfQU\u00c9 ES LA EXPOSICI\u00d3N? Es el acto de presentar de manera oral o escrita un tema o asunto para un auditorio. En este sentido, una exposici\u00f3n puede ser una presentaci\u00f3n, una conferencia, una ponencia o un discurso e Una exposici\u00f3n consiste en desarrollar un determinado tema ante un grupo de personas. El objetivo que persigue [&hellip;]\" \/>\n<meta property=\"og:url\" content=\"https:\/\/www.eldiario.net\/portal\/2022\/06\/03\/la-exposicion-excelencia-educativa\/\" \/>\n<meta property=\"og:site_name\" content=\"El Diario - Bolivia\" \/>\n<meta property=\"article:publisher\" content=\"https:\/\/www.facebook.com\/eldiario.bolivia\/\" \/>\n<meta property=\"article:published_time\" content=\"2022-06-03T10:20:30+00:00\" \/>\n<meta name=\"author\" content=\"Jeanette\" \/>\n<meta name=\"twitter:card\" content=\"summary_large_image\" \/>\n<meta name=\"twitter:creator\" content=\"@eldiario_net\" \/>\n<meta name=\"twitter:site\" content=\"@eldiario_net\" \/>\n<meta name=\"twitter:label1\" content=\"Escrito por\" \/>\n\t<meta name=\"twitter:data1\" content=\"Jeanette\" \/>\n\t<meta name=\"twitter:label2\" content=\"Tiempo de lectura\" \/>\n\t<meta name=\"twitter:data2\" content=\"3 minutos\" \/>\n<script type=\"application\/ld+json\" class=\"yoast-schema-graph\">{\"@context\":\"https:\\\/\\\/schema.org\",\"@graph\":[{\"@type\":\"Article\",\"@id\":\"https:\\\/\\\/www.eldiario.net\\\/portal\\\/2022\\\/06\\\/03\\\/la-exposicion-excelencia-educativa\\\/#article\",\"isPartOf\":{\"@id\":\"https:\\\/\\\/www.eldiario.net\\\/portal\\\/2022\\\/06\\\/03\\\/la-exposicion-excelencia-educativa\\\/\"},\"author\":{\"name\":\"Jeanette\",\"@id\":\"https:\\\/\\\/www.eldiario.net\\\/portal\\\/#\\\/schema\\\/person\\\/2c57cf2b7a7ae032e449e4c9b1019eac\"},\"headline\":\"La exposici\u00f3n, excelencia educativa\",\"datePublished\":\"2022-06-03T10:20:30+00:00\",\"mainEntityOfPage\":{\"@id\":\"https:\\\/\\\/www.eldiario.net\\\/portal\\\/2022\\\/06\\\/03\\\/la-exposicion-excelencia-educativa\\\/\"},\"wordCount\":725,\"publisher\":{\"@id\":\"https:\\\/\\\/www.eldiario.net\\\/portal\\\/#organization\"},\"articleSection\":[\"Nuevos Horizontes\"],\"inLanguage\":\"es\"},{\"@type\":\"WebPage\",\"@id\":\"https:\\\/\\\/www.eldiario.net\\\/portal\\\/2022\\\/06\\\/03\\\/la-exposicion-excelencia-educativa\\\/\",\"url\":\"https:\\\/\\\/www.eldiario.net\\\/portal\\\/2022\\\/06\\\/03\\\/la-exposicion-excelencia-educativa\\\/\",\"name\":\"La exposici\u00f3n, excelencia educativa - El Diario - Bolivia\",\"isPartOf\":{\"@id\":\"https:\\\/\\\/www.eldiario.net\\\/portal\\\/#website\"},\"datePublished\":\"2022-06-03T10:20:30+00:00\",\"breadcrumb\":{\"@id\":\"https:\\\/\\\/www.eldiario.net\\\/portal\\\/2022\\\/06\\\/03\\\/la-exposicion-excelencia-educativa\\\/#breadcrumb\"},\"inLanguage\":\"es\",\"potentialAction\":[{\"@type\":\"ReadAction\",\"target\":[\"https:\\\/\\\/www.eldiario.net\\\/portal\\\/2022\\\/06\\\/03\\\/la-exposicion-excelencia-educativa\\\/\"]}]},{\"@type\":\"BreadcrumbList\",\"@id\":\"https:\\\/\\\/www.eldiario.net\\\/portal\\\/2022\\\/06\\\/03\\\/la-exposicion-excelencia-educativa\\\/#breadcrumb\",\"itemListElement\":[{\"@type\":\"ListItem\",\"position\":1,\"name\":\"Portada\",\"item\":\"https:\\\/\\\/www.eldiario.net\\\/portal\\\/\"},{\"@type\":\"ListItem\",\"position\":2,\"name\":\"La exposici\u00f3n, excelencia educativa\"}]},{\"@type\":\"WebSite\",\"@id\":\"https:\\\/\\\/www.eldiario.net\\\/portal\\\/#website\",\"url\":\"https:\\\/\\\/www.eldiario.net\\\/portal\\\/\",\"name\":\"El Diario - Decano de la prensa nacional\",\"description\":\"El Diario - Decano de la prensa nacional\",\"publisher\":{\"@id\":\"https:\\\/\\\/www.eldiario.net\\\/portal\\\/#organization\"},\"potentialAction\":[{\"@type\":\"SearchAction\",\"target\":{\"@type\":\"EntryPoint\",\"urlTemplate\":\"https:\\\/\\\/www.eldiario.net\\\/portal\\\/?s={search_term_string}\"},\"query-input\":{\"@type\":\"PropertyValueSpecification\",\"valueRequired\":true,\"valueName\":\"search_term_string\"}}],\"inLanguage\":\"es\"},{\"@type\":\"Organization\",\"@id\":\"https:\\\/\\\/www.eldiario.net\\\/portal\\\/#organization\",\"name\":\"El Diario - Decano de la prensa nacional\",\"url\":\"https:\\\/\\\/www.eldiario.net\\\/portal\\\/\",\"logo\":{\"@type\":\"ImageObject\",\"inLanguage\":\"es\",\"@id\":\"https:\\\/\\\/www.eldiario.net\\\/portal\\\/#\\\/schema\\\/logo\\\/image\\\/\",\"url\":\"https:\\\/\\\/www.eldiario.net\\\/portal\\\/wp-content\\\/uploads\\\/2023\\\/07\\\/logo_ED.jpg\",\"contentUrl\":\"https:\\\/\\\/www.eldiario.net\\\/portal\\\/wp-content\\\/uploads\\\/2023\\\/07\\\/logo_ED.jpg\",\"width\":272,\"height\":52,\"caption\":\"El Diario - Decano de la prensa nacional\"},\"image\":{\"@id\":\"https:\\\/\\\/www.eldiario.net\\\/portal\\\/#\\\/schema\\\/logo\\\/image\\\/\"},\"sameAs\":[\"https:\\\/\\\/www.facebook.com\\\/eldiario.bolivia\\\/\",\"https:\\\/\\\/x.com\\\/eldiario_net\"]},{\"@type\":\"Person\",\"@id\":\"https:\\\/\\\/www.eldiario.net\\\/portal\\\/#\\\/schema\\\/person\\\/2c57cf2b7a7ae032e449e4c9b1019eac\",\"name\":\"Jeanette\",\"image\":{\"@type\":\"ImageObject\",\"inLanguage\":\"es\",\"@id\":\"https:\\\/\\\/secure.gravatar.com\\\/avatar\\\/3ea2118a5f7dad2b7138b1187a6b7ee55f160b9968b66013c3a3ef39dd7e5798?s=96&d=mm&r=g\",\"url\":\"https:\\\/\\\/secure.gravatar.com\\\/avatar\\\/3ea2118a5f7dad2b7138b1187a6b7ee55f160b9968b66013c3a3ef39dd7e5798?s=96&d=mm&r=g\",\"contentUrl\":\"https:\\\/\\\/secure.gravatar.com\\\/avatar\\\/3ea2118a5f7dad2b7138b1187a6b7ee55f160b9968b66013c3a3ef39dd7e5798?s=96&d=mm&r=g\",\"caption\":\"Jeanette\"},\"sameAs\":[\"https:\\\/\\\/www.eldiario.net\\\/portal\"],\"url\":\"https:\\\/\\\/www.eldiario.net\\\/portal\\\/author\\\/jeanette\\\/\"}]}<\/script>\n<!-- \/ Yoast SEO plugin. -->","yoast_head_json":{"title":"La exposici\u00f3n, excelencia educativa - El Diario - Bolivia","robots":{"index":"index","follow":"follow","max-snippet":"max-snippet:-1","max-image-preview":"max-image-preview:large","max-video-preview":"max-video-preview:-1"},"canonical":"https:\/\/www.eldiario.net\/portal\/2022\/06\/03\/la-exposicion-excelencia-educativa\/","og_locale":"es_ES","og_type":"article","og_title":"La exposici\u00f3n, excelencia educativa - El Diario - Bolivia","og_description":"\u00bfQU\u00c9 ES LA EXPOSICI\u00d3N? Es el acto de presentar de manera oral o escrita un tema o asunto para un auditorio. En este sentido, una exposici\u00f3n puede ser una presentaci\u00f3n, una conferencia, una ponencia o un discurso e Una exposici\u00f3n consiste en desarrollar un determinado tema ante un grupo de personas. El objetivo que persigue [&hellip;]","og_url":"https:\/\/www.eldiario.net\/portal\/2022\/06\/03\/la-exposicion-excelencia-educativa\/","og_site_name":"El Diario - Bolivia","article_publisher":"https:\/\/www.facebook.com\/eldiario.bolivia\/","article_published_time":"2022-06-03T10:20:30+00:00","author":"Jeanette","twitter_card":"summary_large_image","twitter_creator":"@eldiario_net","twitter_site":"@eldiario_net","twitter_misc":{"Escrito por":"Jeanette","Tiempo de lectura":"3 minutos"},"schema":{"@context":"https:\/\/schema.org","@graph":[{"@type":"Article","@id":"https:\/\/www.eldiario.net\/portal\/2022\/06\/03\/la-exposicion-excelencia-educativa\/#article","isPartOf":{"@id":"https:\/\/www.eldiario.net\/portal\/2022\/06\/03\/la-exposicion-excelencia-educativa\/"},"author":{"name":"Jeanette","@id":"https:\/\/www.eldiario.net\/portal\/#\/schema\/person\/2c57cf2b7a7ae032e449e4c9b1019eac"},"headline":"La exposici\u00f3n, excelencia educativa","datePublished":"2022-06-03T10:20:30+00:00","mainEntityOfPage":{"@id":"https:\/\/www.eldiario.net\/portal\/2022\/06\/03\/la-exposicion-excelencia-educativa\/"},"wordCount":725,"publisher":{"@id":"https:\/\/www.eldiario.net\/portal\/#organization"},"articleSection":["Nuevos Horizontes"],"inLanguage":"es"},{"@type":"WebPage","@id":"https:\/\/www.eldiario.net\/portal\/2022\/06\/03\/la-exposicion-excelencia-educativa\/","url":"https:\/\/www.eldiario.net\/portal\/2022\/06\/03\/la-exposicion-excelencia-educativa\/","name":"La exposici\u00f3n, excelencia educativa - El Diario - Bolivia","isPartOf":{"@id":"https:\/\/www.eldiario.net\/portal\/#website"},"datePublished":"2022-06-03T10:20:30+00:00","breadcrumb":{"@id":"https:\/\/www.eldiario.net\/portal\/2022\/06\/03\/la-exposicion-excelencia-educativa\/#breadcrumb"},"inLanguage":"es","potentialAction":[{"@type":"ReadAction","target":["https:\/\/www.eldiario.net\/portal\/2022\/06\/03\/la-exposicion-excelencia-educativa\/"]}]},{"@type":"BreadcrumbList","@id":"https:\/\/www.eldiario.net\/portal\/2022\/06\/03\/la-exposicion-excelencia-educativa\/#breadcrumb","itemListElement":[{"@type":"ListItem","position":1,"name":"Portada","item":"https:\/\/www.eldiario.net\/portal\/"},{"@type":"ListItem","position":2,"name":"La exposici\u00f3n, excelencia educativa"}]},{"@type":"WebSite","@id":"https:\/\/www.eldiario.net\/portal\/#website","url":"https:\/\/www.eldiario.net\/portal\/","name":"El Diario - Decano de la prensa nacional","description":"El Diario - Decano de la prensa nacional","publisher":{"@id":"https:\/\/www.eldiario.net\/portal\/#organization"},"potentialAction":[{"@type":"SearchAction","target":{"@type":"EntryPoint","urlTemplate":"https:\/\/www.eldiario.net\/portal\/?s={search_term_string}"},"query-input":{"@type":"PropertyValueSpecification","valueRequired":true,"valueName":"search_term_string"}}],"inLanguage":"es"},{"@type":"Organization","@id":"https:\/\/www.eldiario.net\/portal\/#organization","name":"El Diario - Decano de la prensa nacional","url":"https:\/\/www.eldiario.net\/portal\/","logo":{"@type":"ImageObject","inLanguage":"es","@id":"https:\/\/www.eldiario.net\/portal\/#\/schema\/logo\/image\/","url":"https:\/\/www.eldiario.net\/portal\/wp-content\/uploads\/2023\/07\/logo_ED.jpg","contentUrl":"https:\/\/www.eldiario.net\/portal\/wp-content\/uploads\/2023\/07\/logo_ED.jpg","width":272,"height":52,"caption":"El Diario - Decano de la prensa nacional"},"image":{"@id":"https:\/\/www.eldiario.net\/portal\/#\/schema\/logo\/image\/"},"sameAs":["https:\/\/www.facebook.com\/eldiario.bolivia\/","https:\/\/x.com\/eldiario_net"]},{"@type":"Person","@id":"https:\/\/www.eldiario.net\/portal\/#\/schema\/person\/2c57cf2b7a7ae032e449e4c9b1019eac","name":"Jeanette","image":{"@type":"ImageObject","inLanguage":"es","@id":"https:\/\/secure.gravatar.com\/avatar\/3ea2118a5f7dad2b7138b1187a6b7ee55f160b9968b66013c3a3ef39dd7e5798?s=96&d=mm&r=g","url":"https:\/\/secure.gravatar.com\/avatar\/3ea2118a5f7dad2b7138b1187a6b7ee55f160b9968b66013c3a3ef39dd7e5798?s=96&d=mm&r=g","contentUrl":"https:\/\/secure.gravatar.com\/avatar\/3ea2118a5f7dad2b7138b1187a6b7ee55f160b9968b66013c3a3ef39dd7e5798?s=96&d=mm&r=g","caption":"Jeanette"},"sameAs":["https:\/\/www.eldiario.net\/portal"],"url":"https:\/\/www.eldiario.net\/portal\/author\/jeanette\/"}]}},"_links":{"self":[{"href":"https:\/\/www.eldiario.net\/portal\/wp-json\/wp\/v2\/posts\/88058","targetHints":{"allow":["GET"]}}],"collection":[{"href":"https:\/\/www.eldiario.net\/portal\/wp-json\/wp\/v2\/posts"}],"about":[{"href":"https:\/\/www.eldiario.net\/portal\/wp-json\/wp\/v2\/types\/post"}],"author":[{"embeddable":true,"href":"https:\/\/www.eldiario.net\/portal\/wp-json\/wp\/v2\/users\/1"}],"replies":[{"embeddable":true,"href":"https:\/\/www.eldiario.net\/portal\/wp-json\/wp\/v2\/comments?post=88058"}],"version-history":[{"count":0,"href":"https:\/\/www.eldiario.net\/portal\/wp-json\/wp\/v2\/posts\/88058\/revisions"}],"wp:attachment":[{"href":"https:\/\/www.eldiario.net\/portal\/wp-json\/wp\/v2\/media?parent=88058"}],"wp:term":[{"taxonomy":"category","embeddable":true,"href":"https:\/\/www.eldiario.net\/portal\/wp-json\/wp\/v2\/categories?post=88058"},{"taxonomy":"post_tag","embeddable":true,"href":"https:\/\/www.eldiario.net\/portal\/wp-json\/wp\/v2\/tags?post=88058"}],"curies":[{"name":"wp","href":"https:\/\/api.w.org\/{rel}","templated":true}]}}