{"id":8805,"date":"2021-06-07T05:48:12","date_gmt":"2021-06-07T09:48:12","guid":{"rendered":"https:\/\/www.eldiario.net\/portal\/?p=8805"},"modified":"2021-06-07T05:48:12","modified_gmt":"2021-06-07T09:48:12","slug":"whatsapp-retrocede-y-cede-ante-polemica","status":"publish","type":"post","link":"https:\/\/www.eldiario.net\/portal\/2021\/06\/07\/whatsapp-retrocede-y-cede-ante-polemica\/","title":{"rendered":"WhatsApp retrocede y cede ante pol\u00e9mica"},"content":{"rendered":"<p>Luego de toda la pol\u00e9mica desatada tras la \u00faltima actualizaci\u00f3n de los t\u00e9rminos de uso, WhatsApp rectifica y ya no limita tu cuenta si no aceptas condiciones.<br \/>\nUna de las medidas que m\u00e1s pol\u00e9mica hab\u00eda desatado tras la \u00faltima actualizaci\u00f3n de sus t\u00e9rminos de uso ha quedado en el olvido. Tres semanas despu\u00e9s de que entrara en vigor qued\u00f3 sin efecto tras una severa advertencia que llev\u00f3 a muchos usuarios a aceptar los cambios ante la posibilidad de ver limitada su capacidad de uso del servicio.<br \/>\nEste cambio significa que podr\u00e1s seguir usando tu cuenta de WhatsApp sin ning\u00fan problema incluso si no aceptaste esta actualizaci\u00f3n de su pol\u00edtica de privacidad que se lanz\u00f3 el 15 de mayo, salvo que la empresa saque una nueva rectificaci\u00f3n.<br \/>\nRecordemos que la aplicaci\u00f3n de mensajer\u00eda instant\u00e1nea comunic\u00f3 que limitar\u00eda progresivamente las funciones de aquellos que no aceptaran su nueva pol\u00edtica de privacidad.<br \/>\nEn su secci\u00f3n de preguntas frecuentes, WhatsApp comunia que \u201cno se eliminar\u00e1 la cuenta de ning\u00fan usuario ni se quitar\u00e1 el acceso a las funciones de WhatsApp el 15 de mayo debido a esta actualizaci\u00f3n\u201d, algo provocado por todas las cr\u00edticas recibidas desde que se conoci\u00f3 la medida. En un comunicado, el servicio propiedad de Facebook reconoci\u00f3 que este cambio de parecer se ha producido tras varios debates con autoridades y expertos en privacidad.<br \/>\nLa pol\u00e9mica empez\u00f3 a originarse en el mes de enero, cuando empezaron a conocerse los cambios que iban a producirse para aquellos usuarios que utilizaran el servicio Whatsapp Business. Las nuevas funciones de esta herramienta que muchos utilizan para comunicarse con sus clientes pasaron a depender mucho m\u00e1s de Facebook, la propietaria de WhatsApp, lo que empez\u00f3 a generar preocupaci\u00f3n por la influencia que pod\u00eda tener el uso que se hiciera de los datos de WhatsApp en Facebook y los anuncios que \u00e9sta ofrece. No obstante, la nueva pol\u00edtica de privacidad de WhatsApp seguir\u00e1 haci\u00e9ndose notar por medio de avisos puntuales para los usuarios que no la hubi\u00e9semos aceptado.<\/p>\n","protected":false},"excerpt":{"rendered":"<p>Luego de toda la pol\u00e9mica desatada tras la \u00faltima actualizaci\u00f3n de los t\u00e9rminos de uso, WhatsApp rectifica y ya no limita tu cuenta si no aceptas condiciones. Una de las medidas que m\u00e1s pol\u00e9mica hab\u00eda desatado tras la \u00faltima actualizaci\u00f3n de sus t\u00e9rminos de uso ha quedado en el olvido. Tres semanas despu\u00e9s de que [&hellip;]<\/p>\n","protected":false},"author":1,"featured_media":8806,"comment_status":"closed","ping_status":"closed","sticky":false,"template":"","format":"standard","meta":{"_acf_changed":false,"footnotes":""},"categories":[46],"tags":[],"class_list":["post-8805","post","type-post","status-publish","format-standard","has-post-thumbnail","category-ciencia-computacion"],"acf":{"antetitulo":""},"yoast_head":"<!-- This site is optimized with the Yoast SEO plugin v28.4 - https:\/\/yoast.com\/product\/yoast-seo-wordpress\/ -->\n<title>WhatsApp retrocede y cede ante pol\u00e9mica - El Diario - Bolivia<\/title>\n<meta name=\"robots\" content=\"index, follow, max-snippet:-1, max-image-preview:large, max-video-preview:-1\" \/>\n<link rel=\"canonical\" href=\"https:\/\/www.eldiario.net\/portal\/2021\/06\/07\/whatsapp-retrocede-y-cede-ante-polemica\/\" \/>\n<meta property=\"og:locale\" content=\"es_ES\" \/>\n<meta property=\"og:type\" content=\"article\" \/>\n<meta property=\"og:title\" content=\"WhatsApp retrocede y cede ante pol\u00e9mica - El Diario - Bolivia\" \/>\n<meta property=\"og:description\" content=\"Luego de toda la pol\u00e9mica desatada tras la \u00faltima actualizaci\u00f3n de los t\u00e9rminos de uso, WhatsApp rectifica y ya no limita tu cuenta si no aceptas condiciones. Una de las medidas que m\u00e1s pol\u00e9mica hab\u00eda desatado tras la \u00faltima actualizaci\u00f3n de sus t\u00e9rminos de uso ha quedado en el olvido. Tres semanas despu\u00e9s de que [&hellip;]\" \/>\n<meta property=\"og:url\" content=\"https:\/\/www.eldiario.net\/portal\/2021\/06\/07\/whatsapp-retrocede-y-cede-ante-polemica\/\" \/>\n<meta property=\"og:site_name\" content=\"El Diario - Bolivia\" \/>\n<meta property=\"article:publisher\" content=\"https:\/\/www.facebook.com\/eldiario.bolivia\/\" \/>\n<meta property=\"article:published_time\" content=\"2021-06-07T09:48:12+00:00\" \/>\n<meta property=\"og:image\" content=\"https:\/\/www.eldiario.net\/portal\/wp-content\/uploads\/2021\/06\/6-A.jpg\" \/>\n\t<meta property=\"og:image:width\" content=\"1\" \/>\n\t<meta property=\"og:image:height\" content=\"1\" \/>\n\t<meta property=\"og:image:type\" content=\"image\/jpeg\" \/>\n<meta name=\"author\" content=\"Jeanette\" \/>\n<meta name=\"twitter:card\" content=\"summary_large_image\" \/>\n<meta name=\"twitter:creator\" content=\"@eldiario_net\" \/>\n<meta name=\"twitter:site\" content=\"@eldiario_net\" \/>\n<meta name=\"twitter:label1\" content=\"Escrito por\" \/>\n\t<meta name=\"twitter:data1\" content=\"Jeanette\" \/>\n\t<meta name=\"twitter:label2\" content=\"Tiempo de lectura\" \/>\n\t<meta name=\"twitter:data2\" content=\"2 minutos\" \/>\n<script type=\"application\/ld+json\" class=\"yoast-schema-graph\">{\"@context\":\"https:\\\/\\\/schema.org\",\"@graph\":[{\"@type\":\"Article\",\"@id\":\"https:\\\/\\\/www.eldiario.net\\\/portal\\\/2021\\\/06\\\/07\\\/whatsapp-retrocede-y-cede-ante-polemica\\\/#article\",\"isPartOf\":{\"@id\":\"https:\\\/\\\/www.eldiario.net\\\/portal\\\/2021\\\/06\\\/07\\\/whatsapp-retrocede-y-cede-ante-polemica\\\/\"},\"author\":{\"name\":\"Jeanette\",\"@id\":\"https:\\\/\\\/www.eldiario.net\\\/portal\\\/#\\\/schema\\\/person\\\/2c57cf2b7a7ae032e449e4c9b1019eac\"},\"headline\":\"WhatsApp retrocede y cede ante pol\u00e9mica\",\"datePublished\":\"2021-06-07T09:48:12+00:00\",\"mainEntityOfPage\":{\"@id\":\"https:\\\/\\\/www.eldiario.net\\\/portal\\\/2021\\\/06\\\/07\\\/whatsapp-retrocede-y-cede-ante-polemica\\\/\"},\"wordCount\":367,\"publisher\":{\"@id\":\"https:\\\/\\\/www.eldiario.net\\\/portal\\\/#organization\"},\"image\":{\"@id\":\"https:\\\/\\\/www.eldiario.net\\\/portal\\\/2021\\\/06\\\/07\\\/whatsapp-retrocede-y-cede-ante-polemica\\\/#primaryimage\"},\"thumbnailUrl\":\"https:\\\/\\\/www.eldiario.net\\\/portal\\\/wp-content\\\/uploads\\\/2021\\\/06\\\/6-A.jpg\",\"articleSection\":[\"Ciencia y Computaci\u00f3n\"],\"inLanguage\":\"es\"},{\"@type\":\"WebPage\",\"@id\":\"https:\\\/\\\/www.eldiario.net\\\/portal\\\/2021\\\/06\\\/07\\\/whatsapp-retrocede-y-cede-ante-polemica\\\/\",\"url\":\"https:\\\/\\\/www.eldiario.net\\\/portal\\\/2021\\\/06\\\/07\\\/whatsapp-retrocede-y-cede-ante-polemica\\\/\",\"name\":\"WhatsApp retrocede y cede ante pol\u00e9mica - El Diario - Bolivia\",\"isPartOf\":{\"@id\":\"https:\\\/\\\/www.eldiario.net\\\/portal\\\/#website\"},\"primaryImageOfPage\":{\"@id\":\"https:\\\/\\\/www.eldiario.net\\\/portal\\\/2021\\\/06\\\/07\\\/whatsapp-retrocede-y-cede-ante-polemica\\\/#primaryimage\"},\"image\":{\"@id\":\"https:\\\/\\\/www.eldiario.net\\\/portal\\\/2021\\\/06\\\/07\\\/whatsapp-retrocede-y-cede-ante-polemica\\\/#primaryimage\"},\"thumbnailUrl\":\"https:\\\/\\\/www.eldiario.net\\\/portal\\\/wp-content\\\/uploads\\\/2021\\\/06\\\/6-A.jpg\",\"datePublished\":\"2021-06-07T09:48:12+00:00\",\"breadcrumb\":{\"@id\":\"https:\\\/\\\/www.eldiario.net\\\/portal\\\/2021\\\/06\\\/07\\\/whatsapp-retrocede-y-cede-ante-polemica\\\/#breadcrumb\"},\"inLanguage\":\"es\",\"potentialAction\":[{\"@type\":\"ReadAction\",\"target\":[\"https:\\\/\\\/www.eldiario.net\\\/portal\\\/2021\\\/06\\\/07\\\/whatsapp-retrocede-y-cede-ante-polemica\\\/\"]}]},{\"@type\":\"ImageObject\",\"inLanguage\":\"es\",\"@id\":\"https:\\\/\\\/www.eldiario.net\\\/portal\\\/2021\\\/06\\\/07\\\/whatsapp-retrocede-y-cede-ante-polemica\\\/#primaryimage\",\"url\":\"https:\\\/\\\/www.eldiario.net\\\/portal\\\/wp-content\\\/uploads\\\/2021\\\/06\\\/6-A.jpg\",\"contentUrl\":\"https:\\\/\\\/www.eldiario.net\\\/portal\\\/wp-content\\\/uploads\\\/2021\\\/06\\\/6-A.jpg\"},{\"@type\":\"BreadcrumbList\",\"@id\":\"https:\\\/\\\/www.eldiario.net\\\/portal\\\/2021\\\/06\\\/07\\\/whatsapp-retrocede-y-cede-ante-polemica\\\/#breadcrumb\",\"itemListElement\":[{\"@type\":\"ListItem\",\"position\":1,\"name\":\"Portada\",\"item\":\"https:\\\/\\\/www.eldiario.net\\\/portal\\\/\"},{\"@type\":\"ListItem\",\"position\":2,\"name\":\"WhatsApp retrocede y cede ante pol\u00e9mica\"}]},{\"@type\":\"WebSite\",\"@id\":\"https:\\\/\\\/www.eldiario.net\\\/portal\\\/#website\",\"url\":\"https:\\\/\\\/www.eldiario.net\\\/portal\\\/\",\"name\":\"El Diario - Decano de la prensa nacional\",\"description\":\"El Diario - Decano de la prensa nacional\",\"publisher\":{\"@id\":\"https:\\\/\\\/www.eldiario.net\\\/portal\\\/#organization\"},\"potentialAction\":[{\"@type\":\"SearchAction\",\"target\":{\"@type\":\"EntryPoint\",\"urlTemplate\":\"https:\\\/\\\/www.eldiario.net\\\/portal\\\/?s={search_term_string}\"},\"query-input\":{\"@type\":\"PropertyValueSpecification\",\"valueRequired\":true,\"valueName\":\"search_term_string\"}}],\"inLanguage\":\"es\"},{\"@type\":\"Organization\",\"@id\":\"https:\\\/\\\/www.eldiario.net\\\/portal\\\/#organization\",\"name\":\"El Diario - Decano de la prensa nacional\",\"url\":\"https:\\\/\\\/www.eldiario.net\\\/portal\\\/\",\"logo\":{\"@type\":\"ImageObject\",\"inLanguage\":\"es\",\"@id\":\"https:\\\/\\\/www.eldiario.net\\\/portal\\\/#\\\/schema\\\/logo\\\/image\\\/\",\"url\":\"https:\\\/\\\/www.eldiario.net\\\/portal\\\/wp-content\\\/uploads\\\/2023\\\/07\\\/logo_ED.jpg\",\"contentUrl\":\"https:\\\/\\\/www.eldiario.net\\\/portal\\\/wp-content\\\/uploads\\\/2023\\\/07\\\/logo_ED.jpg\",\"width\":272,\"height\":52,\"caption\":\"El Diario - Decano de la prensa nacional\"},\"image\":{\"@id\":\"https:\\\/\\\/www.eldiario.net\\\/portal\\\/#\\\/schema\\\/logo\\\/image\\\/\"},\"sameAs\":[\"https:\\\/\\\/www.facebook.com\\\/eldiario.bolivia\\\/\",\"https:\\\/\\\/x.com\\\/eldiario_net\"]},{\"@type\":\"Person\",\"@id\":\"https:\\\/\\\/www.eldiario.net\\\/portal\\\/#\\\/schema\\\/person\\\/2c57cf2b7a7ae032e449e4c9b1019eac\",\"name\":\"Jeanette\",\"image\":{\"@type\":\"ImageObject\",\"inLanguage\":\"es\",\"@id\":\"https:\\\/\\\/secure.gravatar.com\\\/avatar\\\/3ea2118a5f7dad2b7138b1187a6b7ee55f160b9968b66013c3a3ef39dd7e5798?s=96&d=mm&r=g\",\"url\":\"https:\\\/\\\/secure.gravatar.com\\\/avatar\\\/3ea2118a5f7dad2b7138b1187a6b7ee55f160b9968b66013c3a3ef39dd7e5798?s=96&d=mm&r=g\",\"contentUrl\":\"https:\\\/\\\/secure.gravatar.com\\\/avatar\\\/3ea2118a5f7dad2b7138b1187a6b7ee55f160b9968b66013c3a3ef39dd7e5798?s=96&d=mm&r=g\",\"caption\":\"Jeanette\"},\"sameAs\":[\"https:\\\/\\\/www.eldiario.net\\\/portal\"],\"url\":\"https:\\\/\\\/www.eldiario.net\\\/portal\\\/author\\\/jeanette\\\/\"}]}<\/script>\n<!-- \/ Yoast SEO plugin. -->","yoast_head_json":{"title":"WhatsApp retrocede y cede ante pol\u00e9mica - El Diario - Bolivia","robots":{"index":"index","follow":"follow","max-snippet":"max-snippet:-1","max-image-preview":"max-image-preview:large","max-video-preview":"max-video-preview:-1"},"canonical":"https:\/\/www.eldiario.net\/portal\/2021\/06\/07\/whatsapp-retrocede-y-cede-ante-polemica\/","og_locale":"es_ES","og_type":"article","og_title":"WhatsApp retrocede y cede ante pol\u00e9mica - El Diario - Bolivia","og_description":"Luego de toda la pol\u00e9mica desatada tras la \u00faltima actualizaci\u00f3n de los t\u00e9rminos de uso, WhatsApp rectifica y ya no limita tu cuenta si no aceptas condiciones. Una de las medidas que m\u00e1s pol\u00e9mica hab\u00eda desatado tras la \u00faltima actualizaci\u00f3n de sus t\u00e9rminos de uso ha quedado en el olvido. Tres semanas despu\u00e9s de que [&hellip;]","og_url":"https:\/\/www.eldiario.net\/portal\/2021\/06\/07\/whatsapp-retrocede-y-cede-ante-polemica\/","og_site_name":"El Diario - Bolivia","article_publisher":"https:\/\/www.facebook.com\/eldiario.bolivia\/","article_published_time":"2021-06-07T09:48:12+00:00","og_image":[{"url":"https:\/\/www.eldiario.net\/portal\/wp-content\/uploads\/2021\/06\/6-A.jpg","width":1,"height":1,"type":"image\/jpeg"}],"author":"Jeanette","twitter_card":"summary_large_image","twitter_creator":"@eldiario_net","twitter_site":"@eldiario_net","twitter_misc":{"Escrito por":"Jeanette","Tiempo de lectura":"2 minutos"},"schema":{"@context":"https:\/\/schema.org","@graph":[{"@type":"Article","@id":"https:\/\/www.eldiario.net\/portal\/2021\/06\/07\/whatsapp-retrocede-y-cede-ante-polemica\/#article","isPartOf":{"@id":"https:\/\/www.eldiario.net\/portal\/2021\/06\/07\/whatsapp-retrocede-y-cede-ante-polemica\/"},"author":{"name":"Jeanette","@id":"https:\/\/www.eldiario.net\/portal\/#\/schema\/person\/2c57cf2b7a7ae032e449e4c9b1019eac"},"headline":"WhatsApp retrocede y cede ante pol\u00e9mica","datePublished":"2021-06-07T09:48:12+00:00","mainEntityOfPage":{"@id":"https:\/\/www.eldiario.net\/portal\/2021\/06\/07\/whatsapp-retrocede-y-cede-ante-polemica\/"},"wordCount":367,"publisher":{"@id":"https:\/\/www.eldiario.net\/portal\/#organization"},"image":{"@id":"https:\/\/www.eldiario.net\/portal\/2021\/06\/07\/whatsapp-retrocede-y-cede-ante-polemica\/#primaryimage"},"thumbnailUrl":"https:\/\/www.eldiario.net\/portal\/wp-content\/uploads\/2021\/06\/6-A.jpg","articleSection":["Ciencia y Computaci\u00f3n"],"inLanguage":"es"},{"@type":"WebPage","@id":"https:\/\/www.eldiario.net\/portal\/2021\/06\/07\/whatsapp-retrocede-y-cede-ante-polemica\/","url":"https:\/\/www.eldiario.net\/portal\/2021\/06\/07\/whatsapp-retrocede-y-cede-ante-polemica\/","name":"WhatsApp retrocede y cede ante pol\u00e9mica - El Diario - Bolivia","isPartOf":{"@id":"https:\/\/www.eldiario.net\/portal\/#website"},"primaryImageOfPage":{"@id":"https:\/\/www.eldiario.net\/portal\/2021\/06\/07\/whatsapp-retrocede-y-cede-ante-polemica\/#primaryimage"},"image":{"@id":"https:\/\/www.eldiario.net\/portal\/2021\/06\/07\/whatsapp-retrocede-y-cede-ante-polemica\/#primaryimage"},"thumbnailUrl":"https:\/\/www.eldiario.net\/portal\/wp-content\/uploads\/2021\/06\/6-A.jpg","datePublished":"2021-06-07T09:48:12+00:00","breadcrumb":{"@id":"https:\/\/www.eldiario.net\/portal\/2021\/06\/07\/whatsapp-retrocede-y-cede-ante-polemica\/#breadcrumb"},"inLanguage":"es","potentialAction":[{"@type":"ReadAction","target":["https:\/\/www.eldiario.net\/portal\/2021\/06\/07\/whatsapp-retrocede-y-cede-ante-polemica\/"]}]},{"@type":"ImageObject","inLanguage":"es","@id":"https:\/\/www.eldiario.net\/portal\/2021\/06\/07\/whatsapp-retrocede-y-cede-ante-polemica\/#primaryimage","url":"https:\/\/www.eldiario.net\/portal\/wp-content\/uploads\/2021\/06\/6-A.jpg","contentUrl":"https:\/\/www.eldiario.net\/portal\/wp-content\/uploads\/2021\/06\/6-A.jpg"},{"@type":"BreadcrumbList","@id":"https:\/\/www.eldiario.net\/portal\/2021\/06\/07\/whatsapp-retrocede-y-cede-ante-polemica\/#breadcrumb","itemListElement":[{"@type":"ListItem","position":1,"name":"Portada","item":"https:\/\/www.eldiario.net\/portal\/"},{"@type":"ListItem","position":2,"name":"WhatsApp retrocede y cede ante pol\u00e9mica"}]},{"@type":"WebSite","@id":"https:\/\/www.eldiario.net\/portal\/#website","url":"https:\/\/www.eldiario.net\/portal\/","name":"El Diario - Decano de la prensa nacional","description":"El Diario - Decano de la prensa nacional","publisher":{"@id":"https:\/\/www.eldiario.net\/portal\/#organization"},"potentialAction":[{"@type":"SearchAction","target":{"@type":"EntryPoint","urlTemplate":"https:\/\/www.eldiario.net\/portal\/?s={search_term_string}"},"query-input":{"@type":"PropertyValueSpecification","valueRequired":true,"valueName":"search_term_string"}}],"inLanguage":"es"},{"@type":"Organization","@id":"https:\/\/www.eldiario.net\/portal\/#organization","name":"El Diario - Decano de la prensa nacional","url":"https:\/\/www.eldiario.net\/portal\/","logo":{"@type":"ImageObject","inLanguage":"es","@id":"https:\/\/www.eldiario.net\/portal\/#\/schema\/logo\/image\/","url":"https:\/\/www.eldiario.net\/portal\/wp-content\/uploads\/2023\/07\/logo_ED.jpg","contentUrl":"https:\/\/www.eldiario.net\/portal\/wp-content\/uploads\/2023\/07\/logo_ED.jpg","width":272,"height":52,"caption":"El Diario - Decano de la prensa nacional"},"image":{"@id":"https:\/\/www.eldiario.net\/portal\/#\/schema\/logo\/image\/"},"sameAs":["https:\/\/www.facebook.com\/eldiario.bolivia\/","https:\/\/x.com\/eldiario_net"]},{"@type":"Person","@id":"https:\/\/www.eldiario.net\/portal\/#\/schema\/person\/2c57cf2b7a7ae032e449e4c9b1019eac","name":"Jeanette","image":{"@type":"ImageObject","inLanguage":"es","@id":"https:\/\/secure.gravatar.com\/avatar\/3ea2118a5f7dad2b7138b1187a6b7ee55f160b9968b66013c3a3ef39dd7e5798?s=96&d=mm&r=g","url":"https:\/\/secure.gravatar.com\/avatar\/3ea2118a5f7dad2b7138b1187a6b7ee55f160b9968b66013c3a3ef39dd7e5798?s=96&d=mm&r=g","contentUrl":"https:\/\/secure.gravatar.com\/avatar\/3ea2118a5f7dad2b7138b1187a6b7ee55f160b9968b66013c3a3ef39dd7e5798?s=96&d=mm&r=g","caption":"Jeanette"},"sameAs":["https:\/\/www.eldiario.net\/portal"],"url":"https:\/\/www.eldiario.net\/portal\/author\/jeanette\/"}]}},"_links":{"self":[{"href":"https:\/\/www.eldiario.net\/portal\/wp-json\/wp\/v2\/posts\/8805","targetHints":{"allow":["GET"]}}],"collection":[{"href":"https:\/\/www.eldiario.net\/portal\/wp-json\/wp\/v2\/posts"}],"about":[{"href":"https:\/\/www.eldiario.net\/portal\/wp-json\/wp\/v2\/types\/post"}],"author":[{"embeddable":true,"href":"https:\/\/www.eldiario.net\/portal\/wp-json\/wp\/v2\/users\/1"}],"replies":[{"embeddable":true,"href":"https:\/\/www.eldiario.net\/portal\/wp-json\/wp\/v2\/comments?post=8805"}],"version-history":[{"count":0,"href":"https:\/\/www.eldiario.net\/portal\/wp-json\/wp\/v2\/posts\/8805\/revisions"}],"wp:featuredmedia":[{"embeddable":true,"href":"https:\/\/www.eldiario.net\/portal\/wp-json\/wp\/v2\/media\/8806"}],"wp:attachment":[{"href":"https:\/\/www.eldiario.net\/portal\/wp-json\/wp\/v2\/media?parent=8805"}],"wp:term":[{"taxonomy":"category","embeddable":true,"href":"https:\/\/www.eldiario.net\/portal\/wp-json\/wp\/v2\/categories?post=8805"},{"taxonomy":"post_tag","embeddable":true,"href":"https:\/\/www.eldiario.net\/portal\/wp-json\/wp\/v2\/tags?post=8805"}],"curies":[{"name":"wp","href":"https:\/\/api.w.org\/{rel}","templated":true}]}}