{"id":8793,"date":"2021-06-07T05:43:58","date_gmt":"2021-06-07T09:43:58","guid":{"rendered":"https:\/\/www.eldiario.net\/portal\/?p=8793"},"modified":"2021-06-07T05:43:58","modified_gmt":"2021-06-07T09:43:58","slug":"la-pantalla-elastica-que-podria-cambiar-los-dispositivos-tecnologicos","status":"publish","type":"post","link":"https:\/\/www.eldiario.net\/portal\/2021\/06\/07\/la-pantalla-elastica-que-podria-cambiar-los-dispositivos-tecnologicos\/","title":{"rendered":"La pantalla el\u00e1stica que podr\u00eda cambiar los dispositivos tecnol\u00f3gicos"},"content":{"rendered":"<p>Royole es el fabricante del primer tel\u00e9fono plegable de la historia. La compa\u00f1\u00eda present\u00f3 una nueva tecnolog\u00eda de pantalla el\u00e1stica que puede estirarse, contorsionarse y manipularse a tu antojo.<\/p>\n<p>Esta tecnolog\u00eda fue presentada en la SID Display Week, funciona tambi\u00e9n para pantallas mini-LED, una tecnolog\u00eda que incrementa el contraste de las pantallas LCD para aproximarse o superar a las OLED.<\/p>\n<p>Royole present\u00f3 algunos ejemplos de uso de su pantalla extensible y algunas im\u00e1genes. Seg\u00fan la empresa china, su pantalla \u201cinspirar\u00e1 un mundo de nuevos dise\u00f1os que requieren cualidades el\u00e1sticas, como en la industria m\u00e9dica, los deportes, la moda y el transporte inteligente\u201d.<\/p>\n<p>Con el uso de esta tecnolog\u00eda podremos ver bandas de fitness que se ajustan mejor a las mu\u00f1ecas de diferentes tipos de cuerpo. Tambi\u00e9n ropa inteligente con pantallas integradas en el tejido.<\/p>\n<p>Otro ejemplo que da Royole: \u201cherramientas topogr\u00e1ficas como globos terr\u00e1queos o mapas que puedan mostrar detalles geogr\u00e1ficos, hist\u00f3ricos y culturales en una sola soluci\u00f3n\u201d, una aplicaci\u00f3n genial para fines cient\u00edficos y educativos.<\/p>\n<p>Por el momento no hay un plan determinado para construir el primer gadget con pantalla el\u00e1stica, algo que tiene sentido porque estos desarrollos de vanguardia tardan a\u00f1os en llegar a los productos de consumo. Probablemente la primera marca que lo adopte ser\u00e1 la propia Royole.<\/p>\n<p>El prototipo de pantalla que Royole present\u00f3 tiene un tama\u00f1o de 2,7 pulgadas y una resoluci\u00f3n de 96 x 60 Pixels. Es m\u00e1s grande que un smartwatch normal, pero no tan grande como un smartphone o una tableta.<\/p>\n<p>La pantalla el\u00e1stica de Royole suena un poco como la del smartwatch Nubia Alpha. Ese gadget ten\u00eda una pantalla curvada que pod\u00eda flexionarse un poco, pero la tecnolog\u00eda de pantalla de Royole es mucho m\u00e1s flexible<\/p>\n<p>Probablemente tendremos que esperar bastante tiempo para verla en un producto, pero esperamos que la espera merezca la pena.<\/p>\n","protected":false},"excerpt":{"rendered":"<p>Royole es el fabricante del primer tel\u00e9fono plegable de la historia. La compa\u00f1\u00eda present\u00f3 una nueva tecnolog\u00eda de pantalla el\u00e1stica que puede estirarse, contorsionarse y manipularse a tu antojo. Esta tecnolog\u00eda fue presentada en la SID Display Week, funciona tambi\u00e9n para pantallas mini-LED, una tecnolog\u00eda que incrementa el contraste de las pantallas LCD para aproximarse [&hellip;]<\/p>\n","protected":false},"author":1,"featured_media":8794,"comment_status":"closed","ping_status":"closed","sticky":false,"template":"","format":"standard","meta":{"_acf_changed":false,"footnotes":""},"categories":[46],"tags":[],"class_list":["post-8793","post","type-post","status-publish","format-standard","has-post-thumbnail","category-ciencia-computacion"],"acf":{"antetitulo":""},"yoast_head":"<!-- This site is optimized with the Yoast SEO plugin v28.4 - https:\/\/yoast.com\/product\/yoast-seo-wordpress\/ -->\n<title>La pantalla el\u00e1stica que podr\u00eda cambiar los dispositivos tecnol\u00f3gicos - El Diario - Bolivia<\/title>\n<meta name=\"robots\" content=\"index, follow, max-snippet:-1, max-image-preview:large, max-video-preview:-1\" \/>\n<link rel=\"canonical\" href=\"https:\/\/www.eldiario.net\/portal\/2021\/06\/07\/la-pantalla-elastica-que-podria-cambiar-los-dispositivos-tecnologicos\/\" \/>\n<meta property=\"og:locale\" content=\"es_ES\" \/>\n<meta property=\"og:type\" content=\"article\" \/>\n<meta property=\"og:title\" content=\"La pantalla el\u00e1stica que podr\u00eda cambiar los dispositivos tecnol\u00f3gicos - El Diario - Bolivia\" \/>\n<meta property=\"og:description\" content=\"Royole es el fabricante del primer tel\u00e9fono plegable de la historia. La compa\u00f1\u00eda present\u00f3 una nueva tecnolog\u00eda de pantalla el\u00e1stica que puede estirarse, contorsionarse y manipularse a tu antojo. Esta tecnolog\u00eda fue presentada en la SID Display Week, funciona tambi\u00e9n para pantallas mini-LED, una tecnolog\u00eda que incrementa el contraste de las pantallas LCD para aproximarse [&hellip;]\" \/>\n<meta property=\"og:url\" content=\"https:\/\/www.eldiario.net\/portal\/2021\/06\/07\/la-pantalla-elastica-que-podria-cambiar-los-dispositivos-tecnologicos\/\" \/>\n<meta property=\"og:site_name\" content=\"El Diario - Bolivia\" \/>\n<meta property=\"article:publisher\" content=\"https:\/\/www.facebook.com\/eldiario.bolivia\/\" \/>\n<meta property=\"article:published_time\" content=\"2021-06-07T09:43:58+00:00\" \/>\n<meta name=\"author\" content=\"Jeanette\" \/>\n<meta name=\"twitter:card\" content=\"summary_large_image\" \/>\n<meta name=\"twitter:creator\" content=\"@eldiario_net\" \/>\n<meta name=\"twitter:site\" content=\"@eldiario_net\" \/>\n<meta name=\"twitter:label1\" content=\"Escrito por\" \/>\n\t<meta name=\"twitter:data1\" content=\"Jeanette\" \/>\n\t<meta name=\"twitter:label2\" content=\"Tiempo de lectura\" \/>\n\t<meta name=\"twitter:data2\" content=\"2 minutos\" \/>\n<script type=\"application\/ld+json\" class=\"yoast-schema-graph\">{\"@context\":\"https:\\\/\\\/schema.org\",\"@graph\":[{\"@type\":\"Article\",\"@id\":\"https:\\\/\\\/www.eldiario.net\\\/portal\\\/2021\\\/06\\\/07\\\/la-pantalla-elastica-que-podria-cambiar-los-dispositivos-tecnologicos\\\/#article\",\"isPartOf\":{\"@id\":\"https:\\\/\\\/www.eldiario.net\\\/portal\\\/2021\\\/06\\\/07\\\/la-pantalla-elastica-que-podria-cambiar-los-dispositivos-tecnologicos\\\/\"},\"author\":{\"name\":\"Jeanette\",\"@id\":\"https:\\\/\\\/www.eldiario.net\\\/portal\\\/#\\\/schema\\\/person\\\/2c57cf2b7a7ae032e449e4c9b1019eac\"},\"headline\":\"La pantalla el\u00e1stica que podr\u00eda cambiar los dispositivos tecnol\u00f3gicos\",\"datePublished\":\"2021-06-07T09:43:58+00:00\",\"mainEntityOfPage\":{\"@id\":\"https:\\\/\\\/www.eldiario.net\\\/portal\\\/2021\\\/06\\\/07\\\/la-pantalla-elastica-que-podria-cambiar-los-dispositivos-tecnologicos\\\/\"},\"wordCount\":345,\"publisher\":{\"@id\":\"https:\\\/\\\/www.eldiario.net\\\/portal\\\/#organization\"},\"image\":{\"@id\":\"https:\\\/\\\/www.eldiario.net\\\/portal\\\/2021\\\/06\\\/07\\\/la-pantalla-elastica-que-podria-cambiar-los-dispositivos-tecnologicos\\\/#primaryimage\"},\"thumbnailUrl\":\"\",\"articleSection\":[\"Ciencia y Computaci\u00f3n\"],\"inLanguage\":\"es\"},{\"@type\":\"WebPage\",\"@id\":\"https:\\\/\\\/www.eldiario.net\\\/portal\\\/2021\\\/06\\\/07\\\/la-pantalla-elastica-que-podria-cambiar-los-dispositivos-tecnologicos\\\/\",\"url\":\"https:\\\/\\\/www.eldiario.net\\\/portal\\\/2021\\\/06\\\/07\\\/la-pantalla-elastica-que-podria-cambiar-los-dispositivos-tecnologicos\\\/\",\"name\":\"La pantalla el\u00e1stica que podr\u00eda cambiar los dispositivos tecnol\u00f3gicos - El Diario - Bolivia\",\"isPartOf\":{\"@id\":\"https:\\\/\\\/www.eldiario.net\\\/portal\\\/#website\"},\"primaryImageOfPage\":{\"@id\":\"https:\\\/\\\/www.eldiario.net\\\/portal\\\/2021\\\/06\\\/07\\\/la-pantalla-elastica-que-podria-cambiar-los-dispositivos-tecnologicos\\\/#primaryimage\"},\"image\":{\"@id\":\"https:\\\/\\\/www.eldiario.net\\\/portal\\\/2021\\\/06\\\/07\\\/la-pantalla-elastica-que-podria-cambiar-los-dispositivos-tecnologicos\\\/#primaryimage\"},\"thumbnailUrl\":\"\",\"datePublished\":\"2021-06-07T09:43:58+00:00\",\"breadcrumb\":{\"@id\":\"https:\\\/\\\/www.eldiario.net\\\/portal\\\/2021\\\/06\\\/07\\\/la-pantalla-elastica-que-podria-cambiar-los-dispositivos-tecnologicos\\\/#breadcrumb\"},\"inLanguage\":\"es\",\"potentialAction\":[{\"@type\":\"ReadAction\",\"target\":[\"https:\\\/\\\/www.eldiario.net\\\/portal\\\/2021\\\/06\\\/07\\\/la-pantalla-elastica-que-podria-cambiar-los-dispositivos-tecnologicos\\\/\"]}]},{\"@type\":\"ImageObject\",\"inLanguage\":\"es\",\"@id\":\"https:\\\/\\\/www.eldiario.net\\\/portal\\\/2021\\\/06\\\/07\\\/la-pantalla-elastica-que-podria-cambiar-los-dispositivos-tecnologicos\\\/#primaryimage\",\"url\":\"\",\"contentUrl\":\"\"},{\"@type\":\"BreadcrumbList\",\"@id\":\"https:\\\/\\\/www.eldiario.net\\\/portal\\\/2021\\\/06\\\/07\\\/la-pantalla-elastica-que-podria-cambiar-los-dispositivos-tecnologicos\\\/#breadcrumb\",\"itemListElement\":[{\"@type\":\"ListItem\",\"position\":1,\"name\":\"Portada\",\"item\":\"https:\\\/\\\/www.eldiario.net\\\/portal\\\/\"},{\"@type\":\"ListItem\",\"position\":2,\"name\":\"La pantalla el\u00e1stica que podr\u00eda cambiar los dispositivos tecnol\u00f3gicos\"}]},{\"@type\":\"WebSite\",\"@id\":\"https:\\\/\\\/www.eldiario.net\\\/portal\\\/#website\",\"url\":\"https:\\\/\\\/www.eldiario.net\\\/portal\\\/\",\"name\":\"El Diario - Decano de la prensa nacional\",\"description\":\"El Diario - Decano de la prensa nacional\",\"publisher\":{\"@id\":\"https:\\\/\\\/www.eldiario.net\\\/portal\\\/#organization\"},\"potentialAction\":[{\"@type\":\"SearchAction\",\"target\":{\"@type\":\"EntryPoint\",\"urlTemplate\":\"https:\\\/\\\/www.eldiario.net\\\/portal\\\/?s={search_term_string}\"},\"query-input\":{\"@type\":\"PropertyValueSpecification\",\"valueRequired\":true,\"valueName\":\"search_term_string\"}}],\"inLanguage\":\"es\"},{\"@type\":\"Organization\",\"@id\":\"https:\\\/\\\/www.eldiario.net\\\/portal\\\/#organization\",\"name\":\"El Diario - Decano de la prensa nacional\",\"url\":\"https:\\\/\\\/www.eldiario.net\\\/portal\\\/\",\"logo\":{\"@type\":\"ImageObject\",\"inLanguage\":\"es\",\"@id\":\"https:\\\/\\\/www.eldiario.net\\\/portal\\\/#\\\/schema\\\/logo\\\/image\\\/\",\"url\":\"https:\\\/\\\/www.eldiario.net\\\/portal\\\/wp-content\\\/uploads\\\/2023\\\/07\\\/logo_ED.jpg\",\"contentUrl\":\"https:\\\/\\\/www.eldiario.net\\\/portal\\\/wp-content\\\/uploads\\\/2023\\\/07\\\/logo_ED.jpg\",\"width\":272,\"height\":52,\"caption\":\"El Diario - Decano de la prensa nacional\"},\"image\":{\"@id\":\"https:\\\/\\\/www.eldiario.net\\\/portal\\\/#\\\/schema\\\/logo\\\/image\\\/\"},\"sameAs\":[\"https:\\\/\\\/www.facebook.com\\\/eldiario.bolivia\\\/\",\"https:\\\/\\\/x.com\\\/eldiario_net\"]},{\"@type\":\"Person\",\"@id\":\"https:\\\/\\\/www.eldiario.net\\\/portal\\\/#\\\/schema\\\/person\\\/2c57cf2b7a7ae032e449e4c9b1019eac\",\"name\":\"Jeanette\",\"image\":{\"@type\":\"ImageObject\",\"inLanguage\":\"es\",\"@id\":\"https:\\\/\\\/secure.gravatar.com\\\/avatar\\\/3ea2118a5f7dad2b7138b1187a6b7ee55f160b9968b66013c3a3ef39dd7e5798?s=96&d=mm&r=g\",\"url\":\"https:\\\/\\\/secure.gravatar.com\\\/avatar\\\/3ea2118a5f7dad2b7138b1187a6b7ee55f160b9968b66013c3a3ef39dd7e5798?s=96&d=mm&r=g\",\"contentUrl\":\"https:\\\/\\\/secure.gravatar.com\\\/avatar\\\/3ea2118a5f7dad2b7138b1187a6b7ee55f160b9968b66013c3a3ef39dd7e5798?s=96&d=mm&r=g\",\"caption\":\"Jeanette\"},\"sameAs\":[\"https:\\\/\\\/www.eldiario.net\\\/portal\"],\"url\":\"https:\\\/\\\/www.eldiario.net\\\/portal\\\/author\\\/jeanette\\\/\"}]}<\/script>\n<!-- \/ Yoast SEO plugin. -->","yoast_head_json":{"title":"La pantalla el\u00e1stica que podr\u00eda cambiar los dispositivos tecnol\u00f3gicos - El Diario - Bolivia","robots":{"index":"index","follow":"follow","max-snippet":"max-snippet:-1","max-image-preview":"max-image-preview:large","max-video-preview":"max-video-preview:-1"},"canonical":"https:\/\/www.eldiario.net\/portal\/2021\/06\/07\/la-pantalla-elastica-que-podria-cambiar-los-dispositivos-tecnologicos\/","og_locale":"es_ES","og_type":"article","og_title":"La pantalla el\u00e1stica que podr\u00eda cambiar los dispositivos tecnol\u00f3gicos - El Diario - Bolivia","og_description":"Royole es el fabricante del primer tel\u00e9fono plegable de la historia. La compa\u00f1\u00eda present\u00f3 una nueva tecnolog\u00eda de pantalla el\u00e1stica que puede estirarse, contorsionarse y manipularse a tu antojo. Esta tecnolog\u00eda fue presentada en la SID Display Week, funciona tambi\u00e9n para pantallas mini-LED, una tecnolog\u00eda que incrementa el contraste de las pantallas LCD para aproximarse [&hellip;]","og_url":"https:\/\/www.eldiario.net\/portal\/2021\/06\/07\/la-pantalla-elastica-que-podria-cambiar-los-dispositivos-tecnologicos\/","og_site_name":"El Diario - Bolivia","article_publisher":"https:\/\/www.facebook.com\/eldiario.bolivia\/","article_published_time":"2021-06-07T09:43:58+00:00","author":"Jeanette","twitter_card":"summary_large_image","twitter_creator":"@eldiario_net","twitter_site":"@eldiario_net","twitter_misc":{"Escrito por":"Jeanette","Tiempo de lectura":"2 minutos"},"schema":{"@context":"https:\/\/schema.org","@graph":[{"@type":"Article","@id":"https:\/\/www.eldiario.net\/portal\/2021\/06\/07\/la-pantalla-elastica-que-podria-cambiar-los-dispositivos-tecnologicos\/#article","isPartOf":{"@id":"https:\/\/www.eldiario.net\/portal\/2021\/06\/07\/la-pantalla-elastica-que-podria-cambiar-los-dispositivos-tecnologicos\/"},"author":{"name":"Jeanette","@id":"https:\/\/www.eldiario.net\/portal\/#\/schema\/person\/2c57cf2b7a7ae032e449e4c9b1019eac"},"headline":"La pantalla el\u00e1stica que podr\u00eda cambiar los dispositivos tecnol\u00f3gicos","datePublished":"2021-06-07T09:43:58+00:00","mainEntityOfPage":{"@id":"https:\/\/www.eldiario.net\/portal\/2021\/06\/07\/la-pantalla-elastica-que-podria-cambiar-los-dispositivos-tecnologicos\/"},"wordCount":345,"publisher":{"@id":"https:\/\/www.eldiario.net\/portal\/#organization"},"image":{"@id":"https:\/\/www.eldiario.net\/portal\/2021\/06\/07\/la-pantalla-elastica-que-podria-cambiar-los-dispositivos-tecnologicos\/#primaryimage"},"thumbnailUrl":"","articleSection":["Ciencia y Computaci\u00f3n"],"inLanguage":"es"},{"@type":"WebPage","@id":"https:\/\/www.eldiario.net\/portal\/2021\/06\/07\/la-pantalla-elastica-que-podria-cambiar-los-dispositivos-tecnologicos\/","url":"https:\/\/www.eldiario.net\/portal\/2021\/06\/07\/la-pantalla-elastica-que-podria-cambiar-los-dispositivos-tecnologicos\/","name":"La pantalla el\u00e1stica que podr\u00eda cambiar los dispositivos tecnol\u00f3gicos - El Diario - Bolivia","isPartOf":{"@id":"https:\/\/www.eldiario.net\/portal\/#website"},"primaryImageOfPage":{"@id":"https:\/\/www.eldiario.net\/portal\/2021\/06\/07\/la-pantalla-elastica-que-podria-cambiar-los-dispositivos-tecnologicos\/#primaryimage"},"image":{"@id":"https:\/\/www.eldiario.net\/portal\/2021\/06\/07\/la-pantalla-elastica-que-podria-cambiar-los-dispositivos-tecnologicos\/#primaryimage"},"thumbnailUrl":"","datePublished":"2021-06-07T09:43:58+00:00","breadcrumb":{"@id":"https:\/\/www.eldiario.net\/portal\/2021\/06\/07\/la-pantalla-elastica-que-podria-cambiar-los-dispositivos-tecnologicos\/#breadcrumb"},"inLanguage":"es","potentialAction":[{"@type":"ReadAction","target":["https:\/\/www.eldiario.net\/portal\/2021\/06\/07\/la-pantalla-elastica-que-podria-cambiar-los-dispositivos-tecnologicos\/"]}]},{"@type":"ImageObject","inLanguage":"es","@id":"https:\/\/www.eldiario.net\/portal\/2021\/06\/07\/la-pantalla-elastica-que-podria-cambiar-los-dispositivos-tecnologicos\/#primaryimage","url":"","contentUrl":""},{"@type":"BreadcrumbList","@id":"https:\/\/www.eldiario.net\/portal\/2021\/06\/07\/la-pantalla-elastica-que-podria-cambiar-los-dispositivos-tecnologicos\/#breadcrumb","itemListElement":[{"@type":"ListItem","position":1,"name":"Portada","item":"https:\/\/www.eldiario.net\/portal\/"},{"@type":"ListItem","position":2,"name":"La pantalla el\u00e1stica que podr\u00eda cambiar los dispositivos tecnol\u00f3gicos"}]},{"@type":"WebSite","@id":"https:\/\/www.eldiario.net\/portal\/#website","url":"https:\/\/www.eldiario.net\/portal\/","name":"El Diario - Decano de la prensa nacional","description":"El Diario - Decano de la prensa nacional","publisher":{"@id":"https:\/\/www.eldiario.net\/portal\/#organization"},"potentialAction":[{"@type":"SearchAction","target":{"@type":"EntryPoint","urlTemplate":"https:\/\/www.eldiario.net\/portal\/?s={search_term_string}"},"query-input":{"@type":"PropertyValueSpecification","valueRequired":true,"valueName":"search_term_string"}}],"inLanguage":"es"},{"@type":"Organization","@id":"https:\/\/www.eldiario.net\/portal\/#organization","name":"El Diario - Decano de la prensa nacional","url":"https:\/\/www.eldiario.net\/portal\/","logo":{"@type":"ImageObject","inLanguage":"es","@id":"https:\/\/www.eldiario.net\/portal\/#\/schema\/logo\/image\/","url":"https:\/\/www.eldiario.net\/portal\/wp-content\/uploads\/2023\/07\/logo_ED.jpg","contentUrl":"https:\/\/www.eldiario.net\/portal\/wp-content\/uploads\/2023\/07\/logo_ED.jpg","width":272,"height":52,"caption":"El Diario - Decano de la prensa nacional"},"image":{"@id":"https:\/\/www.eldiario.net\/portal\/#\/schema\/logo\/image\/"},"sameAs":["https:\/\/www.facebook.com\/eldiario.bolivia\/","https:\/\/x.com\/eldiario_net"]},{"@type":"Person","@id":"https:\/\/www.eldiario.net\/portal\/#\/schema\/person\/2c57cf2b7a7ae032e449e4c9b1019eac","name":"Jeanette","image":{"@type":"ImageObject","inLanguage":"es","@id":"https:\/\/secure.gravatar.com\/avatar\/3ea2118a5f7dad2b7138b1187a6b7ee55f160b9968b66013c3a3ef39dd7e5798?s=96&d=mm&r=g","url":"https:\/\/secure.gravatar.com\/avatar\/3ea2118a5f7dad2b7138b1187a6b7ee55f160b9968b66013c3a3ef39dd7e5798?s=96&d=mm&r=g","contentUrl":"https:\/\/secure.gravatar.com\/avatar\/3ea2118a5f7dad2b7138b1187a6b7ee55f160b9968b66013c3a3ef39dd7e5798?s=96&d=mm&r=g","caption":"Jeanette"},"sameAs":["https:\/\/www.eldiario.net\/portal"],"url":"https:\/\/www.eldiario.net\/portal\/author\/jeanette\/"}]}},"_links":{"self":[{"href":"https:\/\/www.eldiario.net\/portal\/wp-json\/wp\/v2\/posts\/8793","targetHints":{"allow":["GET"]}}],"collection":[{"href":"https:\/\/www.eldiario.net\/portal\/wp-json\/wp\/v2\/posts"}],"about":[{"href":"https:\/\/www.eldiario.net\/portal\/wp-json\/wp\/v2\/types\/post"}],"author":[{"embeddable":true,"href":"https:\/\/www.eldiario.net\/portal\/wp-json\/wp\/v2\/users\/1"}],"replies":[{"embeddable":true,"href":"https:\/\/www.eldiario.net\/portal\/wp-json\/wp\/v2\/comments?post=8793"}],"version-history":[{"count":0,"href":"https:\/\/www.eldiario.net\/portal\/wp-json\/wp\/v2\/posts\/8793\/revisions"}],"wp:attachment":[{"href":"https:\/\/www.eldiario.net\/portal\/wp-json\/wp\/v2\/media?parent=8793"}],"wp:term":[{"taxonomy":"category","embeddable":true,"href":"https:\/\/www.eldiario.net\/portal\/wp-json\/wp\/v2\/categories?post=8793"},{"taxonomy":"post_tag","embeddable":true,"href":"https:\/\/www.eldiario.net\/portal\/wp-json\/wp\/v2\/tags?post=8793"}],"curies":[{"name":"wp","href":"https:\/\/api.w.org\/{rel}","templated":true}]}}