{"id":8790,"date":"2021-06-07T05:42:34","date_gmt":"2021-06-07T09:42:34","guid":{"rendered":"https:\/\/www.eldiario.net\/portal\/?p=8790"},"modified":"2021-06-07T05:42:34","modified_gmt":"2021-06-07T09:42:34","slug":"lenovo-presenta-la-nueva-yoga-pad-pro","status":"publish","type":"post","link":"https:\/\/www.eldiario.net\/portal\/2021\/06\/07\/lenovo-presenta-la-nueva-yoga-pad-pro\/","title":{"rendered":"Lenovo presenta la  nueva Yoga Pad Pro"},"content":{"rendered":"<p>Lenovo ha presentado oficialmente a la nueva Yoga Pad Pro. Se trata de una tableta de gama alta que cuenta con especificaciones t\u00e9cnicas muy interesantes.<\/p>\n<p>Especificaciones t\u00e9cnicas de la Lenovo Yoga Pad Pro<br \/>\nLa Lenovo Yoga Pad Pro cuenta con un panel IPS LCD de 13 pulgadas con una resoluci\u00f3n 2160 x 1350 p\u00edxeles, una relaci\u00f3n de aspecto de 16:10, soporte HDR 10. Est\u00e1 potenciada un procesador Qualcomm Snapdragon 870 octa-core de 7nm junto con la GPU Adreno 650, ambos chips est\u00e1n acompa\u00f1ados de 8GB de RAM y 256GB de almacenamiento interno, ampliable mediante la microSD hasta 256GB.<\/p>\n<p>La Lenovo Yoga Pad Pro cuenta con la conectividad WiFi 6 802.11 ax (2.4GHz + 5GHz), 2 x 2 MIMO, Bluetooth 5.2, GPS + GLONASS, USB 3.1 Type-C, micro HDMI, jack de audio de 3.5mm. Tiene unas dimensiones exactas de 293.35 x 203.98 x 6.2~24.9 mm para un peso de 830 gramos. La Yoga Pad Pro tambi\u00e9n podr\u00e1 usarse con un l\u00e1piz \u00f3ptico llamado Precision Pen 2, el cual tiene 4096 niveles de sensibilidad de presi\u00f3n, por desgracia esto tendr\u00e1 que ser adquirido por separado.<\/p>\n<p>En el apartado fotogr\u00e1fico cuenta con una sola c\u00e1mara frontal de 8Mpx, sensor ToF 3D para el desbloqueo facial. Lleva preinstalada la versi\u00f3n de Android 11 bajo la capa de personalizaci\u00f3n ZUI 12.5; finalmente en la bater\u00eda nos encontramos con una capacidad de 10,200 mAh con soporte para la carga r\u00e1pida QC 4.0.<\/p>\n<p>La Lenovo Yoga Pad Pro por ahora est\u00e1 disponible para pre ordenar exclusivamente en China, por el momento no hay informaci\u00f3n acerca de la fecha de su expansi\u00f3n a otros pa\u00edses.<\/p>\n","protected":false},"excerpt":{"rendered":"<p>Lenovo ha presentado oficialmente a la nueva Yoga Pad Pro. Se trata de una tableta de gama alta que cuenta con especificaciones t\u00e9cnicas muy interesantes. Especificaciones t\u00e9cnicas de la Lenovo Yoga Pad Pro La Lenovo Yoga Pad Pro cuenta con un panel IPS LCD de 13 pulgadas con una resoluci\u00f3n 2160 x 1350 p\u00edxeles, una [&hellip;]<\/p>\n","protected":false},"author":1,"featured_media":8791,"comment_status":"closed","ping_status":"closed","sticky":false,"template":"","format":"standard","meta":{"_acf_changed":false,"footnotes":""},"categories":[46],"tags":[],"class_list":["post-8790","post","type-post","status-publish","format-standard","has-post-thumbnail","category-ciencia-computacion"],"acf":{"antetitulo":""},"yoast_head":"<!-- This site is optimized with the Yoast SEO plugin v28.4 - https:\/\/yoast.com\/product\/yoast-seo-wordpress\/ -->\n<title>Lenovo presenta la nueva Yoga Pad Pro - El Diario - Bolivia<\/title>\n<meta name=\"robots\" content=\"index, follow, max-snippet:-1, max-image-preview:large, max-video-preview:-1\" \/>\n<link rel=\"canonical\" href=\"https:\/\/www.eldiario.net\/portal\/2021\/06\/07\/lenovo-presenta-la-nueva-yoga-pad-pro\/\" \/>\n<meta property=\"og:locale\" content=\"es_ES\" \/>\n<meta property=\"og:type\" content=\"article\" \/>\n<meta property=\"og:title\" content=\"Lenovo presenta la nueva Yoga Pad Pro - El Diario - Bolivia\" \/>\n<meta property=\"og:description\" content=\"Lenovo ha presentado oficialmente a la nueva Yoga Pad Pro. Se trata de una tableta de gama alta que cuenta con especificaciones t\u00e9cnicas muy interesantes. Especificaciones t\u00e9cnicas de la Lenovo Yoga Pad Pro La Lenovo Yoga Pad Pro cuenta con un panel IPS LCD de 13 pulgadas con una resoluci\u00f3n 2160 x 1350 p\u00edxeles, una [&hellip;]\" \/>\n<meta property=\"og:url\" content=\"https:\/\/www.eldiario.net\/portal\/2021\/06\/07\/lenovo-presenta-la-nueva-yoga-pad-pro\/\" \/>\n<meta property=\"og:site_name\" content=\"El Diario - Bolivia\" \/>\n<meta property=\"article:publisher\" content=\"https:\/\/www.facebook.com\/eldiario.bolivia\/\" \/>\n<meta property=\"article:published_time\" content=\"2021-06-07T09:42:34+00:00\" \/>\n<meta name=\"author\" content=\"Jeanette\" \/>\n<meta name=\"twitter:card\" content=\"summary_large_image\" \/>\n<meta name=\"twitter:creator\" content=\"@eldiario_net\" \/>\n<meta name=\"twitter:site\" content=\"@eldiario_net\" \/>\n<meta name=\"twitter:label1\" content=\"Escrito por\" \/>\n\t<meta name=\"twitter:data1\" content=\"Jeanette\" \/>\n\t<meta name=\"twitter:label2\" content=\"Tiempo de lectura\" \/>\n\t<meta name=\"twitter:data2\" content=\"2 minutos\" \/>\n<script type=\"application\/ld+json\" class=\"yoast-schema-graph\">{\"@context\":\"https:\\\/\\\/schema.org\",\"@graph\":[{\"@type\":\"Article\",\"@id\":\"https:\\\/\\\/www.eldiario.net\\\/portal\\\/2021\\\/06\\\/07\\\/lenovo-presenta-la-nueva-yoga-pad-pro\\\/#article\",\"isPartOf\":{\"@id\":\"https:\\\/\\\/www.eldiario.net\\\/portal\\\/2021\\\/06\\\/07\\\/lenovo-presenta-la-nueva-yoga-pad-pro\\\/\"},\"author\":{\"name\":\"Jeanette\",\"@id\":\"https:\\\/\\\/www.eldiario.net\\\/portal\\\/#\\\/schema\\\/person\\\/2c57cf2b7a7ae032e449e4c9b1019eac\"},\"headline\":\"Lenovo presenta la nueva Yoga Pad Pro\",\"datePublished\":\"2021-06-07T09:42:34+00:00\",\"mainEntityOfPage\":{\"@id\":\"https:\\\/\\\/www.eldiario.net\\\/portal\\\/2021\\\/06\\\/07\\\/lenovo-presenta-la-nueva-yoga-pad-pro\\\/\"},\"wordCount\":268,\"publisher\":{\"@id\":\"https:\\\/\\\/www.eldiario.net\\\/portal\\\/#organization\"},\"image\":{\"@id\":\"https:\\\/\\\/www.eldiario.net\\\/portal\\\/2021\\\/06\\\/07\\\/lenovo-presenta-la-nueva-yoga-pad-pro\\\/#primaryimage\"},\"thumbnailUrl\":\"\",\"articleSection\":[\"Ciencia y Computaci\u00f3n\"],\"inLanguage\":\"es\"},{\"@type\":\"WebPage\",\"@id\":\"https:\\\/\\\/www.eldiario.net\\\/portal\\\/2021\\\/06\\\/07\\\/lenovo-presenta-la-nueva-yoga-pad-pro\\\/\",\"url\":\"https:\\\/\\\/www.eldiario.net\\\/portal\\\/2021\\\/06\\\/07\\\/lenovo-presenta-la-nueva-yoga-pad-pro\\\/\",\"name\":\"Lenovo presenta la nueva Yoga Pad Pro - El Diario - Bolivia\",\"isPartOf\":{\"@id\":\"https:\\\/\\\/www.eldiario.net\\\/portal\\\/#website\"},\"primaryImageOfPage\":{\"@id\":\"https:\\\/\\\/www.eldiario.net\\\/portal\\\/2021\\\/06\\\/07\\\/lenovo-presenta-la-nueva-yoga-pad-pro\\\/#primaryimage\"},\"image\":{\"@id\":\"https:\\\/\\\/www.eldiario.net\\\/portal\\\/2021\\\/06\\\/07\\\/lenovo-presenta-la-nueva-yoga-pad-pro\\\/#primaryimage\"},\"thumbnailUrl\":\"\",\"datePublished\":\"2021-06-07T09:42:34+00:00\",\"breadcrumb\":{\"@id\":\"https:\\\/\\\/www.eldiario.net\\\/portal\\\/2021\\\/06\\\/07\\\/lenovo-presenta-la-nueva-yoga-pad-pro\\\/#breadcrumb\"},\"inLanguage\":\"es\",\"potentialAction\":[{\"@type\":\"ReadAction\",\"target\":[\"https:\\\/\\\/www.eldiario.net\\\/portal\\\/2021\\\/06\\\/07\\\/lenovo-presenta-la-nueva-yoga-pad-pro\\\/\"]}]},{\"@type\":\"ImageObject\",\"inLanguage\":\"es\",\"@id\":\"https:\\\/\\\/www.eldiario.net\\\/portal\\\/2021\\\/06\\\/07\\\/lenovo-presenta-la-nueva-yoga-pad-pro\\\/#primaryimage\",\"url\":\"\",\"contentUrl\":\"\"},{\"@type\":\"BreadcrumbList\",\"@id\":\"https:\\\/\\\/www.eldiario.net\\\/portal\\\/2021\\\/06\\\/07\\\/lenovo-presenta-la-nueva-yoga-pad-pro\\\/#breadcrumb\",\"itemListElement\":[{\"@type\":\"ListItem\",\"position\":1,\"name\":\"Portada\",\"item\":\"https:\\\/\\\/www.eldiario.net\\\/portal\\\/\"},{\"@type\":\"ListItem\",\"position\":2,\"name\":\"Lenovo presenta la nueva Yoga Pad Pro\"}]},{\"@type\":\"WebSite\",\"@id\":\"https:\\\/\\\/www.eldiario.net\\\/portal\\\/#website\",\"url\":\"https:\\\/\\\/www.eldiario.net\\\/portal\\\/\",\"name\":\"El Diario - Decano de la prensa nacional\",\"description\":\"El Diario - Decano de la prensa nacional\",\"publisher\":{\"@id\":\"https:\\\/\\\/www.eldiario.net\\\/portal\\\/#organization\"},\"potentialAction\":[{\"@type\":\"SearchAction\",\"target\":{\"@type\":\"EntryPoint\",\"urlTemplate\":\"https:\\\/\\\/www.eldiario.net\\\/portal\\\/?s={search_term_string}\"},\"query-input\":{\"@type\":\"PropertyValueSpecification\",\"valueRequired\":true,\"valueName\":\"search_term_string\"}}],\"inLanguage\":\"es\"},{\"@type\":\"Organization\",\"@id\":\"https:\\\/\\\/www.eldiario.net\\\/portal\\\/#organization\",\"name\":\"El Diario - Decano de la prensa nacional\",\"url\":\"https:\\\/\\\/www.eldiario.net\\\/portal\\\/\",\"logo\":{\"@type\":\"ImageObject\",\"inLanguage\":\"es\",\"@id\":\"https:\\\/\\\/www.eldiario.net\\\/portal\\\/#\\\/schema\\\/logo\\\/image\\\/\",\"url\":\"https:\\\/\\\/www.eldiario.net\\\/portal\\\/wp-content\\\/uploads\\\/2023\\\/07\\\/logo_ED.jpg\",\"contentUrl\":\"https:\\\/\\\/www.eldiario.net\\\/portal\\\/wp-content\\\/uploads\\\/2023\\\/07\\\/logo_ED.jpg\",\"width\":272,\"height\":52,\"caption\":\"El Diario - Decano de la prensa nacional\"},\"image\":{\"@id\":\"https:\\\/\\\/www.eldiario.net\\\/portal\\\/#\\\/schema\\\/logo\\\/image\\\/\"},\"sameAs\":[\"https:\\\/\\\/www.facebook.com\\\/eldiario.bolivia\\\/\",\"https:\\\/\\\/x.com\\\/eldiario_net\"]},{\"@type\":\"Person\",\"@id\":\"https:\\\/\\\/www.eldiario.net\\\/portal\\\/#\\\/schema\\\/person\\\/2c57cf2b7a7ae032e449e4c9b1019eac\",\"name\":\"Jeanette\",\"image\":{\"@type\":\"ImageObject\",\"inLanguage\":\"es\",\"@id\":\"https:\\\/\\\/secure.gravatar.com\\\/avatar\\\/3ea2118a5f7dad2b7138b1187a6b7ee55f160b9968b66013c3a3ef39dd7e5798?s=96&d=mm&r=g\",\"url\":\"https:\\\/\\\/secure.gravatar.com\\\/avatar\\\/3ea2118a5f7dad2b7138b1187a6b7ee55f160b9968b66013c3a3ef39dd7e5798?s=96&d=mm&r=g\",\"contentUrl\":\"https:\\\/\\\/secure.gravatar.com\\\/avatar\\\/3ea2118a5f7dad2b7138b1187a6b7ee55f160b9968b66013c3a3ef39dd7e5798?s=96&d=mm&r=g\",\"caption\":\"Jeanette\"},\"sameAs\":[\"https:\\\/\\\/www.eldiario.net\\\/portal\"],\"url\":\"https:\\\/\\\/www.eldiario.net\\\/portal\\\/author\\\/jeanette\\\/\"}]}<\/script>\n<!-- \/ Yoast SEO plugin. -->","yoast_head_json":{"title":"Lenovo presenta la nueva Yoga Pad Pro - El Diario - Bolivia","robots":{"index":"index","follow":"follow","max-snippet":"max-snippet:-1","max-image-preview":"max-image-preview:large","max-video-preview":"max-video-preview:-1"},"canonical":"https:\/\/www.eldiario.net\/portal\/2021\/06\/07\/lenovo-presenta-la-nueva-yoga-pad-pro\/","og_locale":"es_ES","og_type":"article","og_title":"Lenovo presenta la nueva Yoga Pad Pro - El Diario - Bolivia","og_description":"Lenovo ha presentado oficialmente a la nueva Yoga Pad Pro. Se trata de una tableta de gama alta que cuenta con especificaciones t\u00e9cnicas muy interesantes. Especificaciones t\u00e9cnicas de la Lenovo Yoga Pad Pro La Lenovo Yoga Pad Pro cuenta con un panel IPS LCD de 13 pulgadas con una resoluci\u00f3n 2160 x 1350 p\u00edxeles, una [&hellip;]","og_url":"https:\/\/www.eldiario.net\/portal\/2021\/06\/07\/lenovo-presenta-la-nueva-yoga-pad-pro\/","og_site_name":"El Diario - Bolivia","article_publisher":"https:\/\/www.facebook.com\/eldiario.bolivia\/","article_published_time":"2021-06-07T09:42:34+00:00","author":"Jeanette","twitter_card":"summary_large_image","twitter_creator":"@eldiario_net","twitter_site":"@eldiario_net","twitter_misc":{"Escrito por":"Jeanette","Tiempo de lectura":"2 minutos"},"schema":{"@context":"https:\/\/schema.org","@graph":[{"@type":"Article","@id":"https:\/\/www.eldiario.net\/portal\/2021\/06\/07\/lenovo-presenta-la-nueva-yoga-pad-pro\/#article","isPartOf":{"@id":"https:\/\/www.eldiario.net\/portal\/2021\/06\/07\/lenovo-presenta-la-nueva-yoga-pad-pro\/"},"author":{"name":"Jeanette","@id":"https:\/\/www.eldiario.net\/portal\/#\/schema\/person\/2c57cf2b7a7ae032e449e4c9b1019eac"},"headline":"Lenovo presenta la nueva Yoga Pad Pro","datePublished":"2021-06-07T09:42:34+00:00","mainEntityOfPage":{"@id":"https:\/\/www.eldiario.net\/portal\/2021\/06\/07\/lenovo-presenta-la-nueva-yoga-pad-pro\/"},"wordCount":268,"publisher":{"@id":"https:\/\/www.eldiario.net\/portal\/#organization"},"image":{"@id":"https:\/\/www.eldiario.net\/portal\/2021\/06\/07\/lenovo-presenta-la-nueva-yoga-pad-pro\/#primaryimage"},"thumbnailUrl":"","articleSection":["Ciencia y Computaci\u00f3n"],"inLanguage":"es"},{"@type":"WebPage","@id":"https:\/\/www.eldiario.net\/portal\/2021\/06\/07\/lenovo-presenta-la-nueva-yoga-pad-pro\/","url":"https:\/\/www.eldiario.net\/portal\/2021\/06\/07\/lenovo-presenta-la-nueva-yoga-pad-pro\/","name":"Lenovo presenta la nueva Yoga Pad Pro - El Diario - Bolivia","isPartOf":{"@id":"https:\/\/www.eldiario.net\/portal\/#website"},"primaryImageOfPage":{"@id":"https:\/\/www.eldiario.net\/portal\/2021\/06\/07\/lenovo-presenta-la-nueva-yoga-pad-pro\/#primaryimage"},"image":{"@id":"https:\/\/www.eldiario.net\/portal\/2021\/06\/07\/lenovo-presenta-la-nueva-yoga-pad-pro\/#primaryimage"},"thumbnailUrl":"","datePublished":"2021-06-07T09:42:34+00:00","breadcrumb":{"@id":"https:\/\/www.eldiario.net\/portal\/2021\/06\/07\/lenovo-presenta-la-nueva-yoga-pad-pro\/#breadcrumb"},"inLanguage":"es","potentialAction":[{"@type":"ReadAction","target":["https:\/\/www.eldiario.net\/portal\/2021\/06\/07\/lenovo-presenta-la-nueva-yoga-pad-pro\/"]}]},{"@type":"ImageObject","inLanguage":"es","@id":"https:\/\/www.eldiario.net\/portal\/2021\/06\/07\/lenovo-presenta-la-nueva-yoga-pad-pro\/#primaryimage","url":"","contentUrl":""},{"@type":"BreadcrumbList","@id":"https:\/\/www.eldiario.net\/portal\/2021\/06\/07\/lenovo-presenta-la-nueva-yoga-pad-pro\/#breadcrumb","itemListElement":[{"@type":"ListItem","position":1,"name":"Portada","item":"https:\/\/www.eldiario.net\/portal\/"},{"@type":"ListItem","position":2,"name":"Lenovo presenta la nueva Yoga Pad Pro"}]},{"@type":"WebSite","@id":"https:\/\/www.eldiario.net\/portal\/#website","url":"https:\/\/www.eldiario.net\/portal\/","name":"El Diario - Decano de la prensa nacional","description":"El Diario - Decano de la prensa nacional","publisher":{"@id":"https:\/\/www.eldiario.net\/portal\/#organization"},"potentialAction":[{"@type":"SearchAction","target":{"@type":"EntryPoint","urlTemplate":"https:\/\/www.eldiario.net\/portal\/?s={search_term_string}"},"query-input":{"@type":"PropertyValueSpecification","valueRequired":true,"valueName":"search_term_string"}}],"inLanguage":"es"},{"@type":"Organization","@id":"https:\/\/www.eldiario.net\/portal\/#organization","name":"El Diario - Decano de la prensa nacional","url":"https:\/\/www.eldiario.net\/portal\/","logo":{"@type":"ImageObject","inLanguage":"es","@id":"https:\/\/www.eldiario.net\/portal\/#\/schema\/logo\/image\/","url":"https:\/\/www.eldiario.net\/portal\/wp-content\/uploads\/2023\/07\/logo_ED.jpg","contentUrl":"https:\/\/www.eldiario.net\/portal\/wp-content\/uploads\/2023\/07\/logo_ED.jpg","width":272,"height":52,"caption":"El Diario - Decano de la prensa nacional"},"image":{"@id":"https:\/\/www.eldiario.net\/portal\/#\/schema\/logo\/image\/"},"sameAs":["https:\/\/www.facebook.com\/eldiario.bolivia\/","https:\/\/x.com\/eldiario_net"]},{"@type":"Person","@id":"https:\/\/www.eldiario.net\/portal\/#\/schema\/person\/2c57cf2b7a7ae032e449e4c9b1019eac","name":"Jeanette","image":{"@type":"ImageObject","inLanguage":"es","@id":"https:\/\/secure.gravatar.com\/avatar\/3ea2118a5f7dad2b7138b1187a6b7ee55f160b9968b66013c3a3ef39dd7e5798?s=96&d=mm&r=g","url":"https:\/\/secure.gravatar.com\/avatar\/3ea2118a5f7dad2b7138b1187a6b7ee55f160b9968b66013c3a3ef39dd7e5798?s=96&d=mm&r=g","contentUrl":"https:\/\/secure.gravatar.com\/avatar\/3ea2118a5f7dad2b7138b1187a6b7ee55f160b9968b66013c3a3ef39dd7e5798?s=96&d=mm&r=g","caption":"Jeanette"},"sameAs":["https:\/\/www.eldiario.net\/portal"],"url":"https:\/\/www.eldiario.net\/portal\/author\/jeanette\/"}]}},"_links":{"self":[{"href":"https:\/\/www.eldiario.net\/portal\/wp-json\/wp\/v2\/posts\/8790","targetHints":{"allow":["GET"]}}],"collection":[{"href":"https:\/\/www.eldiario.net\/portal\/wp-json\/wp\/v2\/posts"}],"about":[{"href":"https:\/\/www.eldiario.net\/portal\/wp-json\/wp\/v2\/types\/post"}],"author":[{"embeddable":true,"href":"https:\/\/www.eldiario.net\/portal\/wp-json\/wp\/v2\/users\/1"}],"replies":[{"embeddable":true,"href":"https:\/\/www.eldiario.net\/portal\/wp-json\/wp\/v2\/comments?post=8790"}],"version-history":[{"count":0,"href":"https:\/\/www.eldiario.net\/portal\/wp-json\/wp\/v2\/posts\/8790\/revisions"}],"wp:attachment":[{"href":"https:\/\/www.eldiario.net\/portal\/wp-json\/wp\/v2\/media?parent=8790"}],"wp:term":[{"taxonomy":"category","embeddable":true,"href":"https:\/\/www.eldiario.net\/portal\/wp-json\/wp\/v2\/categories?post=8790"},{"taxonomy":"post_tag","embeddable":true,"href":"https:\/\/www.eldiario.net\/portal\/wp-json\/wp\/v2\/tags?post=8790"}],"curies":[{"name":"wp","href":"https:\/\/api.w.org\/{rel}","templated":true}]}}