{"id":8787,"date":"2021-06-07T05:41:23","date_gmt":"2021-06-07T09:41:23","guid":{"rendered":"https:\/\/www.eldiario.net\/portal\/?p=8787"},"modified":"2021-06-07T05:41:23","modified_gmt":"2021-06-07T09:41:23","slug":"las-colas-en-los-aeropuertos-seran-cosa-del-pasado","status":"publish","type":"post","link":"https:\/\/www.eldiario.net\/portal\/2021\/06\/07\/las-colas-en-los-aeropuertos-seran-cosa-del-pasado\/","title":{"rendered":"Las colas en los aeropuertos ser\u00e1n cosa del pasado"},"content":{"rendered":"<p>Pasar tiempo en la cola del aeropuerto para para poder facturar nuestras maletas resulta algo inc\u00f3modo.<br \/>\nAntes incluso de que se abran los mostradores de facturaci\u00f3n de la aerol\u00ednea, se suele encontrar un grupo de personas que esperan pacientemente para ser atendidos en primer lugar. Por muy temprano que llegues al aeropuerto, ellos est\u00e1n ah\u00ed, tranquilos, imp\u00e1vidos, apoyados en sus carritos cargados de maletas.<br \/>\nPermanecer es esta cola puede resultar muy inc\u00f3modo.<br \/>\nSin embargo, este paisaje tan t\u00edpico de los aeropuertos est\u00e1 a punto de desaparecer definitivamente, gracias a la implementaci\u00f3n del nuevo sistema de cola virtual que permanece en periodo de prueba en Heathrow (Londres) por parte de la aerol\u00ednea British Airways.<br \/>\nLo cierto es que no difiere demasiado de otro tipo de aplicaciones que ya est\u00e1n funcionando desde hace alg\u00fan tiempo en museos, restaurantes, y ciertas ubicaciones que reciben un n\u00famero importante de visitantes.<\/p>\n<p>El Qmatic<br \/>\nQmatic es una empresa que lleva a\u00f1os evitando que la gente tenga que hacer cola en lugares como bancos, cines, teatros, farmacias, o incluso en consulados, embajadas y otros edificios de la Administraci\u00f3n P\u00fablica.<br \/>\nA partir de este momento, British Airways comenzar\u00e1 un periodo de prueba de 3 meses con Qmatic, implementando esta aplicaci\u00f3n en determinados vuelos con salida desde la Terminal 5 del aeropuerto londinense de Heathrow.<\/p>\n<p>El funcionamiento es muy sencillo:<br \/>\nLa app ofrecer\u00e1 al pasajero un cuadro de horas con el que podr\u00e1 escoger el tramo libre que desee para realizar el proceso de facturaci\u00f3n.<br \/>\nComo no es posible determinar el tiempo exacto que tarda cada viajero en completar el check in, pueden ocasionarse retrasos o, en ocasiones, tambi\u00e9n adelantos sobre el horario previsto.<br \/>\nPor esta raz\u00f3n, la app se activar\u00e1 confirmando el momento en el que el usuario entre al aeropuerto, avis\u00e1ndolo en el momento justo en el que tiene que acudir a su mostrador de facturaci\u00f3n.<br \/>\nSi por cualquier raz\u00f3n el pasajero no ha hecho una reserva previa de hora, podr\u00e1 escanear con su tel\u00e9fono m\u00f3vil un c\u00f3digo QR en el propio aeropuerto, y de este modo se realizar\u00e1 la asignaci\u00f3n autom\u00e1tica de un \u201cslot\u201d para facturar.<br \/>\nEsta noticia acompa\u00f1a a la confirmaci\u00f3n por parte de British Airways del estreno mundial en Heathrow del test de ant\u00edgenos Pelican Covid-19 Ultra Rapid Test.<br \/>\nSe trata de una prueba que muestra los resultados a los 25 segundos, detectando a pasajeros asintom\u00e1ticos portadores del virus Covid19 en cualquiera de sus cepas o variantes.<\/p>\n","protected":false},"excerpt":{"rendered":"<p>Pasar tiempo en la cola del aeropuerto para para poder facturar nuestras maletas resulta algo inc\u00f3modo. Antes incluso de que se abran los mostradores de facturaci\u00f3n de la aerol\u00ednea, se suele encontrar un grupo de personas que esperan pacientemente para ser atendidos en primer lugar. Por muy temprano que llegues al aeropuerto, ellos est\u00e1n ah\u00ed, [&hellip;]<\/p>\n","protected":false},"author":1,"featured_media":8788,"comment_status":"closed","ping_status":"closed","sticky":false,"template":"","format":"standard","meta":{"_acf_changed":false,"footnotes":""},"categories":[46],"tags":[],"class_list":["post-8787","post","type-post","status-publish","format-standard","has-post-thumbnail","category-ciencia-computacion"],"acf":{"antetitulo":""},"yoast_head":"<!-- This site is optimized with the Yoast SEO plugin v28.4 - https:\/\/yoast.com\/product\/yoast-seo-wordpress\/ -->\n<title>Las colas en los aeropuertos ser\u00e1n cosa del pasado - El Diario - Bolivia<\/title>\n<meta name=\"robots\" content=\"index, follow, max-snippet:-1, max-image-preview:large, max-video-preview:-1\" \/>\n<link rel=\"canonical\" href=\"https:\/\/www.eldiario.net\/portal\/2021\/06\/07\/las-colas-en-los-aeropuertos-seran-cosa-del-pasado\/\" \/>\n<meta property=\"og:locale\" content=\"es_ES\" \/>\n<meta property=\"og:type\" content=\"article\" \/>\n<meta property=\"og:title\" content=\"Las colas en los aeropuertos ser\u00e1n cosa del pasado - El Diario - Bolivia\" \/>\n<meta property=\"og:description\" content=\"Pasar tiempo en la cola del aeropuerto para para poder facturar nuestras maletas resulta algo inc\u00f3modo. Antes incluso de que se abran los mostradores de facturaci\u00f3n de la aerol\u00ednea, se suele encontrar un grupo de personas que esperan pacientemente para ser atendidos en primer lugar. Por muy temprano que llegues al aeropuerto, ellos est\u00e1n ah\u00ed, [&hellip;]\" \/>\n<meta property=\"og:url\" content=\"https:\/\/www.eldiario.net\/portal\/2021\/06\/07\/las-colas-en-los-aeropuertos-seran-cosa-del-pasado\/\" \/>\n<meta property=\"og:site_name\" content=\"El Diario - Bolivia\" \/>\n<meta property=\"article:publisher\" content=\"https:\/\/www.facebook.com\/eldiario.bolivia\/\" \/>\n<meta property=\"article:published_time\" content=\"2021-06-07T09:41:23+00:00\" \/>\n<meta name=\"author\" content=\"Jeanette\" \/>\n<meta name=\"twitter:card\" content=\"summary_large_image\" \/>\n<meta name=\"twitter:creator\" content=\"@eldiario_net\" \/>\n<meta name=\"twitter:site\" content=\"@eldiario_net\" \/>\n<meta name=\"twitter:label1\" content=\"Escrito por\" \/>\n\t<meta name=\"twitter:data1\" content=\"Jeanette\" \/>\n\t<meta name=\"twitter:label2\" content=\"Tiempo de lectura\" \/>\n\t<meta name=\"twitter:data2\" content=\"2 minutos\" \/>\n<script type=\"application\/ld+json\" class=\"yoast-schema-graph\">{\"@context\":\"https:\\\/\\\/schema.org\",\"@graph\":[{\"@type\":\"Article\",\"@id\":\"https:\\\/\\\/www.eldiario.net\\\/portal\\\/2021\\\/06\\\/07\\\/las-colas-en-los-aeropuertos-seran-cosa-del-pasado\\\/#article\",\"isPartOf\":{\"@id\":\"https:\\\/\\\/www.eldiario.net\\\/portal\\\/2021\\\/06\\\/07\\\/las-colas-en-los-aeropuertos-seran-cosa-del-pasado\\\/\"},\"author\":{\"name\":\"Jeanette\",\"@id\":\"https:\\\/\\\/www.eldiario.net\\\/portal\\\/#\\\/schema\\\/person\\\/2c57cf2b7a7ae032e449e4c9b1019eac\"},\"headline\":\"Las colas en los aeropuertos ser\u00e1n cosa del pasado\",\"datePublished\":\"2021-06-07T09:41:23+00:00\",\"mainEntityOfPage\":{\"@id\":\"https:\\\/\\\/www.eldiario.net\\\/portal\\\/2021\\\/06\\\/07\\\/las-colas-en-los-aeropuertos-seran-cosa-del-pasado\\\/\"},\"wordCount\":441,\"publisher\":{\"@id\":\"https:\\\/\\\/www.eldiario.net\\\/portal\\\/#organization\"},\"image\":{\"@id\":\"https:\\\/\\\/www.eldiario.net\\\/portal\\\/2021\\\/06\\\/07\\\/las-colas-en-los-aeropuertos-seran-cosa-del-pasado\\\/#primaryimage\"},\"thumbnailUrl\":\"\",\"articleSection\":[\"Ciencia y Computaci\u00f3n\"],\"inLanguage\":\"es\"},{\"@type\":\"WebPage\",\"@id\":\"https:\\\/\\\/www.eldiario.net\\\/portal\\\/2021\\\/06\\\/07\\\/las-colas-en-los-aeropuertos-seran-cosa-del-pasado\\\/\",\"url\":\"https:\\\/\\\/www.eldiario.net\\\/portal\\\/2021\\\/06\\\/07\\\/las-colas-en-los-aeropuertos-seran-cosa-del-pasado\\\/\",\"name\":\"Las colas en los aeropuertos ser\u00e1n cosa del pasado - El Diario - Bolivia\",\"isPartOf\":{\"@id\":\"https:\\\/\\\/www.eldiario.net\\\/portal\\\/#website\"},\"primaryImageOfPage\":{\"@id\":\"https:\\\/\\\/www.eldiario.net\\\/portal\\\/2021\\\/06\\\/07\\\/las-colas-en-los-aeropuertos-seran-cosa-del-pasado\\\/#primaryimage\"},\"image\":{\"@id\":\"https:\\\/\\\/www.eldiario.net\\\/portal\\\/2021\\\/06\\\/07\\\/las-colas-en-los-aeropuertos-seran-cosa-del-pasado\\\/#primaryimage\"},\"thumbnailUrl\":\"\",\"datePublished\":\"2021-06-07T09:41:23+00:00\",\"breadcrumb\":{\"@id\":\"https:\\\/\\\/www.eldiario.net\\\/portal\\\/2021\\\/06\\\/07\\\/las-colas-en-los-aeropuertos-seran-cosa-del-pasado\\\/#breadcrumb\"},\"inLanguage\":\"es\",\"potentialAction\":[{\"@type\":\"ReadAction\",\"target\":[\"https:\\\/\\\/www.eldiario.net\\\/portal\\\/2021\\\/06\\\/07\\\/las-colas-en-los-aeropuertos-seran-cosa-del-pasado\\\/\"]}]},{\"@type\":\"ImageObject\",\"inLanguage\":\"es\",\"@id\":\"https:\\\/\\\/www.eldiario.net\\\/portal\\\/2021\\\/06\\\/07\\\/las-colas-en-los-aeropuertos-seran-cosa-del-pasado\\\/#primaryimage\",\"url\":\"\",\"contentUrl\":\"\"},{\"@type\":\"BreadcrumbList\",\"@id\":\"https:\\\/\\\/www.eldiario.net\\\/portal\\\/2021\\\/06\\\/07\\\/las-colas-en-los-aeropuertos-seran-cosa-del-pasado\\\/#breadcrumb\",\"itemListElement\":[{\"@type\":\"ListItem\",\"position\":1,\"name\":\"Portada\",\"item\":\"https:\\\/\\\/www.eldiario.net\\\/portal\\\/\"},{\"@type\":\"ListItem\",\"position\":2,\"name\":\"Las colas en los aeropuertos ser\u00e1n cosa del pasado\"}]},{\"@type\":\"WebSite\",\"@id\":\"https:\\\/\\\/www.eldiario.net\\\/portal\\\/#website\",\"url\":\"https:\\\/\\\/www.eldiario.net\\\/portal\\\/\",\"name\":\"El Diario - Decano de la prensa nacional\",\"description\":\"El Diario - Decano de la prensa nacional\",\"publisher\":{\"@id\":\"https:\\\/\\\/www.eldiario.net\\\/portal\\\/#organization\"},\"potentialAction\":[{\"@type\":\"SearchAction\",\"target\":{\"@type\":\"EntryPoint\",\"urlTemplate\":\"https:\\\/\\\/www.eldiario.net\\\/portal\\\/?s={search_term_string}\"},\"query-input\":{\"@type\":\"PropertyValueSpecification\",\"valueRequired\":true,\"valueName\":\"search_term_string\"}}],\"inLanguage\":\"es\"},{\"@type\":\"Organization\",\"@id\":\"https:\\\/\\\/www.eldiario.net\\\/portal\\\/#organization\",\"name\":\"El Diario - Decano de la prensa nacional\",\"url\":\"https:\\\/\\\/www.eldiario.net\\\/portal\\\/\",\"logo\":{\"@type\":\"ImageObject\",\"inLanguage\":\"es\",\"@id\":\"https:\\\/\\\/www.eldiario.net\\\/portal\\\/#\\\/schema\\\/logo\\\/image\\\/\",\"url\":\"https:\\\/\\\/www.eldiario.net\\\/portal\\\/wp-content\\\/uploads\\\/2023\\\/07\\\/logo_ED.jpg\",\"contentUrl\":\"https:\\\/\\\/www.eldiario.net\\\/portal\\\/wp-content\\\/uploads\\\/2023\\\/07\\\/logo_ED.jpg\",\"width\":272,\"height\":52,\"caption\":\"El Diario - Decano de la prensa nacional\"},\"image\":{\"@id\":\"https:\\\/\\\/www.eldiario.net\\\/portal\\\/#\\\/schema\\\/logo\\\/image\\\/\"},\"sameAs\":[\"https:\\\/\\\/www.facebook.com\\\/eldiario.bolivia\\\/\",\"https:\\\/\\\/x.com\\\/eldiario_net\"]},{\"@type\":\"Person\",\"@id\":\"https:\\\/\\\/www.eldiario.net\\\/portal\\\/#\\\/schema\\\/person\\\/2c57cf2b7a7ae032e449e4c9b1019eac\",\"name\":\"Jeanette\",\"image\":{\"@type\":\"ImageObject\",\"inLanguage\":\"es\",\"@id\":\"https:\\\/\\\/secure.gravatar.com\\\/avatar\\\/3ea2118a5f7dad2b7138b1187a6b7ee55f160b9968b66013c3a3ef39dd7e5798?s=96&d=mm&r=g\",\"url\":\"https:\\\/\\\/secure.gravatar.com\\\/avatar\\\/3ea2118a5f7dad2b7138b1187a6b7ee55f160b9968b66013c3a3ef39dd7e5798?s=96&d=mm&r=g\",\"contentUrl\":\"https:\\\/\\\/secure.gravatar.com\\\/avatar\\\/3ea2118a5f7dad2b7138b1187a6b7ee55f160b9968b66013c3a3ef39dd7e5798?s=96&d=mm&r=g\",\"caption\":\"Jeanette\"},\"sameAs\":[\"https:\\\/\\\/www.eldiario.net\\\/portal\"],\"url\":\"https:\\\/\\\/www.eldiario.net\\\/portal\\\/author\\\/jeanette\\\/\"}]}<\/script>\n<!-- \/ Yoast SEO plugin. -->","yoast_head_json":{"title":"Las colas en los aeropuertos ser\u00e1n cosa del pasado - El Diario - Bolivia","robots":{"index":"index","follow":"follow","max-snippet":"max-snippet:-1","max-image-preview":"max-image-preview:large","max-video-preview":"max-video-preview:-1"},"canonical":"https:\/\/www.eldiario.net\/portal\/2021\/06\/07\/las-colas-en-los-aeropuertos-seran-cosa-del-pasado\/","og_locale":"es_ES","og_type":"article","og_title":"Las colas en los aeropuertos ser\u00e1n cosa del pasado - El Diario - Bolivia","og_description":"Pasar tiempo en la cola del aeropuerto para para poder facturar nuestras maletas resulta algo inc\u00f3modo. Antes incluso de que se abran los mostradores de facturaci\u00f3n de la aerol\u00ednea, se suele encontrar un grupo de personas que esperan pacientemente para ser atendidos en primer lugar. Por muy temprano que llegues al aeropuerto, ellos est\u00e1n ah\u00ed, [&hellip;]","og_url":"https:\/\/www.eldiario.net\/portal\/2021\/06\/07\/las-colas-en-los-aeropuertos-seran-cosa-del-pasado\/","og_site_name":"El Diario - Bolivia","article_publisher":"https:\/\/www.facebook.com\/eldiario.bolivia\/","article_published_time":"2021-06-07T09:41:23+00:00","author":"Jeanette","twitter_card":"summary_large_image","twitter_creator":"@eldiario_net","twitter_site":"@eldiario_net","twitter_misc":{"Escrito por":"Jeanette","Tiempo de lectura":"2 minutos"},"schema":{"@context":"https:\/\/schema.org","@graph":[{"@type":"Article","@id":"https:\/\/www.eldiario.net\/portal\/2021\/06\/07\/las-colas-en-los-aeropuertos-seran-cosa-del-pasado\/#article","isPartOf":{"@id":"https:\/\/www.eldiario.net\/portal\/2021\/06\/07\/las-colas-en-los-aeropuertos-seran-cosa-del-pasado\/"},"author":{"name":"Jeanette","@id":"https:\/\/www.eldiario.net\/portal\/#\/schema\/person\/2c57cf2b7a7ae032e449e4c9b1019eac"},"headline":"Las colas en los aeropuertos ser\u00e1n cosa del pasado","datePublished":"2021-06-07T09:41:23+00:00","mainEntityOfPage":{"@id":"https:\/\/www.eldiario.net\/portal\/2021\/06\/07\/las-colas-en-los-aeropuertos-seran-cosa-del-pasado\/"},"wordCount":441,"publisher":{"@id":"https:\/\/www.eldiario.net\/portal\/#organization"},"image":{"@id":"https:\/\/www.eldiario.net\/portal\/2021\/06\/07\/las-colas-en-los-aeropuertos-seran-cosa-del-pasado\/#primaryimage"},"thumbnailUrl":"","articleSection":["Ciencia y Computaci\u00f3n"],"inLanguage":"es"},{"@type":"WebPage","@id":"https:\/\/www.eldiario.net\/portal\/2021\/06\/07\/las-colas-en-los-aeropuertos-seran-cosa-del-pasado\/","url":"https:\/\/www.eldiario.net\/portal\/2021\/06\/07\/las-colas-en-los-aeropuertos-seran-cosa-del-pasado\/","name":"Las colas en los aeropuertos ser\u00e1n cosa del pasado - El Diario - Bolivia","isPartOf":{"@id":"https:\/\/www.eldiario.net\/portal\/#website"},"primaryImageOfPage":{"@id":"https:\/\/www.eldiario.net\/portal\/2021\/06\/07\/las-colas-en-los-aeropuertos-seran-cosa-del-pasado\/#primaryimage"},"image":{"@id":"https:\/\/www.eldiario.net\/portal\/2021\/06\/07\/las-colas-en-los-aeropuertos-seran-cosa-del-pasado\/#primaryimage"},"thumbnailUrl":"","datePublished":"2021-06-07T09:41:23+00:00","breadcrumb":{"@id":"https:\/\/www.eldiario.net\/portal\/2021\/06\/07\/las-colas-en-los-aeropuertos-seran-cosa-del-pasado\/#breadcrumb"},"inLanguage":"es","potentialAction":[{"@type":"ReadAction","target":["https:\/\/www.eldiario.net\/portal\/2021\/06\/07\/las-colas-en-los-aeropuertos-seran-cosa-del-pasado\/"]}]},{"@type":"ImageObject","inLanguage":"es","@id":"https:\/\/www.eldiario.net\/portal\/2021\/06\/07\/las-colas-en-los-aeropuertos-seran-cosa-del-pasado\/#primaryimage","url":"","contentUrl":""},{"@type":"BreadcrumbList","@id":"https:\/\/www.eldiario.net\/portal\/2021\/06\/07\/las-colas-en-los-aeropuertos-seran-cosa-del-pasado\/#breadcrumb","itemListElement":[{"@type":"ListItem","position":1,"name":"Portada","item":"https:\/\/www.eldiario.net\/portal\/"},{"@type":"ListItem","position":2,"name":"Las colas en los aeropuertos ser\u00e1n cosa del pasado"}]},{"@type":"WebSite","@id":"https:\/\/www.eldiario.net\/portal\/#website","url":"https:\/\/www.eldiario.net\/portal\/","name":"El Diario - Decano de la prensa nacional","description":"El Diario - Decano de la prensa nacional","publisher":{"@id":"https:\/\/www.eldiario.net\/portal\/#organization"},"potentialAction":[{"@type":"SearchAction","target":{"@type":"EntryPoint","urlTemplate":"https:\/\/www.eldiario.net\/portal\/?s={search_term_string}"},"query-input":{"@type":"PropertyValueSpecification","valueRequired":true,"valueName":"search_term_string"}}],"inLanguage":"es"},{"@type":"Organization","@id":"https:\/\/www.eldiario.net\/portal\/#organization","name":"El Diario - Decano de la prensa nacional","url":"https:\/\/www.eldiario.net\/portal\/","logo":{"@type":"ImageObject","inLanguage":"es","@id":"https:\/\/www.eldiario.net\/portal\/#\/schema\/logo\/image\/","url":"https:\/\/www.eldiario.net\/portal\/wp-content\/uploads\/2023\/07\/logo_ED.jpg","contentUrl":"https:\/\/www.eldiario.net\/portal\/wp-content\/uploads\/2023\/07\/logo_ED.jpg","width":272,"height":52,"caption":"El Diario - Decano de la prensa nacional"},"image":{"@id":"https:\/\/www.eldiario.net\/portal\/#\/schema\/logo\/image\/"},"sameAs":["https:\/\/www.facebook.com\/eldiario.bolivia\/","https:\/\/x.com\/eldiario_net"]},{"@type":"Person","@id":"https:\/\/www.eldiario.net\/portal\/#\/schema\/person\/2c57cf2b7a7ae032e449e4c9b1019eac","name":"Jeanette","image":{"@type":"ImageObject","inLanguage":"es","@id":"https:\/\/secure.gravatar.com\/avatar\/3ea2118a5f7dad2b7138b1187a6b7ee55f160b9968b66013c3a3ef39dd7e5798?s=96&d=mm&r=g","url":"https:\/\/secure.gravatar.com\/avatar\/3ea2118a5f7dad2b7138b1187a6b7ee55f160b9968b66013c3a3ef39dd7e5798?s=96&d=mm&r=g","contentUrl":"https:\/\/secure.gravatar.com\/avatar\/3ea2118a5f7dad2b7138b1187a6b7ee55f160b9968b66013c3a3ef39dd7e5798?s=96&d=mm&r=g","caption":"Jeanette"},"sameAs":["https:\/\/www.eldiario.net\/portal"],"url":"https:\/\/www.eldiario.net\/portal\/author\/jeanette\/"}]}},"_links":{"self":[{"href":"https:\/\/www.eldiario.net\/portal\/wp-json\/wp\/v2\/posts\/8787","targetHints":{"allow":["GET"]}}],"collection":[{"href":"https:\/\/www.eldiario.net\/portal\/wp-json\/wp\/v2\/posts"}],"about":[{"href":"https:\/\/www.eldiario.net\/portal\/wp-json\/wp\/v2\/types\/post"}],"author":[{"embeddable":true,"href":"https:\/\/www.eldiario.net\/portal\/wp-json\/wp\/v2\/users\/1"}],"replies":[{"embeddable":true,"href":"https:\/\/www.eldiario.net\/portal\/wp-json\/wp\/v2\/comments?post=8787"}],"version-history":[{"count":0,"href":"https:\/\/www.eldiario.net\/portal\/wp-json\/wp\/v2\/posts\/8787\/revisions"}],"wp:attachment":[{"href":"https:\/\/www.eldiario.net\/portal\/wp-json\/wp\/v2\/media?parent=8787"}],"wp:term":[{"taxonomy":"category","embeddable":true,"href":"https:\/\/www.eldiario.net\/portal\/wp-json\/wp\/v2\/categories?post=8787"},{"taxonomy":"post_tag","embeddable":true,"href":"https:\/\/www.eldiario.net\/portal\/wp-json\/wp\/v2\/tags?post=8787"}],"curies":[{"name":"wp","href":"https:\/\/api.w.org\/{rel}","templated":true}]}}