{"id":8778,"date":"2021-06-07T05:38:15","date_gmt":"2021-06-07T09:38:15","guid":{"rendered":"https:\/\/www.eldiario.net\/portal\/?p=8778"},"modified":"2021-06-07T05:38:15","modified_gmt":"2021-06-07T09:38:15","slug":"google-photos-dio-por-concluido-el-almacenamiento-gratuito-ilimitado","status":"publish","type":"post","link":"https:\/\/www.eldiario.net\/portal\/2021\/06\/07\/google-photos-dio-por-concluido-el-almacenamiento-gratuito-ilimitado\/","title":{"rendered":"Google Photos dio por concluido el almacenamiento gratuito ilimitado"},"content":{"rendered":"<p>Desde el 1 de junio, Google Photos limit\u00f3 el almacenamiento gratuito a 15 GB, esperan que las personas se registren en su servicio de suscripci\u00f3n de almacenamiento Google One.<br \/>\nGoogle Photos finaliz\u00f3 su pol\u00edtica de almacenamiento gratuito ilimitado para fotos y videos el martes 1 de junio. Ahora todas las fotos y videos nuevos que cargue contar\u00e1n con 15 GB de almacenamiento gratuitos que vienen con cada cuenta de Google . Pero no se preocupe: las fotos o videos que haya subido antes de ese d\u00eda no ser\u00e1n parte del l\u00edmite. Y Google ha agregado una nueva herramienta gratuita para ayudarlo a administrar su cuota de almacenamiento.<br \/>\nLa medida, anunciada en noviembre, tiene como objetivo alentar a las personas a registrarse en el servicio de suscripci\u00f3n de almacenamiento de Google , Google One . Los planes de Google One comienzan en $ 2 al mes en los EE. UU. Por 100 GB de almacenamiento y otras funciones, como descuentos en Google Store.<br \/>\nRecuerde que puede crear una copia de seguridad de todas sus fotos, para ello puede ir a Configuraci\u00f3n&gt; Copia de seguridad y sincronizaci\u00f3n .<br \/>\nUna vez que el cambio entre en vigencia, m\u00e1s del 80% de los usuarios actuales de Google Photos a\u00fan deber\u00edan poder almacenar aproximadamente tres a\u00f1os de contenido con esos 15 GB gratuitos. Google le notificar\u00e1 en la aplicaci\u00f3n y por correo electr\u00f3nico una vez que est\u00e9 cerca de alcanzar su l\u00edmite de 15 GB. Tambi\u00e9n puede encontrar una estimaci\u00f3n personalizada de cu\u00e1nto tiempo puede durar su almacenamiento gratuito, seg\u00fan la frecuencia con la que realiza copias de seguridad de fotos y videos en su cuenta de Google.<br \/>\nEn mayo, Google agreg\u00f3 una nueva herramienta en la aplicaci\u00f3n Fotos para ayudarlo a administrar las fotos y videos que ha respaldado y que cuentan para su cuota de almacenamiento de 15GB. Visualizar\u00e1 fotos o videos que quiz\u00e1s desee eliminar, como fotos borrosas o capturas de pantalla, o videos que son grandes, para administrar mejor el almacenamiento que tiene.<br \/>\nM\u00e1s de 4 billones de fotos se almacenan en Google Photos, dijo la compa\u00f1\u00eda en noviembre, con 28 mil millones de fotos y videos nuevos cargados cada semana. En mayo, Google present\u00f3 nuevas funciones de Fotos, incluida la capacidad de eliminar fotos de sus Recuerdos y nuevas t\u00e9cnicas impulsadas por IA para hacer que sus fotos cobren vida .<\/p>\n","protected":false},"excerpt":{"rendered":"<p>Desde el 1 de junio, Google Photos limit\u00f3 el almacenamiento gratuito a 15 GB, esperan que las personas se registren en su servicio de suscripci\u00f3n de almacenamiento Google One. Google Photos finaliz\u00f3 su pol\u00edtica de almacenamiento gratuito ilimitado para fotos y videos el martes 1 de junio. Ahora todas las fotos y videos nuevos que [&hellip;]<\/p>\n","protected":false},"author":1,"featured_media":8779,"comment_status":"closed","ping_status":"closed","sticky":false,"template":"","format":"standard","meta":{"_acf_changed":false,"footnotes":""},"categories":[46],"tags":[],"class_list":["post-8778","post","type-post","status-publish","format-standard","has-post-thumbnail","category-ciencia-computacion"],"acf":{"antetitulo":""},"yoast_head":"<!-- This site is optimized with the Yoast SEO plugin v28.4 - https:\/\/yoast.com\/product\/yoast-seo-wordpress\/ -->\n<title>Google Photos dio por concluido el almacenamiento gratuito ilimitado - El Diario - Bolivia<\/title>\n<meta name=\"robots\" content=\"index, follow, max-snippet:-1, max-image-preview:large, max-video-preview:-1\" \/>\n<link rel=\"canonical\" href=\"https:\/\/www.eldiario.net\/portal\/2021\/06\/07\/google-photos-dio-por-concluido-el-almacenamiento-gratuito-ilimitado\/\" \/>\n<meta property=\"og:locale\" content=\"es_ES\" \/>\n<meta property=\"og:type\" content=\"article\" \/>\n<meta property=\"og:title\" content=\"Google Photos dio por concluido el almacenamiento gratuito ilimitado - El Diario - Bolivia\" \/>\n<meta property=\"og:description\" content=\"Desde el 1 de junio, Google Photos limit\u00f3 el almacenamiento gratuito a 15 GB, esperan que las personas se registren en su servicio de suscripci\u00f3n de almacenamiento Google One. Google Photos finaliz\u00f3 su pol\u00edtica de almacenamiento gratuito ilimitado para fotos y videos el martes 1 de junio. Ahora todas las fotos y videos nuevos que [&hellip;]\" \/>\n<meta property=\"og:url\" content=\"https:\/\/www.eldiario.net\/portal\/2021\/06\/07\/google-photos-dio-por-concluido-el-almacenamiento-gratuito-ilimitado\/\" \/>\n<meta property=\"og:site_name\" content=\"El Diario - Bolivia\" \/>\n<meta property=\"article:publisher\" content=\"https:\/\/www.facebook.com\/eldiario.bolivia\/\" \/>\n<meta property=\"article:published_time\" content=\"2021-06-07T09:38:15+00:00\" \/>\n<meta name=\"author\" content=\"Jeanette\" \/>\n<meta name=\"twitter:card\" content=\"summary_large_image\" \/>\n<meta name=\"twitter:creator\" content=\"@eldiario_net\" \/>\n<meta name=\"twitter:site\" content=\"@eldiario_net\" \/>\n<meta name=\"twitter:label1\" content=\"Escrito por\" \/>\n\t<meta name=\"twitter:data1\" content=\"Jeanette\" \/>\n\t<meta name=\"twitter:label2\" content=\"Tiempo de lectura\" \/>\n\t<meta name=\"twitter:data2\" content=\"2 minutos\" \/>\n<script type=\"application\/ld+json\" class=\"yoast-schema-graph\">{\"@context\":\"https:\\\/\\\/schema.org\",\"@graph\":[{\"@type\":\"Article\",\"@id\":\"https:\\\/\\\/www.eldiario.net\\\/portal\\\/2021\\\/06\\\/07\\\/google-photos-dio-por-concluido-el-almacenamiento-gratuito-ilimitado\\\/#article\",\"isPartOf\":{\"@id\":\"https:\\\/\\\/www.eldiario.net\\\/portal\\\/2021\\\/06\\\/07\\\/google-photos-dio-por-concluido-el-almacenamiento-gratuito-ilimitado\\\/\"},\"author\":{\"name\":\"Jeanette\",\"@id\":\"https:\\\/\\\/www.eldiario.net\\\/portal\\\/#\\\/schema\\\/person\\\/2c57cf2b7a7ae032e449e4c9b1019eac\"},\"headline\":\"Google Photos dio por concluido el almacenamiento gratuito ilimitado\",\"datePublished\":\"2021-06-07T09:38:15+00:00\",\"mainEntityOfPage\":{\"@id\":\"https:\\\/\\\/www.eldiario.net\\\/portal\\\/2021\\\/06\\\/07\\\/google-photos-dio-por-concluido-el-almacenamiento-gratuito-ilimitado\\\/\"},\"wordCount\":409,\"publisher\":{\"@id\":\"https:\\\/\\\/www.eldiario.net\\\/portal\\\/#organization\"},\"image\":{\"@id\":\"https:\\\/\\\/www.eldiario.net\\\/portal\\\/2021\\\/06\\\/07\\\/google-photos-dio-por-concluido-el-almacenamiento-gratuito-ilimitado\\\/#primaryimage\"},\"thumbnailUrl\":\"\",\"articleSection\":[\"Ciencia y Computaci\u00f3n\"],\"inLanguage\":\"es\"},{\"@type\":\"WebPage\",\"@id\":\"https:\\\/\\\/www.eldiario.net\\\/portal\\\/2021\\\/06\\\/07\\\/google-photos-dio-por-concluido-el-almacenamiento-gratuito-ilimitado\\\/\",\"url\":\"https:\\\/\\\/www.eldiario.net\\\/portal\\\/2021\\\/06\\\/07\\\/google-photos-dio-por-concluido-el-almacenamiento-gratuito-ilimitado\\\/\",\"name\":\"Google Photos dio por concluido el almacenamiento gratuito ilimitado - El Diario - Bolivia\",\"isPartOf\":{\"@id\":\"https:\\\/\\\/www.eldiario.net\\\/portal\\\/#website\"},\"primaryImageOfPage\":{\"@id\":\"https:\\\/\\\/www.eldiario.net\\\/portal\\\/2021\\\/06\\\/07\\\/google-photos-dio-por-concluido-el-almacenamiento-gratuito-ilimitado\\\/#primaryimage\"},\"image\":{\"@id\":\"https:\\\/\\\/www.eldiario.net\\\/portal\\\/2021\\\/06\\\/07\\\/google-photos-dio-por-concluido-el-almacenamiento-gratuito-ilimitado\\\/#primaryimage\"},\"thumbnailUrl\":\"\",\"datePublished\":\"2021-06-07T09:38:15+00:00\",\"breadcrumb\":{\"@id\":\"https:\\\/\\\/www.eldiario.net\\\/portal\\\/2021\\\/06\\\/07\\\/google-photos-dio-por-concluido-el-almacenamiento-gratuito-ilimitado\\\/#breadcrumb\"},\"inLanguage\":\"es\",\"potentialAction\":[{\"@type\":\"ReadAction\",\"target\":[\"https:\\\/\\\/www.eldiario.net\\\/portal\\\/2021\\\/06\\\/07\\\/google-photos-dio-por-concluido-el-almacenamiento-gratuito-ilimitado\\\/\"]}]},{\"@type\":\"ImageObject\",\"inLanguage\":\"es\",\"@id\":\"https:\\\/\\\/www.eldiario.net\\\/portal\\\/2021\\\/06\\\/07\\\/google-photos-dio-por-concluido-el-almacenamiento-gratuito-ilimitado\\\/#primaryimage\",\"url\":\"\",\"contentUrl\":\"\"},{\"@type\":\"BreadcrumbList\",\"@id\":\"https:\\\/\\\/www.eldiario.net\\\/portal\\\/2021\\\/06\\\/07\\\/google-photos-dio-por-concluido-el-almacenamiento-gratuito-ilimitado\\\/#breadcrumb\",\"itemListElement\":[{\"@type\":\"ListItem\",\"position\":1,\"name\":\"Portada\",\"item\":\"https:\\\/\\\/www.eldiario.net\\\/portal\\\/\"},{\"@type\":\"ListItem\",\"position\":2,\"name\":\"Google Photos dio por concluido el almacenamiento gratuito ilimitado\"}]},{\"@type\":\"WebSite\",\"@id\":\"https:\\\/\\\/www.eldiario.net\\\/portal\\\/#website\",\"url\":\"https:\\\/\\\/www.eldiario.net\\\/portal\\\/\",\"name\":\"El Diario - Decano de la prensa nacional\",\"description\":\"El Diario - Decano de la prensa nacional\",\"publisher\":{\"@id\":\"https:\\\/\\\/www.eldiario.net\\\/portal\\\/#organization\"},\"potentialAction\":[{\"@type\":\"SearchAction\",\"target\":{\"@type\":\"EntryPoint\",\"urlTemplate\":\"https:\\\/\\\/www.eldiario.net\\\/portal\\\/?s={search_term_string}\"},\"query-input\":{\"@type\":\"PropertyValueSpecification\",\"valueRequired\":true,\"valueName\":\"search_term_string\"}}],\"inLanguage\":\"es\"},{\"@type\":\"Organization\",\"@id\":\"https:\\\/\\\/www.eldiario.net\\\/portal\\\/#organization\",\"name\":\"El Diario - Decano de la prensa nacional\",\"url\":\"https:\\\/\\\/www.eldiario.net\\\/portal\\\/\",\"logo\":{\"@type\":\"ImageObject\",\"inLanguage\":\"es\",\"@id\":\"https:\\\/\\\/www.eldiario.net\\\/portal\\\/#\\\/schema\\\/logo\\\/image\\\/\",\"url\":\"https:\\\/\\\/www.eldiario.net\\\/portal\\\/wp-content\\\/uploads\\\/2023\\\/07\\\/logo_ED.jpg\",\"contentUrl\":\"https:\\\/\\\/www.eldiario.net\\\/portal\\\/wp-content\\\/uploads\\\/2023\\\/07\\\/logo_ED.jpg\",\"width\":272,\"height\":52,\"caption\":\"El Diario - Decano de la prensa nacional\"},\"image\":{\"@id\":\"https:\\\/\\\/www.eldiario.net\\\/portal\\\/#\\\/schema\\\/logo\\\/image\\\/\"},\"sameAs\":[\"https:\\\/\\\/www.facebook.com\\\/eldiario.bolivia\\\/\",\"https:\\\/\\\/x.com\\\/eldiario_net\"]},{\"@type\":\"Person\",\"@id\":\"https:\\\/\\\/www.eldiario.net\\\/portal\\\/#\\\/schema\\\/person\\\/2c57cf2b7a7ae032e449e4c9b1019eac\",\"name\":\"Jeanette\",\"image\":{\"@type\":\"ImageObject\",\"inLanguage\":\"es\",\"@id\":\"https:\\\/\\\/secure.gravatar.com\\\/avatar\\\/3ea2118a5f7dad2b7138b1187a6b7ee55f160b9968b66013c3a3ef39dd7e5798?s=96&d=mm&r=g\",\"url\":\"https:\\\/\\\/secure.gravatar.com\\\/avatar\\\/3ea2118a5f7dad2b7138b1187a6b7ee55f160b9968b66013c3a3ef39dd7e5798?s=96&d=mm&r=g\",\"contentUrl\":\"https:\\\/\\\/secure.gravatar.com\\\/avatar\\\/3ea2118a5f7dad2b7138b1187a6b7ee55f160b9968b66013c3a3ef39dd7e5798?s=96&d=mm&r=g\",\"caption\":\"Jeanette\"},\"sameAs\":[\"https:\\\/\\\/www.eldiario.net\\\/portal\"],\"url\":\"https:\\\/\\\/www.eldiario.net\\\/portal\\\/author\\\/jeanette\\\/\"}]}<\/script>\n<!-- \/ Yoast SEO plugin. -->","yoast_head_json":{"title":"Google Photos dio por concluido el almacenamiento gratuito ilimitado - El Diario - Bolivia","robots":{"index":"index","follow":"follow","max-snippet":"max-snippet:-1","max-image-preview":"max-image-preview:large","max-video-preview":"max-video-preview:-1"},"canonical":"https:\/\/www.eldiario.net\/portal\/2021\/06\/07\/google-photos-dio-por-concluido-el-almacenamiento-gratuito-ilimitado\/","og_locale":"es_ES","og_type":"article","og_title":"Google Photos dio por concluido el almacenamiento gratuito ilimitado - El Diario - Bolivia","og_description":"Desde el 1 de junio, Google Photos limit\u00f3 el almacenamiento gratuito a 15 GB, esperan que las personas se registren en su servicio de suscripci\u00f3n de almacenamiento Google One. Google Photos finaliz\u00f3 su pol\u00edtica de almacenamiento gratuito ilimitado para fotos y videos el martes 1 de junio. Ahora todas las fotos y videos nuevos que [&hellip;]","og_url":"https:\/\/www.eldiario.net\/portal\/2021\/06\/07\/google-photos-dio-por-concluido-el-almacenamiento-gratuito-ilimitado\/","og_site_name":"El Diario - Bolivia","article_publisher":"https:\/\/www.facebook.com\/eldiario.bolivia\/","article_published_time":"2021-06-07T09:38:15+00:00","author":"Jeanette","twitter_card":"summary_large_image","twitter_creator":"@eldiario_net","twitter_site":"@eldiario_net","twitter_misc":{"Escrito por":"Jeanette","Tiempo de lectura":"2 minutos"},"schema":{"@context":"https:\/\/schema.org","@graph":[{"@type":"Article","@id":"https:\/\/www.eldiario.net\/portal\/2021\/06\/07\/google-photos-dio-por-concluido-el-almacenamiento-gratuito-ilimitado\/#article","isPartOf":{"@id":"https:\/\/www.eldiario.net\/portal\/2021\/06\/07\/google-photos-dio-por-concluido-el-almacenamiento-gratuito-ilimitado\/"},"author":{"name":"Jeanette","@id":"https:\/\/www.eldiario.net\/portal\/#\/schema\/person\/2c57cf2b7a7ae032e449e4c9b1019eac"},"headline":"Google Photos dio por concluido el almacenamiento gratuito ilimitado","datePublished":"2021-06-07T09:38:15+00:00","mainEntityOfPage":{"@id":"https:\/\/www.eldiario.net\/portal\/2021\/06\/07\/google-photos-dio-por-concluido-el-almacenamiento-gratuito-ilimitado\/"},"wordCount":409,"publisher":{"@id":"https:\/\/www.eldiario.net\/portal\/#organization"},"image":{"@id":"https:\/\/www.eldiario.net\/portal\/2021\/06\/07\/google-photos-dio-por-concluido-el-almacenamiento-gratuito-ilimitado\/#primaryimage"},"thumbnailUrl":"","articleSection":["Ciencia y Computaci\u00f3n"],"inLanguage":"es"},{"@type":"WebPage","@id":"https:\/\/www.eldiario.net\/portal\/2021\/06\/07\/google-photos-dio-por-concluido-el-almacenamiento-gratuito-ilimitado\/","url":"https:\/\/www.eldiario.net\/portal\/2021\/06\/07\/google-photos-dio-por-concluido-el-almacenamiento-gratuito-ilimitado\/","name":"Google Photos dio por concluido el almacenamiento gratuito ilimitado - El Diario - Bolivia","isPartOf":{"@id":"https:\/\/www.eldiario.net\/portal\/#website"},"primaryImageOfPage":{"@id":"https:\/\/www.eldiario.net\/portal\/2021\/06\/07\/google-photos-dio-por-concluido-el-almacenamiento-gratuito-ilimitado\/#primaryimage"},"image":{"@id":"https:\/\/www.eldiario.net\/portal\/2021\/06\/07\/google-photos-dio-por-concluido-el-almacenamiento-gratuito-ilimitado\/#primaryimage"},"thumbnailUrl":"","datePublished":"2021-06-07T09:38:15+00:00","breadcrumb":{"@id":"https:\/\/www.eldiario.net\/portal\/2021\/06\/07\/google-photos-dio-por-concluido-el-almacenamiento-gratuito-ilimitado\/#breadcrumb"},"inLanguage":"es","potentialAction":[{"@type":"ReadAction","target":["https:\/\/www.eldiario.net\/portal\/2021\/06\/07\/google-photos-dio-por-concluido-el-almacenamiento-gratuito-ilimitado\/"]}]},{"@type":"ImageObject","inLanguage":"es","@id":"https:\/\/www.eldiario.net\/portal\/2021\/06\/07\/google-photos-dio-por-concluido-el-almacenamiento-gratuito-ilimitado\/#primaryimage","url":"","contentUrl":""},{"@type":"BreadcrumbList","@id":"https:\/\/www.eldiario.net\/portal\/2021\/06\/07\/google-photos-dio-por-concluido-el-almacenamiento-gratuito-ilimitado\/#breadcrumb","itemListElement":[{"@type":"ListItem","position":1,"name":"Portada","item":"https:\/\/www.eldiario.net\/portal\/"},{"@type":"ListItem","position":2,"name":"Google Photos dio por concluido el almacenamiento gratuito ilimitado"}]},{"@type":"WebSite","@id":"https:\/\/www.eldiario.net\/portal\/#website","url":"https:\/\/www.eldiario.net\/portal\/","name":"El Diario - Decano de la prensa nacional","description":"El Diario - Decano de la prensa nacional","publisher":{"@id":"https:\/\/www.eldiario.net\/portal\/#organization"},"potentialAction":[{"@type":"SearchAction","target":{"@type":"EntryPoint","urlTemplate":"https:\/\/www.eldiario.net\/portal\/?s={search_term_string}"},"query-input":{"@type":"PropertyValueSpecification","valueRequired":true,"valueName":"search_term_string"}}],"inLanguage":"es"},{"@type":"Organization","@id":"https:\/\/www.eldiario.net\/portal\/#organization","name":"El Diario - Decano de la prensa nacional","url":"https:\/\/www.eldiario.net\/portal\/","logo":{"@type":"ImageObject","inLanguage":"es","@id":"https:\/\/www.eldiario.net\/portal\/#\/schema\/logo\/image\/","url":"https:\/\/www.eldiario.net\/portal\/wp-content\/uploads\/2023\/07\/logo_ED.jpg","contentUrl":"https:\/\/www.eldiario.net\/portal\/wp-content\/uploads\/2023\/07\/logo_ED.jpg","width":272,"height":52,"caption":"El Diario - Decano de la prensa nacional"},"image":{"@id":"https:\/\/www.eldiario.net\/portal\/#\/schema\/logo\/image\/"},"sameAs":["https:\/\/www.facebook.com\/eldiario.bolivia\/","https:\/\/x.com\/eldiario_net"]},{"@type":"Person","@id":"https:\/\/www.eldiario.net\/portal\/#\/schema\/person\/2c57cf2b7a7ae032e449e4c9b1019eac","name":"Jeanette","image":{"@type":"ImageObject","inLanguage":"es","@id":"https:\/\/secure.gravatar.com\/avatar\/3ea2118a5f7dad2b7138b1187a6b7ee55f160b9968b66013c3a3ef39dd7e5798?s=96&d=mm&r=g","url":"https:\/\/secure.gravatar.com\/avatar\/3ea2118a5f7dad2b7138b1187a6b7ee55f160b9968b66013c3a3ef39dd7e5798?s=96&d=mm&r=g","contentUrl":"https:\/\/secure.gravatar.com\/avatar\/3ea2118a5f7dad2b7138b1187a6b7ee55f160b9968b66013c3a3ef39dd7e5798?s=96&d=mm&r=g","caption":"Jeanette"},"sameAs":["https:\/\/www.eldiario.net\/portal"],"url":"https:\/\/www.eldiario.net\/portal\/author\/jeanette\/"}]}},"_links":{"self":[{"href":"https:\/\/www.eldiario.net\/portal\/wp-json\/wp\/v2\/posts\/8778","targetHints":{"allow":["GET"]}}],"collection":[{"href":"https:\/\/www.eldiario.net\/portal\/wp-json\/wp\/v2\/posts"}],"about":[{"href":"https:\/\/www.eldiario.net\/portal\/wp-json\/wp\/v2\/types\/post"}],"author":[{"embeddable":true,"href":"https:\/\/www.eldiario.net\/portal\/wp-json\/wp\/v2\/users\/1"}],"replies":[{"embeddable":true,"href":"https:\/\/www.eldiario.net\/portal\/wp-json\/wp\/v2\/comments?post=8778"}],"version-history":[{"count":0,"href":"https:\/\/www.eldiario.net\/portal\/wp-json\/wp\/v2\/posts\/8778\/revisions"}],"wp:attachment":[{"href":"https:\/\/www.eldiario.net\/portal\/wp-json\/wp\/v2\/media?parent=8778"}],"wp:term":[{"taxonomy":"category","embeddable":true,"href":"https:\/\/www.eldiario.net\/portal\/wp-json\/wp\/v2\/categories?post=8778"},{"taxonomy":"post_tag","embeddable":true,"href":"https:\/\/www.eldiario.net\/portal\/wp-json\/wp\/v2\/tags?post=8778"}],"curies":[{"name":"wp","href":"https:\/\/api.w.org\/{rel}","templated":true}]}}