{"id":8773,"date":"2021-06-07T05:35:52","date_gmt":"2021-06-07T09:35:52","guid":{"rendered":"https:\/\/www.eldiario.net\/portal\/?p=8773"},"modified":"2021-06-07T05:35:52","modified_gmt":"2021-06-07T09:35:52","slug":"bulacia-vuelve-a-sorprender-y-hace-podio","status":"publish","type":"post","link":"https:\/\/www.eldiario.net\/portal\/2021\/06\/07\/bulacia-vuelve-a-sorprender-y-hace-podio\/","title":{"rendered":"Bulacia vuelve a  sorprender y hace podio"},"content":{"rendered":"<p>Por segunda vez en lo que va de esta temporada, Marco Bulacia Wilkinson hizo podio en la clase WRC2, correspondiente al Campeonato Mundial de Rally, tras quedar en la tercera posici\u00f3n, este fin de semana, en el Rally de Cerde\u00f1a, Italia, con un tiempo de tres horas, 31 minutos, un segundo en la prueba.<br \/>\nBulacia volvi\u00f3 a colocarse entre los mejores en su a\u00f1o debut en el grupo WRC2 con una actuaci\u00f3n destacada en la prueba celebrada durante cuatro jornadas con 20 pruebas especiales, en las cuales el piloto boliviano se mantuvo cerca del finland\u00e9s Jari Huttunen (3h28\u00b458\u201d1) y del noruego Mads Ostberg (3h29\u00b405\u201d6), a quienes presion\u00f3 a lo largo de la carrera.<br \/>\nEn la clasificaci\u00f3n general, Bulacia finaliz\u00f3 en la d\u00e9cima posici\u00f3n entre 40 binomios participantes. El ganador absoluto fue el franc\u00e9s S\u00e9bastian Ogier con un registro de 3h19\u00b426\u201d4 en la principal categor\u00eda.<br \/>\nDurante la competencia del domingo, en el tramo Alientu-Santa Teresa, Bulacia sufri\u00f3 un vuelco del coche sin consecuencias de consideraci\u00f3n para el piloto y para su navegante, el argentino Marcelo Der Ohannesian, que de inmediato arrancaron para continuar en carretera. El momento del giro que dio su autom\u00f3vil Favia Evo fue grabado por Giussepe Masu y fue compartido en la cuenta de Facebook del corredor.<br \/>\nCon este resultado, Bulacia llega al podio por segunda vez en este a\u00f1o. En abril de este a\u00f1o, en el Rally de Croacia, el piloto, nacido en Santa Cruz, fue tercero marcando un protagonismo que revalid\u00f3 este fin de semana en Italia, la cuarta prueba en esta gesti\u00f3n.<br \/>\nAdem\u00e1s del triunfo personal, que le permiti\u00f3 acumular 63 punto en el ranking de la WRC2, por debajo del noruego Andreas Mikkelsen (68) y Ostger (66), el piloto boliviano ayud\u00f3 a que su equipo, Toksports, alcanc\u00e9 la cima en esta clasificaci\u00f3n con 128 puntos, quedando por delante de Movisports (125) y M-Sport Ford WRT (106).<\/p>\n<p>63 PUNTOS<br \/>\nsuma Marco Bulacia Wilkinson en el ranking de la WRC2 en el campeonato mundial.<\/p>\n\n","protected":false},"excerpt":{"rendered":"<p>Por segunda vez en lo que va de esta temporada, Marco Bulacia Wilkinson hizo podio en la clase WRC2, correspondiente al Campeonato Mundial de Rally, tras quedar en la tercera posici\u00f3n, este fin de semana, en el Rally de Cerde\u00f1a, Italia, con un tiempo de tres horas, 31 minutos, un segundo en la prueba. Bulacia [&hellip;]<\/p>\n","protected":false},"author":1,"featured_media":8774,"comment_status":"closed","ping_status":"closed","sticky":false,"template":"","format":"standard","meta":{"_acf_changed":false,"footnotes":""},"categories":[6],"tags":[],"class_list":["post-8773","post","type-post","status-publish","format-standard","has-post-thumbnail","category-deportes"],"acf":{"antetitulo":""},"yoast_head":"<!-- This site is optimized with the Yoast SEO plugin v28.4 - https:\/\/yoast.com\/product\/yoast-seo-wordpress\/ -->\n<title>Bulacia vuelve a sorprender y hace podio - El Diario - Bolivia<\/title>\n<meta name=\"robots\" content=\"index, follow, max-snippet:-1, max-image-preview:large, max-video-preview:-1\" \/>\n<link rel=\"canonical\" href=\"https:\/\/www.eldiario.net\/portal\/2021\/06\/07\/bulacia-vuelve-a-sorprender-y-hace-podio\/\" \/>\n<meta property=\"og:locale\" content=\"es_ES\" \/>\n<meta property=\"og:type\" content=\"article\" \/>\n<meta property=\"og:title\" content=\"Bulacia vuelve a sorprender y hace podio - El Diario - Bolivia\" \/>\n<meta property=\"og:description\" content=\"Por segunda vez en lo que va de esta temporada, Marco Bulacia Wilkinson hizo podio en la clase WRC2, correspondiente al Campeonato Mundial de Rally, tras quedar en la tercera posici\u00f3n, este fin de semana, en el Rally de Cerde\u00f1a, Italia, con un tiempo de tres horas, 31 minutos, un segundo en la prueba. Bulacia [&hellip;]\" \/>\n<meta property=\"og:url\" content=\"https:\/\/www.eldiario.net\/portal\/2021\/06\/07\/bulacia-vuelve-a-sorprender-y-hace-podio\/\" \/>\n<meta property=\"og:site_name\" content=\"El Diario - Bolivia\" \/>\n<meta property=\"article:publisher\" content=\"https:\/\/www.facebook.com\/eldiario.bolivia\/\" \/>\n<meta property=\"article:published_time\" content=\"2021-06-07T09:35:52+00:00\" \/>\n<meta name=\"author\" content=\"Jeanette\" \/>\n<meta name=\"twitter:card\" content=\"summary_large_image\" \/>\n<meta name=\"twitter:creator\" content=\"@eldiario_net\" \/>\n<meta name=\"twitter:site\" content=\"@eldiario_net\" \/>\n<meta name=\"twitter:label1\" content=\"Escrito por\" \/>\n\t<meta name=\"twitter:data1\" content=\"Jeanette\" \/>\n\t<meta name=\"twitter:label2\" content=\"Tiempo de lectura\" \/>\n\t<meta name=\"twitter:data2\" content=\"2 minutos\" \/>\n<script type=\"application\/ld+json\" class=\"yoast-schema-graph\">{\"@context\":\"https:\\\/\\\/schema.org\",\"@graph\":[{\"@type\":\"Article\",\"@id\":\"https:\\\/\\\/www.eldiario.net\\\/portal\\\/2021\\\/06\\\/07\\\/bulacia-vuelve-a-sorprender-y-hace-podio\\\/#article\",\"isPartOf\":{\"@id\":\"https:\\\/\\\/www.eldiario.net\\\/portal\\\/2021\\\/06\\\/07\\\/bulacia-vuelve-a-sorprender-y-hace-podio\\\/\"},\"author\":{\"name\":\"Jeanette\",\"@id\":\"https:\\\/\\\/www.eldiario.net\\\/portal\\\/#\\\/schema\\\/person\\\/2c57cf2b7a7ae032e449e4c9b1019eac\"},\"headline\":\"Bulacia vuelve a sorprender y hace podio\",\"datePublished\":\"2021-06-07T09:35:52+00:00\",\"mainEntityOfPage\":{\"@id\":\"https:\\\/\\\/www.eldiario.net\\\/portal\\\/2021\\\/06\\\/07\\\/bulacia-vuelve-a-sorprender-y-hace-podio\\\/\"},\"wordCount\":347,\"publisher\":{\"@id\":\"https:\\\/\\\/www.eldiario.net\\\/portal\\\/#organization\"},\"image\":{\"@id\":\"https:\\\/\\\/www.eldiario.net\\\/portal\\\/2021\\\/06\\\/07\\\/bulacia-vuelve-a-sorprender-y-hace-podio\\\/#primaryimage\"},\"thumbnailUrl\":\"\",\"articleSection\":[\"Deportes\"],\"inLanguage\":\"es\"},{\"@type\":\"WebPage\",\"@id\":\"https:\\\/\\\/www.eldiario.net\\\/portal\\\/2021\\\/06\\\/07\\\/bulacia-vuelve-a-sorprender-y-hace-podio\\\/\",\"url\":\"https:\\\/\\\/www.eldiario.net\\\/portal\\\/2021\\\/06\\\/07\\\/bulacia-vuelve-a-sorprender-y-hace-podio\\\/\",\"name\":\"Bulacia vuelve a sorprender y hace podio - El Diario - Bolivia\",\"isPartOf\":{\"@id\":\"https:\\\/\\\/www.eldiario.net\\\/portal\\\/#website\"},\"primaryImageOfPage\":{\"@id\":\"https:\\\/\\\/www.eldiario.net\\\/portal\\\/2021\\\/06\\\/07\\\/bulacia-vuelve-a-sorprender-y-hace-podio\\\/#primaryimage\"},\"image\":{\"@id\":\"https:\\\/\\\/www.eldiario.net\\\/portal\\\/2021\\\/06\\\/07\\\/bulacia-vuelve-a-sorprender-y-hace-podio\\\/#primaryimage\"},\"thumbnailUrl\":\"\",\"datePublished\":\"2021-06-07T09:35:52+00:00\",\"breadcrumb\":{\"@id\":\"https:\\\/\\\/www.eldiario.net\\\/portal\\\/2021\\\/06\\\/07\\\/bulacia-vuelve-a-sorprender-y-hace-podio\\\/#breadcrumb\"},\"inLanguage\":\"es\",\"potentialAction\":[{\"@type\":\"ReadAction\",\"target\":[\"https:\\\/\\\/www.eldiario.net\\\/portal\\\/2021\\\/06\\\/07\\\/bulacia-vuelve-a-sorprender-y-hace-podio\\\/\"]}]},{\"@type\":\"ImageObject\",\"inLanguage\":\"es\",\"@id\":\"https:\\\/\\\/www.eldiario.net\\\/portal\\\/2021\\\/06\\\/07\\\/bulacia-vuelve-a-sorprender-y-hace-podio\\\/#primaryimage\",\"url\":\"\",\"contentUrl\":\"\"},{\"@type\":\"BreadcrumbList\",\"@id\":\"https:\\\/\\\/www.eldiario.net\\\/portal\\\/2021\\\/06\\\/07\\\/bulacia-vuelve-a-sorprender-y-hace-podio\\\/#breadcrumb\",\"itemListElement\":[{\"@type\":\"ListItem\",\"position\":1,\"name\":\"Portada\",\"item\":\"https:\\\/\\\/www.eldiario.net\\\/portal\\\/\"},{\"@type\":\"ListItem\",\"position\":2,\"name\":\"Bulacia vuelve a sorprender y hace podio\"}]},{\"@type\":\"WebSite\",\"@id\":\"https:\\\/\\\/www.eldiario.net\\\/portal\\\/#website\",\"url\":\"https:\\\/\\\/www.eldiario.net\\\/portal\\\/\",\"name\":\"El Diario - Decano de la prensa nacional\",\"description\":\"El Diario - Decano de la prensa nacional\",\"publisher\":{\"@id\":\"https:\\\/\\\/www.eldiario.net\\\/portal\\\/#organization\"},\"potentialAction\":[{\"@type\":\"SearchAction\",\"target\":{\"@type\":\"EntryPoint\",\"urlTemplate\":\"https:\\\/\\\/www.eldiario.net\\\/portal\\\/?s={search_term_string}\"},\"query-input\":{\"@type\":\"PropertyValueSpecification\",\"valueRequired\":true,\"valueName\":\"search_term_string\"}}],\"inLanguage\":\"es\"},{\"@type\":\"Organization\",\"@id\":\"https:\\\/\\\/www.eldiario.net\\\/portal\\\/#organization\",\"name\":\"El Diario - Decano de la prensa nacional\",\"url\":\"https:\\\/\\\/www.eldiario.net\\\/portal\\\/\",\"logo\":{\"@type\":\"ImageObject\",\"inLanguage\":\"es\",\"@id\":\"https:\\\/\\\/www.eldiario.net\\\/portal\\\/#\\\/schema\\\/logo\\\/image\\\/\",\"url\":\"https:\\\/\\\/www.eldiario.net\\\/portal\\\/wp-content\\\/uploads\\\/2023\\\/07\\\/logo_ED.jpg\",\"contentUrl\":\"https:\\\/\\\/www.eldiario.net\\\/portal\\\/wp-content\\\/uploads\\\/2023\\\/07\\\/logo_ED.jpg\",\"width\":272,\"height\":52,\"caption\":\"El Diario - Decano de la prensa nacional\"},\"image\":{\"@id\":\"https:\\\/\\\/www.eldiario.net\\\/portal\\\/#\\\/schema\\\/logo\\\/image\\\/\"},\"sameAs\":[\"https:\\\/\\\/www.facebook.com\\\/eldiario.bolivia\\\/\",\"https:\\\/\\\/x.com\\\/eldiario_net\"]},{\"@type\":\"Person\",\"@id\":\"https:\\\/\\\/www.eldiario.net\\\/portal\\\/#\\\/schema\\\/person\\\/2c57cf2b7a7ae032e449e4c9b1019eac\",\"name\":\"Jeanette\",\"image\":{\"@type\":\"ImageObject\",\"inLanguage\":\"es\",\"@id\":\"https:\\\/\\\/secure.gravatar.com\\\/avatar\\\/3ea2118a5f7dad2b7138b1187a6b7ee55f160b9968b66013c3a3ef39dd7e5798?s=96&d=mm&r=g\",\"url\":\"https:\\\/\\\/secure.gravatar.com\\\/avatar\\\/3ea2118a5f7dad2b7138b1187a6b7ee55f160b9968b66013c3a3ef39dd7e5798?s=96&d=mm&r=g\",\"contentUrl\":\"https:\\\/\\\/secure.gravatar.com\\\/avatar\\\/3ea2118a5f7dad2b7138b1187a6b7ee55f160b9968b66013c3a3ef39dd7e5798?s=96&d=mm&r=g\",\"caption\":\"Jeanette\"},\"sameAs\":[\"https:\\\/\\\/www.eldiario.net\\\/portal\"],\"url\":\"https:\\\/\\\/www.eldiario.net\\\/portal\\\/author\\\/jeanette\\\/\"}]}<\/script>\n<!-- \/ Yoast SEO plugin. -->","yoast_head_json":{"title":"Bulacia vuelve a sorprender y hace podio - El Diario - Bolivia","robots":{"index":"index","follow":"follow","max-snippet":"max-snippet:-1","max-image-preview":"max-image-preview:large","max-video-preview":"max-video-preview:-1"},"canonical":"https:\/\/www.eldiario.net\/portal\/2021\/06\/07\/bulacia-vuelve-a-sorprender-y-hace-podio\/","og_locale":"es_ES","og_type":"article","og_title":"Bulacia vuelve a sorprender y hace podio - El Diario - Bolivia","og_description":"Por segunda vez en lo que va de esta temporada, Marco Bulacia Wilkinson hizo podio en la clase WRC2, correspondiente al Campeonato Mundial de Rally, tras quedar en la tercera posici\u00f3n, este fin de semana, en el Rally de Cerde\u00f1a, Italia, con un tiempo de tres horas, 31 minutos, un segundo en la prueba. Bulacia [&hellip;]","og_url":"https:\/\/www.eldiario.net\/portal\/2021\/06\/07\/bulacia-vuelve-a-sorprender-y-hace-podio\/","og_site_name":"El Diario - Bolivia","article_publisher":"https:\/\/www.facebook.com\/eldiario.bolivia\/","article_published_time":"2021-06-07T09:35:52+00:00","author":"Jeanette","twitter_card":"summary_large_image","twitter_creator":"@eldiario_net","twitter_site":"@eldiario_net","twitter_misc":{"Escrito por":"Jeanette","Tiempo de lectura":"2 minutos"},"schema":{"@context":"https:\/\/schema.org","@graph":[{"@type":"Article","@id":"https:\/\/www.eldiario.net\/portal\/2021\/06\/07\/bulacia-vuelve-a-sorprender-y-hace-podio\/#article","isPartOf":{"@id":"https:\/\/www.eldiario.net\/portal\/2021\/06\/07\/bulacia-vuelve-a-sorprender-y-hace-podio\/"},"author":{"name":"Jeanette","@id":"https:\/\/www.eldiario.net\/portal\/#\/schema\/person\/2c57cf2b7a7ae032e449e4c9b1019eac"},"headline":"Bulacia vuelve a sorprender y hace podio","datePublished":"2021-06-07T09:35:52+00:00","mainEntityOfPage":{"@id":"https:\/\/www.eldiario.net\/portal\/2021\/06\/07\/bulacia-vuelve-a-sorprender-y-hace-podio\/"},"wordCount":347,"publisher":{"@id":"https:\/\/www.eldiario.net\/portal\/#organization"},"image":{"@id":"https:\/\/www.eldiario.net\/portal\/2021\/06\/07\/bulacia-vuelve-a-sorprender-y-hace-podio\/#primaryimage"},"thumbnailUrl":"","articleSection":["Deportes"],"inLanguage":"es"},{"@type":"WebPage","@id":"https:\/\/www.eldiario.net\/portal\/2021\/06\/07\/bulacia-vuelve-a-sorprender-y-hace-podio\/","url":"https:\/\/www.eldiario.net\/portal\/2021\/06\/07\/bulacia-vuelve-a-sorprender-y-hace-podio\/","name":"Bulacia vuelve a sorprender y hace podio - El Diario - Bolivia","isPartOf":{"@id":"https:\/\/www.eldiario.net\/portal\/#website"},"primaryImageOfPage":{"@id":"https:\/\/www.eldiario.net\/portal\/2021\/06\/07\/bulacia-vuelve-a-sorprender-y-hace-podio\/#primaryimage"},"image":{"@id":"https:\/\/www.eldiario.net\/portal\/2021\/06\/07\/bulacia-vuelve-a-sorprender-y-hace-podio\/#primaryimage"},"thumbnailUrl":"","datePublished":"2021-06-07T09:35:52+00:00","breadcrumb":{"@id":"https:\/\/www.eldiario.net\/portal\/2021\/06\/07\/bulacia-vuelve-a-sorprender-y-hace-podio\/#breadcrumb"},"inLanguage":"es","potentialAction":[{"@type":"ReadAction","target":["https:\/\/www.eldiario.net\/portal\/2021\/06\/07\/bulacia-vuelve-a-sorprender-y-hace-podio\/"]}]},{"@type":"ImageObject","inLanguage":"es","@id":"https:\/\/www.eldiario.net\/portal\/2021\/06\/07\/bulacia-vuelve-a-sorprender-y-hace-podio\/#primaryimage","url":"","contentUrl":""},{"@type":"BreadcrumbList","@id":"https:\/\/www.eldiario.net\/portal\/2021\/06\/07\/bulacia-vuelve-a-sorprender-y-hace-podio\/#breadcrumb","itemListElement":[{"@type":"ListItem","position":1,"name":"Portada","item":"https:\/\/www.eldiario.net\/portal\/"},{"@type":"ListItem","position":2,"name":"Bulacia vuelve a sorprender y hace podio"}]},{"@type":"WebSite","@id":"https:\/\/www.eldiario.net\/portal\/#website","url":"https:\/\/www.eldiario.net\/portal\/","name":"El Diario - Decano de la prensa nacional","description":"El Diario - Decano de la prensa nacional","publisher":{"@id":"https:\/\/www.eldiario.net\/portal\/#organization"},"potentialAction":[{"@type":"SearchAction","target":{"@type":"EntryPoint","urlTemplate":"https:\/\/www.eldiario.net\/portal\/?s={search_term_string}"},"query-input":{"@type":"PropertyValueSpecification","valueRequired":true,"valueName":"search_term_string"}}],"inLanguage":"es"},{"@type":"Organization","@id":"https:\/\/www.eldiario.net\/portal\/#organization","name":"El Diario - Decano de la prensa nacional","url":"https:\/\/www.eldiario.net\/portal\/","logo":{"@type":"ImageObject","inLanguage":"es","@id":"https:\/\/www.eldiario.net\/portal\/#\/schema\/logo\/image\/","url":"https:\/\/www.eldiario.net\/portal\/wp-content\/uploads\/2023\/07\/logo_ED.jpg","contentUrl":"https:\/\/www.eldiario.net\/portal\/wp-content\/uploads\/2023\/07\/logo_ED.jpg","width":272,"height":52,"caption":"El Diario - Decano de la prensa nacional"},"image":{"@id":"https:\/\/www.eldiario.net\/portal\/#\/schema\/logo\/image\/"},"sameAs":["https:\/\/www.facebook.com\/eldiario.bolivia\/","https:\/\/x.com\/eldiario_net"]},{"@type":"Person","@id":"https:\/\/www.eldiario.net\/portal\/#\/schema\/person\/2c57cf2b7a7ae032e449e4c9b1019eac","name":"Jeanette","image":{"@type":"ImageObject","inLanguage":"es","@id":"https:\/\/secure.gravatar.com\/avatar\/3ea2118a5f7dad2b7138b1187a6b7ee55f160b9968b66013c3a3ef39dd7e5798?s=96&d=mm&r=g","url":"https:\/\/secure.gravatar.com\/avatar\/3ea2118a5f7dad2b7138b1187a6b7ee55f160b9968b66013c3a3ef39dd7e5798?s=96&d=mm&r=g","contentUrl":"https:\/\/secure.gravatar.com\/avatar\/3ea2118a5f7dad2b7138b1187a6b7ee55f160b9968b66013c3a3ef39dd7e5798?s=96&d=mm&r=g","caption":"Jeanette"},"sameAs":["https:\/\/www.eldiario.net\/portal"],"url":"https:\/\/www.eldiario.net\/portal\/author\/jeanette\/"}]}},"_links":{"self":[{"href":"https:\/\/www.eldiario.net\/portal\/wp-json\/wp\/v2\/posts\/8773","targetHints":{"allow":["GET"]}}],"collection":[{"href":"https:\/\/www.eldiario.net\/portal\/wp-json\/wp\/v2\/posts"}],"about":[{"href":"https:\/\/www.eldiario.net\/portal\/wp-json\/wp\/v2\/types\/post"}],"author":[{"embeddable":true,"href":"https:\/\/www.eldiario.net\/portal\/wp-json\/wp\/v2\/users\/1"}],"replies":[{"embeddable":true,"href":"https:\/\/www.eldiario.net\/portal\/wp-json\/wp\/v2\/comments?post=8773"}],"version-history":[{"count":0,"href":"https:\/\/www.eldiario.net\/portal\/wp-json\/wp\/v2\/posts\/8773\/revisions"}],"wp:attachment":[{"href":"https:\/\/www.eldiario.net\/portal\/wp-json\/wp\/v2\/media?parent=8773"}],"wp:term":[{"taxonomy":"category","embeddable":true,"href":"https:\/\/www.eldiario.net\/portal\/wp-json\/wp\/v2\/categories?post=8773"},{"taxonomy":"post_tag","embeddable":true,"href":"https:\/\/www.eldiario.net\/portal\/wp-json\/wp\/v2\/tags?post=8773"}],"curies":[{"name":"wp","href":"https:\/\/api.w.org\/{rel}","templated":true}]}}