{"id":8644,"date":"2021-06-06T05:42:09","date_gmt":"2021-06-06T09:42:09","guid":{"rendered":"https:\/\/www.eldiario.net\/portal\/?p=8644"},"modified":"2021-06-06T05:42:09","modified_gmt":"2021-06-06T09:42:09","slug":"lima-posesion-de-jueces-y-vocales-puede-ser-anulada","status":"publish","type":"post","link":"https:\/\/www.eldiario.net\/portal\/2021\/06\/06\/lima-posesion-de-jueces-y-vocales-puede-ser-anulada\/","title":{"rendered":"Lima: Posesi\u00f3n de jueces y  vocales puede ser anulada"},"content":{"rendered":"<p>Una denuncia de la Confederaci\u00f3n Universitaria Boliviana (CUB) y una sentencia constitucional podr\u00edan dejar sin efecto la designaci\u00f3n de jueces y vocales, advirti\u00f3 ayer el ministro de Justicia, Iv\u00e1n Lima, a tiempo de aclarar que el proceso de selecci\u00f3n de vocales viol\u00f3 la Constituci\u00f3n Pol\u00edtica del Estado.<br \/>\n\u201cEl Tribunal Constitucional Plurinacional (TCP) ha emitido la sentencia constitucional n\u00famero 0170\/2021 del 26 de mayo que fue notificada ayer (viernes) al TSJ, y en esta decisi\u00f3n el TCP ha se\u00f1alado expresamente que se deja sin efecto la convocatoria p\u00fablica para la designaci\u00f3n de vocales y todas las convocatorias ulteriores que se hubieran producido. Es decir que, no tiene base para llevar adelante el proceso y la posesi\u00f3n de autoridades\u201d, afirm\u00f3 Lima en conferencia de prensa.<\/p>\n<p>VIOLACI\u00d3N A LA<br \/>\nCONSTITUCI\u00d3N<br \/>\nEl titular de justicia explic\u00f3 que, seg\u00fan el fallo del TCP, el proceso de selecci\u00f3n que dio lugar a la posesi\u00f3n de jueces y vocales viol\u00f3 la Constituci\u00f3n Pol\u00edtica del Estado (CPE) y los principios b\u00e1sicos de la Ley del \u00d3rgano Judicial (025) y que se ha ordenado al TSJ y a la Magistratura corregir este procedimiento.<br \/>\nLima hizo la aclaraci\u00f3n un d\u00eda despu\u00e9s que el Tribunal Supremo de Justicia posesion\u00f3 a 19 vocales de los tribunales departamentales de justicia de todos los departamentos, con excepci\u00f3n de La Paz.<br \/>\nEn Potos\u00ed se designaron dos de los cuatro vocales y en Cochabamba a\u00fan no se ha procedido al nombramiento por razones de salud del magistrado Esteban Miranda.<br \/>\n\u201cEl acto de juramento se realiz\u00f3 en desconocimiento de la Sentencia Constitucional Plurinacional 0170\/2021-S4 del 26 de mayo de 2021 que concedi\u00f3 la tutela a dos vocales de Santa Cruz que por medio de un Amparo Constitucional solicitaron que se deje sin efecto la Convocatoria P\u00fablica Departamental 36\/2020 para la elecci\u00f3n de vocales\u201d, dice un comunicado del Ministerio de Justicia.<br \/>\nLa mencionada resoluci\u00f3n de cumplimiento inmediato y obligatorio, seg\u00fan lo establece la Norma Suprema, dej\u00f3 adem\u00e1s sin efecto el reglamento para ulteriores convocatorias y fue notificado a las 15.55, antes de la cuestionada posesi\u00f3n, seg\u00fan esa cartera de Estado.<br \/>\n\u201cExtra\u00f1amente, funcionarios del Tribunal Supremo de Justicia impidieron la notificaci\u00f3n y obligaron a los servidores p\u00fablicos del Tribunal Constitucional Plurinacional a pegar los cedulones en la puerta de ingreso de ese estrado judicial, como denuncian los mencionados dependientes del TCP\u201d, menciona el comunicado.<\/p>\n<p>LA PAZ<br \/>\nEn cuanto al departamento de La Paz, el diputado Froilan Mamani Choque ha promovido una acci\u00f3n de cumplimiento que determin\u00f3 la medida cautelar emitida por la Sala Constitucional I del Tribunal Departamental de Justicia de La Paz, que manda textualmente \u201cla suspensi\u00f3n provisional de posesi\u00f3n de los designados a Vocales del Tribunal Departamental de Justicia de La Paz\u201d.<br \/>\nLima aclar\u00f3 ayer que como tercero interesado participar\u00e1 de la audiencia de la acci\u00f3n de cumplimiento que se realizar\u00e1 el pr\u00f3ximo mi\u00e9rcoles, donde presentar\u00e1n los argumentos que demuestran que no se respetaron los criterios que se\u00f1ala la CPE de meritocracia, correcta evaluaci\u00f3n de desempe\u00f1o de los jueces y vocales, para tener un puesto de mayor jerarqu\u00eda en el \u00d3rgano Judicial.<br \/>\n\u201cHay hechos lamentables, vamos a denunciarlos el d\u00eda mi\u00e9rcoles, como por ejemplo, que una postulante no tenga ni siquiera los seis a\u00f1os que exige la ley para ser designada vocal. Hay vocales que est\u00e1n con sentencia condenatoria por delitos graves como prevaricato, resoluciones contrarias a la CPE. Esta situaci\u00f3n es muy grave para el pa\u00eds, porque si hablamos de meritocracia tenemos que escoger a los mejores y la convocatoria ha elegido de una manera cuestionable porque no particip\u00f3 la universidad y ni siquiera se ha escogido a los primeros de la lista, se ha elegido m\u00e1s bien a las personas que est\u00e1n en los \u00faltimos lugares y con serios cuestionamientos \u00e9ticos y disciplinarios e incluso procesos penales en contra\u201d, dijo.<br \/>\nEn ese marco, Lima record\u00f3 a las autoridades del TSJ y del Consejo de la Magistratura que el mandato de la Comisi\u00f3n de Seguimiento de las Conclusiones de la Cumbre de Justicia es garantizar al pueblo boliviano una elecci\u00f3n de vocales con transparencia que garantice probidad e independencia en la administraci\u00f3n de justicia.<\/p>\n","protected":false},"excerpt":{"rendered":"<p>Una denuncia de la Confederaci\u00f3n Universitaria Boliviana (CUB) y una sentencia constitucional podr\u00edan dejar sin efecto la designaci\u00f3n de jueces y vocales, advirti\u00f3 ayer el ministro de Justicia, Iv\u00e1n Lima, a tiempo de aclarar que el proceso de selecci\u00f3n de vocales viol\u00f3 la Constituci\u00f3n Pol\u00edtica del Estado. \u201cEl Tribunal Constitucional Plurinacional (TCP) ha emitido la [&hellip;]<\/p>\n","protected":false},"author":1,"featured_media":8645,"comment_status":"closed","ping_status":"closed","sticky":false,"template":"","format":"standard","meta":{"_acf_changed":false,"footnotes":""},"categories":[39],"tags":[],"class_list":["post-8644","post","type-post","status-publish","format-standard","has-post-thumbnail","category-sociedad"],"acf":{"antetitulo":""},"yoast_head":"<!-- This site is optimized with the Yoast SEO plugin v28.3 - https:\/\/yoast.com\/product\/yoast-seo-wordpress\/ -->\n<title>Lima: Posesi\u00f3n de jueces y vocales puede ser anulada - El Diario - Bolivia<\/title>\n<meta name=\"robots\" content=\"index, follow, max-snippet:-1, max-image-preview:large, max-video-preview:-1\" \/>\n<link rel=\"canonical\" href=\"https:\/\/www.eldiario.net\/portal\/2021\/06\/06\/lima-posesion-de-jueces-y-vocales-puede-ser-anulada\/\" \/>\n<meta property=\"og:locale\" content=\"es_ES\" \/>\n<meta property=\"og:type\" content=\"article\" \/>\n<meta property=\"og:title\" content=\"Lima: Posesi\u00f3n de jueces y vocales puede ser anulada - El Diario - Bolivia\" \/>\n<meta property=\"og:description\" content=\"Una denuncia de la Confederaci\u00f3n Universitaria Boliviana (CUB) y una sentencia constitucional podr\u00edan dejar sin efecto la designaci\u00f3n de jueces y vocales, advirti\u00f3 ayer el ministro de Justicia, Iv\u00e1n Lima, a tiempo de aclarar que el proceso de selecci\u00f3n de vocales viol\u00f3 la Constituci\u00f3n Pol\u00edtica del Estado. \u201cEl Tribunal Constitucional Plurinacional (TCP) ha emitido la [&hellip;]\" \/>\n<meta property=\"og:url\" content=\"https:\/\/www.eldiario.net\/portal\/2021\/06\/06\/lima-posesion-de-jueces-y-vocales-puede-ser-anulada\/\" \/>\n<meta property=\"og:site_name\" content=\"El Diario - Bolivia\" \/>\n<meta property=\"article:publisher\" content=\"https:\/\/www.facebook.com\/eldiario.bolivia\/\" \/>\n<meta property=\"article:published_time\" content=\"2021-06-06T09:42:09+00:00\" \/>\n<meta name=\"author\" content=\"Jeanette\" \/>\n<meta name=\"twitter:card\" content=\"summary_large_image\" \/>\n<meta name=\"twitter:creator\" content=\"@eldiario_net\" \/>\n<meta name=\"twitter:site\" content=\"@eldiario_net\" \/>\n<meta name=\"twitter:label1\" content=\"Escrito por\" \/>\n\t<meta name=\"twitter:data1\" content=\"Jeanette\" \/>\n\t<meta name=\"twitter:label2\" content=\"Tiempo de lectura\" \/>\n\t<meta name=\"twitter:data2\" content=\"3 minutos\" \/>\n<script type=\"application\/ld+json\" class=\"yoast-schema-graph\">{\"@context\":\"https:\\\/\\\/schema.org\",\"@graph\":[{\"@type\":\"Article\",\"@id\":\"https:\\\/\\\/www.eldiario.net\\\/portal\\\/2021\\\/06\\\/06\\\/lima-posesion-de-jueces-y-vocales-puede-ser-anulada\\\/#article\",\"isPartOf\":{\"@id\":\"https:\\\/\\\/www.eldiario.net\\\/portal\\\/2021\\\/06\\\/06\\\/lima-posesion-de-jueces-y-vocales-puede-ser-anulada\\\/\"},\"author\":{\"name\":\"Jeanette\",\"@id\":\"https:\\\/\\\/www.eldiario.net\\\/portal\\\/#\\\/schema\\\/person\\\/f46445640444750d7d753ccd04ae01b7\"},\"headline\":\"Lima: Posesi\u00f3n de jueces y vocales puede ser anulada\",\"datePublished\":\"2021-06-06T09:42:09+00:00\",\"mainEntityOfPage\":{\"@id\":\"https:\\\/\\\/www.eldiario.net\\\/portal\\\/2021\\\/06\\\/06\\\/lima-posesion-de-jueces-y-vocales-puede-ser-anulada\\\/\"},\"wordCount\":738,\"publisher\":{\"@id\":\"https:\\\/\\\/www.eldiario.net\\\/portal\\\/#organization\"},\"image\":{\"@id\":\"https:\\\/\\\/www.eldiario.net\\\/portal\\\/2021\\\/06\\\/06\\\/lima-posesion-de-jueces-y-vocales-puede-ser-anulada\\\/#primaryimage\"},\"thumbnailUrl\":\"\",\"articleSection\":[\"Sociedad - Seguridad\"],\"inLanguage\":\"es\"},{\"@type\":\"WebPage\",\"@id\":\"https:\\\/\\\/www.eldiario.net\\\/portal\\\/2021\\\/06\\\/06\\\/lima-posesion-de-jueces-y-vocales-puede-ser-anulada\\\/\",\"url\":\"https:\\\/\\\/www.eldiario.net\\\/portal\\\/2021\\\/06\\\/06\\\/lima-posesion-de-jueces-y-vocales-puede-ser-anulada\\\/\",\"name\":\"Lima: Posesi\u00f3n de jueces y vocales puede ser anulada - El Diario - Bolivia\",\"isPartOf\":{\"@id\":\"https:\\\/\\\/www.eldiario.net\\\/portal\\\/#website\"},\"primaryImageOfPage\":{\"@id\":\"https:\\\/\\\/www.eldiario.net\\\/portal\\\/2021\\\/06\\\/06\\\/lima-posesion-de-jueces-y-vocales-puede-ser-anulada\\\/#primaryimage\"},\"image\":{\"@id\":\"https:\\\/\\\/www.eldiario.net\\\/portal\\\/2021\\\/06\\\/06\\\/lima-posesion-de-jueces-y-vocales-puede-ser-anulada\\\/#primaryimage\"},\"thumbnailUrl\":\"\",\"datePublished\":\"2021-06-06T09:42:09+00:00\",\"breadcrumb\":{\"@id\":\"https:\\\/\\\/www.eldiario.net\\\/portal\\\/2021\\\/06\\\/06\\\/lima-posesion-de-jueces-y-vocales-puede-ser-anulada\\\/#breadcrumb\"},\"inLanguage\":\"es\",\"potentialAction\":[{\"@type\":\"ReadAction\",\"target\":[\"https:\\\/\\\/www.eldiario.net\\\/portal\\\/2021\\\/06\\\/06\\\/lima-posesion-de-jueces-y-vocales-puede-ser-anulada\\\/\"]}]},{\"@type\":\"ImageObject\",\"inLanguage\":\"es\",\"@id\":\"https:\\\/\\\/www.eldiario.net\\\/portal\\\/2021\\\/06\\\/06\\\/lima-posesion-de-jueces-y-vocales-puede-ser-anulada\\\/#primaryimage\",\"url\":\"\",\"contentUrl\":\"\"},{\"@type\":\"BreadcrumbList\",\"@id\":\"https:\\\/\\\/www.eldiario.net\\\/portal\\\/2021\\\/06\\\/06\\\/lima-posesion-de-jueces-y-vocales-puede-ser-anulada\\\/#breadcrumb\",\"itemListElement\":[{\"@type\":\"ListItem\",\"position\":1,\"name\":\"Portada\",\"item\":\"https:\\\/\\\/www.eldiario.net\\\/portal\\\/\"},{\"@type\":\"ListItem\",\"position\":2,\"name\":\"Lima: Posesi\u00f3n de jueces y vocales puede ser anulada\"}]},{\"@type\":\"WebSite\",\"@id\":\"https:\\\/\\\/www.eldiario.net\\\/portal\\\/#website\",\"url\":\"https:\\\/\\\/www.eldiario.net\\\/portal\\\/\",\"name\":\"El Diario - Decano de la prensa nacional\",\"description\":\"El Diario - Decano de la prensa nacional\",\"publisher\":{\"@id\":\"https:\\\/\\\/www.eldiario.net\\\/portal\\\/#organization\"},\"potentialAction\":[{\"@type\":\"SearchAction\",\"target\":{\"@type\":\"EntryPoint\",\"urlTemplate\":\"https:\\\/\\\/www.eldiario.net\\\/portal\\\/?s={search_term_string}\"},\"query-input\":{\"@type\":\"PropertyValueSpecification\",\"valueRequired\":true,\"valueName\":\"search_term_string\"}}],\"inLanguage\":\"es\"},{\"@type\":\"Organization\",\"@id\":\"https:\\\/\\\/www.eldiario.net\\\/portal\\\/#organization\",\"name\":\"El Diario - Decano de la prensa nacional\",\"url\":\"https:\\\/\\\/www.eldiario.net\\\/portal\\\/\",\"logo\":{\"@type\":\"ImageObject\",\"inLanguage\":\"es\",\"@id\":\"https:\\\/\\\/www.eldiario.net\\\/portal\\\/#\\\/schema\\\/logo\\\/image\\\/\",\"url\":\"https:\\\/\\\/www.eldiario.net\\\/portal\\\/wp-content\\\/uploads\\\/2023\\\/07\\\/logo_ED.jpg\",\"contentUrl\":\"https:\\\/\\\/www.eldiario.net\\\/portal\\\/wp-content\\\/uploads\\\/2023\\\/07\\\/logo_ED.jpg\",\"width\":272,\"height\":52,\"caption\":\"El Diario - Decano de la prensa nacional\"},\"image\":{\"@id\":\"https:\\\/\\\/www.eldiario.net\\\/portal\\\/#\\\/schema\\\/logo\\\/image\\\/\"},\"sameAs\":[\"https:\\\/\\\/www.facebook.com\\\/eldiario.bolivia\\\/\",\"https:\\\/\\\/x.com\\\/eldiario_net\"]},{\"@type\":\"Person\",\"@id\":\"https:\\\/\\\/www.eldiario.net\\\/portal\\\/#\\\/schema\\\/person\\\/f46445640444750d7d753ccd04ae01b7\",\"name\":\"Jeanette\",\"image\":{\"@type\":\"ImageObject\",\"inLanguage\":\"es\",\"@id\":\"https:\\\/\\\/secure.gravatar.com\\\/avatar\\\/3ea2118a5f7dad2b7138b1187a6b7ee55f160b9968b66013c3a3ef39dd7e5798?s=96&d=mm&r=g\",\"url\":\"https:\\\/\\\/secure.gravatar.com\\\/avatar\\\/3ea2118a5f7dad2b7138b1187a6b7ee55f160b9968b66013c3a3ef39dd7e5798?s=96&d=mm&r=g\",\"contentUrl\":\"https:\\\/\\\/secure.gravatar.com\\\/avatar\\\/3ea2118a5f7dad2b7138b1187a6b7ee55f160b9968b66013c3a3ef39dd7e5798?s=96&d=mm&r=g\",\"caption\":\"Jeanette\"},\"sameAs\":[\"https:\\\/\\\/www.eldiario.net\\\/portal\"],\"url\":\"https:\\\/\\\/www.eldiario.net\\\/portal\\\/author\\\/jeanette\\\/\"}]}<\/script>\n<!-- \/ Yoast SEO plugin. -->","yoast_head_json":{"title":"Lima: Posesi\u00f3n de jueces y vocales puede ser anulada - El Diario - Bolivia","robots":{"index":"index","follow":"follow","max-snippet":"max-snippet:-1","max-image-preview":"max-image-preview:large","max-video-preview":"max-video-preview:-1"},"canonical":"https:\/\/www.eldiario.net\/portal\/2021\/06\/06\/lima-posesion-de-jueces-y-vocales-puede-ser-anulada\/","og_locale":"es_ES","og_type":"article","og_title":"Lima: Posesi\u00f3n de jueces y vocales puede ser anulada - El Diario - Bolivia","og_description":"Una denuncia de la Confederaci\u00f3n Universitaria Boliviana (CUB) y una sentencia constitucional podr\u00edan dejar sin efecto la designaci\u00f3n de jueces y vocales, advirti\u00f3 ayer el ministro de Justicia, Iv\u00e1n Lima, a tiempo de aclarar que el proceso de selecci\u00f3n de vocales viol\u00f3 la Constituci\u00f3n Pol\u00edtica del Estado. \u201cEl Tribunal Constitucional Plurinacional (TCP) ha emitido la [&hellip;]","og_url":"https:\/\/www.eldiario.net\/portal\/2021\/06\/06\/lima-posesion-de-jueces-y-vocales-puede-ser-anulada\/","og_site_name":"El Diario - Bolivia","article_publisher":"https:\/\/www.facebook.com\/eldiario.bolivia\/","article_published_time":"2021-06-06T09:42:09+00:00","author":"Jeanette","twitter_card":"summary_large_image","twitter_creator":"@eldiario_net","twitter_site":"@eldiario_net","twitter_misc":{"Escrito por":"Jeanette","Tiempo de lectura":"3 minutos"},"schema":{"@context":"https:\/\/schema.org","@graph":[{"@type":"Article","@id":"https:\/\/www.eldiario.net\/portal\/2021\/06\/06\/lima-posesion-de-jueces-y-vocales-puede-ser-anulada\/#article","isPartOf":{"@id":"https:\/\/www.eldiario.net\/portal\/2021\/06\/06\/lima-posesion-de-jueces-y-vocales-puede-ser-anulada\/"},"author":{"name":"Jeanette","@id":"https:\/\/www.eldiario.net\/portal\/#\/schema\/person\/f46445640444750d7d753ccd04ae01b7"},"headline":"Lima: Posesi\u00f3n de jueces y vocales puede ser anulada","datePublished":"2021-06-06T09:42:09+00:00","mainEntityOfPage":{"@id":"https:\/\/www.eldiario.net\/portal\/2021\/06\/06\/lima-posesion-de-jueces-y-vocales-puede-ser-anulada\/"},"wordCount":738,"publisher":{"@id":"https:\/\/www.eldiario.net\/portal\/#organization"},"image":{"@id":"https:\/\/www.eldiario.net\/portal\/2021\/06\/06\/lima-posesion-de-jueces-y-vocales-puede-ser-anulada\/#primaryimage"},"thumbnailUrl":"","articleSection":["Sociedad - Seguridad"],"inLanguage":"es"},{"@type":"WebPage","@id":"https:\/\/www.eldiario.net\/portal\/2021\/06\/06\/lima-posesion-de-jueces-y-vocales-puede-ser-anulada\/","url":"https:\/\/www.eldiario.net\/portal\/2021\/06\/06\/lima-posesion-de-jueces-y-vocales-puede-ser-anulada\/","name":"Lima: Posesi\u00f3n de jueces y vocales puede ser anulada - El Diario - Bolivia","isPartOf":{"@id":"https:\/\/www.eldiario.net\/portal\/#website"},"primaryImageOfPage":{"@id":"https:\/\/www.eldiario.net\/portal\/2021\/06\/06\/lima-posesion-de-jueces-y-vocales-puede-ser-anulada\/#primaryimage"},"image":{"@id":"https:\/\/www.eldiario.net\/portal\/2021\/06\/06\/lima-posesion-de-jueces-y-vocales-puede-ser-anulada\/#primaryimage"},"thumbnailUrl":"","datePublished":"2021-06-06T09:42:09+00:00","breadcrumb":{"@id":"https:\/\/www.eldiario.net\/portal\/2021\/06\/06\/lima-posesion-de-jueces-y-vocales-puede-ser-anulada\/#breadcrumb"},"inLanguage":"es","potentialAction":[{"@type":"ReadAction","target":["https:\/\/www.eldiario.net\/portal\/2021\/06\/06\/lima-posesion-de-jueces-y-vocales-puede-ser-anulada\/"]}]},{"@type":"ImageObject","inLanguage":"es","@id":"https:\/\/www.eldiario.net\/portal\/2021\/06\/06\/lima-posesion-de-jueces-y-vocales-puede-ser-anulada\/#primaryimage","url":"","contentUrl":""},{"@type":"BreadcrumbList","@id":"https:\/\/www.eldiario.net\/portal\/2021\/06\/06\/lima-posesion-de-jueces-y-vocales-puede-ser-anulada\/#breadcrumb","itemListElement":[{"@type":"ListItem","position":1,"name":"Portada","item":"https:\/\/www.eldiario.net\/portal\/"},{"@type":"ListItem","position":2,"name":"Lima: Posesi\u00f3n de jueces y vocales puede ser anulada"}]},{"@type":"WebSite","@id":"https:\/\/www.eldiario.net\/portal\/#website","url":"https:\/\/www.eldiario.net\/portal\/","name":"El Diario - Decano de la prensa nacional","description":"El Diario - Decano de la prensa nacional","publisher":{"@id":"https:\/\/www.eldiario.net\/portal\/#organization"},"potentialAction":[{"@type":"SearchAction","target":{"@type":"EntryPoint","urlTemplate":"https:\/\/www.eldiario.net\/portal\/?s={search_term_string}"},"query-input":{"@type":"PropertyValueSpecification","valueRequired":true,"valueName":"search_term_string"}}],"inLanguage":"es"},{"@type":"Organization","@id":"https:\/\/www.eldiario.net\/portal\/#organization","name":"El Diario - Decano de la prensa nacional","url":"https:\/\/www.eldiario.net\/portal\/","logo":{"@type":"ImageObject","inLanguage":"es","@id":"https:\/\/www.eldiario.net\/portal\/#\/schema\/logo\/image\/","url":"https:\/\/www.eldiario.net\/portal\/wp-content\/uploads\/2023\/07\/logo_ED.jpg","contentUrl":"https:\/\/www.eldiario.net\/portal\/wp-content\/uploads\/2023\/07\/logo_ED.jpg","width":272,"height":52,"caption":"El Diario - Decano de la prensa nacional"},"image":{"@id":"https:\/\/www.eldiario.net\/portal\/#\/schema\/logo\/image\/"},"sameAs":["https:\/\/www.facebook.com\/eldiario.bolivia\/","https:\/\/x.com\/eldiario_net"]},{"@type":"Person","@id":"https:\/\/www.eldiario.net\/portal\/#\/schema\/person\/f46445640444750d7d753ccd04ae01b7","name":"Jeanette","image":{"@type":"ImageObject","inLanguage":"es","@id":"https:\/\/secure.gravatar.com\/avatar\/3ea2118a5f7dad2b7138b1187a6b7ee55f160b9968b66013c3a3ef39dd7e5798?s=96&d=mm&r=g","url":"https:\/\/secure.gravatar.com\/avatar\/3ea2118a5f7dad2b7138b1187a6b7ee55f160b9968b66013c3a3ef39dd7e5798?s=96&d=mm&r=g","contentUrl":"https:\/\/secure.gravatar.com\/avatar\/3ea2118a5f7dad2b7138b1187a6b7ee55f160b9968b66013c3a3ef39dd7e5798?s=96&d=mm&r=g","caption":"Jeanette"},"sameAs":["https:\/\/www.eldiario.net\/portal"],"url":"https:\/\/www.eldiario.net\/portal\/author\/jeanette\/"}]}},"_links":{"self":[{"href":"https:\/\/www.eldiario.net\/portal\/wp-json\/wp\/v2\/posts\/8644","targetHints":{"allow":["GET"]}}],"collection":[{"href":"https:\/\/www.eldiario.net\/portal\/wp-json\/wp\/v2\/posts"}],"about":[{"href":"https:\/\/www.eldiario.net\/portal\/wp-json\/wp\/v2\/types\/post"}],"author":[{"embeddable":true,"href":"https:\/\/www.eldiario.net\/portal\/wp-json\/wp\/v2\/users\/1"}],"replies":[{"embeddable":true,"href":"https:\/\/www.eldiario.net\/portal\/wp-json\/wp\/v2\/comments?post=8644"}],"version-history":[{"count":0,"href":"https:\/\/www.eldiario.net\/portal\/wp-json\/wp\/v2\/posts\/8644\/revisions"}],"wp:attachment":[{"href":"https:\/\/www.eldiario.net\/portal\/wp-json\/wp\/v2\/media?parent=8644"}],"wp:term":[{"taxonomy":"category","embeddable":true,"href":"https:\/\/www.eldiario.net\/portal\/wp-json\/wp\/v2\/categories?post=8644"},{"taxonomy":"post_tag","embeddable":true,"href":"https:\/\/www.eldiario.net\/portal\/wp-json\/wp\/v2\/tags?post=8644"}],"curies":[{"name":"wp","href":"https:\/\/api.w.org\/{rel}","templated":true}]}}