{"id":8641,"date":"2021-06-06T05:40:52","date_gmt":"2021-06-06T09:40:52","guid":{"rendered":"https:\/\/www.eldiario.net\/portal\/?p=8641"},"modified":"2021-06-06T05:40:52","modified_gmt":"2021-06-06T09:40:52","slug":"juez-blanco-fue-cuarto-en-puntaje","status":"publish","type":"post","link":"https:\/\/www.eldiario.net\/portal\/2021\/06\/06\/juez-blanco-fue-cuarto-en-puntaje\/","title":{"rendered":"Juez Blanco fue  cuarto en puntaje"},"content":{"rendered":"<p>El pasado martes, el exfiscal Edwin Blanco jur\u00f3 como juez del Tribunal de Sentencia 13 de La Paz, a pesar que obtuvo el cuarto puesto con un puntaje de 65 sobre cien, de entre seis abogados preseleccionados para ocupar ese lugar.<br \/>\nSeis de 15 abogados fueron preseleccionados en la etapa final del proceso, en orden de mejor calificaci\u00f3n se encontraba en primer lugar Patricia Medrano con 77 puntos, seguida de Liliana Villca con 75, en tercer lugar Cecilia Quispe con 71 y en cuarto puesto se encontraba Blanco con 65 puntos sobre 100, en m\u00e9ritos obtuvo 18 sobre 40 puntos y en su examen escrito 47 sobre 60; el Consejo de la Magistratura design\u00f3 a Blanco pese a que otras profesionales ten\u00edan mejores m\u00e9ritos y calificaci\u00f3n.<br \/>\nBlanco fue el centro de cr\u00edticas desde que ocup\u00f3 el cargo de fiscal departamental de La Paz, especialmente por el rol que jug\u00f3 durante la acusaci\u00f3n y sentencia contra el m\u00e9dico Jhiery Fern\u00e1ndez, a quien entre la Fiscal\u00eda y la Justicia mantuvieron detenido por el presunto delito de violaci\u00f3n en la c\u00e1rcel durante cuatro a\u00f1os.<br \/>\nLa jueza Patricia Pacajes entre tragos confes\u00f3 que Fern\u00e1ndez era inocente, que no hab\u00eda pruebas que sustenten su sentencia. El m\u00e9dico fue liberado pero pasaron otros tres a\u00f1os hasta su absoluci\u00f3n total, despu\u00e9s que el propio Ministerio P\u00fablico concluy\u00f3 que no hab\u00eda pruebas para mantener un caso contra Fern\u00e1ndez.<br \/>\nBlanco es investigado por ocultar pruebas y pericias en el caso beb\u00e9 Alexander, las que pod\u00edan haber servido para desechar un delito que no cometi\u00f3 Fern\u00e1ndez; sin embargo, tanto Blanco y Susana Boy\u00e1n (fiscal) se empe\u00f1aron en acusarlo, mantenerlo detenido hasta alentar que sea sentenciado.<br \/>\nLa Asamblea Permanente de Derechos Humanos (APDH) de La Paz, mediante un comunicado, convoc\u00f3 a la poblaci\u00f3n a enviar a esta instituci\u00f3n todo tipo de informaci\u00f3n y denuncias sobre irregularidades, atropellos o ilegalidades cometidas por el exfiscal Blanco para presentar demandas nacionales e internacionales.<br \/>\nEl exfiscal jur\u00f3 al cargo en 2016, ocup\u00f3 el puesto durante la gesti\u00f3n de Ramiro Guerrero al mando del Ministerio P\u00fablico. Despu\u00e9s de su salida, Blanco postul\u00f3 al cargo de Fiscal General del Estado, pero no calific\u00f3. Fue destituido y enviado a trabajar en ventanillas de la Fiscal\u00eda de La Paz, al inicio de la gesti\u00f3n de Juan Lanchipa. Un d\u00eda despu\u00e9s present\u00f3 su renuncia.<\/p>\n<p>PRIMEROS LUGARES<br \/>\nEn cuanto a las cr\u00edticas a que Blanco haya sido elegido como juez, siendo el cuarto en puntaje de la evaluaci\u00f3n, en entrevista con Erbol, el presidente del Consejo de la Magistratura, Omar Michel, afirm\u00f3 que todos los postulantes que obtuvieron m\u00e1s de 56 puntos pod\u00edan ser elegidos.<br \/>\nApunt\u00f3 que quienes estaban con puntaje superior a Blanco fueron descartados porque eran ya jueces y no pod\u00edan dejar acefalias o ten\u00edan imputaci\u00f3n o acusaci\u00f3n en su contra.<br \/>\nAl respecto, las postulantes a juez del Tribunal de Sentencia 13 del Tribunal Departamental de Justicia de La Paz preseleccionadas con mejores notas que Edwin Blanco, Liliana Villca y Gabriela Quispe negaron tener imputaciones o acusaciones en su contra como afirm\u00f3 Michel.<br \/>\n\u201cNo tengo nada. No tengo imputaci\u00f3n, ni acusaci\u00f3n, tampoco procesos disciplinarios. Es la primera vez que me postul\u00e9 al cargo de juez y tengo el perfil y la \u00e9tica para el cargo\u201d, dijo Quispe en declaraciones a la ANF.<\/p>\n<p>NO SON DIGNOS DE<br \/>\nLLAMARSE JUECES<br \/>\nEl ministro de Justicia, Iv\u00e1n Lima, advirti\u00f3 ayer que no ser\u00e1 posible llevar adelante la reforma de la Justicia si es que contin\u00faan las designaciones irregulares de jueces y fiscales, al margen de criterios de transparencia y meritocracia.<br \/>\n\u201cNinguna reforma de la Justicia ser\u00e1 posible si no se respetan los criterios de meritocracia y transparencia para designar vocales. Han violado la Constituci\u00f3n Pol\u00edtica del Estado (CPE) y han designado vocales sin tomar en cuenta graves denuncias de prevaricato y otros delitos\u201d, manifest\u00f3 Lima.<br \/>\nEl viernes, la Comisi\u00f3n de Seguimiento de las Conclusiones de la Cumbre de Justicia se reuni\u00f3 en predios del Ministerio de Justicia y Transparencia Institucional para analizar el proceso objetado para la selecci\u00f3n de 42 vocales. (EL DIARIO y Agencias)<\/p>\n","protected":false},"excerpt":{"rendered":"<p>El pasado martes, el exfiscal Edwin Blanco jur\u00f3 como juez del Tribunal de Sentencia 13 de La Paz, a pesar que obtuvo el cuarto puesto con un puntaje de 65 sobre cien, de entre seis abogados preseleccionados para ocupar ese lugar. Seis de 15 abogados fueron preseleccionados en la etapa final del proceso, en orden [&hellip;]<\/p>\n","protected":false},"author":1,"featured_media":8642,"comment_status":"closed","ping_status":"closed","sticky":false,"template":"","format":"standard","meta":{"_acf_changed":false,"footnotes":""},"categories":[39],"tags":[],"class_list":["post-8641","post","type-post","status-publish","format-standard","has-post-thumbnail","category-sociedad"],"acf":{"antetitulo":""},"yoast_head":"<!-- This site is optimized with the Yoast SEO plugin v28.3 - https:\/\/yoast.com\/product\/yoast-seo-wordpress\/ -->\n<title>Juez Blanco fue cuarto en puntaje - El Diario - Bolivia<\/title>\n<meta name=\"robots\" content=\"index, follow, max-snippet:-1, max-image-preview:large, max-video-preview:-1\" \/>\n<link rel=\"canonical\" href=\"https:\/\/www.eldiario.net\/portal\/2021\/06\/06\/juez-blanco-fue-cuarto-en-puntaje\/\" \/>\n<meta property=\"og:locale\" content=\"es_ES\" \/>\n<meta property=\"og:type\" content=\"article\" \/>\n<meta property=\"og:title\" content=\"Juez Blanco fue cuarto en puntaje - El Diario - Bolivia\" \/>\n<meta property=\"og:description\" content=\"El pasado martes, el exfiscal Edwin Blanco jur\u00f3 como juez del Tribunal de Sentencia 13 de La Paz, a pesar que obtuvo el cuarto puesto con un puntaje de 65 sobre cien, de entre seis abogados preseleccionados para ocupar ese lugar. Seis de 15 abogados fueron preseleccionados en la etapa final del proceso, en orden [&hellip;]\" \/>\n<meta property=\"og:url\" content=\"https:\/\/www.eldiario.net\/portal\/2021\/06\/06\/juez-blanco-fue-cuarto-en-puntaje\/\" \/>\n<meta property=\"og:site_name\" content=\"El Diario - Bolivia\" \/>\n<meta property=\"article:publisher\" content=\"https:\/\/www.facebook.com\/eldiario.bolivia\/\" \/>\n<meta property=\"article:published_time\" content=\"2021-06-06T09:40:52+00:00\" \/>\n<meta name=\"author\" content=\"Jeanette\" \/>\n<meta name=\"twitter:card\" content=\"summary_large_image\" \/>\n<meta name=\"twitter:creator\" content=\"@eldiario_net\" \/>\n<meta name=\"twitter:site\" content=\"@eldiario_net\" \/>\n<meta name=\"twitter:label1\" content=\"Escrito por\" \/>\n\t<meta name=\"twitter:data1\" content=\"Jeanette\" \/>\n\t<meta name=\"twitter:label2\" content=\"Tiempo de lectura\" \/>\n\t<meta name=\"twitter:data2\" content=\"3 minutos\" \/>\n<script type=\"application\/ld+json\" class=\"yoast-schema-graph\">{\"@context\":\"https:\\\/\\\/schema.org\",\"@graph\":[{\"@type\":\"Article\",\"@id\":\"https:\\\/\\\/www.eldiario.net\\\/portal\\\/2021\\\/06\\\/06\\\/juez-blanco-fue-cuarto-en-puntaje\\\/#article\",\"isPartOf\":{\"@id\":\"https:\\\/\\\/www.eldiario.net\\\/portal\\\/2021\\\/06\\\/06\\\/juez-blanco-fue-cuarto-en-puntaje\\\/\"},\"author\":{\"name\":\"Jeanette\",\"@id\":\"https:\\\/\\\/www.eldiario.net\\\/portal\\\/#\\\/schema\\\/person\\\/f46445640444750d7d753ccd04ae01b7\"},\"headline\":\"Juez Blanco fue cuarto en puntaje\",\"datePublished\":\"2021-06-06T09:40:52+00:00\",\"mainEntityOfPage\":{\"@id\":\"https:\\\/\\\/www.eldiario.net\\\/portal\\\/2021\\\/06\\\/06\\\/juez-blanco-fue-cuarto-en-puntaje\\\/\"},\"wordCount\":714,\"publisher\":{\"@id\":\"https:\\\/\\\/www.eldiario.net\\\/portal\\\/#organization\"},\"image\":{\"@id\":\"https:\\\/\\\/www.eldiario.net\\\/portal\\\/2021\\\/06\\\/06\\\/juez-blanco-fue-cuarto-en-puntaje\\\/#primaryimage\"},\"thumbnailUrl\":\"\",\"articleSection\":[\"Sociedad - Seguridad\"],\"inLanguage\":\"es\"},{\"@type\":\"WebPage\",\"@id\":\"https:\\\/\\\/www.eldiario.net\\\/portal\\\/2021\\\/06\\\/06\\\/juez-blanco-fue-cuarto-en-puntaje\\\/\",\"url\":\"https:\\\/\\\/www.eldiario.net\\\/portal\\\/2021\\\/06\\\/06\\\/juez-blanco-fue-cuarto-en-puntaje\\\/\",\"name\":\"Juez Blanco fue cuarto en puntaje - El Diario - Bolivia\",\"isPartOf\":{\"@id\":\"https:\\\/\\\/www.eldiario.net\\\/portal\\\/#website\"},\"primaryImageOfPage\":{\"@id\":\"https:\\\/\\\/www.eldiario.net\\\/portal\\\/2021\\\/06\\\/06\\\/juez-blanco-fue-cuarto-en-puntaje\\\/#primaryimage\"},\"image\":{\"@id\":\"https:\\\/\\\/www.eldiario.net\\\/portal\\\/2021\\\/06\\\/06\\\/juez-blanco-fue-cuarto-en-puntaje\\\/#primaryimage\"},\"thumbnailUrl\":\"\",\"datePublished\":\"2021-06-06T09:40:52+00:00\",\"breadcrumb\":{\"@id\":\"https:\\\/\\\/www.eldiario.net\\\/portal\\\/2021\\\/06\\\/06\\\/juez-blanco-fue-cuarto-en-puntaje\\\/#breadcrumb\"},\"inLanguage\":\"es\",\"potentialAction\":[{\"@type\":\"ReadAction\",\"target\":[\"https:\\\/\\\/www.eldiario.net\\\/portal\\\/2021\\\/06\\\/06\\\/juez-blanco-fue-cuarto-en-puntaje\\\/\"]}]},{\"@type\":\"ImageObject\",\"inLanguage\":\"es\",\"@id\":\"https:\\\/\\\/www.eldiario.net\\\/portal\\\/2021\\\/06\\\/06\\\/juez-blanco-fue-cuarto-en-puntaje\\\/#primaryimage\",\"url\":\"\",\"contentUrl\":\"\"},{\"@type\":\"BreadcrumbList\",\"@id\":\"https:\\\/\\\/www.eldiario.net\\\/portal\\\/2021\\\/06\\\/06\\\/juez-blanco-fue-cuarto-en-puntaje\\\/#breadcrumb\",\"itemListElement\":[{\"@type\":\"ListItem\",\"position\":1,\"name\":\"Portada\",\"item\":\"https:\\\/\\\/www.eldiario.net\\\/portal\\\/\"},{\"@type\":\"ListItem\",\"position\":2,\"name\":\"Juez Blanco fue cuarto en puntaje\"}]},{\"@type\":\"WebSite\",\"@id\":\"https:\\\/\\\/www.eldiario.net\\\/portal\\\/#website\",\"url\":\"https:\\\/\\\/www.eldiario.net\\\/portal\\\/\",\"name\":\"El Diario - Decano de la prensa nacional\",\"description\":\"El Diario - Decano de la prensa nacional\",\"publisher\":{\"@id\":\"https:\\\/\\\/www.eldiario.net\\\/portal\\\/#organization\"},\"potentialAction\":[{\"@type\":\"SearchAction\",\"target\":{\"@type\":\"EntryPoint\",\"urlTemplate\":\"https:\\\/\\\/www.eldiario.net\\\/portal\\\/?s={search_term_string}\"},\"query-input\":{\"@type\":\"PropertyValueSpecification\",\"valueRequired\":true,\"valueName\":\"search_term_string\"}}],\"inLanguage\":\"es\"},{\"@type\":\"Organization\",\"@id\":\"https:\\\/\\\/www.eldiario.net\\\/portal\\\/#organization\",\"name\":\"El Diario - Decano de la prensa nacional\",\"url\":\"https:\\\/\\\/www.eldiario.net\\\/portal\\\/\",\"logo\":{\"@type\":\"ImageObject\",\"inLanguage\":\"es\",\"@id\":\"https:\\\/\\\/www.eldiario.net\\\/portal\\\/#\\\/schema\\\/logo\\\/image\\\/\",\"url\":\"https:\\\/\\\/www.eldiario.net\\\/portal\\\/wp-content\\\/uploads\\\/2023\\\/07\\\/logo_ED.jpg\",\"contentUrl\":\"https:\\\/\\\/www.eldiario.net\\\/portal\\\/wp-content\\\/uploads\\\/2023\\\/07\\\/logo_ED.jpg\",\"width\":272,\"height\":52,\"caption\":\"El Diario - Decano de la prensa nacional\"},\"image\":{\"@id\":\"https:\\\/\\\/www.eldiario.net\\\/portal\\\/#\\\/schema\\\/logo\\\/image\\\/\"},\"sameAs\":[\"https:\\\/\\\/www.facebook.com\\\/eldiario.bolivia\\\/\",\"https:\\\/\\\/x.com\\\/eldiario_net\"]},{\"@type\":\"Person\",\"@id\":\"https:\\\/\\\/www.eldiario.net\\\/portal\\\/#\\\/schema\\\/person\\\/f46445640444750d7d753ccd04ae01b7\",\"name\":\"Jeanette\",\"image\":{\"@type\":\"ImageObject\",\"inLanguage\":\"es\",\"@id\":\"https:\\\/\\\/secure.gravatar.com\\\/avatar\\\/3ea2118a5f7dad2b7138b1187a6b7ee55f160b9968b66013c3a3ef39dd7e5798?s=96&d=mm&r=g\",\"url\":\"https:\\\/\\\/secure.gravatar.com\\\/avatar\\\/3ea2118a5f7dad2b7138b1187a6b7ee55f160b9968b66013c3a3ef39dd7e5798?s=96&d=mm&r=g\",\"contentUrl\":\"https:\\\/\\\/secure.gravatar.com\\\/avatar\\\/3ea2118a5f7dad2b7138b1187a6b7ee55f160b9968b66013c3a3ef39dd7e5798?s=96&d=mm&r=g\",\"caption\":\"Jeanette\"},\"sameAs\":[\"https:\\\/\\\/www.eldiario.net\\\/portal\"],\"url\":\"https:\\\/\\\/www.eldiario.net\\\/portal\\\/author\\\/jeanette\\\/\"}]}<\/script>\n<!-- \/ Yoast SEO plugin. -->","yoast_head_json":{"title":"Juez Blanco fue cuarto en puntaje - El Diario - Bolivia","robots":{"index":"index","follow":"follow","max-snippet":"max-snippet:-1","max-image-preview":"max-image-preview:large","max-video-preview":"max-video-preview:-1"},"canonical":"https:\/\/www.eldiario.net\/portal\/2021\/06\/06\/juez-blanco-fue-cuarto-en-puntaje\/","og_locale":"es_ES","og_type":"article","og_title":"Juez Blanco fue cuarto en puntaje - El Diario - Bolivia","og_description":"El pasado martes, el exfiscal Edwin Blanco jur\u00f3 como juez del Tribunal de Sentencia 13 de La Paz, a pesar que obtuvo el cuarto puesto con un puntaje de 65 sobre cien, de entre seis abogados preseleccionados para ocupar ese lugar. Seis de 15 abogados fueron preseleccionados en la etapa final del proceso, en orden [&hellip;]","og_url":"https:\/\/www.eldiario.net\/portal\/2021\/06\/06\/juez-blanco-fue-cuarto-en-puntaje\/","og_site_name":"El Diario - Bolivia","article_publisher":"https:\/\/www.facebook.com\/eldiario.bolivia\/","article_published_time":"2021-06-06T09:40:52+00:00","author":"Jeanette","twitter_card":"summary_large_image","twitter_creator":"@eldiario_net","twitter_site":"@eldiario_net","twitter_misc":{"Escrito por":"Jeanette","Tiempo de lectura":"3 minutos"},"schema":{"@context":"https:\/\/schema.org","@graph":[{"@type":"Article","@id":"https:\/\/www.eldiario.net\/portal\/2021\/06\/06\/juez-blanco-fue-cuarto-en-puntaje\/#article","isPartOf":{"@id":"https:\/\/www.eldiario.net\/portal\/2021\/06\/06\/juez-blanco-fue-cuarto-en-puntaje\/"},"author":{"name":"Jeanette","@id":"https:\/\/www.eldiario.net\/portal\/#\/schema\/person\/f46445640444750d7d753ccd04ae01b7"},"headline":"Juez Blanco fue cuarto en puntaje","datePublished":"2021-06-06T09:40:52+00:00","mainEntityOfPage":{"@id":"https:\/\/www.eldiario.net\/portal\/2021\/06\/06\/juez-blanco-fue-cuarto-en-puntaje\/"},"wordCount":714,"publisher":{"@id":"https:\/\/www.eldiario.net\/portal\/#organization"},"image":{"@id":"https:\/\/www.eldiario.net\/portal\/2021\/06\/06\/juez-blanco-fue-cuarto-en-puntaje\/#primaryimage"},"thumbnailUrl":"","articleSection":["Sociedad - Seguridad"],"inLanguage":"es"},{"@type":"WebPage","@id":"https:\/\/www.eldiario.net\/portal\/2021\/06\/06\/juez-blanco-fue-cuarto-en-puntaje\/","url":"https:\/\/www.eldiario.net\/portal\/2021\/06\/06\/juez-blanco-fue-cuarto-en-puntaje\/","name":"Juez Blanco fue cuarto en puntaje - El Diario - Bolivia","isPartOf":{"@id":"https:\/\/www.eldiario.net\/portal\/#website"},"primaryImageOfPage":{"@id":"https:\/\/www.eldiario.net\/portal\/2021\/06\/06\/juez-blanco-fue-cuarto-en-puntaje\/#primaryimage"},"image":{"@id":"https:\/\/www.eldiario.net\/portal\/2021\/06\/06\/juez-blanco-fue-cuarto-en-puntaje\/#primaryimage"},"thumbnailUrl":"","datePublished":"2021-06-06T09:40:52+00:00","breadcrumb":{"@id":"https:\/\/www.eldiario.net\/portal\/2021\/06\/06\/juez-blanco-fue-cuarto-en-puntaje\/#breadcrumb"},"inLanguage":"es","potentialAction":[{"@type":"ReadAction","target":["https:\/\/www.eldiario.net\/portal\/2021\/06\/06\/juez-blanco-fue-cuarto-en-puntaje\/"]}]},{"@type":"ImageObject","inLanguage":"es","@id":"https:\/\/www.eldiario.net\/portal\/2021\/06\/06\/juez-blanco-fue-cuarto-en-puntaje\/#primaryimage","url":"","contentUrl":""},{"@type":"BreadcrumbList","@id":"https:\/\/www.eldiario.net\/portal\/2021\/06\/06\/juez-blanco-fue-cuarto-en-puntaje\/#breadcrumb","itemListElement":[{"@type":"ListItem","position":1,"name":"Portada","item":"https:\/\/www.eldiario.net\/portal\/"},{"@type":"ListItem","position":2,"name":"Juez Blanco fue cuarto en puntaje"}]},{"@type":"WebSite","@id":"https:\/\/www.eldiario.net\/portal\/#website","url":"https:\/\/www.eldiario.net\/portal\/","name":"El Diario - Decano de la prensa nacional","description":"El Diario - Decano de la prensa nacional","publisher":{"@id":"https:\/\/www.eldiario.net\/portal\/#organization"},"potentialAction":[{"@type":"SearchAction","target":{"@type":"EntryPoint","urlTemplate":"https:\/\/www.eldiario.net\/portal\/?s={search_term_string}"},"query-input":{"@type":"PropertyValueSpecification","valueRequired":true,"valueName":"search_term_string"}}],"inLanguage":"es"},{"@type":"Organization","@id":"https:\/\/www.eldiario.net\/portal\/#organization","name":"El Diario - Decano de la prensa nacional","url":"https:\/\/www.eldiario.net\/portal\/","logo":{"@type":"ImageObject","inLanguage":"es","@id":"https:\/\/www.eldiario.net\/portal\/#\/schema\/logo\/image\/","url":"https:\/\/www.eldiario.net\/portal\/wp-content\/uploads\/2023\/07\/logo_ED.jpg","contentUrl":"https:\/\/www.eldiario.net\/portal\/wp-content\/uploads\/2023\/07\/logo_ED.jpg","width":272,"height":52,"caption":"El Diario - Decano de la prensa nacional"},"image":{"@id":"https:\/\/www.eldiario.net\/portal\/#\/schema\/logo\/image\/"},"sameAs":["https:\/\/www.facebook.com\/eldiario.bolivia\/","https:\/\/x.com\/eldiario_net"]},{"@type":"Person","@id":"https:\/\/www.eldiario.net\/portal\/#\/schema\/person\/f46445640444750d7d753ccd04ae01b7","name":"Jeanette","image":{"@type":"ImageObject","inLanguage":"es","@id":"https:\/\/secure.gravatar.com\/avatar\/3ea2118a5f7dad2b7138b1187a6b7ee55f160b9968b66013c3a3ef39dd7e5798?s=96&d=mm&r=g","url":"https:\/\/secure.gravatar.com\/avatar\/3ea2118a5f7dad2b7138b1187a6b7ee55f160b9968b66013c3a3ef39dd7e5798?s=96&d=mm&r=g","contentUrl":"https:\/\/secure.gravatar.com\/avatar\/3ea2118a5f7dad2b7138b1187a6b7ee55f160b9968b66013c3a3ef39dd7e5798?s=96&d=mm&r=g","caption":"Jeanette"},"sameAs":["https:\/\/www.eldiario.net\/portal"],"url":"https:\/\/www.eldiario.net\/portal\/author\/jeanette\/"}]}},"_links":{"self":[{"href":"https:\/\/www.eldiario.net\/portal\/wp-json\/wp\/v2\/posts\/8641","targetHints":{"allow":["GET"]}}],"collection":[{"href":"https:\/\/www.eldiario.net\/portal\/wp-json\/wp\/v2\/posts"}],"about":[{"href":"https:\/\/www.eldiario.net\/portal\/wp-json\/wp\/v2\/types\/post"}],"author":[{"embeddable":true,"href":"https:\/\/www.eldiario.net\/portal\/wp-json\/wp\/v2\/users\/1"}],"replies":[{"embeddable":true,"href":"https:\/\/www.eldiario.net\/portal\/wp-json\/wp\/v2\/comments?post=8641"}],"version-history":[{"count":0,"href":"https:\/\/www.eldiario.net\/portal\/wp-json\/wp\/v2\/posts\/8641\/revisions"}],"wp:attachment":[{"href":"https:\/\/www.eldiario.net\/portal\/wp-json\/wp\/v2\/media?parent=8641"}],"wp:term":[{"taxonomy":"category","embeddable":true,"href":"https:\/\/www.eldiario.net\/portal\/wp-json\/wp\/v2\/categories?post=8641"},{"taxonomy":"post_tag","embeddable":true,"href":"https:\/\/www.eldiario.net\/portal\/wp-json\/wp\/v2\/tags?post=8641"}],"curies":[{"name":"wp","href":"https:\/\/api.w.org\/{rel}","templated":true}]}}