{"id":8639,"date":"2021-06-06T05:39:38","date_gmt":"2021-06-06T09:39:38","guid":{"rendered":"https:\/\/www.eldiario.net\/portal\/?p=8639"},"modified":"2021-06-06T05:39:38","modified_gmt":"2021-06-06T09:39:38","slug":"pena-maxima-para-mujer-que-mato-a-sus-tres-hijos","status":"publish","type":"post","link":"https:\/\/www.eldiario.net\/portal\/2021\/06\/06\/pena-maxima-para-mujer-que-mato-a-sus-tres-hijos\/","title":{"rendered":"Pena m\u00e1xima para mujer  que mat\u00f3 a sus tres hijos"},"content":{"rendered":"<p>Sulma Nina Choque de 29 a\u00f1os fue sentenciada a 30 a\u00f1os de privaci\u00f3n de libertad en el Centro de Readaptaci\u00f3n Productiva Santo Domingo de Cantumarca, acusada por el delito de infanticidio cometido en contra de sus tres hijos, inform\u00f3 ayer la fiscal departamental de Potos\u00ed, Roxana Choque.<br \/>\nLa fiscal de materia, Ana Mar\u00eda Blas, explic\u00f3 que el hecho se registr\u00f3 la noche del 25 de agosto de 2018, en la ciudad de Potos\u00ed, cuando Sulma Nina Choque dio de comer una sustancia qu\u00edmica t\u00f3xica a sus tres hijos, posteriormente, ella tambi\u00e9n ingiri\u00f3 el producto por lo que qued\u00f3 inconsciente.<br \/>\nEl hecho fue advertido por la due\u00f1a de casa donde viv\u00eda Sulma, quien llam\u00f3 a la Polic\u00eda, pero cuando llegaron los uniformados los ni\u00f1os, de uno y dos a\u00f1os fueron encontrados sin signos vitales mientras que la mujer y su otra hija de cinco a\u00f1os fueron trasladadas a un hospital. Cinco d\u00edas despu\u00e9s la ni\u00f1a tambi\u00e9n perdi\u00f3 la vida.<br \/>\nSeg\u00fan las autopsias realizadas a las v\u00edctimas por el Instituto de Investigaciones Forenses (IDIF) se estableci\u00f3, como causa de muerte, asfixia por sofocaci\u00f3n secundario a intoxicaci\u00f3n por \u00f3rgano fosforado.<\/p>\n","protected":false},"excerpt":{"rendered":"<p>Sulma Nina Choque de 29 a\u00f1os fue sentenciada a 30 a\u00f1os de privaci\u00f3n de libertad en el Centro de Readaptaci\u00f3n Productiva Santo Domingo de Cantumarca, acusada por el delito de infanticidio cometido en contra de sus tres hijos, inform\u00f3 ayer la fiscal departamental de Potos\u00ed, Roxana Choque. La fiscal de materia, Ana Mar\u00eda Blas, explic\u00f3 [&hellip;]<\/p>\n","protected":false},"author":1,"featured_media":0,"comment_status":"closed","ping_status":"closed","sticky":false,"template":"","format":"standard","meta":{"_acf_changed":false,"footnotes":""},"categories":[39],"tags":[],"class_list":["post-8639","post","type-post","status-publish","format-standard","category-sociedad"],"acf":{"antetitulo":""},"yoast_head":"<!-- This site is optimized with the Yoast SEO plugin v28.3 - https:\/\/yoast.com\/product\/yoast-seo-wordpress\/ -->\n<title>Pena m\u00e1xima para mujer que mat\u00f3 a sus tres hijos - El Diario - Bolivia<\/title>\n<meta name=\"robots\" content=\"index, follow, max-snippet:-1, max-image-preview:large, max-video-preview:-1\" \/>\n<link rel=\"canonical\" href=\"https:\/\/www.eldiario.net\/portal\/2021\/06\/06\/pena-maxima-para-mujer-que-mato-a-sus-tres-hijos\/\" \/>\n<meta property=\"og:locale\" content=\"es_ES\" \/>\n<meta property=\"og:type\" content=\"article\" \/>\n<meta property=\"og:title\" content=\"Pena m\u00e1xima para mujer que mat\u00f3 a sus tres hijos - El Diario - Bolivia\" \/>\n<meta property=\"og:description\" content=\"Sulma Nina Choque de 29 a\u00f1os fue sentenciada a 30 a\u00f1os de privaci\u00f3n de libertad en el Centro de Readaptaci\u00f3n Productiva Santo Domingo de Cantumarca, acusada por el delito de infanticidio cometido en contra de sus tres hijos, inform\u00f3 ayer la fiscal departamental de Potos\u00ed, Roxana Choque. La fiscal de materia, Ana Mar\u00eda Blas, explic\u00f3 [&hellip;]\" \/>\n<meta property=\"og:url\" content=\"https:\/\/www.eldiario.net\/portal\/2021\/06\/06\/pena-maxima-para-mujer-que-mato-a-sus-tres-hijos\/\" \/>\n<meta property=\"og:site_name\" content=\"El Diario - Bolivia\" \/>\n<meta property=\"article:publisher\" content=\"https:\/\/www.facebook.com\/eldiario.bolivia\/\" \/>\n<meta property=\"article:published_time\" content=\"2021-06-06T09:39:38+00:00\" \/>\n<meta name=\"author\" content=\"Jeanette\" \/>\n<meta name=\"twitter:card\" content=\"summary_large_image\" \/>\n<meta name=\"twitter:creator\" content=\"@eldiario_net\" \/>\n<meta name=\"twitter:site\" content=\"@eldiario_net\" \/>\n<meta name=\"twitter:label1\" content=\"Escrito por\" \/>\n\t<meta name=\"twitter:data1\" content=\"Jeanette\" \/>\n\t<meta name=\"twitter:label2\" content=\"Tiempo de lectura\" \/>\n\t<meta name=\"twitter:data2\" content=\"1 minuto\" \/>\n<script type=\"application\/ld+json\" class=\"yoast-schema-graph\">{\"@context\":\"https:\\\/\\\/schema.org\",\"@graph\":[{\"@type\":\"Article\",\"@id\":\"https:\\\/\\\/www.eldiario.net\\\/portal\\\/2021\\\/06\\\/06\\\/pena-maxima-para-mujer-que-mato-a-sus-tres-hijos\\\/#article\",\"isPartOf\":{\"@id\":\"https:\\\/\\\/www.eldiario.net\\\/portal\\\/2021\\\/06\\\/06\\\/pena-maxima-para-mujer-que-mato-a-sus-tres-hijos\\\/\"},\"author\":{\"name\":\"Jeanette\",\"@id\":\"https:\\\/\\\/www.eldiario.net\\\/portal\\\/#\\\/schema\\\/person\\\/f46445640444750d7d753ccd04ae01b7\"},\"headline\":\"Pena m\u00e1xima para mujer que mat\u00f3 a sus tres hijos\",\"datePublished\":\"2021-06-06T09:39:38+00:00\",\"mainEntityOfPage\":{\"@id\":\"https:\\\/\\\/www.eldiario.net\\\/portal\\\/2021\\\/06\\\/06\\\/pena-maxima-para-mujer-que-mato-a-sus-tres-hijos\\\/\"},\"wordCount\":216,\"publisher\":{\"@id\":\"https:\\\/\\\/www.eldiario.net\\\/portal\\\/#organization\"},\"articleSection\":[\"Sociedad - Seguridad\"],\"inLanguage\":\"es\"},{\"@type\":\"WebPage\",\"@id\":\"https:\\\/\\\/www.eldiario.net\\\/portal\\\/2021\\\/06\\\/06\\\/pena-maxima-para-mujer-que-mato-a-sus-tres-hijos\\\/\",\"url\":\"https:\\\/\\\/www.eldiario.net\\\/portal\\\/2021\\\/06\\\/06\\\/pena-maxima-para-mujer-que-mato-a-sus-tres-hijos\\\/\",\"name\":\"Pena m\u00e1xima para mujer que mat\u00f3 a sus tres hijos - El Diario - Bolivia\",\"isPartOf\":{\"@id\":\"https:\\\/\\\/www.eldiario.net\\\/portal\\\/#website\"},\"datePublished\":\"2021-06-06T09:39:38+00:00\",\"breadcrumb\":{\"@id\":\"https:\\\/\\\/www.eldiario.net\\\/portal\\\/2021\\\/06\\\/06\\\/pena-maxima-para-mujer-que-mato-a-sus-tres-hijos\\\/#breadcrumb\"},\"inLanguage\":\"es\",\"potentialAction\":[{\"@type\":\"ReadAction\",\"target\":[\"https:\\\/\\\/www.eldiario.net\\\/portal\\\/2021\\\/06\\\/06\\\/pena-maxima-para-mujer-que-mato-a-sus-tres-hijos\\\/\"]}]},{\"@type\":\"BreadcrumbList\",\"@id\":\"https:\\\/\\\/www.eldiario.net\\\/portal\\\/2021\\\/06\\\/06\\\/pena-maxima-para-mujer-que-mato-a-sus-tres-hijos\\\/#breadcrumb\",\"itemListElement\":[{\"@type\":\"ListItem\",\"position\":1,\"name\":\"Portada\",\"item\":\"https:\\\/\\\/www.eldiario.net\\\/portal\\\/\"},{\"@type\":\"ListItem\",\"position\":2,\"name\":\"Pena m\u00e1xima para mujer que mat\u00f3 a sus tres hijos\"}]},{\"@type\":\"WebSite\",\"@id\":\"https:\\\/\\\/www.eldiario.net\\\/portal\\\/#website\",\"url\":\"https:\\\/\\\/www.eldiario.net\\\/portal\\\/\",\"name\":\"El Diario - Decano de la prensa nacional\",\"description\":\"El Diario - Decano de la prensa nacional\",\"publisher\":{\"@id\":\"https:\\\/\\\/www.eldiario.net\\\/portal\\\/#organization\"},\"potentialAction\":[{\"@type\":\"SearchAction\",\"target\":{\"@type\":\"EntryPoint\",\"urlTemplate\":\"https:\\\/\\\/www.eldiario.net\\\/portal\\\/?s={search_term_string}\"},\"query-input\":{\"@type\":\"PropertyValueSpecification\",\"valueRequired\":true,\"valueName\":\"search_term_string\"}}],\"inLanguage\":\"es\"},{\"@type\":\"Organization\",\"@id\":\"https:\\\/\\\/www.eldiario.net\\\/portal\\\/#organization\",\"name\":\"El Diario - Decano de la prensa nacional\",\"url\":\"https:\\\/\\\/www.eldiario.net\\\/portal\\\/\",\"logo\":{\"@type\":\"ImageObject\",\"inLanguage\":\"es\",\"@id\":\"https:\\\/\\\/www.eldiario.net\\\/portal\\\/#\\\/schema\\\/logo\\\/image\\\/\",\"url\":\"https:\\\/\\\/www.eldiario.net\\\/portal\\\/wp-content\\\/uploads\\\/2023\\\/07\\\/logo_ED.jpg\",\"contentUrl\":\"https:\\\/\\\/www.eldiario.net\\\/portal\\\/wp-content\\\/uploads\\\/2023\\\/07\\\/logo_ED.jpg\",\"width\":272,\"height\":52,\"caption\":\"El Diario - Decano de la prensa nacional\"},\"image\":{\"@id\":\"https:\\\/\\\/www.eldiario.net\\\/portal\\\/#\\\/schema\\\/logo\\\/image\\\/\"},\"sameAs\":[\"https:\\\/\\\/www.facebook.com\\\/eldiario.bolivia\\\/\",\"https:\\\/\\\/x.com\\\/eldiario_net\"]},{\"@type\":\"Person\",\"@id\":\"https:\\\/\\\/www.eldiario.net\\\/portal\\\/#\\\/schema\\\/person\\\/f46445640444750d7d753ccd04ae01b7\",\"name\":\"Jeanette\",\"image\":{\"@type\":\"ImageObject\",\"inLanguage\":\"es\",\"@id\":\"https:\\\/\\\/secure.gravatar.com\\\/avatar\\\/3ea2118a5f7dad2b7138b1187a6b7ee55f160b9968b66013c3a3ef39dd7e5798?s=96&d=mm&r=g\",\"url\":\"https:\\\/\\\/secure.gravatar.com\\\/avatar\\\/3ea2118a5f7dad2b7138b1187a6b7ee55f160b9968b66013c3a3ef39dd7e5798?s=96&d=mm&r=g\",\"contentUrl\":\"https:\\\/\\\/secure.gravatar.com\\\/avatar\\\/3ea2118a5f7dad2b7138b1187a6b7ee55f160b9968b66013c3a3ef39dd7e5798?s=96&d=mm&r=g\",\"caption\":\"Jeanette\"},\"sameAs\":[\"https:\\\/\\\/www.eldiario.net\\\/portal\"],\"url\":\"https:\\\/\\\/www.eldiario.net\\\/portal\\\/author\\\/jeanette\\\/\"}]}<\/script>\n<!-- \/ Yoast SEO plugin. -->","yoast_head_json":{"title":"Pena m\u00e1xima para mujer que mat\u00f3 a sus tres hijos - El Diario - Bolivia","robots":{"index":"index","follow":"follow","max-snippet":"max-snippet:-1","max-image-preview":"max-image-preview:large","max-video-preview":"max-video-preview:-1"},"canonical":"https:\/\/www.eldiario.net\/portal\/2021\/06\/06\/pena-maxima-para-mujer-que-mato-a-sus-tres-hijos\/","og_locale":"es_ES","og_type":"article","og_title":"Pena m\u00e1xima para mujer que mat\u00f3 a sus tres hijos - El Diario - Bolivia","og_description":"Sulma Nina Choque de 29 a\u00f1os fue sentenciada a 30 a\u00f1os de privaci\u00f3n de libertad en el Centro de Readaptaci\u00f3n Productiva Santo Domingo de Cantumarca, acusada por el delito de infanticidio cometido en contra de sus tres hijos, inform\u00f3 ayer la fiscal departamental de Potos\u00ed, Roxana Choque. La fiscal de materia, Ana Mar\u00eda Blas, explic\u00f3 [&hellip;]","og_url":"https:\/\/www.eldiario.net\/portal\/2021\/06\/06\/pena-maxima-para-mujer-que-mato-a-sus-tres-hijos\/","og_site_name":"El Diario - Bolivia","article_publisher":"https:\/\/www.facebook.com\/eldiario.bolivia\/","article_published_time":"2021-06-06T09:39:38+00:00","author":"Jeanette","twitter_card":"summary_large_image","twitter_creator":"@eldiario_net","twitter_site":"@eldiario_net","twitter_misc":{"Escrito por":"Jeanette","Tiempo de lectura":"1 minuto"},"schema":{"@context":"https:\/\/schema.org","@graph":[{"@type":"Article","@id":"https:\/\/www.eldiario.net\/portal\/2021\/06\/06\/pena-maxima-para-mujer-que-mato-a-sus-tres-hijos\/#article","isPartOf":{"@id":"https:\/\/www.eldiario.net\/portal\/2021\/06\/06\/pena-maxima-para-mujer-que-mato-a-sus-tres-hijos\/"},"author":{"name":"Jeanette","@id":"https:\/\/www.eldiario.net\/portal\/#\/schema\/person\/f46445640444750d7d753ccd04ae01b7"},"headline":"Pena m\u00e1xima para mujer que mat\u00f3 a sus tres hijos","datePublished":"2021-06-06T09:39:38+00:00","mainEntityOfPage":{"@id":"https:\/\/www.eldiario.net\/portal\/2021\/06\/06\/pena-maxima-para-mujer-que-mato-a-sus-tres-hijos\/"},"wordCount":216,"publisher":{"@id":"https:\/\/www.eldiario.net\/portal\/#organization"},"articleSection":["Sociedad - Seguridad"],"inLanguage":"es"},{"@type":"WebPage","@id":"https:\/\/www.eldiario.net\/portal\/2021\/06\/06\/pena-maxima-para-mujer-que-mato-a-sus-tres-hijos\/","url":"https:\/\/www.eldiario.net\/portal\/2021\/06\/06\/pena-maxima-para-mujer-que-mato-a-sus-tres-hijos\/","name":"Pena m\u00e1xima para mujer que mat\u00f3 a sus tres hijos - El Diario - Bolivia","isPartOf":{"@id":"https:\/\/www.eldiario.net\/portal\/#website"},"datePublished":"2021-06-06T09:39:38+00:00","breadcrumb":{"@id":"https:\/\/www.eldiario.net\/portal\/2021\/06\/06\/pena-maxima-para-mujer-que-mato-a-sus-tres-hijos\/#breadcrumb"},"inLanguage":"es","potentialAction":[{"@type":"ReadAction","target":["https:\/\/www.eldiario.net\/portal\/2021\/06\/06\/pena-maxima-para-mujer-que-mato-a-sus-tres-hijos\/"]}]},{"@type":"BreadcrumbList","@id":"https:\/\/www.eldiario.net\/portal\/2021\/06\/06\/pena-maxima-para-mujer-que-mato-a-sus-tres-hijos\/#breadcrumb","itemListElement":[{"@type":"ListItem","position":1,"name":"Portada","item":"https:\/\/www.eldiario.net\/portal\/"},{"@type":"ListItem","position":2,"name":"Pena m\u00e1xima para mujer que mat\u00f3 a sus tres hijos"}]},{"@type":"WebSite","@id":"https:\/\/www.eldiario.net\/portal\/#website","url":"https:\/\/www.eldiario.net\/portal\/","name":"El Diario - Decano de la prensa nacional","description":"El Diario - Decano de la prensa nacional","publisher":{"@id":"https:\/\/www.eldiario.net\/portal\/#organization"},"potentialAction":[{"@type":"SearchAction","target":{"@type":"EntryPoint","urlTemplate":"https:\/\/www.eldiario.net\/portal\/?s={search_term_string}"},"query-input":{"@type":"PropertyValueSpecification","valueRequired":true,"valueName":"search_term_string"}}],"inLanguage":"es"},{"@type":"Organization","@id":"https:\/\/www.eldiario.net\/portal\/#organization","name":"El Diario - Decano de la prensa nacional","url":"https:\/\/www.eldiario.net\/portal\/","logo":{"@type":"ImageObject","inLanguage":"es","@id":"https:\/\/www.eldiario.net\/portal\/#\/schema\/logo\/image\/","url":"https:\/\/www.eldiario.net\/portal\/wp-content\/uploads\/2023\/07\/logo_ED.jpg","contentUrl":"https:\/\/www.eldiario.net\/portal\/wp-content\/uploads\/2023\/07\/logo_ED.jpg","width":272,"height":52,"caption":"El Diario - Decano de la prensa nacional"},"image":{"@id":"https:\/\/www.eldiario.net\/portal\/#\/schema\/logo\/image\/"},"sameAs":["https:\/\/www.facebook.com\/eldiario.bolivia\/","https:\/\/x.com\/eldiario_net"]},{"@type":"Person","@id":"https:\/\/www.eldiario.net\/portal\/#\/schema\/person\/f46445640444750d7d753ccd04ae01b7","name":"Jeanette","image":{"@type":"ImageObject","inLanguage":"es","@id":"https:\/\/secure.gravatar.com\/avatar\/3ea2118a5f7dad2b7138b1187a6b7ee55f160b9968b66013c3a3ef39dd7e5798?s=96&d=mm&r=g","url":"https:\/\/secure.gravatar.com\/avatar\/3ea2118a5f7dad2b7138b1187a6b7ee55f160b9968b66013c3a3ef39dd7e5798?s=96&d=mm&r=g","contentUrl":"https:\/\/secure.gravatar.com\/avatar\/3ea2118a5f7dad2b7138b1187a6b7ee55f160b9968b66013c3a3ef39dd7e5798?s=96&d=mm&r=g","caption":"Jeanette"},"sameAs":["https:\/\/www.eldiario.net\/portal"],"url":"https:\/\/www.eldiario.net\/portal\/author\/jeanette\/"}]}},"_links":{"self":[{"href":"https:\/\/www.eldiario.net\/portal\/wp-json\/wp\/v2\/posts\/8639","targetHints":{"allow":["GET"]}}],"collection":[{"href":"https:\/\/www.eldiario.net\/portal\/wp-json\/wp\/v2\/posts"}],"about":[{"href":"https:\/\/www.eldiario.net\/portal\/wp-json\/wp\/v2\/types\/post"}],"author":[{"embeddable":true,"href":"https:\/\/www.eldiario.net\/portal\/wp-json\/wp\/v2\/users\/1"}],"replies":[{"embeddable":true,"href":"https:\/\/www.eldiario.net\/portal\/wp-json\/wp\/v2\/comments?post=8639"}],"version-history":[{"count":0,"href":"https:\/\/www.eldiario.net\/portal\/wp-json\/wp\/v2\/posts\/8639\/revisions"}],"wp:attachment":[{"href":"https:\/\/www.eldiario.net\/portal\/wp-json\/wp\/v2\/media?parent=8639"}],"wp:term":[{"taxonomy":"category","embeddable":true,"href":"https:\/\/www.eldiario.net\/portal\/wp-json\/wp\/v2\/categories?post=8639"},{"taxonomy":"post_tag","embeddable":true,"href":"https:\/\/www.eldiario.net\/portal\/wp-json\/wp\/v2\/tags?post=8639"}],"curies":[{"name":"wp","href":"https:\/\/api.w.org\/{rel}","templated":true}]}}