{"id":8478,"date":"2021-06-05T05:18:50","date_gmt":"2021-06-05T09:18:50","guid":{"rendered":"https:\/\/www.eldiario.net\/portal\/?p=8478"},"modified":"2021-06-05T05:18:50","modified_gmt":"2021-06-05T09:18:50","slug":"trabajadores-exigen-a-autoridades-respetar-compromisos-con-epsas","status":"publish","type":"post","link":"https:\/\/www.eldiario.net\/portal\/2021\/06\/05\/trabajadores-exigen-a-autoridades-respetar-compromisos-con-epsas\/","title":{"rendered":"Trabajadores exigen a autoridades respetar compromisos con Epsas"},"content":{"rendered":"<p>Los trabajadores de la Empresa P\u00fablica Social de Agua y Saneamiento (Epsas) se encuentran a\u00fan en alerta, con la \u00fanica finalidad de resguardar los recursos de la empresa y asegurar el servicio para las ciudades de La Paz y El Alto. Adem\u00e1s, exigen a las autoridades gubernamentales cumplir el compromiso de respetar la estructura t\u00e9cnica y el cambio del actual interventor.<br \/>\nSostienen que estos compromisos fueron asumidos mediante acta de fecha 04\/03\/2021 firmada por el ministro de Medio Ambiente y Agua, Juan Santos Cruz, el viceministro de Agua Potable, Carmelo Valda, el asesor jur\u00eddico del MMAYA, Carlos Camacho, autoridades de la AAPS, representantes de los trabajadores de Epsas y como mediadora la Defensor\u00eda del Pueblo.<br \/>\nEn dicha acta se compromete a respetar la estructura t\u00e9cnica de Epsas y el cambio del interventor agr\u00f3nomo Gonzalo Bladimir Iraizos Escobar en un plazo de 15 d\u00edas, con lo que se pac\u00edfica a la empresa.<br \/>\nSin embargo, manifestaron que hasta la fecha, el acuerdo ha sido incumplido, ya que Iraizos cambi\u00f3 a gerentes y jefaturas de departamento, incorporando personal para su asesor\u00eda personal en asuntos fuera del \u00e1rea origen de su contrataci\u00f3n, cometiendo lo que la Ley 004 establece como uso indebido de bienes y servicios, es decir est\u00e1 cometiendo los mismos errores que su predecesor Miguel \u00c1ngel Gonzales.<br \/>\nAsimismo, cuestionan la formaci\u00f3n profesional de los interventores que han sido designados a esta empresa y que no tiene relaci\u00f3n para la administraci\u00f3n, ya que su poca o ninguna experiencia en saneamiento b\u00e1sico llevaron a cometer desaciertos.<\/p>\n<p>INTERVENTORES<br \/>\nPor otro lado, recordaron que por primera vez en Epsas, la Autoridad de Agua Potable y Saneamiento B\u00e1sico, AAPS, mediante Resoluci\u00f3n Administrativa N\u00ba 001\/2021 de fecha 5 de enero de 2021, nombra como interventor de Epsas al abogado Miguel \u00c1ngel Gonzales Quispe.<br \/>\nGonzales, sin experiencia en el rubro, no prioriz\u00f3 las actividades de una empresa de la magnitud de la estrat\u00e9gica Epsas, por lo que cometi\u00f3 serios errores, contratando personal de manera irregular con asignaci\u00f3n de sueldos fuera de la estructura salarial, cre\u00f3 cargos que no se encuentran en la estructura organizacional de la empresa, situaci\u00f3n que vulner\u00f3 el presupuesto de la gesti\u00f3n 2021.<br \/>\nFrente a una serie de irregularidades, en fecha 23\/02\/2021, la AAPS tom\u00f3 la decisi\u00f3n de cambiar de interventor, designando al ingeniero Tom\u00e1s Quisbert (anterior gerente t\u00e9cnico retirado un d\u00eda antes de manera irregular), como interventor de Epsas SA, mediante RAR AAPS No. 18\/2021, con funciones espec\u00edficas para advertir los hallazgos de irregularidades y actos ilegales para posteriormente iniciar las acciones que correspondan ante instancias judiciales.<br \/>\nSin embargo, en fecha 26\/02\/2021, el Ministerio de Medio Ambiente y Aguas cambia al Director Ejecutivo de la AAPS designando de manera interina a la ingeniera Karina Ordo\u00f1ez como directora ejecutiva, quien a su vez designa como nuevo interventor de Epsas al agr\u00f3nomo Gonzalo Bladimir Iraizos Escobar.<br \/>\nLa determinaci\u00f3n fue rechazada por la clase trabajadora entre obreros y administrativos de Epsas, que se declaran en huelga, oponi\u00e9ndose a la designaci\u00f3n impuesta por la AAPS y el MMAYA, tras conocer que se habr\u00eda cambiado a un interventor t\u00e9cnico calificado, por un interventor que form\u00f3 parte de la estructura del anterior interventor observado, Miguel \u00c1ngel Gonzales, a pesar de las denuncias ante las autoridades competentes, las mismas no fueron consideradas, lo que desat\u00f3 un paro de actividades con una huelga de hambre. Exigieron a las autoridades el nombramiento de un interventor t\u00e9cnico con experiencia probada para Epsas.<br \/>\nLa clase trabajadora de Epsas rechaza al interventor Iraizos Escobar porque en fecha 12 de enero de 2021, el exinterventor Miguel \u00c1ngel Gonzales Quispe lo contrata como asesor financiero y comercial bajo la modalidad a plazo fijo y cuyas principales funciones fueron el seguimiento a la Gerencia Administrativa y Financiera y la Gerencia Comercial, debiendo emitir informes a la M\u00e1xima Autoridad Ejecutiva de Epsas, es decir que es corresponsable de las omisiones e ilegalidades provocadas por Gonzales. Luego de 44 d\u00edas, no present\u00f3 ni un solo informe de evaluaci\u00f3n de la situaci\u00f3n financiera de la empresa ni menos alert\u00f3 al interventor Gonzales respecto al d\u00e9ficit financiero.<br \/>\nFrente a estas irregularidades, los trabajadores sostienen que Epsas, al ser una empresa t\u00e9cnica, tiene la funci\u00f3n principal de asegurar el servicio de Agua Potable para las ciudades de La Paz y El Alto y para ello requiere que su direcci\u00f3n est\u00e9 a cargo de un profesional con experiencia y conocimientos en esta \u00e1rea t\u00e9cnica a fin de tomar decisiones acertadas.<\/p>\n","protected":false},"excerpt":{"rendered":"<p>Los trabajadores de la Empresa P\u00fablica Social de Agua y Saneamiento (Epsas) se encuentran a\u00fan en alerta, con la \u00fanica finalidad de resguardar los recursos de la empresa y asegurar el servicio para las ciudades de La Paz y El Alto. Adem\u00e1s, exigen a las autoridades gubernamentales cumplir el compromiso de respetar la estructura t\u00e9cnica [&hellip;]<\/p>\n","protected":false},"author":1,"featured_media":8479,"comment_status":"closed","ping_status":"closed","sticky":false,"template":"","format":"standard","meta":{"_acf_changed":false,"footnotes":""},"categories":[14],"tags":[],"class_list":["post-8478","post","type-post","status-publish","format-standard","has-post-thumbnail","category-politica"],"acf":{"antetitulo":""},"yoast_head":"<!-- This site is optimized with the Yoast SEO plugin v28.3 - https:\/\/yoast.com\/product\/yoast-seo-wordpress\/ -->\n<title>Trabajadores exigen a autoridades respetar compromisos con Epsas - El Diario - Bolivia<\/title>\n<meta name=\"robots\" content=\"index, follow, max-snippet:-1, max-image-preview:large, max-video-preview:-1\" \/>\n<link rel=\"canonical\" href=\"https:\/\/www.eldiario.net\/portal\/2021\/06\/05\/trabajadores-exigen-a-autoridades-respetar-compromisos-con-epsas\/\" \/>\n<meta property=\"og:locale\" content=\"es_ES\" \/>\n<meta property=\"og:type\" content=\"article\" \/>\n<meta property=\"og:title\" content=\"Trabajadores exigen a autoridades respetar compromisos con Epsas - El Diario - Bolivia\" \/>\n<meta property=\"og:description\" content=\"Los trabajadores de la Empresa P\u00fablica Social de Agua y Saneamiento (Epsas) se encuentran a\u00fan en alerta, con la \u00fanica finalidad de resguardar los recursos de la empresa y asegurar el servicio para las ciudades de La Paz y El Alto. Adem\u00e1s, exigen a las autoridades gubernamentales cumplir el compromiso de respetar la estructura t\u00e9cnica [&hellip;]\" \/>\n<meta property=\"og:url\" content=\"https:\/\/www.eldiario.net\/portal\/2021\/06\/05\/trabajadores-exigen-a-autoridades-respetar-compromisos-con-epsas\/\" \/>\n<meta property=\"og:site_name\" content=\"El Diario - Bolivia\" \/>\n<meta property=\"article:publisher\" content=\"https:\/\/www.facebook.com\/eldiario.bolivia\/\" \/>\n<meta property=\"article:published_time\" content=\"2021-06-05T09:18:50+00:00\" \/>\n<meta name=\"author\" content=\"Jeanette\" \/>\n<meta name=\"twitter:card\" content=\"summary_large_image\" \/>\n<meta name=\"twitter:creator\" content=\"@eldiario_net\" \/>\n<meta name=\"twitter:site\" content=\"@eldiario_net\" \/>\n<meta name=\"twitter:label1\" content=\"Escrito por\" \/>\n\t<meta name=\"twitter:data1\" content=\"Jeanette\" \/>\n\t<meta name=\"twitter:label2\" content=\"Tiempo de lectura\" \/>\n\t<meta name=\"twitter:data2\" content=\"4 minutos\" \/>\n<script type=\"application\/ld+json\" class=\"yoast-schema-graph\">{\"@context\":\"https:\\\/\\\/schema.org\",\"@graph\":[{\"@type\":\"Article\",\"@id\":\"https:\\\/\\\/www.eldiario.net\\\/portal\\\/2021\\\/06\\\/05\\\/trabajadores-exigen-a-autoridades-respetar-compromisos-con-epsas\\\/#article\",\"isPartOf\":{\"@id\":\"https:\\\/\\\/www.eldiario.net\\\/portal\\\/2021\\\/06\\\/05\\\/trabajadores-exigen-a-autoridades-respetar-compromisos-con-epsas\\\/\"},\"author\":{\"name\":\"Jeanette\",\"@id\":\"https:\\\/\\\/www.eldiario.net\\\/portal\\\/#\\\/schema\\\/person\\\/f46445640444750d7d753ccd04ae01b7\"},\"headline\":\"Trabajadores exigen a autoridades respetar compromisos con Epsas\",\"datePublished\":\"2021-06-05T09:18:50+00:00\",\"mainEntityOfPage\":{\"@id\":\"https:\\\/\\\/www.eldiario.net\\\/portal\\\/2021\\\/06\\\/05\\\/trabajadores-exigen-a-autoridades-respetar-compromisos-con-epsas\\\/\"},\"wordCount\":773,\"publisher\":{\"@id\":\"https:\\\/\\\/www.eldiario.net\\\/portal\\\/#organization\"},\"image\":{\"@id\":\"https:\\\/\\\/www.eldiario.net\\\/portal\\\/2021\\\/06\\\/05\\\/trabajadores-exigen-a-autoridades-respetar-compromisos-con-epsas\\\/#primaryimage\"},\"thumbnailUrl\":\"\",\"articleSection\":[\"Pol\u00edtica\"],\"inLanguage\":\"es\"},{\"@type\":\"WebPage\",\"@id\":\"https:\\\/\\\/www.eldiario.net\\\/portal\\\/2021\\\/06\\\/05\\\/trabajadores-exigen-a-autoridades-respetar-compromisos-con-epsas\\\/\",\"url\":\"https:\\\/\\\/www.eldiario.net\\\/portal\\\/2021\\\/06\\\/05\\\/trabajadores-exigen-a-autoridades-respetar-compromisos-con-epsas\\\/\",\"name\":\"Trabajadores exigen a autoridades respetar compromisos con Epsas - El Diario - Bolivia\",\"isPartOf\":{\"@id\":\"https:\\\/\\\/www.eldiario.net\\\/portal\\\/#website\"},\"primaryImageOfPage\":{\"@id\":\"https:\\\/\\\/www.eldiario.net\\\/portal\\\/2021\\\/06\\\/05\\\/trabajadores-exigen-a-autoridades-respetar-compromisos-con-epsas\\\/#primaryimage\"},\"image\":{\"@id\":\"https:\\\/\\\/www.eldiario.net\\\/portal\\\/2021\\\/06\\\/05\\\/trabajadores-exigen-a-autoridades-respetar-compromisos-con-epsas\\\/#primaryimage\"},\"thumbnailUrl\":\"\",\"datePublished\":\"2021-06-05T09:18:50+00:00\",\"breadcrumb\":{\"@id\":\"https:\\\/\\\/www.eldiario.net\\\/portal\\\/2021\\\/06\\\/05\\\/trabajadores-exigen-a-autoridades-respetar-compromisos-con-epsas\\\/#breadcrumb\"},\"inLanguage\":\"es\",\"potentialAction\":[{\"@type\":\"ReadAction\",\"target\":[\"https:\\\/\\\/www.eldiario.net\\\/portal\\\/2021\\\/06\\\/05\\\/trabajadores-exigen-a-autoridades-respetar-compromisos-con-epsas\\\/\"]}]},{\"@type\":\"ImageObject\",\"inLanguage\":\"es\",\"@id\":\"https:\\\/\\\/www.eldiario.net\\\/portal\\\/2021\\\/06\\\/05\\\/trabajadores-exigen-a-autoridades-respetar-compromisos-con-epsas\\\/#primaryimage\",\"url\":\"\",\"contentUrl\":\"\"},{\"@type\":\"BreadcrumbList\",\"@id\":\"https:\\\/\\\/www.eldiario.net\\\/portal\\\/2021\\\/06\\\/05\\\/trabajadores-exigen-a-autoridades-respetar-compromisos-con-epsas\\\/#breadcrumb\",\"itemListElement\":[{\"@type\":\"ListItem\",\"position\":1,\"name\":\"Portada\",\"item\":\"https:\\\/\\\/www.eldiario.net\\\/portal\\\/\"},{\"@type\":\"ListItem\",\"position\":2,\"name\":\"Trabajadores exigen a autoridades respetar compromisos con Epsas\"}]},{\"@type\":\"WebSite\",\"@id\":\"https:\\\/\\\/www.eldiario.net\\\/portal\\\/#website\",\"url\":\"https:\\\/\\\/www.eldiario.net\\\/portal\\\/\",\"name\":\"El Diario - Decano de la prensa nacional\",\"description\":\"El Diario - Decano de la prensa nacional\",\"publisher\":{\"@id\":\"https:\\\/\\\/www.eldiario.net\\\/portal\\\/#organization\"},\"potentialAction\":[{\"@type\":\"SearchAction\",\"target\":{\"@type\":\"EntryPoint\",\"urlTemplate\":\"https:\\\/\\\/www.eldiario.net\\\/portal\\\/?s={search_term_string}\"},\"query-input\":{\"@type\":\"PropertyValueSpecification\",\"valueRequired\":true,\"valueName\":\"search_term_string\"}}],\"inLanguage\":\"es\"},{\"@type\":\"Organization\",\"@id\":\"https:\\\/\\\/www.eldiario.net\\\/portal\\\/#organization\",\"name\":\"El Diario - Decano de la prensa nacional\",\"url\":\"https:\\\/\\\/www.eldiario.net\\\/portal\\\/\",\"logo\":{\"@type\":\"ImageObject\",\"inLanguage\":\"es\",\"@id\":\"https:\\\/\\\/www.eldiario.net\\\/portal\\\/#\\\/schema\\\/logo\\\/image\\\/\",\"url\":\"https:\\\/\\\/www.eldiario.net\\\/portal\\\/wp-content\\\/uploads\\\/2023\\\/07\\\/logo_ED.jpg\",\"contentUrl\":\"https:\\\/\\\/www.eldiario.net\\\/portal\\\/wp-content\\\/uploads\\\/2023\\\/07\\\/logo_ED.jpg\",\"width\":272,\"height\":52,\"caption\":\"El Diario - Decano de la prensa nacional\"},\"image\":{\"@id\":\"https:\\\/\\\/www.eldiario.net\\\/portal\\\/#\\\/schema\\\/logo\\\/image\\\/\"},\"sameAs\":[\"https:\\\/\\\/www.facebook.com\\\/eldiario.bolivia\\\/\",\"https:\\\/\\\/x.com\\\/eldiario_net\"]},{\"@type\":\"Person\",\"@id\":\"https:\\\/\\\/www.eldiario.net\\\/portal\\\/#\\\/schema\\\/person\\\/f46445640444750d7d753ccd04ae01b7\",\"name\":\"Jeanette\",\"image\":{\"@type\":\"ImageObject\",\"inLanguage\":\"es\",\"@id\":\"https:\\\/\\\/secure.gravatar.com\\\/avatar\\\/3ea2118a5f7dad2b7138b1187a6b7ee55f160b9968b66013c3a3ef39dd7e5798?s=96&d=mm&r=g\",\"url\":\"https:\\\/\\\/secure.gravatar.com\\\/avatar\\\/3ea2118a5f7dad2b7138b1187a6b7ee55f160b9968b66013c3a3ef39dd7e5798?s=96&d=mm&r=g\",\"contentUrl\":\"https:\\\/\\\/secure.gravatar.com\\\/avatar\\\/3ea2118a5f7dad2b7138b1187a6b7ee55f160b9968b66013c3a3ef39dd7e5798?s=96&d=mm&r=g\",\"caption\":\"Jeanette\"},\"sameAs\":[\"https:\\\/\\\/www.eldiario.net\\\/portal\"],\"url\":\"https:\\\/\\\/www.eldiario.net\\\/portal\\\/author\\\/jeanette\\\/\"}]}<\/script>\n<!-- \/ Yoast SEO plugin. -->","yoast_head_json":{"title":"Trabajadores exigen a autoridades respetar compromisos con Epsas - El Diario - Bolivia","robots":{"index":"index","follow":"follow","max-snippet":"max-snippet:-1","max-image-preview":"max-image-preview:large","max-video-preview":"max-video-preview:-1"},"canonical":"https:\/\/www.eldiario.net\/portal\/2021\/06\/05\/trabajadores-exigen-a-autoridades-respetar-compromisos-con-epsas\/","og_locale":"es_ES","og_type":"article","og_title":"Trabajadores exigen a autoridades respetar compromisos con Epsas - El Diario - Bolivia","og_description":"Los trabajadores de la Empresa P\u00fablica Social de Agua y Saneamiento (Epsas) se encuentran a\u00fan en alerta, con la \u00fanica finalidad de resguardar los recursos de la empresa y asegurar el servicio para las ciudades de La Paz y El Alto. Adem\u00e1s, exigen a las autoridades gubernamentales cumplir el compromiso de respetar la estructura t\u00e9cnica [&hellip;]","og_url":"https:\/\/www.eldiario.net\/portal\/2021\/06\/05\/trabajadores-exigen-a-autoridades-respetar-compromisos-con-epsas\/","og_site_name":"El Diario - Bolivia","article_publisher":"https:\/\/www.facebook.com\/eldiario.bolivia\/","article_published_time":"2021-06-05T09:18:50+00:00","author":"Jeanette","twitter_card":"summary_large_image","twitter_creator":"@eldiario_net","twitter_site":"@eldiario_net","twitter_misc":{"Escrito por":"Jeanette","Tiempo de lectura":"4 minutos"},"schema":{"@context":"https:\/\/schema.org","@graph":[{"@type":"Article","@id":"https:\/\/www.eldiario.net\/portal\/2021\/06\/05\/trabajadores-exigen-a-autoridades-respetar-compromisos-con-epsas\/#article","isPartOf":{"@id":"https:\/\/www.eldiario.net\/portal\/2021\/06\/05\/trabajadores-exigen-a-autoridades-respetar-compromisos-con-epsas\/"},"author":{"name":"Jeanette","@id":"https:\/\/www.eldiario.net\/portal\/#\/schema\/person\/f46445640444750d7d753ccd04ae01b7"},"headline":"Trabajadores exigen a autoridades respetar compromisos con Epsas","datePublished":"2021-06-05T09:18:50+00:00","mainEntityOfPage":{"@id":"https:\/\/www.eldiario.net\/portal\/2021\/06\/05\/trabajadores-exigen-a-autoridades-respetar-compromisos-con-epsas\/"},"wordCount":773,"publisher":{"@id":"https:\/\/www.eldiario.net\/portal\/#organization"},"image":{"@id":"https:\/\/www.eldiario.net\/portal\/2021\/06\/05\/trabajadores-exigen-a-autoridades-respetar-compromisos-con-epsas\/#primaryimage"},"thumbnailUrl":"","articleSection":["Pol\u00edtica"],"inLanguage":"es"},{"@type":"WebPage","@id":"https:\/\/www.eldiario.net\/portal\/2021\/06\/05\/trabajadores-exigen-a-autoridades-respetar-compromisos-con-epsas\/","url":"https:\/\/www.eldiario.net\/portal\/2021\/06\/05\/trabajadores-exigen-a-autoridades-respetar-compromisos-con-epsas\/","name":"Trabajadores exigen a autoridades respetar compromisos con Epsas - El Diario - Bolivia","isPartOf":{"@id":"https:\/\/www.eldiario.net\/portal\/#website"},"primaryImageOfPage":{"@id":"https:\/\/www.eldiario.net\/portal\/2021\/06\/05\/trabajadores-exigen-a-autoridades-respetar-compromisos-con-epsas\/#primaryimage"},"image":{"@id":"https:\/\/www.eldiario.net\/portal\/2021\/06\/05\/trabajadores-exigen-a-autoridades-respetar-compromisos-con-epsas\/#primaryimage"},"thumbnailUrl":"","datePublished":"2021-06-05T09:18:50+00:00","breadcrumb":{"@id":"https:\/\/www.eldiario.net\/portal\/2021\/06\/05\/trabajadores-exigen-a-autoridades-respetar-compromisos-con-epsas\/#breadcrumb"},"inLanguage":"es","potentialAction":[{"@type":"ReadAction","target":["https:\/\/www.eldiario.net\/portal\/2021\/06\/05\/trabajadores-exigen-a-autoridades-respetar-compromisos-con-epsas\/"]}]},{"@type":"ImageObject","inLanguage":"es","@id":"https:\/\/www.eldiario.net\/portal\/2021\/06\/05\/trabajadores-exigen-a-autoridades-respetar-compromisos-con-epsas\/#primaryimage","url":"","contentUrl":""},{"@type":"BreadcrumbList","@id":"https:\/\/www.eldiario.net\/portal\/2021\/06\/05\/trabajadores-exigen-a-autoridades-respetar-compromisos-con-epsas\/#breadcrumb","itemListElement":[{"@type":"ListItem","position":1,"name":"Portada","item":"https:\/\/www.eldiario.net\/portal\/"},{"@type":"ListItem","position":2,"name":"Trabajadores exigen a autoridades respetar compromisos con Epsas"}]},{"@type":"WebSite","@id":"https:\/\/www.eldiario.net\/portal\/#website","url":"https:\/\/www.eldiario.net\/portal\/","name":"El Diario - Decano de la prensa nacional","description":"El Diario - Decano de la prensa nacional","publisher":{"@id":"https:\/\/www.eldiario.net\/portal\/#organization"},"potentialAction":[{"@type":"SearchAction","target":{"@type":"EntryPoint","urlTemplate":"https:\/\/www.eldiario.net\/portal\/?s={search_term_string}"},"query-input":{"@type":"PropertyValueSpecification","valueRequired":true,"valueName":"search_term_string"}}],"inLanguage":"es"},{"@type":"Organization","@id":"https:\/\/www.eldiario.net\/portal\/#organization","name":"El Diario - Decano de la prensa nacional","url":"https:\/\/www.eldiario.net\/portal\/","logo":{"@type":"ImageObject","inLanguage":"es","@id":"https:\/\/www.eldiario.net\/portal\/#\/schema\/logo\/image\/","url":"https:\/\/www.eldiario.net\/portal\/wp-content\/uploads\/2023\/07\/logo_ED.jpg","contentUrl":"https:\/\/www.eldiario.net\/portal\/wp-content\/uploads\/2023\/07\/logo_ED.jpg","width":272,"height":52,"caption":"El Diario - Decano de la prensa nacional"},"image":{"@id":"https:\/\/www.eldiario.net\/portal\/#\/schema\/logo\/image\/"},"sameAs":["https:\/\/www.facebook.com\/eldiario.bolivia\/","https:\/\/x.com\/eldiario_net"]},{"@type":"Person","@id":"https:\/\/www.eldiario.net\/portal\/#\/schema\/person\/f46445640444750d7d753ccd04ae01b7","name":"Jeanette","image":{"@type":"ImageObject","inLanguage":"es","@id":"https:\/\/secure.gravatar.com\/avatar\/3ea2118a5f7dad2b7138b1187a6b7ee55f160b9968b66013c3a3ef39dd7e5798?s=96&d=mm&r=g","url":"https:\/\/secure.gravatar.com\/avatar\/3ea2118a5f7dad2b7138b1187a6b7ee55f160b9968b66013c3a3ef39dd7e5798?s=96&d=mm&r=g","contentUrl":"https:\/\/secure.gravatar.com\/avatar\/3ea2118a5f7dad2b7138b1187a6b7ee55f160b9968b66013c3a3ef39dd7e5798?s=96&d=mm&r=g","caption":"Jeanette"},"sameAs":["https:\/\/www.eldiario.net\/portal"],"url":"https:\/\/www.eldiario.net\/portal\/author\/jeanette\/"}]}},"_links":{"self":[{"href":"https:\/\/www.eldiario.net\/portal\/wp-json\/wp\/v2\/posts\/8478","targetHints":{"allow":["GET"]}}],"collection":[{"href":"https:\/\/www.eldiario.net\/portal\/wp-json\/wp\/v2\/posts"}],"about":[{"href":"https:\/\/www.eldiario.net\/portal\/wp-json\/wp\/v2\/types\/post"}],"author":[{"embeddable":true,"href":"https:\/\/www.eldiario.net\/portal\/wp-json\/wp\/v2\/users\/1"}],"replies":[{"embeddable":true,"href":"https:\/\/www.eldiario.net\/portal\/wp-json\/wp\/v2\/comments?post=8478"}],"version-history":[{"count":0,"href":"https:\/\/www.eldiario.net\/portal\/wp-json\/wp\/v2\/posts\/8478\/revisions"}],"wp:attachment":[{"href":"https:\/\/www.eldiario.net\/portal\/wp-json\/wp\/v2\/media?parent=8478"}],"wp:term":[{"taxonomy":"category","embeddable":true,"href":"https:\/\/www.eldiario.net\/portal\/wp-json\/wp\/v2\/categories?post=8478"},{"taxonomy":"post_tag","embeddable":true,"href":"https:\/\/www.eldiario.net\/portal\/wp-json\/wp\/v2\/tags?post=8478"}],"curies":[{"name":"wp","href":"https:\/\/api.w.org\/{rel}","templated":true}]}}