{"id":8472,"date":"2021-06-05T05:16:44","date_gmt":"2021-06-05T09:16:44","guid":{"rendered":"https:\/\/www.eldiario.net\/portal\/?p=8472"},"modified":"2021-06-05T05:16:44","modified_gmt":"2021-06-05T09:16:44","slug":"denuncia-contra-activistas-se-sustenta-en-fotografias","status":"publish","type":"post","link":"https:\/\/www.eldiario.net\/portal\/2021\/06\/05\/denuncia-contra-activistas-se-sustenta-en-fotografias\/","title":{"rendered":"Denuncia contra activistas  se sustenta en fotograf\u00edas"},"content":{"rendered":"<p>Despu\u00e9s de presentarse a declarar ante la Fiscal\u00eda por una denuncia de la Defensor\u00eda del Pueblo, las activistas de Derechos Humanos (DDHH) Guadalupe C\u00e1rdenas y Paola Barriga, en contacto con EL DIARIO, lamentaron que la misma se sustente en fotograf\u00edas que no tienen relaci\u00f3n con el hecho de supuesta agresi\u00f3n a la instituci\u00f3n del Estado.<br \/>\nLa semana pasada se conoci\u00f3 la citaci\u00f3n contra la abogada Paola Barriga, la exdirigente de las esposas de polic\u00edas, Guadalupe C\u00e1rdenas, y la expresentadora de medios, Melisa Ibarra, adem\u00e1s de Mauricio Neftali Mamani. Las activistas son denunciadas por los presuntos delitos de instigaci\u00f3n p\u00fablica a delinquir, asociaci\u00f3n delictuosa, impedir o estorbar el ejercicio de funciones, atentados contra la libertad de trabajo y amenazas.<br \/>\nBarriga, quien se present\u00f3 a declarar la ma\u00f1ana de ayer, lament\u00f3 que la Fiscal\u00eda sustente la denuncia con argumentos falsos y sin pruebas.<br \/>\n\u201cSon argumentos falsos, sin pruebas, ninguno de los cuatro delitos pueden ser probados. Dentro de los argumentos que se\u00f1alan es que entre Guadalupe C\u00e1rdenas, Melisa Ibarra y mi persona habr\u00edamos maniatado a los funcionarios, que no les habr\u00edamos dejado ingresar, cuando yo ni siquiera he ingresado a la Defensor\u00eda. Hemos llegado una tarde y nos hemos tomado unas fotograf\u00edas ah\u00ed afuera (frontis de la Defensor\u00eda), incluso con gente que pasaba, no hubo ning\u00fan delito, por eso es que al primer llamado me he presentado y que se esclarezca este tipo de denuncia que solamente genera da\u00f1o en quienes hemos ido trabajando por muchos a\u00f1os atr\u00e1s en defensa de los DDHH\u201d, apunt\u00f3.<br \/>\nLa jurista aclar\u00f3 que de acuerdo al cuaderno de investigaciones, el sustento para denunciarla son dos fotograf\u00edas y ninguna de ellas demuestra que cometi\u00f3 los delitos por los que se la investiga.<br \/>\n\u201cUna es cuando estoy cruzando una calle en San Pedro, no s\u00e9 en qu\u00e9 momento me tomaron esa fotograf\u00eda y no tiene ning\u00fan asidero porque esas fotograf\u00edas ni siquiera son tomadas de la c\u00e1mara de la Defensor\u00eda, nada tienen que ver con un delito porque estoy cruzando una calle\u201d, aclar\u00f3.<br \/>\nLa jurista, que se acogi\u00f3 a su derecho al silencio, aclar\u00f3 que una denuncia debe ser probada y no como en este caso donde las sindicadas ni se conoc\u00edan personalmente, no obstante son procesadas por asociaci\u00f3n delictuosa.<br \/>\nPor otro lado, Barriga aclar\u00f3 que los plazos procesales en esta investigaci\u00f3n fenecieron sobreabundantemente porque la denuncia se la hizo el 27 de noviembre de 2019 y de acuerdo al C\u00f3digo de Procedimiento Penal, la etapa preliminar de la investigaci\u00f3n debe tener una duraci\u00f3n m\u00e1xima de seis meses.<\/p>\n<p>AGRESI\u00d3N<br \/>\nGuadalupe C\u00e1rdenas, quien se present\u00f3 a declarar el pasado martes, denunci\u00f3 que el fiscal del caso, Marcos Villa, no le dej\u00f3 ver el cuaderno de investigaciones por lo que se vio obligada a acogerse a su derecho al silencio porque no sab\u00eda de lo que la denunciaban.<br \/>\n\u201cEl d\u00eda que deb\u00eda declarar el fiscal estaba en otra reuni\u00f3n, no entiendo c\u00f3mo cruzan horarios. Le insist\u00ed para ver el cuaderno de investigaciones, al cual tuve accesos de solo segundos y ah\u00ed vi una fotograf\u00eda m\u00eda de cuando llev\u00e9 v\u00edveres a los hijos de los mineros de la Chojlla que estaban haciendo vigilia en La Paz. Ese dice que fue mi delito, eso dice que es una prueba\u201d, dijo.<br \/>\nPor el caso, la Fiscal\u00eda emiti\u00f3 una orden de aprehensi\u00f3n contra Melisa Ibarra porque no se present\u00f3 a declarar.<br \/>\nSobre la presunta \u201ctoma\u201d de la Defensor\u00eda, Ibarra tambi\u00e9n fue se\u00f1alada de \u201crepartir dinero\u201d a los manifestantes aquel a\u00f1o, aunque ella aclar\u00f3 que al contrario, se hizo una colecta para comprar alimentos y sostener la vigilia ciudadana de esa semana.<br \/>\nEl activista Guillermo Paz, deplor\u00f3 este tipo de amedrentamiento a quienes se manifestaron en contra de una entidad que deber\u00eda velar por la ciudadan\u00eda y no por los intereses del Movimiento al Socialismo (MAS).<br \/>\n\u201cNosotros estamos atentos como activistas al proceder del Gobierno y que no se confunda, que no trate de amedrentar a la poblaci\u00f3n que hemos salido pac\u00edficamente. Todos los ciudadanos tenemos el derecho de pedir la renuncia de las autoridades, en este caso de la Defensora del Pueblo, que todos sabemos que representa al MAS y no al pueblo, como tendr\u00eda que ser\u201d, declar\u00f3 Paz.<\/p>\n<p>LA FOTOGRAF\u00cdA ES<br \/>\nPRUEBA SUBJETIVA<br \/>\nEl abogado Eusebio Vera manifest\u00f3 a EL DIARIO que una fotograf\u00eda no ser\u00eda suficiente para acreditar la existencia de un il\u00edcito porque una imagen puede decir muchas cosas.<br \/>\n\u201cUna imagen puede describir muchas cosas, va a depender de quien lo vea, estamos hablando de elementos subjetivos, un solo elemento como una fotograf\u00eda es insuficiente para determinar la existencia o no de un hecho delictivo\u201d, apunt\u00f3.<\/p>\n<div id='gallery-1' class='gallery galleryid-8472 gallery-columns-3 gallery-size-medium'><figure class='gallery-item'>\n\t\t\t<div class='gallery-icon landscape'>\n\t\t\t\t<a href='https:\/\/www.eldiario.net\/portal\/2021\/06\/05\/denuncia-contra-activistas-se-sustenta-en-fotografias\/barriga-2\/'><img loading=\"lazy\" decoding=\"async\" width=\"300\" height=\"168\" src=\"https:\/\/www.eldiario.net\/portal\/wp-content\/uploads\/2021\/06\/BARRIGA-300x168.jpg\" class=\"attachment-medium size-medium\" alt=\"\" aria-describedby=\"gallery-1-8474\" srcset=\"https:\/\/www.eldiario.net\/portal\/wp-content\/uploads\/2021\/06\/BARRIGA-300x168.jpg 300w, https:\/\/www.eldiario.net\/portal\/wp-content\/uploads\/2021\/06\/BARRIGA-768x429.jpg 768w, https:\/\/www.eldiario.net\/portal\/wp-content\/uploads\/2021\/06\/BARRIGA-696x389.jpg 696w, https:\/\/www.eldiario.net\/portal\/wp-content\/uploads\/2021\/06\/BARRIGA.jpg 770w\" sizes=\"auto, (max-width: 300px) 100vw, 300px\" \/><\/a>\n\t\t\t<\/div>\n\t\t\t\t<figcaption class='wp-caption-text gallery-caption' id='gallery-1-8474'>\n\t\t\t\tPAOLA BARRIGA, ABOGADA\n\n\t\t\t\t<\/figcaption><\/figure><figure class='gallery-item'>\n\t\t\t<div class='gallery-icon landscape'>\n\t\t\t\t<a href='https:\/\/www.eldiario.net\/portal\/2021\/06\/05\/denuncia-contra-activistas-se-sustenta-en-fotografias\/vera-2\/'><img loading=\"lazy\" decoding=\"async\" width=\"300\" height=\"267\" src=\"https:\/\/www.eldiario.net\/portal\/wp-content\/uploads\/2021\/06\/VERA-300x267.jpg\" class=\"attachment-medium size-medium\" alt=\"\" aria-describedby=\"gallery-1-8476\" srcset=\"https:\/\/www.eldiario.net\/portal\/wp-content\/uploads\/2021\/06\/VERA-300x267.jpg 300w, https:\/\/www.eldiario.net\/portal\/wp-content\/uploads\/2021\/06\/VERA-768x683.jpg 768w, https:\/\/www.eldiario.net\/portal\/wp-content\/uploads\/2021\/06\/VERA-696x619.jpg 696w, https:\/\/www.eldiario.net\/portal\/wp-content\/uploads\/2021\/06\/VERA.jpg 1000w\" sizes=\"auto, (max-width: 300px) 100vw, 300px\" \/><\/a>\n\t\t\t<\/div>\n\t\t\t\t<figcaption class='wp-caption-text gallery-caption' id='gallery-1-8476'>\n\t\t\t\tEUSEBIO VERA, ABOGADO \n\t\t\t\t<\/figcaption><\/figure>\n\t\t<\/div>\n\n","protected":false},"excerpt":{"rendered":"<p>Despu\u00e9s de presentarse a declarar ante la Fiscal\u00eda por una denuncia de la Defensor\u00eda del Pueblo, las activistas de Derechos Humanos (DDHH) Guadalupe C\u00e1rdenas y Paola Barriga, en contacto con EL DIARIO, lamentaron que la misma se sustente en fotograf\u00edas que no tienen relaci\u00f3n con el hecho de supuesta agresi\u00f3n a la instituci\u00f3n del Estado. [&hellip;]<\/p>\n","protected":false},"author":1,"featured_media":8473,"comment_status":"closed","ping_status":"closed","sticky":false,"template":"","format":"standard","meta":{"_acf_changed":false,"footnotes":""},"categories":[39],"tags":[],"class_list":["post-8472","post","type-post","status-publish","format-standard","has-post-thumbnail","category-sociedad"],"acf":{"antetitulo":""},"yoast_head":"<!-- This site is optimized with the Yoast SEO plugin v28.3 - https:\/\/yoast.com\/product\/yoast-seo-wordpress\/ -->\n<title>Denuncia contra activistas se sustenta en fotograf\u00edas - El Diario - Bolivia<\/title>\n<meta name=\"robots\" content=\"index, follow, max-snippet:-1, max-image-preview:large, max-video-preview:-1\" \/>\n<link rel=\"canonical\" href=\"https:\/\/www.eldiario.net\/portal\/2021\/06\/05\/denuncia-contra-activistas-se-sustenta-en-fotografias\/\" \/>\n<meta property=\"og:locale\" content=\"es_ES\" \/>\n<meta property=\"og:type\" content=\"article\" \/>\n<meta property=\"og:title\" content=\"Denuncia contra activistas se sustenta en fotograf\u00edas - El Diario - Bolivia\" \/>\n<meta property=\"og:description\" content=\"Despu\u00e9s de presentarse a declarar ante la Fiscal\u00eda por una denuncia de la Defensor\u00eda del Pueblo, las activistas de Derechos Humanos (DDHH) Guadalupe C\u00e1rdenas y Paola Barriga, en contacto con EL DIARIO, lamentaron que la misma se sustente en fotograf\u00edas que no tienen relaci\u00f3n con el hecho de supuesta agresi\u00f3n a la instituci\u00f3n del Estado. [&hellip;]\" \/>\n<meta property=\"og:url\" content=\"https:\/\/www.eldiario.net\/portal\/2021\/06\/05\/denuncia-contra-activistas-se-sustenta-en-fotografias\/\" \/>\n<meta property=\"og:site_name\" content=\"El Diario - Bolivia\" \/>\n<meta property=\"article:publisher\" content=\"https:\/\/www.facebook.com\/eldiario.bolivia\/\" \/>\n<meta property=\"article:published_time\" content=\"2021-06-05T09:16:44+00:00\" \/>\n<meta name=\"author\" content=\"Jeanette\" \/>\n<meta name=\"twitter:card\" content=\"summary_large_image\" \/>\n<meta name=\"twitter:creator\" content=\"@eldiario_net\" \/>\n<meta name=\"twitter:site\" content=\"@eldiario_net\" \/>\n<meta name=\"twitter:label1\" content=\"Escrito por\" \/>\n\t<meta name=\"twitter:data1\" content=\"Jeanette\" \/>\n\t<meta name=\"twitter:label2\" content=\"Tiempo de lectura\" \/>\n\t<meta name=\"twitter:data2\" content=\"4 minutos\" \/>\n<script type=\"application\/ld+json\" class=\"yoast-schema-graph\">{\"@context\":\"https:\\\/\\\/schema.org\",\"@graph\":[{\"@type\":\"Article\",\"@id\":\"https:\\\/\\\/www.eldiario.net\\\/portal\\\/2021\\\/06\\\/05\\\/denuncia-contra-activistas-se-sustenta-en-fotografias\\\/#article\",\"isPartOf\":{\"@id\":\"https:\\\/\\\/www.eldiario.net\\\/portal\\\/2021\\\/06\\\/05\\\/denuncia-contra-activistas-se-sustenta-en-fotografias\\\/\"},\"author\":{\"name\":\"Jeanette\",\"@id\":\"https:\\\/\\\/www.eldiario.net\\\/portal\\\/#\\\/schema\\\/person\\\/f46445640444750d7d753ccd04ae01b7\"},\"headline\":\"Denuncia contra activistas se sustenta en fotograf\u00edas\",\"datePublished\":\"2021-06-05T09:16:44+00:00\",\"mainEntityOfPage\":{\"@id\":\"https:\\\/\\\/www.eldiario.net\\\/portal\\\/2021\\\/06\\\/05\\\/denuncia-contra-activistas-se-sustenta-en-fotografias\\\/\"},\"wordCount\":841,\"publisher\":{\"@id\":\"https:\\\/\\\/www.eldiario.net\\\/portal\\\/#organization\"},\"image\":{\"@id\":\"https:\\\/\\\/www.eldiario.net\\\/portal\\\/2021\\\/06\\\/05\\\/denuncia-contra-activistas-se-sustenta-en-fotografias\\\/#primaryimage\"},\"thumbnailUrl\":\"\",\"articleSection\":[\"Sociedad - Seguridad\"],\"inLanguage\":\"es\"},{\"@type\":\"WebPage\",\"@id\":\"https:\\\/\\\/www.eldiario.net\\\/portal\\\/2021\\\/06\\\/05\\\/denuncia-contra-activistas-se-sustenta-en-fotografias\\\/\",\"url\":\"https:\\\/\\\/www.eldiario.net\\\/portal\\\/2021\\\/06\\\/05\\\/denuncia-contra-activistas-se-sustenta-en-fotografias\\\/\",\"name\":\"Denuncia contra activistas se sustenta en fotograf\u00edas - El Diario - Bolivia\",\"isPartOf\":{\"@id\":\"https:\\\/\\\/www.eldiario.net\\\/portal\\\/#website\"},\"primaryImageOfPage\":{\"@id\":\"https:\\\/\\\/www.eldiario.net\\\/portal\\\/2021\\\/06\\\/05\\\/denuncia-contra-activistas-se-sustenta-en-fotografias\\\/#primaryimage\"},\"image\":{\"@id\":\"https:\\\/\\\/www.eldiario.net\\\/portal\\\/2021\\\/06\\\/05\\\/denuncia-contra-activistas-se-sustenta-en-fotografias\\\/#primaryimage\"},\"thumbnailUrl\":\"\",\"datePublished\":\"2021-06-05T09:16:44+00:00\",\"breadcrumb\":{\"@id\":\"https:\\\/\\\/www.eldiario.net\\\/portal\\\/2021\\\/06\\\/05\\\/denuncia-contra-activistas-se-sustenta-en-fotografias\\\/#breadcrumb\"},\"inLanguage\":\"es\",\"potentialAction\":[{\"@type\":\"ReadAction\",\"target\":[\"https:\\\/\\\/www.eldiario.net\\\/portal\\\/2021\\\/06\\\/05\\\/denuncia-contra-activistas-se-sustenta-en-fotografias\\\/\"]}]},{\"@type\":\"ImageObject\",\"inLanguage\":\"es\",\"@id\":\"https:\\\/\\\/www.eldiario.net\\\/portal\\\/2021\\\/06\\\/05\\\/denuncia-contra-activistas-se-sustenta-en-fotografias\\\/#primaryimage\",\"url\":\"\",\"contentUrl\":\"\"},{\"@type\":\"BreadcrumbList\",\"@id\":\"https:\\\/\\\/www.eldiario.net\\\/portal\\\/2021\\\/06\\\/05\\\/denuncia-contra-activistas-se-sustenta-en-fotografias\\\/#breadcrumb\",\"itemListElement\":[{\"@type\":\"ListItem\",\"position\":1,\"name\":\"Portada\",\"item\":\"https:\\\/\\\/www.eldiario.net\\\/portal\\\/\"},{\"@type\":\"ListItem\",\"position\":2,\"name\":\"Denuncia contra activistas se sustenta en fotograf\u00edas\"}]},{\"@type\":\"WebSite\",\"@id\":\"https:\\\/\\\/www.eldiario.net\\\/portal\\\/#website\",\"url\":\"https:\\\/\\\/www.eldiario.net\\\/portal\\\/\",\"name\":\"El Diario - Decano de la prensa nacional\",\"description\":\"El Diario - Decano de la prensa nacional\",\"publisher\":{\"@id\":\"https:\\\/\\\/www.eldiario.net\\\/portal\\\/#organization\"},\"potentialAction\":[{\"@type\":\"SearchAction\",\"target\":{\"@type\":\"EntryPoint\",\"urlTemplate\":\"https:\\\/\\\/www.eldiario.net\\\/portal\\\/?s={search_term_string}\"},\"query-input\":{\"@type\":\"PropertyValueSpecification\",\"valueRequired\":true,\"valueName\":\"search_term_string\"}}],\"inLanguage\":\"es\"},{\"@type\":\"Organization\",\"@id\":\"https:\\\/\\\/www.eldiario.net\\\/portal\\\/#organization\",\"name\":\"El Diario - Decano de la prensa nacional\",\"url\":\"https:\\\/\\\/www.eldiario.net\\\/portal\\\/\",\"logo\":{\"@type\":\"ImageObject\",\"inLanguage\":\"es\",\"@id\":\"https:\\\/\\\/www.eldiario.net\\\/portal\\\/#\\\/schema\\\/logo\\\/image\\\/\",\"url\":\"https:\\\/\\\/www.eldiario.net\\\/portal\\\/wp-content\\\/uploads\\\/2023\\\/07\\\/logo_ED.jpg\",\"contentUrl\":\"https:\\\/\\\/www.eldiario.net\\\/portal\\\/wp-content\\\/uploads\\\/2023\\\/07\\\/logo_ED.jpg\",\"width\":272,\"height\":52,\"caption\":\"El Diario - Decano de la prensa nacional\"},\"image\":{\"@id\":\"https:\\\/\\\/www.eldiario.net\\\/portal\\\/#\\\/schema\\\/logo\\\/image\\\/\"},\"sameAs\":[\"https:\\\/\\\/www.facebook.com\\\/eldiario.bolivia\\\/\",\"https:\\\/\\\/x.com\\\/eldiario_net\"]},{\"@type\":\"Person\",\"@id\":\"https:\\\/\\\/www.eldiario.net\\\/portal\\\/#\\\/schema\\\/person\\\/f46445640444750d7d753ccd04ae01b7\",\"name\":\"Jeanette\",\"image\":{\"@type\":\"ImageObject\",\"inLanguage\":\"es\",\"@id\":\"https:\\\/\\\/secure.gravatar.com\\\/avatar\\\/3ea2118a5f7dad2b7138b1187a6b7ee55f160b9968b66013c3a3ef39dd7e5798?s=96&d=mm&r=g\",\"url\":\"https:\\\/\\\/secure.gravatar.com\\\/avatar\\\/3ea2118a5f7dad2b7138b1187a6b7ee55f160b9968b66013c3a3ef39dd7e5798?s=96&d=mm&r=g\",\"contentUrl\":\"https:\\\/\\\/secure.gravatar.com\\\/avatar\\\/3ea2118a5f7dad2b7138b1187a6b7ee55f160b9968b66013c3a3ef39dd7e5798?s=96&d=mm&r=g\",\"caption\":\"Jeanette\"},\"sameAs\":[\"https:\\\/\\\/www.eldiario.net\\\/portal\"],\"url\":\"https:\\\/\\\/www.eldiario.net\\\/portal\\\/author\\\/jeanette\\\/\"}]}<\/script>\n<!-- \/ Yoast SEO plugin. -->","yoast_head_json":{"title":"Denuncia contra activistas se sustenta en fotograf\u00edas - El Diario - Bolivia","robots":{"index":"index","follow":"follow","max-snippet":"max-snippet:-1","max-image-preview":"max-image-preview:large","max-video-preview":"max-video-preview:-1"},"canonical":"https:\/\/www.eldiario.net\/portal\/2021\/06\/05\/denuncia-contra-activistas-se-sustenta-en-fotografias\/","og_locale":"es_ES","og_type":"article","og_title":"Denuncia contra activistas se sustenta en fotograf\u00edas - El Diario - Bolivia","og_description":"Despu\u00e9s de presentarse a declarar ante la Fiscal\u00eda por una denuncia de la Defensor\u00eda del Pueblo, las activistas de Derechos Humanos (DDHH) Guadalupe C\u00e1rdenas y Paola Barriga, en contacto con EL DIARIO, lamentaron que la misma se sustente en fotograf\u00edas que no tienen relaci\u00f3n con el hecho de supuesta agresi\u00f3n a la instituci\u00f3n del Estado. [&hellip;]","og_url":"https:\/\/www.eldiario.net\/portal\/2021\/06\/05\/denuncia-contra-activistas-se-sustenta-en-fotografias\/","og_site_name":"El Diario - Bolivia","article_publisher":"https:\/\/www.facebook.com\/eldiario.bolivia\/","article_published_time":"2021-06-05T09:16:44+00:00","author":"Jeanette","twitter_card":"summary_large_image","twitter_creator":"@eldiario_net","twitter_site":"@eldiario_net","twitter_misc":{"Escrito por":"Jeanette","Tiempo de lectura":"4 minutos"},"schema":{"@context":"https:\/\/schema.org","@graph":[{"@type":"Article","@id":"https:\/\/www.eldiario.net\/portal\/2021\/06\/05\/denuncia-contra-activistas-se-sustenta-en-fotografias\/#article","isPartOf":{"@id":"https:\/\/www.eldiario.net\/portal\/2021\/06\/05\/denuncia-contra-activistas-se-sustenta-en-fotografias\/"},"author":{"name":"Jeanette","@id":"https:\/\/www.eldiario.net\/portal\/#\/schema\/person\/f46445640444750d7d753ccd04ae01b7"},"headline":"Denuncia contra activistas se sustenta en fotograf\u00edas","datePublished":"2021-06-05T09:16:44+00:00","mainEntityOfPage":{"@id":"https:\/\/www.eldiario.net\/portal\/2021\/06\/05\/denuncia-contra-activistas-se-sustenta-en-fotografias\/"},"wordCount":841,"publisher":{"@id":"https:\/\/www.eldiario.net\/portal\/#organization"},"image":{"@id":"https:\/\/www.eldiario.net\/portal\/2021\/06\/05\/denuncia-contra-activistas-se-sustenta-en-fotografias\/#primaryimage"},"thumbnailUrl":"","articleSection":["Sociedad - Seguridad"],"inLanguage":"es"},{"@type":"WebPage","@id":"https:\/\/www.eldiario.net\/portal\/2021\/06\/05\/denuncia-contra-activistas-se-sustenta-en-fotografias\/","url":"https:\/\/www.eldiario.net\/portal\/2021\/06\/05\/denuncia-contra-activistas-se-sustenta-en-fotografias\/","name":"Denuncia contra activistas se sustenta en fotograf\u00edas - El Diario - Bolivia","isPartOf":{"@id":"https:\/\/www.eldiario.net\/portal\/#website"},"primaryImageOfPage":{"@id":"https:\/\/www.eldiario.net\/portal\/2021\/06\/05\/denuncia-contra-activistas-se-sustenta-en-fotografias\/#primaryimage"},"image":{"@id":"https:\/\/www.eldiario.net\/portal\/2021\/06\/05\/denuncia-contra-activistas-se-sustenta-en-fotografias\/#primaryimage"},"thumbnailUrl":"","datePublished":"2021-06-05T09:16:44+00:00","breadcrumb":{"@id":"https:\/\/www.eldiario.net\/portal\/2021\/06\/05\/denuncia-contra-activistas-se-sustenta-en-fotografias\/#breadcrumb"},"inLanguage":"es","potentialAction":[{"@type":"ReadAction","target":["https:\/\/www.eldiario.net\/portal\/2021\/06\/05\/denuncia-contra-activistas-se-sustenta-en-fotografias\/"]}]},{"@type":"ImageObject","inLanguage":"es","@id":"https:\/\/www.eldiario.net\/portal\/2021\/06\/05\/denuncia-contra-activistas-se-sustenta-en-fotografias\/#primaryimage","url":"","contentUrl":""},{"@type":"BreadcrumbList","@id":"https:\/\/www.eldiario.net\/portal\/2021\/06\/05\/denuncia-contra-activistas-se-sustenta-en-fotografias\/#breadcrumb","itemListElement":[{"@type":"ListItem","position":1,"name":"Portada","item":"https:\/\/www.eldiario.net\/portal\/"},{"@type":"ListItem","position":2,"name":"Denuncia contra activistas se sustenta en fotograf\u00edas"}]},{"@type":"WebSite","@id":"https:\/\/www.eldiario.net\/portal\/#website","url":"https:\/\/www.eldiario.net\/portal\/","name":"El Diario - Decano de la prensa nacional","description":"El Diario - Decano de la prensa nacional","publisher":{"@id":"https:\/\/www.eldiario.net\/portal\/#organization"},"potentialAction":[{"@type":"SearchAction","target":{"@type":"EntryPoint","urlTemplate":"https:\/\/www.eldiario.net\/portal\/?s={search_term_string}"},"query-input":{"@type":"PropertyValueSpecification","valueRequired":true,"valueName":"search_term_string"}}],"inLanguage":"es"},{"@type":"Organization","@id":"https:\/\/www.eldiario.net\/portal\/#organization","name":"El Diario - Decano de la prensa nacional","url":"https:\/\/www.eldiario.net\/portal\/","logo":{"@type":"ImageObject","inLanguage":"es","@id":"https:\/\/www.eldiario.net\/portal\/#\/schema\/logo\/image\/","url":"https:\/\/www.eldiario.net\/portal\/wp-content\/uploads\/2023\/07\/logo_ED.jpg","contentUrl":"https:\/\/www.eldiario.net\/portal\/wp-content\/uploads\/2023\/07\/logo_ED.jpg","width":272,"height":52,"caption":"El Diario - Decano de la prensa nacional"},"image":{"@id":"https:\/\/www.eldiario.net\/portal\/#\/schema\/logo\/image\/"},"sameAs":["https:\/\/www.facebook.com\/eldiario.bolivia\/","https:\/\/x.com\/eldiario_net"]},{"@type":"Person","@id":"https:\/\/www.eldiario.net\/portal\/#\/schema\/person\/f46445640444750d7d753ccd04ae01b7","name":"Jeanette","image":{"@type":"ImageObject","inLanguage":"es","@id":"https:\/\/secure.gravatar.com\/avatar\/3ea2118a5f7dad2b7138b1187a6b7ee55f160b9968b66013c3a3ef39dd7e5798?s=96&d=mm&r=g","url":"https:\/\/secure.gravatar.com\/avatar\/3ea2118a5f7dad2b7138b1187a6b7ee55f160b9968b66013c3a3ef39dd7e5798?s=96&d=mm&r=g","contentUrl":"https:\/\/secure.gravatar.com\/avatar\/3ea2118a5f7dad2b7138b1187a6b7ee55f160b9968b66013c3a3ef39dd7e5798?s=96&d=mm&r=g","caption":"Jeanette"},"sameAs":["https:\/\/www.eldiario.net\/portal"],"url":"https:\/\/www.eldiario.net\/portal\/author\/jeanette\/"}]}},"_links":{"self":[{"href":"https:\/\/www.eldiario.net\/portal\/wp-json\/wp\/v2\/posts\/8472","targetHints":{"allow":["GET"]}}],"collection":[{"href":"https:\/\/www.eldiario.net\/portal\/wp-json\/wp\/v2\/posts"}],"about":[{"href":"https:\/\/www.eldiario.net\/portal\/wp-json\/wp\/v2\/types\/post"}],"author":[{"embeddable":true,"href":"https:\/\/www.eldiario.net\/portal\/wp-json\/wp\/v2\/users\/1"}],"replies":[{"embeddable":true,"href":"https:\/\/www.eldiario.net\/portal\/wp-json\/wp\/v2\/comments?post=8472"}],"version-history":[{"count":0,"href":"https:\/\/www.eldiario.net\/portal\/wp-json\/wp\/v2\/posts\/8472\/revisions"}],"wp:attachment":[{"href":"https:\/\/www.eldiario.net\/portal\/wp-json\/wp\/v2\/media?parent=8472"}],"wp:term":[{"taxonomy":"category","embeddable":true,"href":"https:\/\/www.eldiario.net\/portal\/wp-json\/wp\/v2\/categories?post=8472"},{"taxonomy":"post_tag","embeddable":true,"href":"https:\/\/www.eldiario.net\/portal\/wp-json\/wp\/v2\/tags?post=8472"}],"curies":[{"name":"wp","href":"https:\/\/api.w.org\/{rel}","templated":true}]}}