{"id":8469,"date":"2021-06-05T05:13:36","date_gmt":"2021-06-05T09:13:36","guid":{"rendered":"https:\/\/www.eldiario.net\/portal\/?p=8469"},"modified":"2021-06-05T05:13:36","modified_gmt":"2021-06-05T09:13:36","slug":"justicia-remitio-exhorto-suplicatorio-para-extradicion-de-arturo-murillo","status":"publish","type":"post","link":"https:\/\/www.eldiario.net\/portal\/2021\/06\/05\/justicia-remitio-exhorto-suplicatorio-para-extradicion-de-arturo-murillo\/","title":{"rendered":"Justicia remiti\u00f3 exhorto suplicatorio  para extradici\u00f3n de Arturo Murillo"},"content":{"rendered":"<p>El presidente del Tribunal Departamental de Justicia (TDJ) de La Paz, Jorge Quino, inform\u00f3 ayer que se remiti\u00f3 un exhorto suplicatorio a la Canciller\u00eda, para tramitar la extradici\u00f3n del exministro Arturo Murillo, imputado en el caso gases lacrim\u00f3genos que lo involucra, quien est\u00e1 detenido en Estados Unidos.<br \/>\n\u201cTengo entendido que la Fiscal\u00eda ha hecho una solicitud al juzgado de la doctora Claudia Castro y tambi\u00e9n tengo conocimiento de que la citada autoridad ha remitido el exhorto suplicatorio a la Canciller\u00eda en fecha 2 de junio\u201d, precis\u00f3.<br \/>\nQuino aclar\u00f3 que el recurso legal es referido al proceso penal que sigue el Ministerio P\u00fablico contra Arturo Murillo, Luis Fernando L\u00f3pez y otros implicados en el caso gases lacrim\u00f3genos.<br \/>\nMurillo est\u00e1 detenido en Estados Unidos, acusado por lavado de dinero y formar parte de un esquema de sobornos.<br \/>\nEl caso hab\u00eda sido denunciado en el mes de junio del a\u00f1o pasado, sin embargo, fueron las instituciones estadounidenses que tras movimientos bancarios sospechosos iniciaron las indagaciones, hasta que en pasados d\u00edas procedieron con detenciones en ese pa\u00eds, el caso repercuti\u00f3 en Bolivia.<\/p>\n","protected":false},"excerpt":{"rendered":"<p>El presidente del Tribunal Departamental de Justicia (TDJ) de La Paz, Jorge Quino, inform\u00f3 ayer que se remiti\u00f3 un exhorto suplicatorio a la Canciller\u00eda, para tramitar la extradici\u00f3n del exministro Arturo Murillo, imputado en el caso gases lacrim\u00f3genos que lo involucra, quien est\u00e1 detenido en Estados Unidos. \u201cTengo entendido que la Fiscal\u00eda ha hecho una [&hellip;]<\/p>\n","protected":false},"author":1,"featured_media":8470,"comment_status":"closed","ping_status":"closed","sticky":false,"template":"","format":"standard","meta":{"_acf_changed":false,"footnotes":""},"categories":[39],"tags":[],"class_list":["post-8469","post","type-post","status-publish","format-standard","has-post-thumbnail","category-sociedad"],"acf":{"antetitulo":""},"yoast_head":"<!-- This site is optimized with the Yoast SEO plugin v28.3 - https:\/\/yoast.com\/product\/yoast-seo-wordpress\/ -->\n<title>Justicia remiti\u00f3 exhorto suplicatorio para extradici\u00f3n de Arturo Murillo - El Diario - Bolivia<\/title>\n<meta name=\"robots\" content=\"index, follow, max-snippet:-1, max-image-preview:large, max-video-preview:-1\" \/>\n<link rel=\"canonical\" href=\"https:\/\/www.eldiario.net\/portal\/2021\/06\/05\/justicia-remitio-exhorto-suplicatorio-para-extradicion-de-arturo-murillo\/\" \/>\n<meta property=\"og:locale\" content=\"es_ES\" \/>\n<meta property=\"og:type\" content=\"article\" \/>\n<meta property=\"og:title\" content=\"Justicia remiti\u00f3 exhorto suplicatorio para extradici\u00f3n de Arturo Murillo - El Diario - Bolivia\" \/>\n<meta property=\"og:description\" content=\"El presidente del Tribunal Departamental de Justicia (TDJ) de La Paz, Jorge Quino, inform\u00f3 ayer que se remiti\u00f3 un exhorto suplicatorio a la Canciller\u00eda, para tramitar la extradici\u00f3n del exministro Arturo Murillo, imputado en el caso gases lacrim\u00f3genos que lo involucra, quien est\u00e1 detenido en Estados Unidos. \u201cTengo entendido que la Fiscal\u00eda ha hecho una [&hellip;]\" \/>\n<meta property=\"og:url\" content=\"https:\/\/www.eldiario.net\/portal\/2021\/06\/05\/justicia-remitio-exhorto-suplicatorio-para-extradicion-de-arturo-murillo\/\" \/>\n<meta property=\"og:site_name\" content=\"El Diario - Bolivia\" \/>\n<meta property=\"article:publisher\" content=\"https:\/\/www.facebook.com\/eldiario.bolivia\/\" \/>\n<meta property=\"article:published_time\" content=\"2021-06-05T09:13:36+00:00\" \/>\n<meta name=\"author\" content=\"Jeanette\" \/>\n<meta name=\"twitter:card\" content=\"summary_large_image\" \/>\n<meta name=\"twitter:creator\" content=\"@eldiario_net\" \/>\n<meta name=\"twitter:site\" content=\"@eldiario_net\" \/>\n<meta name=\"twitter:label1\" content=\"Escrito por\" \/>\n\t<meta name=\"twitter:data1\" content=\"Jeanette\" \/>\n\t<meta name=\"twitter:label2\" content=\"Tiempo de lectura\" \/>\n\t<meta name=\"twitter:data2\" content=\"1 minuto\" \/>\n<script type=\"application\/ld+json\" class=\"yoast-schema-graph\">{\"@context\":\"https:\\\/\\\/schema.org\",\"@graph\":[{\"@type\":\"Article\",\"@id\":\"https:\\\/\\\/www.eldiario.net\\\/portal\\\/2021\\\/06\\\/05\\\/justicia-remitio-exhorto-suplicatorio-para-extradicion-de-arturo-murillo\\\/#article\",\"isPartOf\":{\"@id\":\"https:\\\/\\\/www.eldiario.net\\\/portal\\\/2021\\\/06\\\/05\\\/justicia-remitio-exhorto-suplicatorio-para-extradicion-de-arturo-murillo\\\/\"},\"author\":{\"name\":\"Jeanette\",\"@id\":\"https:\\\/\\\/www.eldiario.net\\\/portal\\\/#\\\/schema\\\/person\\\/f46445640444750d7d753ccd04ae01b7\"},\"headline\":\"Justicia remiti\u00f3 exhorto suplicatorio para extradici\u00f3n de Arturo Murillo\",\"datePublished\":\"2021-06-05T09:13:36+00:00\",\"mainEntityOfPage\":{\"@id\":\"https:\\\/\\\/www.eldiario.net\\\/portal\\\/2021\\\/06\\\/05\\\/justicia-remitio-exhorto-suplicatorio-para-extradicion-de-arturo-murillo\\\/\"},\"wordCount\":200,\"publisher\":{\"@id\":\"https:\\\/\\\/www.eldiario.net\\\/portal\\\/#organization\"},\"image\":{\"@id\":\"https:\\\/\\\/www.eldiario.net\\\/portal\\\/2021\\\/06\\\/05\\\/justicia-remitio-exhorto-suplicatorio-para-extradicion-de-arturo-murillo\\\/#primaryimage\"},\"thumbnailUrl\":\"\",\"articleSection\":[\"Sociedad - Seguridad\"],\"inLanguage\":\"es\"},{\"@type\":\"WebPage\",\"@id\":\"https:\\\/\\\/www.eldiario.net\\\/portal\\\/2021\\\/06\\\/05\\\/justicia-remitio-exhorto-suplicatorio-para-extradicion-de-arturo-murillo\\\/\",\"url\":\"https:\\\/\\\/www.eldiario.net\\\/portal\\\/2021\\\/06\\\/05\\\/justicia-remitio-exhorto-suplicatorio-para-extradicion-de-arturo-murillo\\\/\",\"name\":\"Justicia remiti\u00f3 exhorto suplicatorio para extradici\u00f3n de Arturo Murillo - El Diario - Bolivia\",\"isPartOf\":{\"@id\":\"https:\\\/\\\/www.eldiario.net\\\/portal\\\/#website\"},\"primaryImageOfPage\":{\"@id\":\"https:\\\/\\\/www.eldiario.net\\\/portal\\\/2021\\\/06\\\/05\\\/justicia-remitio-exhorto-suplicatorio-para-extradicion-de-arturo-murillo\\\/#primaryimage\"},\"image\":{\"@id\":\"https:\\\/\\\/www.eldiario.net\\\/portal\\\/2021\\\/06\\\/05\\\/justicia-remitio-exhorto-suplicatorio-para-extradicion-de-arturo-murillo\\\/#primaryimage\"},\"thumbnailUrl\":\"\",\"datePublished\":\"2021-06-05T09:13:36+00:00\",\"breadcrumb\":{\"@id\":\"https:\\\/\\\/www.eldiario.net\\\/portal\\\/2021\\\/06\\\/05\\\/justicia-remitio-exhorto-suplicatorio-para-extradicion-de-arturo-murillo\\\/#breadcrumb\"},\"inLanguage\":\"es\",\"potentialAction\":[{\"@type\":\"ReadAction\",\"target\":[\"https:\\\/\\\/www.eldiario.net\\\/portal\\\/2021\\\/06\\\/05\\\/justicia-remitio-exhorto-suplicatorio-para-extradicion-de-arturo-murillo\\\/\"]}]},{\"@type\":\"ImageObject\",\"inLanguage\":\"es\",\"@id\":\"https:\\\/\\\/www.eldiario.net\\\/portal\\\/2021\\\/06\\\/05\\\/justicia-remitio-exhorto-suplicatorio-para-extradicion-de-arturo-murillo\\\/#primaryimage\",\"url\":\"\",\"contentUrl\":\"\"},{\"@type\":\"BreadcrumbList\",\"@id\":\"https:\\\/\\\/www.eldiario.net\\\/portal\\\/2021\\\/06\\\/05\\\/justicia-remitio-exhorto-suplicatorio-para-extradicion-de-arturo-murillo\\\/#breadcrumb\",\"itemListElement\":[{\"@type\":\"ListItem\",\"position\":1,\"name\":\"Portada\",\"item\":\"https:\\\/\\\/www.eldiario.net\\\/portal\\\/\"},{\"@type\":\"ListItem\",\"position\":2,\"name\":\"Justicia remiti\u00f3 exhorto suplicatorio para extradici\u00f3n de Arturo Murillo\"}]},{\"@type\":\"WebSite\",\"@id\":\"https:\\\/\\\/www.eldiario.net\\\/portal\\\/#website\",\"url\":\"https:\\\/\\\/www.eldiario.net\\\/portal\\\/\",\"name\":\"El Diario - Decano de la prensa nacional\",\"description\":\"El Diario - Decano de la prensa nacional\",\"publisher\":{\"@id\":\"https:\\\/\\\/www.eldiario.net\\\/portal\\\/#organization\"},\"potentialAction\":[{\"@type\":\"SearchAction\",\"target\":{\"@type\":\"EntryPoint\",\"urlTemplate\":\"https:\\\/\\\/www.eldiario.net\\\/portal\\\/?s={search_term_string}\"},\"query-input\":{\"@type\":\"PropertyValueSpecification\",\"valueRequired\":true,\"valueName\":\"search_term_string\"}}],\"inLanguage\":\"es\"},{\"@type\":\"Organization\",\"@id\":\"https:\\\/\\\/www.eldiario.net\\\/portal\\\/#organization\",\"name\":\"El Diario - Decano de la prensa nacional\",\"url\":\"https:\\\/\\\/www.eldiario.net\\\/portal\\\/\",\"logo\":{\"@type\":\"ImageObject\",\"inLanguage\":\"es\",\"@id\":\"https:\\\/\\\/www.eldiario.net\\\/portal\\\/#\\\/schema\\\/logo\\\/image\\\/\",\"url\":\"https:\\\/\\\/www.eldiario.net\\\/portal\\\/wp-content\\\/uploads\\\/2023\\\/07\\\/logo_ED.jpg\",\"contentUrl\":\"https:\\\/\\\/www.eldiario.net\\\/portal\\\/wp-content\\\/uploads\\\/2023\\\/07\\\/logo_ED.jpg\",\"width\":272,\"height\":52,\"caption\":\"El Diario - Decano de la prensa nacional\"},\"image\":{\"@id\":\"https:\\\/\\\/www.eldiario.net\\\/portal\\\/#\\\/schema\\\/logo\\\/image\\\/\"},\"sameAs\":[\"https:\\\/\\\/www.facebook.com\\\/eldiario.bolivia\\\/\",\"https:\\\/\\\/x.com\\\/eldiario_net\"]},{\"@type\":\"Person\",\"@id\":\"https:\\\/\\\/www.eldiario.net\\\/portal\\\/#\\\/schema\\\/person\\\/f46445640444750d7d753ccd04ae01b7\",\"name\":\"Jeanette\",\"image\":{\"@type\":\"ImageObject\",\"inLanguage\":\"es\",\"@id\":\"https:\\\/\\\/secure.gravatar.com\\\/avatar\\\/3ea2118a5f7dad2b7138b1187a6b7ee55f160b9968b66013c3a3ef39dd7e5798?s=96&d=mm&r=g\",\"url\":\"https:\\\/\\\/secure.gravatar.com\\\/avatar\\\/3ea2118a5f7dad2b7138b1187a6b7ee55f160b9968b66013c3a3ef39dd7e5798?s=96&d=mm&r=g\",\"contentUrl\":\"https:\\\/\\\/secure.gravatar.com\\\/avatar\\\/3ea2118a5f7dad2b7138b1187a6b7ee55f160b9968b66013c3a3ef39dd7e5798?s=96&d=mm&r=g\",\"caption\":\"Jeanette\"},\"sameAs\":[\"https:\\\/\\\/www.eldiario.net\\\/portal\"],\"url\":\"https:\\\/\\\/www.eldiario.net\\\/portal\\\/author\\\/jeanette\\\/\"}]}<\/script>\n<!-- \/ Yoast SEO plugin. -->","yoast_head_json":{"title":"Justicia remiti\u00f3 exhorto suplicatorio para extradici\u00f3n de Arturo Murillo - El Diario - Bolivia","robots":{"index":"index","follow":"follow","max-snippet":"max-snippet:-1","max-image-preview":"max-image-preview:large","max-video-preview":"max-video-preview:-1"},"canonical":"https:\/\/www.eldiario.net\/portal\/2021\/06\/05\/justicia-remitio-exhorto-suplicatorio-para-extradicion-de-arturo-murillo\/","og_locale":"es_ES","og_type":"article","og_title":"Justicia remiti\u00f3 exhorto suplicatorio para extradici\u00f3n de Arturo Murillo - El Diario - Bolivia","og_description":"El presidente del Tribunal Departamental de Justicia (TDJ) de La Paz, Jorge Quino, inform\u00f3 ayer que se remiti\u00f3 un exhorto suplicatorio a la Canciller\u00eda, para tramitar la extradici\u00f3n del exministro Arturo Murillo, imputado en el caso gases lacrim\u00f3genos que lo involucra, quien est\u00e1 detenido en Estados Unidos. \u201cTengo entendido que la Fiscal\u00eda ha hecho una [&hellip;]","og_url":"https:\/\/www.eldiario.net\/portal\/2021\/06\/05\/justicia-remitio-exhorto-suplicatorio-para-extradicion-de-arturo-murillo\/","og_site_name":"El Diario - Bolivia","article_publisher":"https:\/\/www.facebook.com\/eldiario.bolivia\/","article_published_time":"2021-06-05T09:13:36+00:00","author":"Jeanette","twitter_card":"summary_large_image","twitter_creator":"@eldiario_net","twitter_site":"@eldiario_net","twitter_misc":{"Escrito por":"Jeanette","Tiempo de lectura":"1 minuto"},"schema":{"@context":"https:\/\/schema.org","@graph":[{"@type":"Article","@id":"https:\/\/www.eldiario.net\/portal\/2021\/06\/05\/justicia-remitio-exhorto-suplicatorio-para-extradicion-de-arturo-murillo\/#article","isPartOf":{"@id":"https:\/\/www.eldiario.net\/portal\/2021\/06\/05\/justicia-remitio-exhorto-suplicatorio-para-extradicion-de-arturo-murillo\/"},"author":{"name":"Jeanette","@id":"https:\/\/www.eldiario.net\/portal\/#\/schema\/person\/f46445640444750d7d753ccd04ae01b7"},"headline":"Justicia remiti\u00f3 exhorto suplicatorio para extradici\u00f3n de Arturo Murillo","datePublished":"2021-06-05T09:13:36+00:00","mainEntityOfPage":{"@id":"https:\/\/www.eldiario.net\/portal\/2021\/06\/05\/justicia-remitio-exhorto-suplicatorio-para-extradicion-de-arturo-murillo\/"},"wordCount":200,"publisher":{"@id":"https:\/\/www.eldiario.net\/portal\/#organization"},"image":{"@id":"https:\/\/www.eldiario.net\/portal\/2021\/06\/05\/justicia-remitio-exhorto-suplicatorio-para-extradicion-de-arturo-murillo\/#primaryimage"},"thumbnailUrl":"","articleSection":["Sociedad - Seguridad"],"inLanguage":"es"},{"@type":"WebPage","@id":"https:\/\/www.eldiario.net\/portal\/2021\/06\/05\/justicia-remitio-exhorto-suplicatorio-para-extradicion-de-arturo-murillo\/","url":"https:\/\/www.eldiario.net\/portal\/2021\/06\/05\/justicia-remitio-exhorto-suplicatorio-para-extradicion-de-arturo-murillo\/","name":"Justicia remiti\u00f3 exhorto suplicatorio para extradici\u00f3n de Arturo Murillo - El Diario - Bolivia","isPartOf":{"@id":"https:\/\/www.eldiario.net\/portal\/#website"},"primaryImageOfPage":{"@id":"https:\/\/www.eldiario.net\/portal\/2021\/06\/05\/justicia-remitio-exhorto-suplicatorio-para-extradicion-de-arturo-murillo\/#primaryimage"},"image":{"@id":"https:\/\/www.eldiario.net\/portal\/2021\/06\/05\/justicia-remitio-exhorto-suplicatorio-para-extradicion-de-arturo-murillo\/#primaryimage"},"thumbnailUrl":"","datePublished":"2021-06-05T09:13:36+00:00","breadcrumb":{"@id":"https:\/\/www.eldiario.net\/portal\/2021\/06\/05\/justicia-remitio-exhorto-suplicatorio-para-extradicion-de-arturo-murillo\/#breadcrumb"},"inLanguage":"es","potentialAction":[{"@type":"ReadAction","target":["https:\/\/www.eldiario.net\/portal\/2021\/06\/05\/justicia-remitio-exhorto-suplicatorio-para-extradicion-de-arturo-murillo\/"]}]},{"@type":"ImageObject","inLanguage":"es","@id":"https:\/\/www.eldiario.net\/portal\/2021\/06\/05\/justicia-remitio-exhorto-suplicatorio-para-extradicion-de-arturo-murillo\/#primaryimage","url":"","contentUrl":""},{"@type":"BreadcrumbList","@id":"https:\/\/www.eldiario.net\/portal\/2021\/06\/05\/justicia-remitio-exhorto-suplicatorio-para-extradicion-de-arturo-murillo\/#breadcrumb","itemListElement":[{"@type":"ListItem","position":1,"name":"Portada","item":"https:\/\/www.eldiario.net\/portal\/"},{"@type":"ListItem","position":2,"name":"Justicia remiti\u00f3 exhorto suplicatorio para extradici\u00f3n de Arturo Murillo"}]},{"@type":"WebSite","@id":"https:\/\/www.eldiario.net\/portal\/#website","url":"https:\/\/www.eldiario.net\/portal\/","name":"El Diario - Decano de la prensa nacional","description":"El Diario - Decano de la prensa nacional","publisher":{"@id":"https:\/\/www.eldiario.net\/portal\/#organization"},"potentialAction":[{"@type":"SearchAction","target":{"@type":"EntryPoint","urlTemplate":"https:\/\/www.eldiario.net\/portal\/?s={search_term_string}"},"query-input":{"@type":"PropertyValueSpecification","valueRequired":true,"valueName":"search_term_string"}}],"inLanguage":"es"},{"@type":"Organization","@id":"https:\/\/www.eldiario.net\/portal\/#organization","name":"El Diario - Decano de la prensa nacional","url":"https:\/\/www.eldiario.net\/portal\/","logo":{"@type":"ImageObject","inLanguage":"es","@id":"https:\/\/www.eldiario.net\/portal\/#\/schema\/logo\/image\/","url":"https:\/\/www.eldiario.net\/portal\/wp-content\/uploads\/2023\/07\/logo_ED.jpg","contentUrl":"https:\/\/www.eldiario.net\/portal\/wp-content\/uploads\/2023\/07\/logo_ED.jpg","width":272,"height":52,"caption":"El Diario - Decano de la prensa nacional"},"image":{"@id":"https:\/\/www.eldiario.net\/portal\/#\/schema\/logo\/image\/"},"sameAs":["https:\/\/www.facebook.com\/eldiario.bolivia\/","https:\/\/x.com\/eldiario_net"]},{"@type":"Person","@id":"https:\/\/www.eldiario.net\/portal\/#\/schema\/person\/f46445640444750d7d753ccd04ae01b7","name":"Jeanette","image":{"@type":"ImageObject","inLanguage":"es","@id":"https:\/\/secure.gravatar.com\/avatar\/3ea2118a5f7dad2b7138b1187a6b7ee55f160b9968b66013c3a3ef39dd7e5798?s=96&d=mm&r=g","url":"https:\/\/secure.gravatar.com\/avatar\/3ea2118a5f7dad2b7138b1187a6b7ee55f160b9968b66013c3a3ef39dd7e5798?s=96&d=mm&r=g","contentUrl":"https:\/\/secure.gravatar.com\/avatar\/3ea2118a5f7dad2b7138b1187a6b7ee55f160b9968b66013c3a3ef39dd7e5798?s=96&d=mm&r=g","caption":"Jeanette"},"sameAs":["https:\/\/www.eldiario.net\/portal"],"url":"https:\/\/www.eldiario.net\/portal\/author\/jeanette\/"}]}},"_links":{"self":[{"href":"https:\/\/www.eldiario.net\/portal\/wp-json\/wp\/v2\/posts\/8469","targetHints":{"allow":["GET"]}}],"collection":[{"href":"https:\/\/www.eldiario.net\/portal\/wp-json\/wp\/v2\/posts"}],"about":[{"href":"https:\/\/www.eldiario.net\/portal\/wp-json\/wp\/v2\/types\/post"}],"author":[{"embeddable":true,"href":"https:\/\/www.eldiario.net\/portal\/wp-json\/wp\/v2\/users\/1"}],"replies":[{"embeddable":true,"href":"https:\/\/www.eldiario.net\/portal\/wp-json\/wp\/v2\/comments?post=8469"}],"version-history":[{"count":0,"href":"https:\/\/www.eldiario.net\/portal\/wp-json\/wp\/v2\/posts\/8469\/revisions"}],"wp:attachment":[{"href":"https:\/\/www.eldiario.net\/portal\/wp-json\/wp\/v2\/media?parent=8469"}],"wp:term":[{"taxonomy":"category","embeddable":true,"href":"https:\/\/www.eldiario.net\/portal\/wp-json\/wp\/v2\/categories?post=8469"},{"taxonomy":"post_tag","embeddable":true,"href":"https:\/\/www.eldiario.net\/portal\/wp-json\/wp\/v2\/tags?post=8469"}],"curies":[{"name":"wp","href":"https:\/\/api.w.org\/{rel}","templated":true}]}}