{"id":8466,"date":"2021-06-05T05:12:31","date_gmt":"2021-06-05T09:12:31","guid":{"rendered":"https:\/\/www.eldiario.net\/portal\/?p=8466"},"modified":"2021-06-05T05:12:31","modified_gmt":"2021-06-05T09:12:31","slug":"arias-nunca-se-firmo-un-decreto-para-que-un-ministro-se-corrompa","status":"publish","type":"post","link":"https:\/\/www.eldiario.net\/portal\/2021\/06\/05\/arias-nunca-se-firmo-un-decreto-para-que-un-ministro-se-corrompa\/","title":{"rendered":"Arias: \u201cNunca se firm\u00f3 un decreto  para que un ministro se corrompa\u201d"},"content":{"rendered":"<p>El alcalde de La Paz, Iv\u00e1n Arias, inform\u00f3 ayer que, en sus declaraciones ante la Fiscal\u00eda como testigo en el caso \u201cgases lacrim\u00f3genos\u201d, en el gabinete de la expresidenta Jeanine A\u00f1ez, del que \u00e9l fue parte como Ministro de Obras P\u00fablicas, \u201cno se aprob\u00f3 un decreto para que un exministro (Arturo Murillo) se corrompa\u201d.<br \/>\n\u201cEl gabinete (de A\u00f1ez) firm\u00f3 un decreto tras cumplir todas las formalidades, se aprob\u00f3 que compren gases lacrim\u00f3genos, seg\u00fan una ley sancionada durante el gobierno de Evo Morales. No se aprob\u00f3 un decreto para que un exministro se corrompa\u201d, reiter\u00f3 concluida su declaraci\u00f3n del entonces ministro de Obras P\u00fablicas, Servicios y Vivienda.<br \/>\nArias puntualiz\u00f3 que la compra de armamento no letal y gases lacrim\u00f3genos mediante Decreto Supremo, se efectu\u00f3 ante una situaci\u00f3n de necesidad con el respaldo de la Ley N\u00ba 400\/13 de Control de Armas de Fuego, Munici\u00f3n, Explosivos y otros Materiales Relacionados, aprobado por el gobierno de Evo Morales y que no fue la primera adquisici\u00f3n bajo esa normativa.<br \/>\nDurante el gobierno de A\u00f1ez fueron aprobados tres decretos relativos a la compra de material no letal para la fuerza p\u00fablica, el N\u00ba 4090 del 3 de diciembre de 2019 que autoriza al Ministerio de Defensa la \u201cadquisici\u00f3n excepcional de gases antidisturbios o antimot\u00edn, los otros decretos aprobados son los 4116\/2019 y el 4168\/20.<br \/>\nEl ahora alcalde de La Paz, afirm\u00f3 que mediante la investigaci\u00f3n del Bur\u00f3 Federal de Investigaciones (FBI) sigla en ingl\u00e9s, divulgada d\u00edas atr\u00e1s se est\u00e1 conociendo las presuntas irregularidades detr\u00e1s de estas compras durante la gesti\u00f3n del exministro Arturo Murillo.<br \/>\nDentro de las investigaciones que se realiza por el denominado caso \u201cgases lacrim\u00f3genos\u201d, el Ministerio P\u00fablico anunci\u00f3 que convocar\u00e1 a declarar a los 23 exministros de la gesti\u00f3n de A\u00f1ez, de los cuales Arias fue el primero en presentarse, tras ser notificado el pasado mi\u00e9rcoles.<\/p>\n<p>CUESTIONA A MURILLO<br \/>\nArias cuestion\u00f3 la actuaci\u00f3n de Murillo y de pol\u00edticos que durante a\u00f1os cometieron varios actos irregulares que da\u00f1an la democracia.<br \/>\n\u201cUno de los aspectos que m\u00e1s ha afectado a la credibilidad de la democracia es la corrupci\u00f3n, en estas circunstancias, el peso de la ley debe sancionar a cualquiera que sea encontrado culpable. Eso ha mellado el respaldo de la ciudadan\u00eda en la democracia\u201d, dijo.<br \/>\nEn criterio de Arias, la posibilidad de extraditar a Murillo debe ser evaluada tomando en cuenta que ya est\u00e1 preso en Estados Unidos, y lo conveniente es que siga el proceso y solo cuando corresponda a las instancias nacionales deber\u00e1n continuar con lo que corresponda.<br \/>\n\u201cLa l\u00f3gica de \u2018yo le meto nom\u00e1s\u2019 tambi\u00e9n ha provocado que muchos funcionarios se sientan motivados a cometer cualquier delito, sabiendo que no va haber sanci\u00f3n y ello ha traspasado a todos los gobiernos\u201d, afirm\u00f3.<br \/>\nEn este sentido, fustig\u00f3 la actuaci\u00f3n del exministro Murillo por da\u00f1ar la democracia y el robo inclemente al erario p\u00fablico.<br \/>\n\u201cMurillo le hizo mucho da\u00f1o a la democracia y al proceso que estamos viviendo. Por tanto, la Justicia se har\u00e1 cargo, yo prestar\u00e9 mi declaraci\u00f3n\u201d, puntualiz\u00f3 al reiterar que se har\u00e1 presente siempre que sea requerido por la Fiscal\u00eda.<\/p>\n","protected":false},"excerpt":{"rendered":"<p>El alcalde de La Paz, Iv\u00e1n Arias, inform\u00f3 ayer que, en sus declaraciones ante la Fiscal\u00eda como testigo en el caso \u201cgases lacrim\u00f3genos\u201d, en el gabinete de la expresidenta Jeanine A\u00f1ez, del que \u00e9l fue parte como Ministro de Obras P\u00fablicas, \u201cno se aprob\u00f3 un decreto para que un exministro (Arturo Murillo) se corrompa\u201d. \u201cEl [&hellip;]<\/p>\n","protected":false},"author":1,"featured_media":8467,"comment_status":"closed","ping_status":"closed","sticky":false,"template":"","format":"standard","meta":{"_acf_changed":false,"footnotes":""},"categories":[39],"tags":[],"class_list":["post-8466","post","type-post","status-publish","format-standard","has-post-thumbnail","category-sociedad"],"acf":{"antetitulo":""},"yoast_head":"<!-- This site is optimized with the Yoast SEO plugin v28.3 - https:\/\/yoast.com\/product\/yoast-seo-wordpress\/ -->\n<title>Arias: \u201cNunca se firm\u00f3 un decreto para que un ministro se corrompa\u201d - El Diario - Bolivia<\/title>\n<meta name=\"robots\" content=\"index, follow, max-snippet:-1, max-image-preview:large, max-video-preview:-1\" \/>\n<link rel=\"canonical\" href=\"https:\/\/www.eldiario.net\/portal\/2021\/06\/05\/arias-nunca-se-firmo-un-decreto-para-que-un-ministro-se-corrompa\/\" \/>\n<meta property=\"og:locale\" content=\"es_ES\" \/>\n<meta property=\"og:type\" content=\"article\" \/>\n<meta property=\"og:title\" content=\"Arias: \u201cNunca se firm\u00f3 un decreto para que un ministro se corrompa\u201d - El Diario - Bolivia\" \/>\n<meta property=\"og:description\" content=\"El alcalde de La Paz, Iv\u00e1n Arias, inform\u00f3 ayer que, en sus declaraciones ante la Fiscal\u00eda como testigo en el caso \u201cgases lacrim\u00f3genos\u201d, en el gabinete de la expresidenta Jeanine A\u00f1ez, del que \u00e9l fue parte como Ministro de Obras P\u00fablicas, \u201cno se aprob\u00f3 un decreto para que un exministro (Arturo Murillo) se corrompa\u201d. \u201cEl [&hellip;]\" \/>\n<meta property=\"og:url\" content=\"https:\/\/www.eldiario.net\/portal\/2021\/06\/05\/arias-nunca-se-firmo-un-decreto-para-que-un-ministro-se-corrompa\/\" \/>\n<meta property=\"og:site_name\" content=\"El Diario - Bolivia\" \/>\n<meta property=\"article:publisher\" content=\"https:\/\/www.facebook.com\/eldiario.bolivia\/\" \/>\n<meta property=\"article:published_time\" content=\"2021-06-05T09:12:31+00:00\" \/>\n<meta property=\"og:image\" content=\"https:\/\/www.eldiario.net\/portal\/wp-content\/uploads\/2021\/06\/ARIAS-1.jpg\" \/>\n\t<meta property=\"og:image:width\" content=\"1024\" \/>\n\t<meta property=\"og:image:height\" content=\"761\" \/>\n\t<meta property=\"og:image:type\" content=\"image\/jpeg\" \/>\n<meta name=\"author\" content=\"Jeanette\" \/>\n<meta name=\"twitter:card\" content=\"summary_large_image\" \/>\n<meta name=\"twitter:creator\" content=\"@eldiario_net\" \/>\n<meta name=\"twitter:site\" content=\"@eldiario_net\" \/>\n<meta name=\"twitter:label1\" content=\"Escrito por\" \/>\n\t<meta name=\"twitter:data1\" content=\"Jeanette\" \/>\n\t<meta name=\"twitter:label2\" content=\"Tiempo de lectura\" \/>\n\t<meta name=\"twitter:data2\" content=\"3 minutos\" \/>\n<script type=\"application\/ld+json\" class=\"yoast-schema-graph\">{\"@context\":\"https:\\\/\\\/schema.org\",\"@graph\":[{\"@type\":\"Article\",\"@id\":\"https:\\\/\\\/www.eldiario.net\\\/portal\\\/2021\\\/06\\\/05\\\/arias-nunca-se-firmo-un-decreto-para-que-un-ministro-se-corrompa\\\/#article\",\"isPartOf\":{\"@id\":\"https:\\\/\\\/www.eldiario.net\\\/portal\\\/2021\\\/06\\\/05\\\/arias-nunca-se-firmo-un-decreto-para-que-un-ministro-se-corrompa\\\/\"},\"author\":{\"name\":\"Jeanette\",\"@id\":\"https:\\\/\\\/www.eldiario.net\\\/portal\\\/#\\\/schema\\\/person\\\/f46445640444750d7d753ccd04ae01b7\"},\"headline\":\"Arias: \u201cNunca se firm\u00f3 un decreto para que un ministro se corrompa\u201d\",\"datePublished\":\"2021-06-05T09:12:31+00:00\",\"mainEntityOfPage\":{\"@id\":\"https:\\\/\\\/www.eldiario.net\\\/portal\\\/2021\\\/06\\\/05\\\/arias-nunca-se-firmo-un-decreto-para-que-un-ministro-se-corrompa\\\/\"},\"wordCount\":563,\"publisher\":{\"@id\":\"https:\\\/\\\/www.eldiario.net\\\/portal\\\/#organization\"},\"image\":{\"@id\":\"https:\\\/\\\/www.eldiario.net\\\/portal\\\/2021\\\/06\\\/05\\\/arias-nunca-se-firmo-un-decreto-para-que-un-ministro-se-corrompa\\\/#primaryimage\"},\"thumbnailUrl\":\"https:\\\/\\\/www.eldiario.net\\\/portal\\\/wp-content\\\/uploads\\\/2021\\\/06\\\/ARIAS-1.jpg\",\"articleSection\":[\"Sociedad - Seguridad\"],\"inLanguage\":\"es\"},{\"@type\":\"WebPage\",\"@id\":\"https:\\\/\\\/www.eldiario.net\\\/portal\\\/2021\\\/06\\\/05\\\/arias-nunca-se-firmo-un-decreto-para-que-un-ministro-se-corrompa\\\/\",\"url\":\"https:\\\/\\\/www.eldiario.net\\\/portal\\\/2021\\\/06\\\/05\\\/arias-nunca-se-firmo-un-decreto-para-que-un-ministro-se-corrompa\\\/\",\"name\":\"Arias: \u201cNunca se firm\u00f3 un decreto para que un ministro se corrompa\u201d - El Diario - Bolivia\",\"isPartOf\":{\"@id\":\"https:\\\/\\\/www.eldiario.net\\\/portal\\\/#website\"},\"primaryImageOfPage\":{\"@id\":\"https:\\\/\\\/www.eldiario.net\\\/portal\\\/2021\\\/06\\\/05\\\/arias-nunca-se-firmo-un-decreto-para-que-un-ministro-se-corrompa\\\/#primaryimage\"},\"image\":{\"@id\":\"https:\\\/\\\/www.eldiario.net\\\/portal\\\/2021\\\/06\\\/05\\\/arias-nunca-se-firmo-un-decreto-para-que-un-ministro-se-corrompa\\\/#primaryimage\"},\"thumbnailUrl\":\"https:\\\/\\\/www.eldiario.net\\\/portal\\\/wp-content\\\/uploads\\\/2021\\\/06\\\/ARIAS-1.jpg\",\"datePublished\":\"2021-06-05T09:12:31+00:00\",\"breadcrumb\":{\"@id\":\"https:\\\/\\\/www.eldiario.net\\\/portal\\\/2021\\\/06\\\/05\\\/arias-nunca-se-firmo-un-decreto-para-que-un-ministro-se-corrompa\\\/#breadcrumb\"},\"inLanguage\":\"es\",\"potentialAction\":[{\"@type\":\"ReadAction\",\"target\":[\"https:\\\/\\\/www.eldiario.net\\\/portal\\\/2021\\\/06\\\/05\\\/arias-nunca-se-firmo-un-decreto-para-que-un-ministro-se-corrompa\\\/\"]}]},{\"@type\":\"ImageObject\",\"inLanguage\":\"es\",\"@id\":\"https:\\\/\\\/www.eldiario.net\\\/portal\\\/2021\\\/06\\\/05\\\/arias-nunca-se-firmo-un-decreto-para-que-un-ministro-se-corrompa\\\/#primaryimage\",\"url\":\"https:\\\/\\\/www.eldiario.net\\\/portal\\\/wp-content\\\/uploads\\\/2021\\\/06\\\/ARIAS-1.jpg\",\"contentUrl\":\"https:\\\/\\\/www.eldiario.net\\\/portal\\\/wp-content\\\/uploads\\\/2021\\\/06\\\/ARIAS-1.jpg\",\"width\":1024,\"height\":761},{\"@type\":\"BreadcrumbList\",\"@id\":\"https:\\\/\\\/www.eldiario.net\\\/portal\\\/2021\\\/06\\\/05\\\/arias-nunca-se-firmo-un-decreto-para-que-un-ministro-se-corrompa\\\/#breadcrumb\",\"itemListElement\":[{\"@type\":\"ListItem\",\"position\":1,\"name\":\"Portada\",\"item\":\"https:\\\/\\\/www.eldiario.net\\\/portal\\\/\"},{\"@type\":\"ListItem\",\"position\":2,\"name\":\"Arias: \u201cNunca se firm\u00f3 un decreto para que un ministro se corrompa\u201d\"}]},{\"@type\":\"WebSite\",\"@id\":\"https:\\\/\\\/www.eldiario.net\\\/portal\\\/#website\",\"url\":\"https:\\\/\\\/www.eldiario.net\\\/portal\\\/\",\"name\":\"El Diario - Decano de la prensa nacional\",\"description\":\"El Diario - Decano de la prensa nacional\",\"publisher\":{\"@id\":\"https:\\\/\\\/www.eldiario.net\\\/portal\\\/#organization\"},\"potentialAction\":[{\"@type\":\"SearchAction\",\"target\":{\"@type\":\"EntryPoint\",\"urlTemplate\":\"https:\\\/\\\/www.eldiario.net\\\/portal\\\/?s={search_term_string}\"},\"query-input\":{\"@type\":\"PropertyValueSpecification\",\"valueRequired\":true,\"valueName\":\"search_term_string\"}}],\"inLanguage\":\"es\"},{\"@type\":\"Organization\",\"@id\":\"https:\\\/\\\/www.eldiario.net\\\/portal\\\/#organization\",\"name\":\"El Diario - Decano de la prensa nacional\",\"url\":\"https:\\\/\\\/www.eldiario.net\\\/portal\\\/\",\"logo\":{\"@type\":\"ImageObject\",\"inLanguage\":\"es\",\"@id\":\"https:\\\/\\\/www.eldiario.net\\\/portal\\\/#\\\/schema\\\/logo\\\/image\\\/\",\"url\":\"https:\\\/\\\/www.eldiario.net\\\/portal\\\/wp-content\\\/uploads\\\/2023\\\/07\\\/logo_ED.jpg\",\"contentUrl\":\"https:\\\/\\\/www.eldiario.net\\\/portal\\\/wp-content\\\/uploads\\\/2023\\\/07\\\/logo_ED.jpg\",\"width\":272,\"height\":52,\"caption\":\"El Diario - Decano de la prensa nacional\"},\"image\":{\"@id\":\"https:\\\/\\\/www.eldiario.net\\\/portal\\\/#\\\/schema\\\/logo\\\/image\\\/\"},\"sameAs\":[\"https:\\\/\\\/www.facebook.com\\\/eldiario.bolivia\\\/\",\"https:\\\/\\\/x.com\\\/eldiario_net\"]},{\"@type\":\"Person\",\"@id\":\"https:\\\/\\\/www.eldiario.net\\\/portal\\\/#\\\/schema\\\/person\\\/f46445640444750d7d753ccd04ae01b7\",\"name\":\"Jeanette\",\"image\":{\"@type\":\"ImageObject\",\"inLanguage\":\"es\",\"@id\":\"https:\\\/\\\/secure.gravatar.com\\\/avatar\\\/3ea2118a5f7dad2b7138b1187a6b7ee55f160b9968b66013c3a3ef39dd7e5798?s=96&d=mm&r=g\",\"url\":\"https:\\\/\\\/secure.gravatar.com\\\/avatar\\\/3ea2118a5f7dad2b7138b1187a6b7ee55f160b9968b66013c3a3ef39dd7e5798?s=96&d=mm&r=g\",\"contentUrl\":\"https:\\\/\\\/secure.gravatar.com\\\/avatar\\\/3ea2118a5f7dad2b7138b1187a6b7ee55f160b9968b66013c3a3ef39dd7e5798?s=96&d=mm&r=g\",\"caption\":\"Jeanette\"},\"sameAs\":[\"https:\\\/\\\/www.eldiario.net\\\/portal\"],\"url\":\"https:\\\/\\\/www.eldiario.net\\\/portal\\\/author\\\/jeanette\\\/\"}]}<\/script>\n<!-- \/ Yoast SEO plugin. -->","yoast_head_json":{"title":"Arias: \u201cNunca se firm\u00f3 un decreto para que un ministro se corrompa\u201d - El Diario - Bolivia","robots":{"index":"index","follow":"follow","max-snippet":"max-snippet:-1","max-image-preview":"max-image-preview:large","max-video-preview":"max-video-preview:-1"},"canonical":"https:\/\/www.eldiario.net\/portal\/2021\/06\/05\/arias-nunca-se-firmo-un-decreto-para-que-un-ministro-se-corrompa\/","og_locale":"es_ES","og_type":"article","og_title":"Arias: \u201cNunca se firm\u00f3 un decreto para que un ministro se corrompa\u201d - El Diario - Bolivia","og_description":"El alcalde de La Paz, Iv\u00e1n Arias, inform\u00f3 ayer que, en sus declaraciones ante la Fiscal\u00eda como testigo en el caso \u201cgases lacrim\u00f3genos\u201d, en el gabinete de la expresidenta Jeanine A\u00f1ez, del que \u00e9l fue parte como Ministro de Obras P\u00fablicas, \u201cno se aprob\u00f3 un decreto para que un exministro (Arturo Murillo) se corrompa\u201d. \u201cEl [&hellip;]","og_url":"https:\/\/www.eldiario.net\/portal\/2021\/06\/05\/arias-nunca-se-firmo-un-decreto-para-que-un-ministro-se-corrompa\/","og_site_name":"El Diario - Bolivia","article_publisher":"https:\/\/www.facebook.com\/eldiario.bolivia\/","article_published_time":"2021-06-05T09:12:31+00:00","og_image":[{"width":1024,"height":761,"url":"https:\/\/www.eldiario.net\/portal\/wp-content\/uploads\/2021\/06\/ARIAS-1.jpg","type":"image\/jpeg"}],"author":"Jeanette","twitter_card":"summary_large_image","twitter_creator":"@eldiario_net","twitter_site":"@eldiario_net","twitter_misc":{"Escrito por":"Jeanette","Tiempo de lectura":"3 minutos"},"schema":{"@context":"https:\/\/schema.org","@graph":[{"@type":"Article","@id":"https:\/\/www.eldiario.net\/portal\/2021\/06\/05\/arias-nunca-se-firmo-un-decreto-para-que-un-ministro-se-corrompa\/#article","isPartOf":{"@id":"https:\/\/www.eldiario.net\/portal\/2021\/06\/05\/arias-nunca-se-firmo-un-decreto-para-que-un-ministro-se-corrompa\/"},"author":{"name":"Jeanette","@id":"https:\/\/www.eldiario.net\/portal\/#\/schema\/person\/f46445640444750d7d753ccd04ae01b7"},"headline":"Arias: \u201cNunca se firm\u00f3 un decreto para que un ministro se corrompa\u201d","datePublished":"2021-06-05T09:12:31+00:00","mainEntityOfPage":{"@id":"https:\/\/www.eldiario.net\/portal\/2021\/06\/05\/arias-nunca-se-firmo-un-decreto-para-que-un-ministro-se-corrompa\/"},"wordCount":563,"publisher":{"@id":"https:\/\/www.eldiario.net\/portal\/#organization"},"image":{"@id":"https:\/\/www.eldiario.net\/portal\/2021\/06\/05\/arias-nunca-se-firmo-un-decreto-para-que-un-ministro-se-corrompa\/#primaryimage"},"thumbnailUrl":"https:\/\/www.eldiario.net\/portal\/wp-content\/uploads\/2021\/06\/ARIAS-1.jpg","articleSection":["Sociedad - Seguridad"],"inLanguage":"es"},{"@type":"WebPage","@id":"https:\/\/www.eldiario.net\/portal\/2021\/06\/05\/arias-nunca-se-firmo-un-decreto-para-que-un-ministro-se-corrompa\/","url":"https:\/\/www.eldiario.net\/portal\/2021\/06\/05\/arias-nunca-se-firmo-un-decreto-para-que-un-ministro-se-corrompa\/","name":"Arias: \u201cNunca se firm\u00f3 un decreto para que un ministro se corrompa\u201d - El Diario - Bolivia","isPartOf":{"@id":"https:\/\/www.eldiario.net\/portal\/#website"},"primaryImageOfPage":{"@id":"https:\/\/www.eldiario.net\/portal\/2021\/06\/05\/arias-nunca-se-firmo-un-decreto-para-que-un-ministro-se-corrompa\/#primaryimage"},"image":{"@id":"https:\/\/www.eldiario.net\/portal\/2021\/06\/05\/arias-nunca-se-firmo-un-decreto-para-que-un-ministro-se-corrompa\/#primaryimage"},"thumbnailUrl":"https:\/\/www.eldiario.net\/portal\/wp-content\/uploads\/2021\/06\/ARIAS-1.jpg","datePublished":"2021-06-05T09:12:31+00:00","breadcrumb":{"@id":"https:\/\/www.eldiario.net\/portal\/2021\/06\/05\/arias-nunca-se-firmo-un-decreto-para-que-un-ministro-se-corrompa\/#breadcrumb"},"inLanguage":"es","potentialAction":[{"@type":"ReadAction","target":["https:\/\/www.eldiario.net\/portal\/2021\/06\/05\/arias-nunca-se-firmo-un-decreto-para-que-un-ministro-se-corrompa\/"]}]},{"@type":"ImageObject","inLanguage":"es","@id":"https:\/\/www.eldiario.net\/portal\/2021\/06\/05\/arias-nunca-se-firmo-un-decreto-para-que-un-ministro-se-corrompa\/#primaryimage","url":"https:\/\/www.eldiario.net\/portal\/wp-content\/uploads\/2021\/06\/ARIAS-1.jpg","contentUrl":"https:\/\/www.eldiario.net\/portal\/wp-content\/uploads\/2021\/06\/ARIAS-1.jpg","width":1024,"height":761},{"@type":"BreadcrumbList","@id":"https:\/\/www.eldiario.net\/portal\/2021\/06\/05\/arias-nunca-se-firmo-un-decreto-para-que-un-ministro-se-corrompa\/#breadcrumb","itemListElement":[{"@type":"ListItem","position":1,"name":"Portada","item":"https:\/\/www.eldiario.net\/portal\/"},{"@type":"ListItem","position":2,"name":"Arias: \u201cNunca se firm\u00f3 un decreto para que un ministro se corrompa\u201d"}]},{"@type":"WebSite","@id":"https:\/\/www.eldiario.net\/portal\/#website","url":"https:\/\/www.eldiario.net\/portal\/","name":"El Diario - Decano de la prensa nacional","description":"El Diario - Decano de la prensa nacional","publisher":{"@id":"https:\/\/www.eldiario.net\/portal\/#organization"},"potentialAction":[{"@type":"SearchAction","target":{"@type":"EntryPoint","urlTemplate":"https:\/\/www.eldiario.net\/portal\/?s={search_term_string}"},"query-input":{"@type":"PropertyValueSpecification","valueRequired":true,"valueName":"search_term_string"}}],"inLanguage":"es"},{"@type":"Organization","@id":"https:\/\/www.eldiario.net\/portal\/#organization","name":"El Diario - Decano de la prensa nacional","url":"https:\/\/www.eldiario.net\/portal\/","logo":{"@type":"ImageObject","inLanguage":"es","@id":"https:\/\/www.eldiario.net\/portal\/#\/schema\/logo\/image\/","url":"https:\/\/www.eldiario.net\/portal\/wp-content\/uploads\/2023\/07\/logo_ED.jpg","contentUrl":"https:\/\/www.eldiario.net\/portal\/wp-content\/uploads\/2023\/07\/logo_ED.jpg","width":272,"height":52,"caption":"El Diario - Decano de la prensa nacional"},"image":{"@id":"https:\/\/www.eldiario.net\/portal\/#\/schema\/logo\/image\/"},"sameAs":["https:\/\/www.facebook.com\/eldiario.bolivia\/","https:\/\/x.com\/eldiario_net"]},{"@type":"Person","@id":"https:\/\/www.eldiario.net\/portal\/#\/schema\/person\/f46445640444750d7d753ccd04ae01b7","name":"Jeanette","image":{"@type":"ImageObject","inLanguage":"es","@id":"https:\/\/secure.gravatar.com\/avatar\/3ea2118a5f7dad2b7138b1187a6b7ee55f160b9968b66013c3a3ef39dd7e5798?s=96&d=mm&r=g","url":"https:\/\/secure.gravatar.com\/avatar\/3ea2118a5f7dad2b7138b1187a6b7ee55f160b9968b66013c3a3ef39dd7e5798?s=96&d=mm&r=g","contentUrl":"https:\/\/secure.gravatar.com\/avatar\/3ea2118a5f7dad2b7138b1187a6b7ee55f160b9968b66013c3a3ef39dd7e5798?s=96&d=mm&r=g","caption":"Jeanette"},"sameAs":["https:\/\/www.eldiario.net\/portal"],"url":"https:\/\/www.eldiario.net\/portal\/author\/jeanette\/"}]}},"_links":{"self":[{"href":"https:\/\/www.eldiario.net\/portal\/wp-json\/wp\/v2\/posts\/8466","targetHints":{"allow":["GET"]}}],"collection":[{"href":"https:\/\/www.eldiario.net\/portal\/wp-json\/wp\/v2\/posts"}],"about":[{"href":"https:\/\/www.eldiario.net\/portal\/wp-json\/wp\/v2\/types\/post"}],"author":[{"embeddable":true,"href":"https:\/\/www.eldiario.net\/portal\/wp-json\/wp\/v2\/users\/1"}],"replies":[{"embeddable":true,"href":"https:\/\/www.eldiario.net\/portal\/wp-json\/wp\/v2\/comments?post=8466"}],"version-history":[{"count":0,"href":"https:\/\/www.eldiario.net\/portal\/wp-json\/wp\/v2\/posts\/8466\/revisions"}],"wp:featuredmedia":[{"embeddable":true,"href":"https:\/\/www.eldiario.net\/portal\/wp-json\/wp\/v2\/media\/8467"}],"wp:attachment":[{"href":"https:\/\/www.eldiario.net\/portal\/wp-json\/wp\/v2\/media?parent=8466"}],"wp:term":[{"taxonomy":"category","embeddable":true,"href":"https:\/\/www.eldiario.net\/portal\/wp-json\/wp\/v2\/categories?post=8466"},{"taxonomy":"post_tag","embeddable":true,"href":"https:\/\/www.eldiario.net\/portal\/wp-json\/wp\/v2\/tags?post=8466"}],"curies":[{"name":"wp","href":"https:\/\/api.w.org\/{rel}","templated":true}]}}