{"id":8449,"date":"2021-06-05T05:06:20","date_gmt":"2021-06-05T09:06:20","guid":{"rendered":"https:\/\/www.eldiario.net\/portal\/?p=8449"},"modified":"2021-06-05T05:06:20","modified_gmt":"2021-06-05T09:06:20","slug":"algunos-lugares-de-vacunacion-se-quedaron-sin-dosis-en-la-paz","status":"publish","type":"post","link":"https:\/\/www.eldiario.net\/portal\/2021\/06\/05\/algunos-lugares-de-vacunacion-se-quedaron-sin-dosis-en-la-paz\/","title":{"rendered":"Algunos lugares de vacunaci\u00f3n  se quedaron sin dosis en La Paz"},"content":{"rendered":"<p>Largas filas se observaron desde muy temprano, ayer, en diferentes puntos de vacunaci\u00f3n masiva contra el covid-19 en La Paz. Decenas de personas buscaban la inoculaci\u00f3n con la primera dosis o recibir refuerzo de las vacunas, con la segunda dosis. Sin embargo, en algunos sitios se acabaron las primeras dosis o suspendieron la inyecci\u00f3n por desinfecci\u00f3n de los ambientes lo que gener\u00f3 la protesta de la poblaci\u00f3n.<br \/>\nEn el coliseo del Instituto Americano, que es un punto de vacunaci\u00f3n, la inoculaci\u00f3n solo fue hasta las 13.30 horas por desinfecci\u00f3n de sus ambientes. Esa situaci\u00f3n provoc\u00f3 la desesperaci\u00f3n de la gente que realiz\u00f3 largas filas por varias horas y que buscan su refuerzo de la primera dosis. Tambi\u00e9n denunciaron que en ese sitio se acabaron las segundas dosis contra el covid-19.<br \/>\n\u201cHoy me tocaba la segunda dosis, hice cola en el Instituto Americano hasta las 14.00. A todos los que estuvimos en la cola, que abarcaba desde el Instituto hasta el t\u00fanel de la S\u00e1nchez Lima, nos dijeron que ya no hay m\u00e1s vacunas para la segunda dosis, que volvamos el lunes\u201d, expres\u00f3 Germ\u00e1n Huanca.<br \/>\nHuanca, a trav\u00e9s de sus redes sociales, expres\u00f3 su preocupaci\u00f3n al no recibir el refuerzo de la dosis, remarc\u00f3 que fue inyectado con la vacuna de Sinopharm, que el intervalo de aplicaci\u00f3n entre la primera y segunda dosis es de 21 d\u00edas como m\u00ednimo, seg\u00fan el Servicio Departamental de Salud (Sedes) La Paz.<br \/>\n\u201cAlguien me puede decir \u00bfcu\u00e1les son las consecuencias de no suministrarse la segunda dosis en la fecha indicada? Si nos aplicamos el lunes habr\u00e1n pasado 3 d\u00edas, \u00bfcu\u00e1les ser\u00e1n los efectos?\u201d, cuestion\u00f3.<br \/>\nLas personas que realizaban filas protagonizaron un bloqueo en inmediaciones de ese centro educativo, cercano al Ministerio de Salud.<br \/>\n\u201c\u00bfC\u00f3mo es posible que no se organicen? Ayer (jueves) nos tocaba, llegamos a las puertas (del colegio) y nos dicen que no hay segundas dosis\u201d, reclam\u00f3.<br \/>\nEn la Escuela Militar de Ingenier\u00eda (EMI), en la zona de Irpavi, la situaci\u00f3n fue similar. Las personas se quejaron porque en ese punto de vacunaci\u00f3n se quedaron sin la primera dosis de los inoculantes, inform\u00f3 el periodista Jhon Arandia.<br \/>\n\u201cEn el centro de vacunaci\u00f3n de la EMI, en Irpavi (La Paz), los militares a cargo de la log\u00edstica acaban de comunicar que hoy (viernes) s\u00f3lo se aplicar\u00e1 la segunda dosis. No hay vacunas para la primera dosis\u201d, asegur\u00f3 el comunicador.<br \/>\nMientras que la Universidad Mayor de San Andr\u00e9s (UMSA) suspendi\u00f3 la inmunizaci\u00f3n en los tres puntos instalados, Monoblock, Facultad de Medicina y Campus de Cota Cota por la \u201cdesinfecci\u00f3n\u201d de sus ambientes, report\u00f3 ANF.<br \/>\n\u201cSe informa a la poblaci\u00f3n que el viernes 4 de junio se suspende la jornada de vacunaci\u00f3n masiva en los tres puntos instalados de la UMSA, debido a la fumigaci\u00f3n y desinfecci\u00f3n de los predios, para precautelar la salud de todos\u201d, inform\u00f3 la UMSA en un comunicado.<br \/>\nSeg\u00fan un comunicado del Ministerio de Salud, para el fin de semana existen lugares designados para la vacunaci\u00f3n, en La Paz y El Alto para la inoculaci\u00f3n de la segunda dosis del f\u00e1rmaco Sinopharm contra el covid-19.<\/p>\n","protected":false},"excerpt":{"rendered":"<p>Largas filas se observaron desde muy temprano, ayer, en diferentes puntos de vacunaci\u00f3n masiva contra el covid-19 en La Paz. Decenas de personas buscaban la inoculaci\u00f3n con la primera dosis o recibir refuerzo de las vacunas, con la segunda dosis. Sin embargo, en algunos sitios se acabaron las primeras dosis o suspendieron la inyecci\u00f3n por [&hellip;]<\/p>\n","protected":false},"author":1,"featured_media":8450,"comment_status":"closed","ping_status":"closed","sticky":false,"template":"","format":"standard","meta":{"_acf_changed":false,"footnotes":""},"categories":[12],"tags":[],"class_list":["post-8449","post","type-post","status-publish","format-standard","has-post-thumbnail","category-nacional"],"acf":{"antetitulo":""},"yoast_head":"<!-- This site is optimized with the Yoast SEO plugin v28.4 - https:\/\/yoast.com\/product\/yoast-seo-wordpress\/ -->\n<title>Algunos lugares de vacunaci\u00f3n se quedaron sin dosis en La Paz - El Diario - Bolivia<\/title>\n<meta name=\"robots\" content=\"index, follow, max-snippet:-1, max-image-preview:large, max-video-preview:-1\" \/>\n<link rel=\"canonical\" href=\"https:\/\/www.eldiario.net\/portal\/2021\/06\/05\/algunos-lugares-de-vacunacion-se-quedaron-sin-dosis-en-la-paz\/\" \/>\n<meta property=\"og:locale\" content=\"es_ES\" \/>\n<meta property=\"og:type\" content=\"article\" \/>\n<meta property=\"og:title\" content=\"Algunos lugares de vacunaci\u00f3n se quedaron sin dosis en La Paz - El Diario - Bolivia\" \/>\n<meta property=\"og:description\" content=\"Largas filas se observaron desde muy temprano, ayer, en diferentes puntos de vacunaci\u00f3n masiva contra el covid-19 en La Paz. Decenas de personas buscaban la inoculaci\u00f3n con la primera dosis o recibir refuerzo de las vacunas, con la segunda dosis. Sin embargo, en algunos sitios se acabaron las primeras dosis o suspendieron la inyecci\u00f3n por [&hellip;]\" \/>\n<meta property=\"og:url\" content=\"https:\/\/www.eldiario.net\/portal\/2021\/06\/05\/algunos-lugares-de-vacunacion-se-quedaron-sin-dosis-en-la-paz\/\" \/>\n<meta property=\"og:site_name\" content=\"El Diario - Bolivia\" \/>\n<meta property=\"article:publisher\" content=\"https:\/\/www.facebook.com\/eldiario.bolivia\/\" \/>\n<meta property=\"article:published_time\" content=\"2021-06-05T09:06:20+00:00\" \/>\n<meta name=\"author\" content=\"Jeanette\" \/>\n<meta name=\"twitter:card\" content=\"summary_large_image\" \/>\n<meta name=\"twitter:creator\" content=\"@eldiario_net\" \/>\n<meta name=\"twitter:site\" content=\"@eldiario_net\" \/>\n<meta name=\"twitter:label1\" content=\"Escrito por\" \/>\n\t<meta name=\"twitter:data1\" content=\"Jeanette\" \/>\n\t<meta name=\"twitter:label2\" content=\"Tiempo de lectura\" \/>\n\t<meta name=\"twitter:data2\" content=\"3 minutos\" \/>\n<script type=\"application\/ld+json\" class=\"yoast-schema-graph\">{\"@context\":\"https:\\\/\\\/schema.org\",\"@graph\":[{\"@type\":\"Article\",\"@id\":\"https:\\\/\\\/www.eldiario.net\\\/portal\\\/2021\\\/06\\\/05\\\/algunos-lugares-de-vacunacion-se-quedaron-sin-dosis-en-la-paz\\\/#article\",\"isPartOf\":{\"@id\":\"https:\\\/\\\/www.eldiario.net\\\/portal\\\/2021\\\/06\\\/05\\\/algunos-lugares-de-vacunacion-se-quedaron-sin-dosis-en-la-paz\\\/\"},\"author\":{\"name\":\"Jeanette\",\"@id\":\"https:\\\/\\\/www.eldiario.net\\\/portal\\\/#\\\/schema\\\/person\\\/f46445640444750d7d753ccd04ae01b7\"},\"headline\":\"Algunos lugares de vacunaci\u00f3n se quedaron sin dosis en La Paz\",\"datePublished\":\"2021-06-05T09:06:20+00:00\",\"mainEntityOfPage\":{\"@id\":\"https:\\\/\\\/www.eldiario.net\\\/portal\\\/2021\\\/06\\\/05\\\/algunos-lugares-de-vacunacion-se-quedaron-sin-dosis-en-la-paz\\\/\"},\"wordCount\":564,\"publisher\":{\"@id\":\"https:\\\/\\\/www.eldiario.net\\\/portal\\\/#organization\"},\"image\":{\"@id\":\"https:\\\/\\\/www.eldiario.net\\\/portal\\\/2021\\\/06\\\/05\\\/algunos-lugares-de-vacunacion-se-quedaron-sin-dosis-en-la-paz\\\/#primaryimage\"},\"thumbnailUrl\":\"\",\"articleSection\":[\"Nacional\"],\"inLanguage\":\"es\"},{\"@type\":\"WebPage\",\"@id\":\"https:\\\/\\\/www.eldiario.net\\\/portal\\\/2021\\\/06\\\/05\\\/algunos-lugares-de-vacunacion-se-quedaron-sin-dosis-en-la-paz\\\/\",\"url\":\"https:\\\/\\\/www.eldiario.net\\\/portal\\\/2021\\\/06\\\/05\\\/algunos-lugares-de-vacunacion-se-quedaron-sin-dosis-en-la-paz\\\/\",\"name\":\"Algunos lugares de vacunaci\u00f3n se quedaron sin dosis en La Paz - El Diario - Bolivia\",\"isPartOf\":{\"@id\":\"https:\\\/\\\/www.eldiario.net\\\/portal\\\/#website\"},\"primaryImageOfPage\":{\"@id\":\"https:\\\/\\\/www.eldiario.net\\\/portal\\\/2021\\\/06\\\/05\\\/algunos-lugares-de-vacunacion-se-quedaron-sin-dosis-en-la-paz\\\/#primaryimage\"},\"image\":{\"@id\":\"https:\\\/\\\/www.eldiario.net\\\/portal\\\/2021\\\/06\\\/05\\\/algunos-lugares-de-vacunacion-se-quedaron-sin-dosis-en-la-paz\\\/#primaryimage\"},\"thumbnailUrl\":\"\",\"datePublished\":\"2021-06-05T09:06:20+00:00\",\"breadcrumb\":{\"@id\":\"https:\\\/\\\/www.eldiario.net\\\/portal\\\/2021\\\/06\\\/05\\\/algunos-lugares-de-vacunacion-se-quedaron-sin-dosis-en-la-paz\\\/#breadcrumb\"},\"inLanguage\":\"es\",\"potentialAction\":[{\"@type\":\"ReadAction\",\"target\":[\"https:\\\/\\\/www.eldiario.net\\\/portal\\\/2021\\\/06\\\/05\\\/algunos-lugares-de-vacunacion-se-quedaron-sin-dosis-en-la-paz\\\/\"]}]},{\"@type\":\"ImageObject\",\"inLanguage\":\"es\",\"@id\":\"https:\\\/\\\/www.eldiario.net\\\/portal\\\/2021\\\/06\\\/05\\\/algunos-lugares-de-vacunacion-se-quedaron-sin-dosis-en-la-paz\\\/#primaryimage\",\"url\":\"\",\"contentUrl\":\"\"},{\"@type\":\"BreadcrumbList\",\"@id\":\"https:\\\/\\\/www.eldiario.net\\\/portal\\\/2021\\\/06\\\/05\\\/algunos-lugares-de-vacunacion-se-quedaron-sin-dosis-en-la-paz\\\/#breadcrumb\",\"itemListElement\":[{\"@type\":\"ListItem\",\"position\":1,\"name\":\"Portada\",\"item\":\"https:\\\/\\\/www.eldiario.net\\\/portal\\\/\"},{\"@type\":\"ListItem\",\"position\":2,\"name\":\"Algunos lugares de vacunaci\u00f3n se quedaron sin dosis en La Paz\"}]},{\"@type\":\"WebSite\",\"@id\":\"https:\\\/\\\/www.eldiario.net\\\/portal\\\/#website\",\"url\":\"https:\\\/\\\/www.eldiario.net\\\/portal\\\/\",\"name\":\"El Diario - Decano de la prensa nacional\",\"description\":\"El Diario - Decano de la prensa nacional\",\"publisher\":{\"@id\":\"https:\\\/\\\/www.eldiario.net\\\/portal\\\/#organization\"},\"potentialAction\":[{\"@type\":\"SearchAction\",\"target\":{\"@type\":\"EntryPoint\",\"urlTemplate\":\"https:\\\/\\\/www.eldiario.net\\\/portal\\\/?s={search_term_string}\"},\"query-input\":{\"@type\":\"PropertyValueSpecification\",\"valueRequired\":true,\"valueName\":\"search_term_string\"}}],\"inLanguage\":\"es\"},{\"@type\":\"Organization\",\"@id\":\"https:\\\/\\\/www.eldiario.net\\\/portal\\\/#organization\",\"name\":\"El Diario - Decano de la prensa nacional\",\"url\":\"https:\\\/\\\/www.eldiario.net\\\/portal\\\/\",\"logo\":{\"@type\":\"ImageObject\",\"inLanguage\":\"es\",\"@id\":\"https:\\\/\\\/www.eldiario.net\\\/portal\\\/#\\\/schema\\\/logo\\\/image\\\/\",\"url\":\"https:\\\/\\\/www.eldiario.net\\\/portal\\\/wp-content\\\/uploads\\\/2023\\\/07\\\/logo_ED.jpg\",\"contentUrl\":\"https:\\\/\\\/www.eldiario.net\\\/portal\\\/wp-content\\\/uploads\\\/2023\\\/07\\\/logo_ED.jpg\",\"width\":272,\"height\":52,\"caption\":\"El Diario - Decano de la prensa nacional\"},\"image\":{\"@id\":\"https:\\\/\\\/www.eldiario.net\\\/portal\\\/#\\\/schema\\\/logo\\\/image\\\/\"},\"sameAs\":[\"https:\\\/\\\/www.facebook.com\\\/eldiario.bolivia\\\/\",\"https:\\\/\\\/x.com\\\/eldiario_net\"]},{\"@type\":\"Person\",\"@id\":\"https:\\\/\\\/www.eldiario.net\\\/portal\\\/#\\\/schema\\\/person\\\/f46445640444750d7d753ccd04ae01b7\",\"name\":\"Jeanette\",\"image\":{\"@type\":\"ImageObject\",\"inLanguage\":\"es\",\"@id\":\"https:\\\/\\\/secure.gravatar.com\\\/avatar\\\/3ea2118a5f7dad2b7138b1187a6b7ee55f160b9968b66013c3a3ef39dd7e5798?s=96&d=mm&r=g\",\"url\":\"https:\\\/\\\/secure.gravatar.com\\\/avatar\\\/3ea2118a5f7dad2b7138b1187a6b7ee55f160b9968b66013c3a3ef39dd7e5798?s=96&d=mm&r=g\",\"contentUrl\":\"https:\\\/\\\/secure.gravatar.com\\\/avatar\\\/3ea2118a5f7dad2b7138b1187a6b7ee55f160b9968b66013c3a3ef39dd7e5798?s=96&d=mm&r=g\",\"caption\":\"Jeanette\"},\"sameAs\":[\"https:\\\/\\\/www.eldiario.net\\\/portal\"],\"url\":\"https:\\\/\\\/www.eldiario.net\\\/portal\\\/author\\\/jeanette\\\/\"}]}<\/script>\n<!-- \/ Yoast SEO plugin. -->","yoast_head_json":{"title":"Algunos lugares de vacunaci\u00f3n se quedaron sin dosis en La Paz - El Diario - Bolivia","robots":{"index":"index","follow":"follow","max-snippet":"max-snippet:-1","max-image-preview":"max-image-preview:large","max-video-preview":"max-video-preview:-1"},"canonical":"https:\/\/www.eldiario.net\/portal\/2021\/06\/05\/algunos-lugares-de-vacunacion-se-quedaron-sin-dosis-en-la-paz\/","og_locale":"es_ES","og_type":"article","og_title":"Algunos lugares de vacunaci\u00f3n se quedaron sin dosis en La Paz - El Diario - Bolivia","og_description":"Largas filas se observaron desde muy temprano, ayer, en diferentes puntos de vacunaci\u00f3n masiva contra el covid-19 en La Paz. Decenas de personas buscaban la inoculaci\u00f3n con la primera dosis o recibir refuerzo de las vacunas, con la segunda dosis. Sin embargo, en algunos sitios se acabaron las primeras dosis o suspendieron la inyecci\u00f3n por [&hellip;]","og_url":"https:\/\/www.eldiario.net\/portal\/2021\/06\/05\/algunos-lugares-de-vacunacion-se-quedaron-sin-dosis-en-la-paz\/","og_site_name":"El Diario - Bolivia","article_publisher":"https:\/\/www.facebook.com\/eldiario.bolivia\/","article_published_time":"2021-06-05T09:06:20+00:00","author":"Jeanette","twitter_card":"summary_large_image","twitter_creator":"@eldiario_net","twitter_site":"@eldiario_net","twitter_misc":{"Escrito por":"Jeanette","Tiempo de lectura":"3 minutos"},"schema":{"@context":"https:\/\/schema.org","@graph":[{"@type":"Article","@id":"https:\/\/www.eldiario.net\/portal\/2021\/06\/05\/algunos-lugares-de-vacunacion-se-quedaron-sin-dosis-en-la-paz\/#article","isPartOf":{"@id":"https:\/\/www.eldiario.net\/portal\/2021\/06\/05\/algunos-lugares-de-vacunacion-se-quedaron-sin-dosis-en-la-paz\/"},"author":{"name":"Jeanette","@id":"https:\/\/www.eldiario.net\/portal\/#\/schema\/person\/f46445640444750d7d753ccd04ae01b7"},"headline":"Algunos lugares de vacunaci\u00f3n se quedaron sin dosis en La Paz","datePublished":"2021-06-05T09:06:20+00:00","mainEntityOfPage":{"@id":"https:\/\/www.eldiario.net\/portal\/2021\/06\/05\/algunos-lugares-de-vacunacion-se-quedaron-sin-dosis-en-la-paz\/"},"wordCount":564,"publisher":{"@id":"https:\/\/www.eldiario.net\/portal\/#organization"},"image":{"@id":"https:\/\/www.eldiario.net\/portal\/2021\/06\/05\/algunos-lugares-de-vacunacion-se-quedaron-sin-dosis-en-la-paz\/#primaryimage"},"thumbnailUrl":"","articleSection":["Nacional"],"inLanguage":"es"},{"@type":"WebPage","@id":"https:\/\/www.eldiario.net\/portal\/2021\/06\/05\/algunos-lugares-de-vacunacion-se-quedaron-sin-dosis-en-la-paz\/","url":"https:\/\/www.eldiario.net\/portal\/2021\/06\/05\/algunos-lugares-de-vacunacion-se-quedaron-sin-dosis-en-la-paz\/","name":"Algunos lugares de vacunaci\u00f3n se quedaron sin dosis en La Paz - El Diario - Bolivia","isPartOf":{"@id":"https:\/\/www.eldiario.net\/portal\/#website"},"primaryImageOfPage":{"@id":"https:\/\/www.eldiario.net\/portal\/2021\/06\/05\/algunos-lugares-de-vacunacion-se-quedaron-sin-dosis-en-la-paz\/#primaryimage"},"image":{"@id":"https:\/\/www.eldiario.net\/portal\/2021\/06\/05\/algunos-lugares-de-vacunacion-se-quedaron-sin-dosis-en-la-paz\/#primaryimage"},"thumbnailUrl":"","datePublished":"2021-06-05T09:06:20+00:00","breadcrumb":{"@id":"https:\/\/www.eldiario.net\/portal\/2021\/06\/05\/algunos-lugares-de-vacunacion-se-quedaron-sin-dosis-en-la-paz\/#breadcrumb"},"inLanguage":"es","potentialAction":[{"@type":"ReadAction","target":["https:\/\/www.eldiario.net\/portal\/2021\/06\/05\/algunos-lugares-de-vacunacion-se-quedaron-sin-dosis-en-la-paz\/"]}]},{"@type":"ImageObject","inLanguage":"es","@id":"https:\/\/www.eldiario.net\/portal\/2021\/06\/05\/algunos-lugares-de-vacunacion-se-quedaron-sin-dosis-en-la-paz\/#primaryimage","url":"","contentUrl":""},{"@type":"BreadcrumbList","@id":"https:\/\/www.eldiario.net\/portal\/2021\/06\/05\/algunos-lugares-de-vacunacion-se-quedaron-sin-dosis-en-la-paz\/#breadcrumb","itemListElement":[{"@type":"ListItem","position":1,"name":"Portada","item":"https:\/\/www.eldiario.net\/portal\/"},{"@type":"ListItem","position":2,"name":"Algunos lugares de vacunaci\u00f3n se quedaron sin dosis en La Paz"}]},{"@type":"WebSite","@id":"https:\/\/www.eldiario.net\/portal\/#website","url":"https:\/\/www.eldiario.net\/portal\/","name":"El Diario - Decano de la prensa nacional","description":"El Diario - Decano de la prensa nacional","publisher":{"@id":"https:\/\/www.eldiario.net\/portal\/#organization"},"potentialAction":[{"@type":"SearchAction","target":{"@type":"EntryPoint","urlTemplate":"https:\/\/www.eldiario.net\/portal\/?s={search_term_string}"},"query-input":{"@type":"PropertyValueSpecification","valueRequired":true,"valueName":"search_term_string"}}],"inLanguage":"es"},{"@type":"Organization","@id":"https:\/\/www.eldiario.net\/portal\/#organization","name":"El Diario - Decano de la prensa nacional","url":"https:\/\/www.eldiario.net\/portal\/","logo":{"@type":"ImageObject","inLanguage":"es","@id":"https:\/\/www.eldiario.net\/portal\/#\/schema\/logo\/image\/","url":"https:\/\/www.eldiario.net\/portal\/wp-content\/uploads\/2023\/07\/logo_ED.jpg","contentUrl":"https:\/\/www.eldiario.net\/portal\/wp-content\/uploads\/2023\/07\/logo_ED.jpg","width":272,"height":52,"caption":"El Diario - Decano de la prensa nacional"},"image":{"@id":"https:\/\/www.eldiario.net\/portal\/#\/schema\/logo\/image\/"},"sameAs":["https:\/\/www.facebook.com\/eldiario.bolivia\/","https:\/\/x.com\/eldiario_net"]},{"@type":"Person","@id":"https:\/\/www.eldiario.net\/portal\/#\/schema\/person\/f46445640444750d7d753ccd04ae01b7","name":"Jeanette","image":{"@type":"ImageObject","inLanguage":"es","@id":"https:\/\/secure.gravatar.com\/avatar\/3ea2118a5f7dad2b7138b1187a6b7ee55f160b9968b66013c3a3ef39dd7e5798?s=96&d=mm&r=g","url":"https:\/\/secure.gravatar.com\/avatar\/3ea2118a5f7dad2b7138b1187a6b7ee55f160b9968b66013c3a3ef39dd7e5798?s=96&d=mm&r=g","contentUrl":"https:\/\/secure.gravatar.com\/avatar\/3ea2118a5f7dad2b7138b1187a6b7ee55f160b9968b66013c3a3ef39dd7e5798?s=96&d=mm&r=g","caption":"Jeanette"},"sameAs":["https:\/\/www.eldiario.net\/portal"],"url":"https:\/\/www.eldiario.net\/portal\/author\/jeanette\/"}]}},"_links":{"self":[{"href":"https:\/\/www.eldiario.net\/portal\/wp-json\/wp\/v2\/posts\/8449","targetHints":{"allow":["GET"]}}],"collection":[{"href":"https:\/\/www.eldiario.net\/portal\/wp-json\/wp\/v2\/posts"}],"about":[{"href":"https:\/\/www.eldiario.net\/portal\/wp-json\/wp\/v2\/types\/post"}],"author":[{"embeddable":true,"href":"https:\/\/www.eldiario.net\/portal\/wp-json\/wp\/v2\/users\/1"}],"replies":[{"embeddable":true,"href":"https:\/\/www.eldiario.net\/portal\/wp-json\/wp\/v2\/comments?post=8449"}],"version-history":[{"count":0,"href":"https:\/\/www.eldiario.net\/portal\/wp-json\/wp\/v2\/posts\/8449\/revisions"}],"wp:attachment":[{"href":"https:\/\/www.eldiario.net\/portal\/wp-json\/wp\/v2\/media?parent=8449"}],"wp:term":[{"taxonomy":"category","embeddable":true,"href":"https:\/\/www.eldiario.net\/portal\/wp-json\/wp\/v2\/categories?post=8449"},{"taxonomy":"post_tag","embeddable":true,"href":"https:\/\/www.eldiario.net\/portal\/wp-json\/wp\/v2\/tags?post=8449"}],"curies":[{"name":"wp","href":"https:\/\/api.w.org\/{rel}","templated":true}]}}