{"id":8446,"date":"2021-06-05T05:05:04","date_gmt":"2021-06-05T09:05:04","guid":{"rendered":"https:\/\/www.eldiario.net\/portal\/?p=8446"},"modified":"2021-06-05T05:05:04","modified_gmt":"2021-06-05T09:05:04","slug":"termina-enmallado-parcial-que-dara-mayor-seguridad","status":"publish","type":"post","link":"https:\/\/www.eldiario.net\/portal\/2021\/06\/05\/termina-enmallado-parcial-que-dara-mayor-seguridad\/","title":{"rendered":"Termina enmallado parcial  que dar\u00e1 mayor seguridad"},"content":{"rendered":"<p>El enmallado del carril de subida del Puente de Las Am\u00e9ricas fue terminado por el personal de la Alcald\u00eda de La Paz, v\u00eda que conecta las zonas de Sopocachi y Miraflores, e iniciaron similar labor en el de subida, y las autoridades municipales anunciaron que todos los trabajos concluir\u00e1n el 12 de junio.<br \/>\n\u201cEstamos mostrando parcialmente lo que tenemos porque estamos concluyendo del lado del carril de subida. Hoy d\u00eda concluimos digamos esto y comenzamos en el lado del frente para completar este trabajo de seguridad en el puente\u201d, inform\u00f3 ayer el director de Mantenimiento de la Alcald\u00eda de La Paz, Cristian Iriarte.<br \/>\nEl dise\u00f1o y colocado de la malla de protecci\u00f3n se inici\u00f3 despu\u00e9s de la inspecci\u00f3n al puente que realiz\u00f3 el alcalde Iv\u00e1n Arias, el 4 de mayo, cuando se vieron las alternativas que permitan evitar que la ciudadan\u00eda ponga en riesgo su seguridad f\u00edsica.<br \/>\n\u201cSon 114 metros que se han cubierto en el sector de mayor altura porque debajo tenemos una avenida importante tambi\u00e9n, la del Poeta. Ahora estamos mostrando parcialmente este trabajo de seguridad\u201d, indic\u00f3 Iriarte.<br \/>\nLa autoridad inform\u00f3 que a la par del colocado de la malla, se pintar\u00e1n unos mensajes positivos dirigidos a las personas para evitar que pongan en peligro sus vidas.<br \/>\nEn las barandas del Puente de Las Am\u00e9ricas se advierte la presencia de algunos carteles que fueron hechos por la Polic\u00eda Nacional, como tambi\u00e9n por la ciudadan\u00eda, con el objetivo de que las personas se protejan.<\/p>\n","protected":false},"excerpt":{"rendered":"<p>El enmallado del carril de subida del Puente de Las Am\u00e9ricas fue terminado por el personal de la Alcald\u00eda de La Paz, v\u00eda que conecta las zonas de Sopocachi y Miraflores, e iniciaron similar labor en el de subida, y las autoridades municipales anunciaron que todos los trabajos concluir\u00e1n el 12 de junio. \u201cEstamos mostrando [&hellip;]<\/p>\n","protected":false},"author":1,"featured_media":8447,"comment_status":"closed","ping_status":"closed","sticky":false,"template":"","format":"standard","meta":{"_acf_changed":false,"footnotes":""},"categories":[12],"tags":[],"class_list":["post-8446","post","type-post","status-publish","format-standard","has-post-thumbnail","category-nacional"],"acf":{"antetitulo":""},"yoast_head":"<!-- This site is optimized with the Yoast SEO plugin v28.4 - https:\/\/yoast.com\/product\/yoast-seo-wordpress\/ -->\n<title>Termina enmallado parcial que dar\u00e1 mayor seguridad - El Diario - Bolivia<\/title>\n<meta name=\"robots\" content=\"index, follow, max-snippet:-1, max-image-preview:large, max-video-preview:-1\" \/>\n<link rel=\"canonical\" href=\"https:\/\/www.eldiario.net\/portal\/2021\/06\/05\/termina-enmallado-parcial-que-dara-mayor-seguridad\/\" \/>\n<meta property=\"og:locale\" content=\"es_ES\" \/>\n<meta property=\"og:type\" content=\"article\" \/>\n<meta property=\"og:title\" content=\"Termina enmallado parcial que dar\u00e1 mayor seguridad - El Diario - Bolivia\" \/>\n<meta property=\"og:description\" content=\"El enmallado del carril de subida del Puente de Las Am\u00e9ricas fue terminado por el personal de la Alcald\u00eda de La Paz, v\u00eda que conecta las zonas de Sopocachi y Miraflores, e iniciaron similar labor en el de subida, y las autoridades municipales anunciaron que todos los trabajos concluir\u00e1n el 12 de junio. \u201cEstamos mostrando [&hellip;]\" \/>\n<meta property=\"og:url\" content=\"https:\/\/www.eldiario.net\/portal\/2021\/06\/05\/termina-enmallado-parcial-que-dara-mayor-seguridad\/\" \/>\n<meta property=\"og:site_name\" content=\"El Diario - Bolivia\" \/>\n<meta property=\"article:publisher\" content=\"https:\/\/www.facebook.com\/eldiario.bolivia\/\" \/>\n<meta property=\"article:published_time\" content=\"2021-06-05T09:05:04+00:00\" \/>\n<meta name=\"author\" content=\"Jeanette\" \/>\n<meta name=\"twitter:card\" content=\"summary_large_image\" \/>\n<meta name=\"twitter:creator\" content=\"@eldiario_net\" \/>\n<meta name=\"twitter:site\" content=\"@eldiario_net\" \/>\n<meta name=\"twitter:label1\" content=\"Escrito por\" \/>\n\t<meta name=\"twitter:data1\" content=\"Jeanette\" \/>\n\t<meta name=\"twitter:label2\" content=\"Tiempo de lectura\" \/>\n\t<meta name=\"twitter:data2\" content=\"2 minutos\" \/>\n<script type=\"application\/ld+json\" class=\"yoast-schema-graph\">{\"@context\":\"https:\\\/\\\/schema.org\",\"@graph\":[{\"@type\":\"Article\",\"@id\":\"https:\\\/\\\/www.eldiario.net\\\/portal\\\/2021\\\/06\\\/05\\\/termina-enmallado-parcial-que-dara-mayor-seguridad\\\/#article\",\"isPartOf\":{\"@id\":\"https:\\\/\\\/www.eldiario.net\\\/portal\\\/2021\\\/06\\\/05\\\/termina-enmallado-parcial-que-dara-mayor-seguridad\\\/\"},\"author\":{\"name\":\"Jeanette\",\"@id\":\"https:\\\/\\\/www.eldiario.net\\\/portal\\\/#\\\/schema\\\/person\\\/f46445640444750d7d753ccd04ae01b7\"},\"headline\":\"Termina enmallado parcial que dar\u00e1 mayor seguridad\",\"datePublished\":\"2021-06-05T09:05:04+00:00\",\"mainEntityOfPage\":{\"@id\":\"https:\\\/\\\/www.eldiario.net\\\/portal\\\/2021\\\/06\\\/05\\\/termina-enmallado-parcial-que-dara-mayor-seguridad\\\/\"},\"wordCount\":268,\"publisher\":{\"@id\":\"https:\\\/\\\/www.eldiario.net\\\/portal\\\/#organization\"},\"image\":{\"@id\":\"https:\\\/\\\/www.eldiario.net\\\/portal\\\/2021\\\/06\\\/05\\\/termina-enmallado-parcial-que-dara-mayor-seguridad\\\/#primaryimage\"},\"thumbnailUrl\":\"\",\"articleSection\":[\"Nacional\"],\"inLanguage\":\"es\"},{\"@type\":\"WebPage\",\"@id\":\"https:\\\/\\\/www.eldiario.net\\\/portal\\\/2021\\\/06\\\/05\\\/termina-enmallado-parcial-que-dara-mayor-seguridad\\\/\",\"url\":\"https:\\\/\\\/www.eldiario.net\\\/portal\\\/2021\\\/06\\\/05\\\/termina-enmallado-parcial-que-dara-mayor-seguridad\\\/\",\"name\":\"Termina enmallado parcial que dar\u00e1 mayor seguridad - El Diario - Bolivia\",\"isPartOf\":{\"@id\":\"https:\\\/\\\/www.eldiario.net\\\/portal\\\/#website\"},\"primaryImageOfPage\":{\"@id\":\"https:\\\/\\\/www.eldiario.net\\\/portal\\\/2021\\\/06\\\/05\\\/termina-enmallado-parcial-que-dara-mayor-seguridad\\\/#primaryimage\"},\"image\":{\"@id\":\"https:\\\/\\\/www.eldiario.net\\\/portal\\\/2021\\\/06\\\/05\\\/termina-enmallado-parcial-que-dara-mayor-seguridad\\\/#primaryimage\"},\"thumbnailUrl\":\"\",\"datePublished\":\"2021-06-05T09:05:04+00:00\",\"breadcrumb\":{\"@id\":\"https:\\\/\\\/www.eldiario.net\\\/portal\\\/2021\\\/06\\\/05\\\/termina-enmallado-parcial-que-dara-mayor-seguridad\\\/#breadcrumb\"},\"inLanguage\":\"es\",\"potentialAction\":[{\"@type\":\"ReadAction\",\"target\":[\"https:\\\/\\\/www.eldiario.net\\\/portal\\\/2021\\\/06\\\/05\\\/termina-enmallado-parcial-que-dara-mayor-seguridad\\\/\"]}]},{\"@type\":\"ImageObject\",\"inLanguage\":\"es\",\"@id\":\"https:\\\/\\\/www.eldiario.net\\\/portal\\\/2021\\\/06\\\/05\\\/termina-enmallado-parcial-que-dara-mayor-seguridad\\\/#primaryimage\",\"url\":\"\",\"contentUrl\":\"\"},{\"@type\":\"BreadcrumbList\",\"@id\":\"https:\\\/\\\/www.eldiario.net\\\/portal\\\/2021\\\/06\\\/05\\\/termina-enmallado-parcial-que-dara-mayor-seguridad\\\/#breadcrumb\",\"itemListElement\":[{\"@type\":\"ListItem\",\"position\":1,\"name\":\"Portada\",\"item\":\"https:\\\/\\\/www.eldiario.net\\\/portal\\\/\"},{\"@type\":\"ListItem\",\"position\":2,\"name\":\"Termina enmallado parcial que dar\u00e1 mayor seguridad\"}]},{\"@type\":\"WebSite\",\"@id\":\"https:\\\/\\\/www.eldiario.net\\\/portal\\\/#website\",\"url\":\"https:\\\/\\\/www.eldiario.net\\\/portal\\\/\",\"name\":\"El Diario - Decano de la prensa nacional\",\"description\":\"El Diario - Decano de la prensa nacional\",\"publisher\":{\"@id\":\"https:\\\/\\\/www.eldiario.net\\\/portal\\\/#organization\"},\"potentialAction\":[{\"@type\":\"SearchAction\",\"target\":{\"@type\":\"EntryPoint\",\"urlTemplate\":\"https:\\\/\\\/www.eldiario.net\\\/portal\\\/?s={search_term_string}\"},\"query-input\":{\"@type\":\"PropertyValueSpecification\",\"valueRequired\":true,\"valueName\":\"search_term_string\"}}],\"inLanguage\":\"es\"},{\"@type\":\"Organization\",\"@id\":\"https:\\\/\\\/www.eldiario.net\\\/portal\\\/#organization\",\"name\":\"El Diario - Decano de la prensa nacional\",\"url\":\"https:\\\/\\\/www.eldiario.net\\\/portal\\\/\",\"logo\":{\"@type\":\"ImageObject\",\"inLanguage\":\"es\",\"@id\":\"https:\\\/\\\/www.eldiario.net\\\/portal\\\/#\\\/schema\\\/logo\\\/image\\\/\",\"url\":\"https:\\\/\\\/www.eldiario.net\\\/portal\\\/wp-content\\\/uploads\\\/2023\\\/07\\\/logo_ED.jpg\",\"contentUrl\":\"https:\\\/\\\/www.eldiario.net\\\/portal\\\/wp-content\\\/uploads\\\/2023\\\/07\\\/logo_ED.jpg\",\"width\":272,\"height\":52,\"caption\":\"El Diario - Decano de la prensa nacional\"},\"image\":{\"@id\":\"https:\\\/\\\/www.eldiario.net\\\/portal\\\/#\\\/schema\\\/logo\\\/image\\\/\"},\"sameAs\":[\"https:\\\/\\\/www.facebook.com\\\/eldiario.bolivia\\\/\",\"https:\\\/\\\/x.com\\\/eldiario_net\"]},{\"@type\":\"Person\",\"@id\":\"https:\\\/\\\/www.eldiario.net\\\/portal\\\/#\\\/schema\\\/person\\\/f46445640444750d7d753ccd04ae01b7\",\"name\":\"Jeanette\",\"image\":{\"@type\":\"ImageObject\",\"inLanguage\":\"es\",\"@id\":\"https:\\\/\\\/secure.gravatar.com\\\/avatar\\\/3ea2118a5f7dad2b7138b1187a6b7ee55f160b9968b66013c3a3ef39dd7e5798?s=96&d=mm&r=g\",\"url\":\"https:\\\/\\\/secure.gravatar.com\\\/avatar\\\/3ea2118a5f7dad2b7138b1187a6b7ee55f160b9968b66013c3a3ef39dd7e5798?s=96&d=mm&r=g\",\"contentUrl\":\"https:\\\/\\\/secure.gravatar.com\\\/avatar\\\/3ea2118a5f7dad2b7138b1187a6b7ee55f160b9968b66013c3a3ef39dd7e5798?s=96&d=mm&r=g\",\"caption\":\"Jeanette\"},\"sameAs\":[\"https:\\\/\\\/www.eldiario.net\\\/portal\"],\"url\":\"https:\\\/\\\/www.eldiario.net\\\/portal\\\/author\\\/jeanette\\\/\"}]}<\/script>\n<!-- \/ Yoast SEO plugin. -->","yoast_head_json":{"title":"Termina enmallado parcial que dar\u00e1 mayor seguridad - El Diario - Bolivia","robots":{"index":"index","follow":"follow","max-snippet":"max-snippet:-1","max-image-preview":"max-image-preview:large","max-video-preview":"max-video-preview:-1"},"canonical":"https:\/\/www.eldiario.net\/portal\/2021\/06\/05\/termina-enmallado-parcial-que-dara-mayor-seguridad\/","og_locale":"es_ES","og_type":"article","og_title":"Termina enmallado parcial que dar\u00e1 mayor seguridad - El Diario - Bolivia","og_description":"El enmallado del carril de subida del Puente de Las Am\u00e9ricas fue terminado por el personal de la Alcald\u00eda de La Paz, v\u00eda que conecta las zonas de Sopocachi y Miraflores, e iniciaron similar labor en el de subida, y las autoridades municipales anunciaron que todos los trabajos concluir\u00e1n el 12 de junio. \u201cEstamos mostrando [&hellip;]","og_url":"https:\/\/www.eldiario.net\/portal\/2021\/06\/05\/termina-enmallado-parcial-que-dara-mayor-seguridad\/","og_site_name":"El Diario - Bolivia","article_publisher":"https:\/\/www.facebook.com\/eldiario.bolivia\/","article_published_time":"2021-06-05T09:05:04+00:00","author":"Jeanette","twitter_card":"summary_large_image","twitter_creator":"@eldiario_net","twitter_site":"@eldiario_net","twitter_misc":{"Escrito por":"Jeanette","Tiempo de lectura":"2 minutos"},"schema":{"@context":"https:\/\/schema.org","@graph":[{"@type":"Article","@id":"https:\/\/www.eldiario.net\/portal\/2021\/06\/05\/termina-enmallado-parcial-que-dara-mayor-seguridad\/#article","isPartOf":{"@id":"https:\/\/www.eldiario.net\/portal\/2021\/06\/05\/termina-enmallado-parcial-que-dara-mayor-seguridad\/"},"author":{"name":"Jeanette","@id":"https:\/\/www.eldiario.net\/portal\/#\/schema\/person\/f46445640444750d7d753ccd04ae01b7"},"headline":"Termina enmallado parcial que dar\u00e1 mayor seguridad","datePublished":"2021-06-05T09:05:04+00:00","mainEntityOfPage":{"@id":"https:\/\/www.eldiario.net\/portal\/2021\/06\/05\/termina-enmallado-parcial-que-dara-mayor-seguridad\/"},"wordCount":268,"publisher":{"@id":"https:\/\/www.eldiario.net\/portal\/#organization"},"image":{"@id":"https:\/\/www.eldiario.net\/portal\/2021\/06\/05\/termina-enmallado-parcial-que-dara-mayor-seguridad\/#primaryimage"},"thumbnailUrl":"","articleSection":["Nacional"],"inLanguage":"es"},{"@type":"WebPage","@id":"https:\/\/www.eldiario.net\/portal\/2021\/06\/05\/termina-enmallado-parcial-que-dara-mayor-seguridad\/","url":"https:\/\/www.eldiario.net\/portal\/2021\/06\/05\/termina-enmallado-parcial-que-dara-mayor-seguridad\/","name":"Termina enmallado parcial que dar\u00e1 mayor seguridad - El Diario - Bolivia","isPartOf":{"@id":"https:\/\/www.eldiario.net\/portal\/#website"},"primaryImageOfPage":{"@id":"https:\/\/www.eldiario.net\/portal\/2021\/06\/05\/termina-enmallado-parcial-que-dara-mayor-seguridad\/#primaryimage"},"image":{"@id":"https:\/\/www.eldiario.net\/portal\/2021\/06\/05\/termina-enmallado-parcial-que-dara-mayor-seguridad\/#primaryimage"},"thumbnailUrl":"","datePublished":"2021-06-05T09:05:04+00:00","breadcrumb":{"@id":"https:\/\/www.eldiario.net\/portal\/2021\/06\/05\/termina-enmallado-parcial-que-dara-mayor-seguridad\/#breadcrumb"},"inLanguage":"es","potentialAction":[{"@type":"ReadAction","target":["https:\/\/www.eldiario.net\/portal\/2021\/06\/05\/termina-enmallado-parcial-que-dara-mayor-seguridad\/"]}]},{"@type":"ImageObject","inLanguage":"es","@id":"https:\/\/www.eldiario.net\/portal\/2021\/06\/05\/termina-enmallado-parcial-que-dara-mayor-seguridad\/#primaryimage","url":"","contentUrl":""},{"@type":"BreadcrumbList","@id":"https:\/\/www.eldiario.net\/portal\/2021\/06\/05\/termina-enmallado-parcial-que-dara-mayor-seguridad\/#breadcrumb","itemListElement":[{"@type":"ListItem","position":1,"name":"Portada","item":"https:\/\/www.eldiario.net\/portal\/"},{"@type":"ListItem","position":2,"name":"Termina enmallado parcial que dar\u00e1 mayor seguridad"}]},{"@type":"WebSite","@id":"https:\/\/www.eldiario.net\/portal\/#website","url":"https:\/\/www.eldiario.net\/portal\/","name":"El Diario - Decano de la prensa nacional","description":"El Diario - Decano de la prensa nacional","publisher":{"@id":"https:\/\/www.eldiario.net\/portal\/#organization"},"potentialAction":[{"@type":"SearchAction","target":{"@type":"EntryPoint","urlTemplate":"https:\/\/www.eldiario.net\/portal\/?s={search_term_string}"},"query-input":{"@type":"PropertyValueSpecification","valueRequired":true,"valueName":"search_term_string"}}],"inLanguage":"es"},{"@type":"Organization","@id":"https:\/\/www.eldiario.net\/portal\/#organization","name":"El Diario - Decano de la prensa nacional","url":"https:\/\/www.eldiario.net\/portal\/","logo":{"@type":"ImageObject","inLanguage":"es","@id":"https:\/\/www.eldiario.net\/portal\/#\/schema\/logo\/image\/","url":"https:\/\/www.eldiario.net\/portal\/wp-content\/uploads\/2023\/07\/logo_ED.jpg","contentUrl":"https:\/\/www.eldiario.net\/portal\/wp-content\/uploads\/2023\/07\/logo_ED.jpg","width":272,"height":52,"caption":"El Diario - Decano de la prensa nacional"},"image":{"@id":"https:\/\/www.eldiario.net\/portal\/#\/schema\/logo\/image\/"},"sameAs":["https:\/\/www.facebook.com\/eldiario.bolivia\/","https:\/\/x.com\/eldiario_net"]},{"@type":"Person","@id":"https:\/\/www.eldiario.net\/portal\/#\/schema\/person\/f46445640444750d7d753ccd04ae01b7","name":"Jeanette","image":{"@type":"ImageObject","inLanguage":"es","@id":"https:\/\/secure.gravatar.com\/avatar\/3ea2118a5f7dad2b7138b1187a6b7ee55f160b9968b66013c3a3ef39dd7e5798?s=96&d=mm&r=g","url":"https:\/\/secure.gravatar.com\/avatar\/3ea2118a5f7dad2b7138b1187a6b7ee55f160b9968b66013c3a3ef39dd7e5798?s=96&d=mm&r=g","contentUrl":"https:\/\/secure.gravatar.com\/avatar\/3ea2118a5f7dad2b7138b1187a6b7ee55f160b9968b66013c3a3ef39dd7e5798?s=96&d=mm&r=g","caption":"Jeanette"},"sameAs":["https:\/\/www.eldiario.net\/portal"],"url":"https:\/\/www.eldiario.net\/portal\/author\/jeanette\/"}]}},"_links":{"self":[{"href":"https:\/\/www.eldiario.net\/portal\/wp-json\/wp\/v2\/posts\/8446","targetHints":{"allow":["GET"]}}],"collection":[{"href":"https:\/\/www.eldiario.net\/portal\/wp-json\/wp\/v2\/posts"}],"about":[{"href":"https:\/\/www.eldiario.net\/portal\/wp-json\/wp\/v2\/types\/post"}],"author":[{"embeddable":true,"href":"https:\/\/www.eldiario.net\/portal\/wp-json\/wp\/v2\/users\/1"}],"replies":[{"embeddable":true,"href":"https:\/\/www.eldiario.net\/portal\/wp-json\/wp\/v2\/comments?post=8446"}],"version-history":[{"count":0,"href":"https:\/\/www.eldiario.net\/portal\/wp-json\/wp\/v2\/posts\/8446\/revisions"}],"wp:attachment":[{"href":"https:\/\/www.eldiario.net\/portal\/wp-json\/wp\/v2\/media?parent=8446"}],"wp:term":[{"taxonomy":"category","embeddable":true,"href":"https:\/\/www.eldiario.net\/portal\/wp-json\/wp\/v2\/categories?post=8446"},{"taxonomy":"post_tag","embeddable":true,"href":"https:\/\/www.eldiario.net\/portal\/wp-json\/wp\/v2\/tags?post=8446"}],"curies":[{"name":"wp","href":"https:\/\/api.w.org\/{rel}","templated":true}]}}