{"id":8437,"date":"2021-06-05T05:01:22","date_gmt":"2021-06-05T09:01:22","guid":{"rendered":"https:\/\/www.eldiario.net\/portal\/?p=8437"},"modified":"2021-06-05T05:01:22","modified_gmt":"2021-06-05T09:01:22","slug":"vacunacion-de-jovenes-llego-al-38","status":"publish","type":"post","link":"https:\/\/www.eldiario.net\/portal\/2021\/06\/05\/vacunacion-de-jovenes-llego-al-38\/","title":{"rendered":"Vacunaci\u00f3n de j\u00f3venes lleg\u00f3 al 38 %"},"content":{"rendered":"<p>El secretario de Salud del municipio de la ciudad de El Alto, Henry Flores, dio a conocer que en los \u00faltimos d\u00edas 3.600 j\u00f3venes varones y mujeres, entre las edades de 18 a 29 a\u00f1os, llegaron a vacunarse contra el covid-19, lo que significa un 38 %.<br \/>\nDe acuerdo con la explicaci\u00f3n del funcionario municipal, esta cantidad de vacunados entre dichas edades se fue incrementando luego de la presencia de la tercera ola del coronavirus en la urbe alte\u00f1a, adem\u00e1s del anuncio por parte de las autoridades de salud nacional de que algunos grupos etarios pueden acudir a cumplir con este requisito de salud.<br \/>\nPor otro lado, tambi\u00e9n se ha podido registrar que otro grupo etario, entre las edades de 30 a 50 a\u00f1os, lograron ser vacunados con la primera dosis contra el covid-19, del cual hasta el momento se tiene un registro de por lo menos 5.700 entre hombre y mujeres que cumplieron con su vacunaci\u00f3n.<br \/>\n\u201cSabemos que estos registros que se est\u00e1n dando es debido a la concientizaci\u00f3n que se est\u00e1 efectuando por parte de los grupos encargados del municipio, que a pesar de que en algunos casos de los j\u00f3venes todav\u00eda no se ha habilitado, pero que lograron vacunarse y eso para nosotros es satisfactorio, adem\u00e1s de las personas de las edades 30 y 50 a\u00f1os\u201d, manifest\u00f3 la autoridad de salud Henry Flores.<br \/>\nDe la misma forma, el municipio mediante la direcci\u00f3n de salud dio a conocer que otros grupos de edades comprendidas entre los 40 a 50 a\u00f1os, tambi\u00e9n lograron vacunarse, la inyecci\u00f3n lleg\u00f3 a por lo menos, seg\u00fan registros de los encargados de este cometido, a 9.500 personas entre damas y varones.<br \/>\nMientras que otra de las edades que ya cumplieron con este cometido entre los 50 a 59, se puede conocer que se tiene un registro de 21.000 personas y de 60 a\u00f1os para adelante, hasta 71.000 vacunados entre la primera y segunda dosis.<br \/>\n\u201cLo que nosotros hemos podido advertir es que desde que los j\u00f3venes comenzaron a vacunarse los registros comenzaron a subir las cifras, debido a los informes por parte de epidemiolog\u00eda del Servicio Departamental de Salud (Sedes), La Paz, donde advirtieron que esta tercera ola o la posible cepa brasile\u00f1a podr\u00eda afectar a personas entre dichas edades\u201d, explic\u00f3 Flores. Con relaci\u00f3n a las vacunas que ser\u00e1n enviadas por parte del Programa Ampliado de Vacunas, a cargo de Peggy Ib\u00e1\u00f1ez, se asegur\u00f3 que 4.000 de estas dosis llegar\u00e1n a la ciudad de El Alto.<br \/>\nLa decisi\u00f3n fue tomada, luego de que la ma\u00f1ana del viernes, en conferencia de prensa, la primera autoridad de esta urbe la alcaldesa Eva Copa, solicit\u00f3 m\u00e1s vacunas para los diferentes grupos de edades, teniendo en cuenta que al momento se ha podido advertir que muchos j\u00f3venes est\u00e1n acudiendo a los puntos de vacunaci\u00f3n.<br \/>\nDe esta forma, el director de salud del municipio confirm\u00f3 la llegada de m\u00e1s vacunas para la urbe alte\u00f1a, con la finalidad de cumplir con estas demandas de la poblaci\u00f3n, que en los \u00faltimos d\u00edas ha comenzado se ha notado mayor afluencia por parte de j\u00f3venes de diferentes edades.<\/p>\n<figure id=\"attachment_8439\" aria-describedby=\"caption-attachment-8439\" style=\"width: 300px\" class=\"wp-caption aligncenter\"><img loading=\"lazy\" decoding=\"async\" class=\"size-medium wp-image-8439\" src=\"https:\/\/www.eldiario.net\/portal\/wp-content\/uploads\/2021\/06\/2AL-2-300x225.jpg\" alt=\"\" width=\"300\" height=\"225\" \/><figcaption id=\"caption-attachment-8439\" class=\"wp-caption-text\">A\u00fan existen j\u00f3venes que descuidan el uso del barbijo.<\/figcaption><\/figure>\n","protected":false},"excerpt":{"rendered":"<p>El secretario de Salud del municipio de la ciudad de El Alto, Henry Flores, dio a conocer que en los \u00faltimos d\u00edas 3.600 j\u00f3venes varones y mujeres, entre las edades de 18 a 29 a\u00f1os, llegaron a vacunarse contra el covid-19, lo que significa un 38 %. De acuerdo con la explicaci\u00f3n del funcionario municipal, [&hellip;]<\/p>\n","protected":false},"author":1,"featured_media":8438,"comment_status":"closed","ping_status":"closed","sticky":false,"template":"","format":"standard","meta":{"_acf_changed":false,"footnotes":""},"categories":[12],"tags":[],"class_list":["post-8437","post","type-post","status-publish","format-standard","has-post-thumbnail","category-nacional"],"acf":{"antetitulo":""},"yoast_head":"<!-- This site is optimized with the Yoast SEO plugin v28.3 - https:\/\/yoast.com\/product\/yoast-seo-wordpress\/ -->\n<title>Vacunaci\u00f3n de j\u00f3venes lleg\u00f3 al 38 % - El Diario - Bolivia<\/title>\n<meta name=\"robots\" content=\"index, follow, max-snippet:-1, max-image-preview:large, max-video-preview:-1\" \/>\n<link rel=\"canonical\" href=\"https:\/\/www.eldiario.net\/portal\/2021\/06\/05\/vacunacion-de-jovenes-llego-al-38\/\" \/>\n<meta property=\"og:locale\" content=\"es_ES\" \/>\n<meta property=\"og:type\" content=\"article\" \/>\n<meta property=\"og:title\" content=\"Vacunaci\u00f3n de j\u00f3venes lleg\u00f3 al 38 % - El Diario - Bolivia\" \/>\n<meta property=\"og:description\" content=\"El secretario de Salud del municipio de la ciudad de El Alto, Henry Flores, dio a conocer que en los \u00faltimos d\u00edas 3.600 j\u00f3venes varones y mujeres, entre las edades de 18 a 29 a\u00f1os, llegaron a vacunarse contra el covid-19, lo que significa un 38 %. De acuerdo con la explicaci\u00f3n del funcionario municipal, [&hellip;]\" \/>\n<meta property=\"og:url\" content=\"https:\/\/www.eldiario.net\/portal\/2021\/06\/05\/vacunacion-de-jovenes-llego-al-38\/\" \/>\n<meta property=\"og:site_name\" content=\"El Diario - Bolivia\" \/>\n<meta property=\"article:publisher\" content=\"https:\/\/www.facebook.com\/eldiario.bolivia\/\" \/>\n<meta property=\"article:published_time\" content=\"2021-06-05T09:01:22+00:00\" \/>\n<meta name=\"author\" content=\"Jeanette\" \/>\n<meta name=\"twitter:card\" content=\"summary_large_image\" \/>\n<meta name=\"twitter:creator\" content=\"@eldiario_net\" \/>\n<meta name=\"twitter:site\" content=\"@eldiario_net\" \/>\n<meta name=\"twitter:label1\" content=\"Escrito por\" \/>\n\t<meta name=\"twitter:data1\" content=\"Jeanette\" \/>\n\t<meta name=\"twitter:label2\" content=\"Tiempo de lectura\" \/>\n\t<meta name=\"twitter:data2\" content=\"3 minutos\" \/>\n<script type=\"application\/ld+json\" class=\"yoast-schema-graph\">{\"@context\":\"https:\\\/\\\/schema.org\",\"@graph\":[{\"@type\":\"Article\",\"@id\":\"https:\\\/\\\/www.eldiario.net\\\/portal\\\/2021\\\/06\\\/05\\\/vacunacion-de-jovenes-llego-al-38\\\/#article\",\"isPartOf\":{\"@id\":\"https:\\\/\\\/www.eldiario.net\\\/portal\\\/2021\\\/06\\\/05\\\/vacunacion-de-jovenes-llego-al-38\\\/\"},\"author\":{\"name\":\"Jeanette\",\"@id\":\"https:\\\/\\\/www.eldiario.net\\\/portal\\\/#\\\/schema\\\/person\\\/f46445640444750d7d753ccd04ae01b7\"},\"headline\":\"Vacunaci\u00f3n de j\u00f3venes lleg\u00f3 al 38 %\",\"datePublished\":\"2021-06-05T09:01:22+00:00\",\"mainEntityOfPage\":{\"@id\":\"https:\\\/\\\/www.eldiario.net\\\/portal\\\/2021\\\/06\\\/05\\\/vacunacion-de-jovenes-llego-al-38\\\/\"},\"wordCount\":561,\"publisher\":{\"@id\":\"https:\\\/\\\/www.eldiario.net\\\/portal\\\/#organization\"},\"image\":{\"@id\":\"https:\\\/\\\/www.eldiario.net\\\/portal\\\/2021\\\/06\\\/05\\\/vacunacion-de-jovenes-llego-al-38\\\/#primaryimage\"},\"thumbnailUrl\":\"\",\"articleSection\":[\"Nacional\"],\"inLanguage\":\"es\"},{\"@type\":\"WebPage\",\"@id\":\"https:\\\/\\\/www.eldiario.net\\\/portal\\\/2021\\\/06\\\/05\\\/vacunacion-de-jovenes-llego-al-38\\\/\",\"url\":\"https:\\\/\\\/www.eldiario.net\\\/portal\\\/2021\\\/06\\\/05\\\/vacunacion-de-jovenes-llego-al-38\\\/\",\"name\":\"Vacunaci\u00f3n de j\u00f3venes lleg\u00f3 al 38 % - El Diario - Bolivia\",\"isPartOf\":{\"@id\":\"https:\\\/\\\/www.eldiario.net\\\/portal\\\/#website\"},\"primaryImageOfPage\":{\"@id\":\"https:\\\/\\\/www.eldiario.net\\\/portal\\\/2021\\\/06\\\/05\\\/vacunacion-de-jovenes-llego-al-38\\\/#primaryimage\"},\"image\":{\"@id\":\"https:\\\/\\\/www.eldiario.net\\\/portal\\\/2021\\\/06\\\/05\\\/vacunacion-de-jovenes-llego-al-38\\\/#primaryimage\"},\"thumbnailUrl\":\"\",\"datePublished\":\"2021-06-05T09:01:22+00:00\",\"breadcrumb\":{\"@id\":\"https:\\\/\\\/www.eldiario.net\\\/portal\\\/2021\\\/06\\\/05\\\/vacunacion-de-jovenes-llego-al-38\\\/#breadcrumb\"},\"inLanguage\":\"es\",\"potentialAction\":[{\"@type\":\"ReadAction\",\"target\":[\"https:\\\/\\\/www.eldiario.net\\\/portal\\\/2021\\\/06\\\/05\\\/vacunacion-de-jovenes-llego-al-38\\\/\"]}]},{\"@type\":\"ImageObject\",\"inLanguage\":\"es\",\"@id\":\"https:\\\/\\\/www.eldiario.net\\\/portal\\\/2021\\\/06\\\/05\\\/vacunacion-de-jovenes-llego-al-38\\\/#primaryimage\",\"url\":\"\",\"contentUrl\":\"\"},{\"@type\":\"BreadcrumbList\",\"@id\":\"https:\\\/\\\/www.eldiario.net\\\/portal\\\/2021\\\/06\\\/05\\\/vacunacion-de-jovenes-llego-al-38\\\/#breadcrumb\",\"itemListElement\":[{\"@type\":\"ListItem\",\"position\":1,\"name\":\"Portada\",\"item\":\"https:\\\/\\\/www.eldiario.net\\\/portal\\\/\"},{\"@type\":\"ListItem\",\"position\":2,\"name\":\"Vacunaci\u00f3n de j\u00f3venes lleg\u00f3 al 38 %\"}]},{\"@type\":\"WebSite\",\"@id\":\"https:\\\/\\\/www.eldiario.net\\\/portal\\\/#website\",\"url\":\"https:\\\/\\\/www.eldiario.net\\\/portal\\\/\",\"name\":\"El Diario - Decano de la prensa nacional\",\"description\":\"El Diario - Decano de la prensa nacional\",\"publisher\":{\"@id\":\"https:\\\/\\\/www.eldiario.net\\\/portal\\\/#organization\"},\"potentialAction\":[{\"@type\":\"SearchAction\",\"target\":{\"@type\":\"EntryPoint\",\"urlTemplate\":\"https:\\\/\\\/www.eldiario.net\\\/portal\\\/?s={search_term_string}\"},\"query-input\":{\"@type\":\"PropertyValueSpecification\",\"valueRequired\":true,\"valueName\":\"search_term_string\"}}],\"inLanguage\":\"es\"},{\"@type\":\"Organization\",\"@id\":\"https:\\\/\\\/www.eldiario.net\\\/portal\\\/#organization\",\"name\":\"El Diario - Decano de la prensa nacional\",\"url\":\"https:\\\/\\\/www.eldiario.net\\\/portal\\\/\",\"logo\":{\"@type\":\"ImageObject\",\"inLanguage\":\"es\",\"@id\":\"https:\\\/\\\/www.eldiario.net\\\/portal\\\/#\\\/schema\\\/logo\\\/image\\\/\",\"url\":\"https:\\\/\\\/www.eldiario.net\\\/portal\\\/wp-content\\\/uploads\\\/2023\\\/07\\\/logo_ED.jpg\",\"contentUrl\":\"https:\\\/\\\/www.eldiario.net\\\/portal\\\/wp-content\\\/uploads\\\/2023\\\/07\\\/logo_ED.jpg\",\"width\":272,\"height\":52,\"caption\":\"El Diario - Decano de la prensa nacional\"},\"image\":{\"@id\":\"https:\\\/\\\/www.eldiario.net\\\/portal\\\/#\\\/schema\\\/logo\\\/image\\\/\"},\"sameAs\":[\"https:\\\/\\\/www.facebook.com\\\/eldiario.bolivia\\\/\",\"https:\\\/\\\/x.com\\\/eldiario_net\"]},{\"@type\":\"Person\",\"@id\":\"https:\\\/\\\/www.eldiario.net\\\/portal\\\/#\\\/schema\\\/person\\\/f46445640444750d7d753ccd04ae01b7\",\"name\":\"Jeanette\",\"image\":{\"@type\":\"ImageObject\",\"inLanguage\":\"es\",\"@id\":\"https:\\\/\\\/secure.gravatar.com\\\/avatar\\\/3ea2118a5f7dad2b7138b1187a6b7ee55f160b9968b66013c3a3ef39dd7e5798?s=96&d=mm&r=g\",\"url\":\"https:\\\/\\\/secure.gravatar.com\\\/avatar\\\/3ea2118a5f7dad2b7138b1187a6b7ee55f160b9968b66013c3a3ef39dd7e5798?s=96&d=mm&r=g\",\"contentUrl\":\"https:\\\/\\\/secure.gravatar.com\\\/avatar\\\/3ea2118a5f7dad2b7138b1187a6b7ee55f160b9968b66013c3a3ef39dd7e5798?s=96&d=mm&r=g\",\"caption\":\"Jeanette\"},\"sameAs\":[\"https:\\\/\\\/www.eldiario.net\\\/portal\"],\"url\":\"https:\\\/\\\/www.eldiario.net\\\/portal\\\/author\\\/jeanette\\\/\"}]}<\/script>\n<!-- \/ Yoast SEO plugin. -->","yoast_head_json":{"title":"Vacunaci\u00f3n de j\u00f3venes lleg\u00f3 al 38 % - El Diario - Bolivia","robots":{"index":"index","follow":"follow","max-snippet":"max-snippet:-1","max-image-preview":"max-image-preview:large","max-video-preview":"max-video-preview:-1"},"canonical":"https:\/\/www.eldiario.net\/portal\/2021\/06\/05\/vacunacion-de-jovenes-llego-al-38\/","og_locale":"es_ES","og_type":"article","og_title":"Vacunaci\u00f3n de j\u00f3venes lleg\u00f3 al 38 % - El Diario - Bolivia","og_description":"El secretario de Salud del municipio de la ciudad de El Alto, Henry Flores, dio a conocer que en los \u00faltimos d\u00edas 3.600 j\u00f3venes varones y mujeres, entre las edades de 18 a 29 a\u00f1os, llegaron a vacunarse contra el covid-19, lo que significa un 38 %. De acuerdo con la explicaci\u00f3n del funcionario municipal, [&hellip;]","og_url":"https:\/\/www.eldiario.net\/portal\/2021\/06\/05\/vacunacion-de-jovenes-llego-al-38\/","og_site_name":"El Diario - Bolivia","article_publisher":"https:\/\/www.facebook.com\/eldiario.bolivia\/","article_published_time":"2021-06-05T09:01:22+00:00","author":"Jeanette","twitter_card":"summary_large_image","twitter_creator":"@eldiario_net","twitter_site":"@eldiario_net","twitter_misc":{"Escrito por":"Jeanette","Tiempo de lectura":"3 minutos"},"schema":{"@context":"https:\/\/schema.org","@graph":[{"@type":"Article","@id":"https:\/\/www.eldiario.net\/portal\/2021\/06\/05\/vacunacion-de-jovenes-llego-al-38\/#article","isPartOf":{"@id":"https:\/\/www.eldiario.net\/portal\/2021\/06\/05\/vacunacion-de-jovenes-llego-al-38\/"},"author":{"name":"Jeanette","@id":"https:\/\/www.eldiario.net\/portal\/#\/schema\/person\/f46445640444750d7d753ccd04ae01b7"},"headline":"Vacunaci\u00f3n de j\u00f3venes lleg\u00f3 al 38 %","datePublished":"2021-06-05T09:01:22+00:00","mainEntityOfPage":{"@id":"https:\/\/www.eldiario.net\/portal\/2021\/06\/05\/vacunacion-de-jovenes-llego-al-38\/"},"wordCount":561,"publisher":{"@id":"https:\/\/www.eldiario.net\/portal\/#organization"},"image":{"@id":"https:\/\/www.eldiario.net\/portal\/2021\/06\/05\/vacunacion-de-jovenes-llego-al-38\/#primaryimage"},"thumbnailUrl":"","articleSection":["Nacional"],"inLanguage":"es"},{"@type":"WebPage","@id":"https:\/\/www.eldiario.net\/portal\/2021\/06\/05\/vacunacion-de-jovenes-llego-al-38\/","url":"https:\/\/www.eldiario.net\/portal\/2021\/06\/05\/vacunacion-de-jovenes-llego-al-38\/","name":"Vacunaci\u00f3n de j\u00f3venes lleg\u00f3 al 38 % - El Diario - Bolivia","isPartOf":{"@id":"https:\/\/www.eldiario.net\/portal\/#website"},"primaryImageOfPage":{"@id":"https:\/\/www.eldiario.net\/portal\/2021\/06\/05\/vacunacion-de-jovenes-llego-al-38\/#primaryimage"},"image":{"@id":"https:\/\/www.eldiario.net\/portal\/2021\/06\/05\/vacunacion-de-jovenes-llego-al-38\/#primaryimage"},"thumbnailUrl":"","datePublished":"2021-06-05T09:01:22+00:00","breadcrumb":{"@id":"https:\/\/www.eldiario.net\/portal\/2021\/06\/05\/vacunacion-de-jovenes-llego-al-38\/#breadcrumb"},"inLanguage":"es","potentialAction":[{"@type":"ReadAction","target":["https:\/\/www.eldiario.net\/portal\/2021\/06\/05\/vacunacion-de-jovenes-llego-al-38\/"]}]},{"@type":"ImageObject","inLanguage":"es","@id":"https:\/\/www.eldiario.net\/portal\/2021\/06\/05\/vacunacion-de-jovenes-llego-al-38\/#primaryimage","url":"","contentUrl":""},{"@type":"BreadcrumbList","@id":"https:\/\/www.eldiario.net\/portal\/2021\/06\/05\/vacunacion-de-jovenes-llego-al-38\/#breadcrumb","itemListElement":[{"@type":"ListItem","position":1,"name":"Portada","item":"https:\/\/www.eldiario.net\/portal\/"},{"@type":"ListItem","position":2,"name":"Vacunaci\u00f3n de j\u00f3venes lleg\u00f3 al 38 %"}]},{"@type":"WebSite","@id":"https:\/\/www.eldiario.net\/portal\/#website","url":"https:\/\/www.eldiario.net\/portal\/","name":"El Diario - Decano de la prensa nacional","description":"El Diario - Decano de la prensa nacional","publisher":{"@id":"https:\/\/www.eldiario.net\/portal\/#organization"},"potentialAction":[{"@type":"SearchAction","target":{"@type":"EntryPoint","urlTemplate":"https:\/\/www.eldiario.net\/portal\/?s={search_term_string}"},"query-input":{"@type":"PropertyValueSpecification","valueRequired":true,"valueName":"search_term_string"}}],"inLanguage":"es"},{"@type":"Organization","@id":"https:\/\/www.eldiario.net\/portal\/#organization","name":"El Diario - Decano de la prensa nacional","url":"https:\/\/www.eldiario.net\/portal\/","logo":{"@type":"ImageObject","inLanguage":"es","@id":"https:\/\/www.eldiario.net\/portal\/#\/schema\/logo\/image\/","url":"https:\/\/www.eldiario.net\/portal\/wp-content\/uploads\/2023\/07\/logo_ED.jpg","contentUrl":"https:\/\/www.eldiario.net\/portal\/wp-content\/uploads\/2023\/07\/logo_ED.jpg","width":272,"height":52,"caption":"El Diario - Decano de la prensa nacional"},"image":{"@id":"https:\/\/www.eldiario.net\/portal\/#\/schema\/logo\/image\/"},"sameAs":["https:\/\/www.facebook.com\/eldiario.bolivia\/","https:\/\/x.com\/eldiario_net"]},{"@type":"Person","@id":"https:\/\/www.eldiario.net\/portal\/#\/schema\/person\/f46445640444750d7d753ccd04ae01b7","name":"Jeanette","image":{"@type":"ImageObject","inLanguage":"es","@id":"https:\/\/secure.gravatar.com\/avatar\/3ea2118a5f7dad2b7138b1187a6b7ee55f160b9968b66013c3a3ef39dd7e5798?s=96&d=mm&r=g","url":"https:\/\/secure.gravatar.com\/avatar\/3ea2118a5f7dad2b7138b1187a6b7ee55f160b9968b66013c3a3ef39dd7e5798?s=96&d=mm&r=g","contentUrl":"https:\/\/secure.gravatar.com\/avatar\/3ea2118a5f7dad2b7138b1187a6b7ee55f160b9968b66013c3a3ef39dd7e5798?s=96&d=mm&r=g","caption":"Jeanette"},"sameAs":["https:\/\/www.eldiario.net\/portal"],"url":"https:\/\/www.eldiario.net\/portal\/author\/jeanette\/"}]}},"_links":{"self":[{"href":"https:\/\/www.eldiario.net\/portal\/wp-json\/wp\/v2\/posts\/8437","targetHints":{"allow":["GET"]}}],"collection":[{"href":"https:\/\/www.eldiario.net\/portal\/wp-json\/wp\/v2\/posts"}],"about":[{"href":"https:\/\/www.eldiario.net\/portal\/wp-json\/wp\/v2\/types\/post"}],"author":[{"embeddable":true,"href":"https:\/\/www.eldiario.net\/portal\/wp-json\/wp\/v2\/users\/1"}],"replies":[{"embeddable":true,"href":"https:\/\/www.eldiario.net\/portal\/wp-json\/wp\/v2\/comments?post=8437"}],"version-history":[{"count":0,"href":"https:\/\/www.eldiario.net\/portal\/wp-json\/wp\/v2\/posts\/8437\/revisions"}],"wp:attachment":[{"href":"https:\/\/www.eldiario.net\/portal\/wp-json\/wp\/v2\/media?parent=8437"}],"wp:term":[{"taxonomy":"category","embeddable":true,"href":"https:\/\/www.eldiario.net\/portal\/wp-json\/wp\/v2\/categories?post=8437"},{"taxonomy":"post_tag","embeddable":true,"href":"https:\/\/www.eldiario.net\/portal\/wp-json\/wp\/v2\/tags?post=8437"}],"curies":[{"name":"wp","href":"https:\/\/api.w.org\/{rel}","templated":true}]}}