{"id":8435,"date":"2021-06-05T04:59:58","date_gmt":"2021-06-05T08:59:58","guid":{"rendered":"https:\/\/www.eldiario.net\/portal\/?p=8435"},"modified":"2021-06-05T04:59:58","modified_gmt":"2021-06-05T08:59:58","slug":"madre-e-hijo-fallecen-tras-absorber-humo-de-cocina","status":"publish","type":"post","link":"https:\/\/www.eldiario.net\/portal\/2021\/06\/05\/madre-e-hijo-fallecen-tras-absorber-humo-de-cocina\/","title":{"rendered":"Madre e hijo fallecen tras  absorber humo de cocina"},"content":{"rendered":"<p>En la zona de Alto Lima, madre e hijo fallecen por inhalaci\u00f3n de mon\u00f3xido de carbono, producto de la emanaci\u00f3n del humo de una cocina que hab\u00edan dejado encendida, quedando dormidos, seg\u00fan informe del teniente Carlos Patzi, de la Fuerza Anticrimen de esta urbe.<br \/>\nLa voz de alerta fue brindada a la Polic\u00eda por parte de los familiares de las dos infortunadas personas, donde madre e hijo al encontrarse dentro de su habitaci\u00f3n y luego de haber dejado la cocina encendida se durmieron y al quemarse la olla, comenz\u00f3 a emanar el mon\u00f3xido de carbono que al estar dormidos y sin darse cuenta inhalaron hasta quedar sin vida.<br \/>\n\u201cLo que nosotros hemos podido advertir y gracias a algunos testigos del entorno familiar es que las dos personas dejaron preparada una olla de comida, pero al quedarse dormidos esto provoc\u00f3 que se quemara y el humo correspondiente que los asfixi\u00f3, provoc\u00e1ndoles la muerte a ambas personas sin que se dieran cuenta\u201d, explic\u00f3 el teniente Patzi.<br \/>\nSin embargo, las investigaciones en torno a este hecho, continuar\u00e1n, asegur\u00f3 la autoridad, a pesar de que se conoce como primera hip\u00f3tesis el fallecimiento de las dos personas, por inhalaci\u00f3n de mon\u00f3xido de carbono, para el cual recurrir\u00e1n al entorno familiar que ser\u00e1n los testigos, quienes dieron la voz de alerta sobre este hecho.<br \/>\nDe la misma manera, la Polic\u00eda exhort\u00f3 a la poblaci\u00f3n alte\u00f1a a tener mucha precauci\u00f3n al dejar encendida este tipo de artefactos, y no solo una cocina, sino quiz\u00e1 una estufa, debido al fr\u00edo reinante que comenz\u00f3 en la urbe alte\u00f1a, lo que generalmente es utilizado para calentar las habitaciones.<br \/>\nA prop\u00f3sito, se conoce que mediante el Servicio Nacional de Meteorolog\u00eda e Hidrolog\u00eda (Senamhi), se ha establecido que las temperaturas especialmente en la ciudad de El Alto, continuar\u00e1n bajando, por lo que se reviene a la poblaci\u00f3n a tener en cuenta este tema, para no tener resfriados sus hogares y con m\u00e1s raz\u00f3n a las personas de la tercera edad y los ni\u00f1os.<\/p>\n","protected":false},"excerpt":{"rendered":"<p>En la zona de Alto Lima, madre e hijo fallecen por inhalaci\u00f3n de mon\u00f3xido de carbono, producto de la emanaci\u00f3n del humo de una cocina que hab\u00edan dejado encendida, quedando dormidos, seg\u00fan informe del teniente Carlos Patzi, de la Fuerza Anticrimen de esta urbe. La voz de alerta fue brindada a la Polic\u00eda por parte [&hellip;]<\/p>\n","protected":false},"author":1,"featured_media":0,"comment_status":"closed","ping_status":"closed","sticky":false,"template":"","format":"standard","meta":{"_acf_changed":false,"footnotes":""},"categories":[12],"tags":[],"class_list":["post-8435","post","type-post","status-publish","format-standard","category-nacional"],"acf":{"antetitulo":""},"yoast_head":"<!-- This site is optimized with the Yoast SEO plugin v28.3 - https:\/\/yoast.com\/product\/yoast-seo-wordpress\/ -->\n<title>Madre e hijo fallecen tras absorber humo de cocina - El Diario - Bolivia<\/title>\n<meta name=\"robots\" content=\"index, follow, max-snippet:-1, max-image-preview:large, max-video-preview:-1\" \/>\n<link rel=\"canonical\" href=\"https:\/\/www.eldiario.net\/portal\/2021\/06\/05\/madre-e-hijo-fallecen-tras-absorber-humo-de-cocina\/\" \/>\n<meta property=\"og:locale\" content=\"es_ES\" \/>\n<meta property=\"og:type\" content=\"article\" \/>\n<meta property=\"og:title\" content=\"Madre e hijo fallecen tras absorber humo de cocina - El Diario - Bolivia\" \/>\n<meta property=\"og:description\" content=\"En la zona de Alto Lima, madre e hijo fallecen por inhalaci\u00f3n de mon\u00f3xido de carbono, producto de la emanaci\u00f3n del humo de una cocina que hab\u00edan dejado encendida, quedando dormidos, seg\u00fan informe del teniente Carlos Patzi, de la Fuerza Anticrimen de esta urbe. La voz de alerta fue brindada a la Polic\u00eda por parte [&hellip;]\" \/>\n<meta property=\"og:url\" content=\"https:\/\/www.eldiario.net\/portal\/2021\/06\/05\/madre-e-hijo-fallecen-tras-absorber-humo-de-cocina\/\" \/>\n<meta property=\"og:site_name\" content=\"El Diario - Bolivia\" \/>\n<meta property=\"article:publisher\" content=\"https:\/\/www.facebook.com\/eldiario.bolivia\/\" \/>\n<meta property=\"article:published_time\" content=\"2021-06-05T08:59:58+00:00\" \/>\n<meta name=\"author\" content=\"Jeanette\" \/>\n<meta name=\"twitter:card\" content=\"summary_large_image\" \/>\n<meta name=\"twitter:creator\" content=\"@eldiario_net\" \/>\n<meta name=\"twitter:site\" content=\"@eldiario_net\" \/>\n<meta name=\"twitter:label1\" content=\"Escrito por\" \/>\n\t<meta name=\"twitter:data1\" content=\"Jeanette\" \/>\n\t<meta name=\"twitter:label2\" content=\"Tiempo de lectura\" \/>\n\t<meta name=\"twitter:data2\" content=\"2 minutos\" \/>\n<script type=\"application\/ld+json\" class=\"yoast-schema-graph\">{\"@context\":\"https:\\\/\\\/schema.org\",\"@graph\":[{\"@type\":\"Article\",\"@id\":\"https:\\\/\\\/www.eldiario.net\\\/portal\\\/2021\\\/06\\\/05\\\/madre-e-hijo-fallecen-tras-absorber-humo-de-cocina\\\/#article\",\"isPartOf\":{\"@id\":\"https:\\\/\\\/www.eldiario.net\\\/portal\\\/2021\\\/06\\\/05\\\/madre-e-hijo-fallecen-tras-absorber-humo-de-cocina\\\/\"},\"author\":{\"name\":\"Jeanette\",\"@id\":\"https:\\\/\\\/www.eldiario.net\\\/portal\\\/#\\\/schema\\\/person\\\/f46445640444750d7d753ccd04ae01b7\"},\"headline\":\"Madre e hijo fallecen tras absorber humo de cocina\",\"datePublished\":\"2021-06-05T08:59:58+00:00\",\"mainEntityOfPage\":{\"@id\":\"https:\\\/\\\/www.eldiario.net\\\/portal\\\/2021\\\/06\\\/05\\\/madre-e-hijo-fallecen-tras-absorber-humo-de-cocina\\\/\"},\"wordCount\":369,\"publisher\":{\"@id\":\"https:\\\/\\\/www.eldiario.net\\\/portal\\\/#organization\"},\"articleSection\":[\"Nacional\"],\"inLanguage\":\"es\"},{\"@type\":\"WebPage\",\"@id\":\"https:\\\/\\\/www.eldiario.net\\\/portal\\\/2021\\\/06\\\/05\\\/madre-e-hijo-fallecen-tras-absorber-humo-de-cocina\\\/\",\"url\":\"https:\\\/\\\/www.eldiario.net\\\/portal\\\/2021\\\/06\\\/05\\\/madre-e-hijo-fallecen-tras-absorber-humo-de-cocina\\\/\",\"name\":\"Madre e hijo fallecen tras absorber humo de cocina - El Diario - Bolivia\",\"isPartOf\":{\"@id\":\"https:\\\/\\\/www.eldiario.net\\\/portal\\\/#website\"},\"datePublished\":\"2021-06-05T08:59:58+00:00\",\"breadcrumb\":{\"@id\":\"https:\\\/\\\/www.eldiario.net\\\/portal\\\/2021\\\/06\\\/05\\\/madre-e-hijo-fallecen-tras-absorber-humo-de-cocina\\\/#breadcrumb\"},\"inLanguage\":\"es\",\"potentialAction\":[{\"@type\":\"ReadAction\",\"target\":[\"https:\\\/\\\/www.eldiario.net\\\/portal\\\/2021\\\/06\\\/05\\\/madre-e-hijo-fallecen-tras-absorber-humo-de-cocina\\\/\"]}]},{\"@type\":\"BreadcrumbList\",\"@id\":\"https:\\\/\\\/www.eldiario.net\\\/portal\\\/2021\\\/06\\\/05\\\/madre-e-hijo-fallecen-tras-absorber-humo-de-cocina\\\/#breadcrumb\",\"itemListElement\":[{\"@type\":\"ListItem\",\"position\":1,\"name\":\"Portada\",\"item\":\"https:\\\/\\\/www.eldiario.net\\\/portal\\\/\"},{\"@type\":\"ListItem\",\"position\":2,\"name\":\"Madre e hijo fallecen tras absorber humo de cocina\"}]},{\"@type\":\"WebSite\",\"@id\":\"https:\\\/\\\/www.eldiario.net\\\/portal\\\/#website\",\"url\":\"https:\\\/\\\/www.eldiario.net\\\/portal\\\/\",\"name\":\"El Diario - Decano de la prensa nacional\",\"description\":\"El Diario - Decano de la prensa nacional\",\"publisher\":{\"@id\":\"https:\\\/\\\/www.eldiario.net\\\/portal\\\/#organization\"},\"potentialAction\":[{\"@type\":\"SearchAction\",\"target\":{\"@type\":\"EntryPoint\",\"urlTemplate\":\"https:\\\/\\\/www.eldiario.net\\\/portal\\\/?s={search_term_string}\"},\"query-input\":{\"@type\":\"PropertyValueSpecification\",\"valueRequired\":true,\"valueName\":\"search_term_string\"}}],\"inLanguage\":\"es\"},{\"@type\":\"Organization\",\"@id\":\"https:\\\/\\\/www.eldiario.net\\\/portal\\\/#organization\",\"name\":\"El Diario - Decano de la prensa nacional\",\"url\":\"https:\\\/\\\/www.eldiario.net\\\/portal\\\/\",\"logo\":{\"@type\":\"ImageObject\",\"inLanguage\":\"es\",\"@id\":\"https:\\\/\\\/www.eldiario.net\\\/portal\\\/#\\\/schema\\\/logo\\\/image\\\/\",\"url\":\"https:\\\/\\\/www.eldiario.net\\\/portal\\\/wp-content\\\/uploads\\\/2023\\\/07\\\/logo_ED.jpg\",\"contentUrl\":\"https:\\\/\\\/www.eldiario.net\\\/portal\\\/wp-content\\\/uploads\\\/2023\\\/07\\\/logo_ED.jpg\",\"width\":272,\"height\":52,\"caption\":\"El Diario - Decano de la prensa nacional\"},\"image\":{\"@id\":\"https:\\\/\\\/www.eldiario.net\\\/portal\\\/#\\\/schema\\\/logo\\\/image\\\/\"},\"sameAs\":[\"https:\\\/\\\/www.facebook.com\\\/eldiario.bolivia\\\/\",\"https:\\\/\\\/x.com\\\/eldiario_net\"]},{\"@type\":\"Person\",\"@id\":\"https:\\\/\\\/www.eldiario.net\\\/portal\\\/#\\\/schema\\\/person\\\/f46445640444750d7d753ccd04ae01b7\",\"name\":\"Jeanette\",\"image\":{\"@type\":\"ImageObject\",\"inLanguage\":\"es\",\"@id\":\"https:\\\/\\\/secure.gravatar.com\\\/avatar\\\/3ea2118a5f7dad2b7138b1187a6b7ee55f160b9968b66013c3a3ef39dd7e5798?s=96&d=mm&r=g\",\"url\":\"https:\\\/\\\/secure.gravatar.com\\\/avatar\\\/3ea2118a5f7dad2b7138b1187a6b7ee55f160b9968b66013c3a3ef39dd7e5798?s=96&d=mm&r=g\",\"contentUrl\":\"https:\\\/\\\/secure.gravatar.com\\\/avatar\\\/3ea2118a5f7dad2b7138b1187a6b7ee55f160b9968b66013c3a3ef39dd7e5798?s=96&d=mm&r=g\",\"caption\":\"Jeanette\"},\"sameAs\":[\"https:\\\/\\\/www.eldiario.net\\\/portal\"],\"url\":\"https:\\\/\\\/www.eldiario.net\\\/portal\\\/author\\\/jeanette\\\/\"}]}<\/script>\n<!-- \/ Yoast SEO plugin. -->","yoast_head_json":{"title":"Madre e hijo fallecen tras absorber humo de cocina - El Diario - Bolivia","robots":{"index":"index","follow":"follow","max-snippet":"max-snippet:-1","max-image-preview":"max-image-preview:large","max-video-preview":"max-video-preview:-1"},"canonical":"https:\/\/www.eldiario.net\/portal\/2021\/06\/05\/madre-e-hijo-fallecen-tras-absorber-humo-de-cocina\/","og_locale":"es_ES","og_type":"article","og_title":"Madre e hijo fallecen tras absorber humo de cocina - El Diario - Bolivia","og_description":"En la zona de Alto Lima, madre e hijo fallecen por inhalaci\u00f3n de mon\u00f3xido de carbono, producto de la emanaci\u00f3n del humo de una cocina que hab\u00edan dejado encendida, quedando dormidos, seg\u00fan informe del teniente Carlos Patzi, de la Fuerza Anticrimen de esta urbe. La voz de alerta fue brindada a la Polic\u00eda por parte [&hellip;]","og_url":"https:\/\/www.eldiario.net\/portal\/2021\/06\/05\/madre-e-hijo-fallecen-tras-absorber-humo-de-cocina\/","og_site_name":"El Diario - Bolivia","article_publisher":"https:\/\/www.facebook.com\/eldiario.bolivia\/","article_published_time":"2021-06-05T08:59:58+00:00","author":"Jeanette","twitter_card":"summary_large_image","twitter_creator":"@eldiario_net","twitter_site":"@eldiario_net","twitter_misc":{"Escrito por":"Jeanette","Tiempo de lectura":"2 minutos"},"schema":{"@context":"https:\/\/schema.org","@graph":[{"@type":"Article","@id":"https:\/\/www.eldiario.net\/portal\/2021\/06\/05\/madre-e-hijo-fallecen-tras-absorber-humo-de-cocina\/#article","isPartOf":{"@id":"https:\/\/www.eldiario.net\/portal\/2021\/06\/05\/madre-e-hijo-fallecen-tras-absorber-humo-de-cocina\/"},"author":{"name":"Jeanette","@id":"https:\/\/www.eldiario.net\/portal\/#\/schema\/person\/f46445640444750d7d753ccd04ae01b7"},"headline":"Madre e hijo fallecen tras absorber humo de cocina","datePublished":"2021-06-05T08:59:58+00:00","mainEntityOfPage":{"@id":"https:\/\/www.eldiario.net\/portal\/2021\/06\/05\/madre-e-hijo-fallecen-tras-absorber-humo-de-cocina\/"},"wordCount":369,"publisher":{"@id":"https:\/\/www.eldiario.net\/portal\/#organization"},"articleSection":["Nacional"],"inLanguage":"es"},{"@type":"WebPage","@id":"https:\/\/www.eldiario.net\/portal\/2021\/06\/05\/madre-e-hijo-fallecen-tras-absorber-humo-de-cocina\/","url":"https:\/\/www.eldiario.net\/portal\/2021\/06\/05\/madre-e-hijo-fallecen-tras-absorber-humo-de-cocina\/","name":"Madre e hijo fallecen tras absorber humo de cocina - El Diario - Bolivia","isPartOf":{"@id":"https:\/\/www.eldiario.net\/portal\/#website"},"datePublished":"2021-06-05T08:59:58+00:00","breadcrumb":{"@id":"https:\/\/www.eldiario.net\/portal\/2021\/06\/05\/madre-e-hijo-fallecen-tras-absorber-humo-de-cocina\/#breadcrumb"},"inLanguage":"es","potentialAction":[{"@type":"ReadAction","target":["https:\/\/www.eldiario.net\/portal\/2021\/06\/05\/madre-e-hijo-fallecen-tras-absorber-humo-de-cocina\/"]}]},{"@type":"BreadcrumbList","@id":"https:\/\/www.eldiario.net\/portal\/2021\/06\/05\/madre-e-hijo-fallecen-tras-absorber-humo-de-cocina\/#breadcrumb","itemListElement":[{"@type":"ListItem","position":1,"name":"Portada","item":"https:\/\/www.eldiario.net\/portal\/"},{"@type":"ListItem","position":2,"name":"Madre e hijo fallecen tras absorber humo de cocina"}]},{"@type":"WebSite","@id":"https:\/\/www.eldiario.net\/portal\/#website","url":"https:\/\/www.eldiario.net\/portal\/","name":"El Diario - Decano de la prensa nacional","description":"El Diario - Decano de la prensa nacional","publisher":{"@id":"https:\/\/www.eldiario.net\/portal\/#organization"},"potentialAction":[{"@type":"SearchAction","target":{"@type":"EntryPoint","urlTemplate":"https:\/\/www.eldiario.net\/portal\/?s={search_term_string}"},"query-input":{"@type":"PropertyValueSpecification","valueRequired":true,"valueName":"search_term_string"}}],"inLanguage":"es"},{"@type":"Organization","@id":"https:\/\/www.eldiario.net\/portal\/#organization","name":"El Diario - Decano de la prensa nacional","url":"https:\/\/www.eldiario.net\/portal\/","logo":{"@type":"ImageObject","inLanguage":"es","@id":"https:\/\/www.eldiario.net\/portal\/#\/schema\/logo\/image\/","url":"https:\/\/www.eldiario.net\/portal\/wp-content\/uploads\/2023\/07\/logo_ED.jpg","contentUrl":"https:\/\/www.eldiario.net\/portal\/wp-content\/uploads\/2023\/07\/logo_ED.jpg","width":272,"height":52,"caption":"El Diario - Decano de la prensa nacional"},"image":{"@id":"https:\/\/www.eldiario.net\/portal\/#\/schema\/logo\/image\/"},"sameAs":["https:\/\/www.facebook.com\/eldiario.bolivia\/","https:\/\/x.com\/eldiario_net"]},{"@type":"Person","@id":"https:\/\/www.eldiario.net\/portal\/#\/schema\/person\/f46445640444750d7d753ccd04ae01b7","name":"Jeanette","image":{"@type":"ImageObject","inLanguage":"es","@id":"https:\/\/secure.gravatar.com\/avatar\/3ea2118a5f7dad2b7138b1187a6b7ee55f160b9968b66013c3a3ef39dd7e5798?s=96&d=mm&r=g","url":"https:\/\/secure.gravatar.com\/avatar\/3ea2118a5f7dad2b7138b1187a6b7ee55f160b9968b66013c3a3ef39dd7e5798?s=96&d=mm&r=g","contentUrl":"https:\/\/secure.gravatar.com\/avatar\/3ea2118a5f7dad2b7138b1187a6b7ee55f160b9968b66013c3a3ef39dd7e5798?s=96&d=mm&r=g","caption":"Jeanette"},"sameAs":["https:\/\/www.eldiario.net\/portal"],"url":"https:\/\/www.eldiario.net\/portal\/author\/jeanette\/"}]}},"_links":{"self":[{"href":"https:\/\/www.eldiario.net\/portal\/wp-json\/wp\/v2\/posts\/8435","targetHints":{"allow":["GET"]}}],"collection":[{"href":"https:\/\/www.eldiario.net\/portal\/wp-json\/wp\/v2\/posts"}],"about":[{"href":"https:\/\/www.eldiario.net\/portal\/wp-json\/wp\/v2\/types\/post"}],"author":[{"embeddable":true,"href":"https:\/\/www.eldiario.net\/portal\/wp-json\/wp\/v2\/users\/1"}],"replies":[{"embeddable":true,"href":"https:\/\/www.eldiario.net\/portal\/wp-json\/wp\/v2\/comments?post=8435"}],"version-history":[{"count":0,"href":"https:\/\/www.eldiario.net\/portal\/wp-json\/wp\/v2\/posts\/8435\/revisions"}],"wp:attachment":[{"href":"https:\/\/www.eldiario.net\/portal\/wp-json\/wp\/v2\/media?parent=8435"}],"wp:term":[{"taxonomy":"category","embeddable":true,"href":"https:\/\/www.eldiario.net\/portal\/wp-json\/wp\/v2\/categories?post=8435"},{"taxonomy":"post_tag","embeddable":true,"href":"https:\/\/www.eldiario.net\/portal\/wp-json\/wp\/v2\/tags?post=8435"}],"curies":[{"name":"wp","href":"https:\/\/api.w.org\/{rel}","templated":true}]}}