{"id":8428,"date":"2021-06-05T04:57:22","date_gmt":"2021-06-05T08:57:22","guid":{"rendered":"https:\/\/www.eldiario.net\/portal\/?p=8428"},"modified":"2021-06-05T04:57:22","modified_gmt":"2021-06-05T08:57:22","slug":"el-problema-de-la-reforma-judicial-en-bolivia-2","status":"publish","type":"post","link":"https:\/\/www.eldiario.net\/portal\/2021\/06\/05\/el-problema-de-la-reforma-judicial-en-bolivia-2\/","title":{"rendered":"El problema de la reforma judicial en Bolivia"},"content":{"rendered":"<p>Parte II<\/p>\n<p>Es que la formaci\u00f3n de los abogados es muy precaria e insuficiente. Tiene que ser selectiva desde el comienzo, en cambio ahora se ha abierto el estudio de la abogac\u00eda sin limitaci\u00f3n a cuanta persona aspira a tan noble carrera. Se han multiplicado las Escuelas de Derecho, m\u00e1s como medio lucrativo para \u00e9stas, que por eficiencia acad\u00e9mica, porque es tal la afluencia de postulantes, tengan o no vocaci\u00f3n; pues se cree, equivocadamente, que es f\u00e1cil la carrera y, por esta facilidad, el titulado puede hacerse llamar \u201cdoctor\u201d, sin merecerlo, y se engrosa as\u00ed infinitamente el ej\u00e9rcito de r\u00e1bulas, m\u00e1s que de abogados, muchos de los cuales llegar\u00e1n a ser jueces, magistrados, bastando enfilarse a un partido pol\u00edtico o hacerse dirigentes sindicales. Y los jueces as\u00ed designados son la lacra que envilece la justicia boliviana.<br \/>\nPero conociendo las causas del descr\u00e9dito de la justicia, \u00bfSe acometer\u00e1 el cambio de ese panorama desolador? Primero que todo habr\u00e1 que limitar las facultades de Derecho a lo m\u00ednimo indispensable, una por capital de Departamento, bajo inflexibles exigencias \u00e9ticas y culturales de admisi\u00f3n de postulantes, porque no se debe olvidar que el abogado debe ser un humanista, con formaci\u00f3n \u00e9tica y deontol\u00f3gica, para que cumpla a cabalidad su misi\u00f3n. Se podr\u00e1 cambiar leyes, modificar c\u00f3digos, pero de nada valdr\u00e1 si no se mejora al abogado, que debe estudiar a tiempo completo y se debe eliminar el apelativo de \u201cdoctor\u201d, que es una farsa que obnubila a los mediocres que desean estudiar Derecho.<br \/>\nYa vemos que es un remedio muy dif\u00edcil que podr\u00eda emplear a una o dos generaciones de universitarios y una f\u00e9rrea voluntad pol\u00edtica y social, pero solo as\u00ed se podr\u00e1 alcanzar lo que dijo de los abogados ese ilustre abogado espa\u00f1ol, don Angel Osorio y Gallardo: \u201ccuando sientan el honor y el orgullo de ser abogados, que es una de las cosas m\u00e1s grandes que en el mundo cabe ser\u201d.<br \/>\nUn aspecto esencial e importante, que la reforma judicial debe estudiar, es un sistema judicial que prevea la dotaci\u00f3n de Jueces de Paz, para cuestiones de peque\u00f1a \u00edndole, que sean despachadas inmediatamente, en una sola audiencia. As\u00ed, cu\u00e1nto bien se prestar\u00eda a la sociedad mediante la celeridad y seguridad de prestaci\u00f3n de algo tan esencial, como es el servicio de la Justicia. Algo prioritario y necesario es tambi\u00e9n que la administraci\u00f3n de Justicia cubra todo el territorio de la Rep\u00fablica; ya que \u00e9sta, en las provincias y \u00e1reas rurales es lacerante. De nada servir\u00eda cualquier reforma si \u00e9sta no comprende que la administraci\u00f3n de justicia sea impartida en todo el territorio del pa\u00eds. Esto quiere decir que todos los municipios deben contar con un Juzgado mixto cuando menos y las capitales de provincia deben ser cabeza de Distrito Judicial, con Corte de apelaci\u00f3n incorporado. Los que hemos experimentado la labor de pedir justicia en provincias sabemos que este empe\u00f1o es tortuoso, \u00edmprobo, ineficaz, contra los principios de celeridad y gratuidad que proclaman los c\u00f3digos.<br \/>\nFinalmente, la reforma judicial debe ser encomendada a una Gran Comisi\u00f3n que est\u00e9 integrada por los abogados m\u00e1s ilustres y probos del pa\u00eds, en lo posible que no sean pol\u00edticos, con alt\u00edsimo prestigio moral; y que sean desechados juristas extranjeros que desconocen nuestra realidad pol\u00edtica, econ\u00f3mica y social y que solamente succionan elevados presupuestos. \u00bfCu\u00e1nto costaron las misiones de juristas extranjeros que actuaron en las anteriores reformas judiciales? \u00bfCu\u00e1l es su evaluaci\u00f3n? \u00bfAlguna vez se dio cuenta de estos aspectos?<\/p>\n<p>El autor es abogado.<br \/>\nbdlarltd@hotmail.com<\/p>\n","protected":false},"excerpt":{"rendered":"<p>Parte II Es que la formaci\u00f3n de los abogados es muy precaria e insuficiente. Tiene que ser selectiva desde el comienzo, en cambio ahora se ha abierto el estudio de la abogac\u00eda sin limitaci\u00f3n a cuanta persona aspira a tan noble carrera. Se han multiplicado las Escuelas de Derecho, m\u00e1s como medio lucrativo para \u00e9stas, [&hellip;]<\/p>\n","protected":false},"author":1,"featured_media":8222,"comment_status":"closed","ping_status":"closed","sticky":false,"template":"","format":"standard","meta":{"_acf_changed":false,"footnotes":""},"categories":[9],"tags":[],"class_list":["post-8428","post","type-post","status-publish","format-standard","has-post-thumbnail","category-opinion"],"acf":{"antetitulo":""},"yoast_head":"<!-- This site is optimized with the Yoast SEO plugin v28.3 - https:\/\/yoast.com\/product\/yoast-seo-wordpress\/ -->\n<title>El problema de la reforma judicial en Bolivia - El Diario - Bolivia<\/title>\n<meta name=\"robots\" content=\"index, follow, max-snippet:-1, max-image-preview:large, max-video-preview:-1\" \/>\n<link rel=\"canonical\" href=\"https:\/\/www.eldiario.net\/portal\/2021\/06\/05\/el-problema-de-la-reforma-judicial-en-bolivia-2\/\" \/>\n<meta property=\"og:locale\" content=\"es_ES\" \/>\n<meta property=\"og:type\" content=\"article\" \/>\n<meta property=\"og:title\" content=\"El problema de la reforma judicial en Bolivia - El Diario - Bolivia\" \/>\n<meta property=\"og:description\" content=\"Parte II Es que la formaci\u00f3n de los abogados es muy precaria e insuficiente. Tiene que ser selectiva desde el comienzo, en cambio ahora se ha abierto el estudio de la abogac\u00eda sin limitaci\u00f3n a cuanta persona aspira a tan noble carrera. Se han multiplicado las Escuelas de Derecho, m\u00e1s como medio lucrativo para \u00e9stas, [&hellip;]\" \/>\n<meta property=\"og:url\" content=\"https:\/\/www.eldiario.net\/portal\/2021\/06\/05\/el-problema-de-la-reforma-judicial-en-bolivia-2\/\" \/>\n<meta property=\"og:site_name\" content=\"El Diario - Bolivia\" \/>\n<meta property=\"article:publisher\" content=\"https:\/\/www.facebook.com\/eldiario.bolivia\/\" \/>\n<meta property=\"article:published_time\" content=\"2021-06-05T08:57:22+00:00\" \/>\n<meta name=\"author\" content=\"Jeanette\" \/>\n<meta name=\"twitter:card\" content=\"summary_large_image\" \/>\n<meta name=\"twitter:creator\" content=\"@eldiario_net\" \/>\n<meta name=\"twitter:site\" content=\"@eldiario_net\" \/>\n<meta name=\"twitter:label1\" content=\"Escrito por\" \/>\n\t<meta name=\"twitter:data1\" content=\"Jeanette\" \/>\n\t<meta name=\"twitter:label2\" content=\"Tiempo de lectura\" \/>\n\t<meta name=\"twitter:data2\" content=\"3 minutos\" \/>\n<script type=\"application\/ld+json\" class=\"yoast-schema-graph\">{\"@context\":\"https:\\\/\\\/schema.org\",\"@graph\":[{\"@type\":\"Article\",\"@id\":\"https:\\\/\\\/www.eldiario.net\\\/portal\\\/2021\\\/06\\\/05\\\/el-problema-de-la-reforma-judicial-en-bolivia-2\\\/#article\",\"isPartOf\":{\"@id\":\"https:\\\/\\\/www.eldiario.net\\\/portal\\\/2021\\\/06\\\/05\\\/el-problema-de-la-reforma-judicial-en-bolivia-2\\\/\"},\"author\":{\"name\":\"Jeanette\",\"@id\":\"https:\\\/\\\/www.eldiario.net\\\/portal\\\/#\\\/schema\\\/person\\\/f46445640444750d7d753ccd04ae01b7\"},\"headline\":\"El problema de la reforma judicial en Bolivia\",\"datePublished\":\"2021-06-05T08:57:22+00:00\",\"mainEntityOfPage\":{\"@id\":\"https:\\\/\\\/www.eldiario.net\\\/portal\\\/2021\\\/06\\\/05\\\/el-problema-de-la-reforma-judicial-en-bolivia-2\\\/\"},\"wordCount\":637,\"publisher\":{\"@id\":\"https:\\\/\\\/www.eldiario.net\\\/portal\\\/#organization\"},\"image\":{\"@id\":\"https:\\\/\\\/www.eldiario.net\\\/portal\\\/2021\\\/06\\\/05\\\/el-problema-de-la-reforma-judicial-en-bolivia-2\\\/#primaryimage\"},\"thumbnailUrl\":\"\",\"articleSection\":[\"Opini\u00f3n\"],\"inLanguage\":\"es\"},{\"@type\":\"WebPage\",\"@id\":\"https:\\\/\\\/www.eldiario.net\\\/portal\\\/2021\\\/06\\\/05\\\/el-problema-de-la-reforma-judicial-en-bolivia-2\\\/\",\"url\":\"https:\\\/\\\/www.eldiario.net\\\/portal\\\/2021\\\/06\\\/05\\\/el-problema-de-la-reforma-judicial-en-bolivia-2\\\/\",\"name\":\"El problema de la reforma judicial en Bolivia - El Diario - Bolivia\",\"isPartOf\":{\"@id\":\"https:\\\/\\\/www.eldiario.net\\\/portal\\\/#website\"},\"primaryImageOfPage\":{\"@id\":\"https:\\\/\\\/www.eldiario.net\\\/portal\\\/2021\\\/06\\\/05\\\/el-problema-de-la-reforma-judicial-en-bolivia-2\\\/#primaryimage\"},\"image\":{\"@id\":\"https:\\\/\\\/www.eldiario.net\\\/portal\\\/2021\\\/06\\\/05\\\/el-problema-de-la-reforma-judicial-en-bolivia-2\\\/#primaryimage\"},\"thumbnailUrl\":\"\",\"datePublished\":\"2021-06-05T08:57:22+00:00\",\"breadcrumb\":{\"@id\":\"https:\\\/\\\/www.eldiario.net\\\/portal\\\/2021\\\/06\\\/05\\\/el-problema-de-la-reforma-judicial-en-bolivia-2\\\/#breadcrumb\"},\"inLanguage\":\"es\",\"potentialAction\":[{\"@type\":\"ReadAction\",\"target\":[\"https:\\\/\\\/www.eldiario.net\\\/portal\\\/2021\\\/06\\\/05\\\/el-problema-de-la-reforma-judicial-en-bolivia-2\\\/\"]}]},{\"@type\":\"ImageObject\",\"inLanguage\":\"es\",\"@id\":\"https:\\\/\\\/www.eldiario.net\\\/portal\\\/2021\\\/06\\\/05\\\/el-problema-de-la-reforma-judicial-en-bolivia-2\\\/#primaryimage\",\"url\":\"\",\"contentUrl\":\"\"},{\"@type\":\"BreadcrumbList\",\"@id\":\"https:\\\/\\\/www.eldiario.net\\\/portal\\\/2021\\\/06\\\/05\\\/el-problema-de-la-reforma-judicial-en-bolivia-2\\\/#breadcrumb\",\"itemListElement\":[{\"@type\":\"ListItem\",\"position\":1,\"name\":\"Portada\",\"item\":\"https:\\\/\\\/www.eldiario.net\\\/portal\\\/\"},{\"@type\":\"ListItem\",\"position\":2,\"name\":\"El problema de la reforma judicial en Bolivia\"}]},{\"@type\":\"WebSite\",\"@id\":\"https:\\\/\\\/www.eldiario.net\\\/portal\\\/#website\",\"url\":\"https:\\\/\\\/www.eldiario.net\\\/portal\\\/\",\"name\":\"El Diario - Decano de la prensa nacional\",\"description\":\"El Diario - Decano de la prensa nacional\",\"publisher\":{\"@id\":\"https:\\\/\\\/www.eldiario.net\\\/portal\\\/#organization\"},\"potentialAction\":[{\"@type\":\"SearchAction\",\"target\":{\"@type\":\"EntryPoint\",\"urlTemplate\":\"https:\\\/\\\/www.eldiario.net\\\/portal\\\/?s={search_term_string}\"},\"query-input\":{\"@type\":\"PropertyValueSpecification\",\"valueRequired\":true,\"valueName\":\"search_term_string\"}}],\"inLanguage\":\"es\"},{\"@type\":\"Organization\",\"@id\":\"https:\\\/\\\/www.eldiario.net\\\/portal\\\/#organization\",\"name\":\"El Diario - Decano de la prensa nacional\",\"url\":\"https:\\\/\\\/www.eldiario.net\\\/portal\\\/\",\"logo\":{\"@type\":\"ImageObject\",\"inLanguage\":\"es\",\"@id\":\"https:\\\/\\\/www.eldiario.net\\\/portal\\\/#\\\/schema\\\/logo\\\/image\\\/\",\"url\":\"https:\\\/\\\/www.eldiario.net\\\/portal\\\/wp-content\\\/uploads\\\/2023\\\/07\\\/logo_ED.jpg\",\"contentUrl\":\"https:\\\/\\\/www.eldiario.net\\\/portal\\\/wp-content\\\/uploads\\\/2023\\\/07\\\/logo_ED.jpg\",\"width\":272,\"height\":52,\"caption\":\"El Diario - Decano de la prensa nacional\"},\"image\":{\"@id\":\"https:\\\/\\\/www.eldiario.net\\\/portal\\\/#\\\/schema\\\/logo\\\/image\\\/\"},\"sameAs\":[\"https:\\\/\\\/www.facebook.com\\\/eldiario.bolivia\\\/\",\"https:\\\/\\\/x.com\\\/eldiario_net\"]},{\"@type\":\"Person\",\"@id\":\"https:\\\/\\\/www.eldiario.net\\\/portal\\\/#\\\/schema\\\/person\\\/f46445640444750d7d753ccd04ae01b7\",\"name\":\"Jeanette\",\"image\":{\"@type\":\"ImageObject\",\"inLanguage\":\"es\",\"@id\":\"https:\\\/\\\/secure.gravatar.com\\\/avatar\\\/3ea2118a5f7dad2b7138b1187a6b7ee55f160b9968b66013c3a3ef39dd7e5798?s=96&d=mm&r=g\",\"url\":\"https:\\\/\\\/secure.gravatar.com\\\/avatar\\\/3ea2118a5f7dad2b7138b1187a6b7ee55f160b9968b66013c3a3ef39dd7e5798?s=96&d=mm&r=g\",\"contentUrl\":\"https:\\\/\\\/secure.gravatar.com\\\/avatar\\\/3ea2118a5f7dad2b7138b1187a6b7ee55f160b9968b66013c3a3ef39dd7e5798?s=96&d=mm&r=g\",\"caption\":\"Jeanette\"},\"sameAs\":[\"https:\\\/\\\/www.eldiario.net\\\/portal\"],\"url\":\"https:\\\/\\\/www.eldiario.net\\\/portal\\\/author\\\/jeanette\\\/\"}]}<\/script>\n<!-- \/ Yoast SEO plugin. -->","yoast_head_json":{"title":"El problema de la reforma judicial en Bolivia - El Diario - Bolivia","robots":{"index":"index","follow":"follow","max-snippet":"max-snippet:-1","max-image-preview":"max-image-preview:large","max-video-preview":"max-video-preview:-1"},"canonical":"https:\/\/www.eldiario.net\/portal\/2021\/06\/05\/el-problema-de-la-reforma-judicial-en-bolivia-2\/","og_locale":"es_ES","og_type":"article","og_title":"El problema de la reforma judicial en Bolivia - El Diario - Bolivia","og_description":"Parte II Es que la formaci\u00f3n de los abogados es muy precaria e insuficiente. Tiene que ser selectiva desde el comienzo, en cambio ahora se ha abierto el estudio de la abogac\u00eda sin limitaci\u00f3n a cuanta persona aspira a tan noble carrera. Se han multiplicado las Escuelas de Derecho, m\u00e1s como medio lucrativo para \u00e9stas, [&hellip;]","og_url":"https:\/\/www.eldiario.net\/portal\/2021\/06\/05\/el-problema-de-la-reforma-judicial-en-bolivia-2\/","og_site_name":"El Diario - Bolivia","article_publisher":"https:\/\/www.facebook.com\/eldiario.bolivia\/","article_published_time":"2021-06-05T08:57:22+00:00","author":"Jeanette","twitter_card":"summary_large_image","twitter_creator":"@eldiario_net","twitter_site":"@eldiario_net","twitter_misc":{"Escrito por":"Jeanette","Tiempo de lectura":"3 minutos"},"schema":{"@context":"https:\/\/schema.org","@graph":[{"@type":"Article","@id":"https:\/\/www.eldiario.net\/portal\/2021\/06\/05\/el-problema-de-la-reforma-judicial-en-bolivia-2\/#article","isPartOf":{"@id":"https:\/\/www.eldiario.net\/portal\/2021\/06\/05\/el-problema-de-la-reforma-judicial-en-bolivia-2\/"},"author":{"name":"Jeanette","@id":"https:\/\/www.eldiario.net\/portal\/#\/schema\/person\/f46445640444750d7d753ccd04ae01b7"},"headline":"El problema de la reforma judicial en Bolivia","datePublished":"2021-06-05T08:57:22+00:00","mainEntityOfPage":{"@id":"https:\/\/www.eldiario.net\/portal\/2021\/06\/05\/el-problema-de-la-reforma-judicial-en-bolivia-2\/"},"wordCount":637,"publisher":{"@id":"https:\/\/www.eldiario.net\/portal\/#organization"},"image":{"@id":"https:\/\/www.eldiario.net\/portal\/2021\/06\/05\/el-problema-de-la-reforma-judicial-en-bolivia-2\/#primaryimage"},"thumbnailUrl":"","articleSection":["Opini\u00f3n"],"inLanguage":"es"},{"@type":"WebPage","@id":"https:\/\/www.eldiario.net\/portal\/2021\/06\/05\/el-problema-de-la-reforma-judicial-en-bolivia-2\/","url":"https:\/\/www.eldiario.net\/portal\/2021\/06\/05\/el-problema-de-la-reforma-judicial-en-bolivia-2\/","name":"El problema de la reforma judicial en Bolivia - El Diario - Bolivia","isPartOf":{"@id":"https:\/\/www.eldiario.net\/portal\/#website"},"primaryImageOfPage":{"@id":"https:\/\/www.eldiario.net\/portal\/2021\/06\/05\/el-problema-de-la-reforma-judicial-en-bolivia-2\/#primaryimage"},"image":{"@id":"https:\/\/www.eldiario.net\/portal\/2021\/06\/05\/el-problema-de-la-reforma-judicial-en-bolivia-2\/#primaryimage"},"thumbnailUrl":"","datePublished":"2021-06-05T08:57:22+00:00","breadcrumb":{"@id":"https:\/\/www.eldiario.net\/portal\/2021\/06\/05\/el-problema-de-la-reforma-judicial-en-bolivia-2\/#breadcrumb"},"inLanguage":"es","potentialAction":[{"@type":"ReadAction","target":["https:\/\/www.eldiario.net\/portal\/2021\/06\/05\/el-problema-de-la-reforma-judicial-en-bolivia-2\/"]}]},{"@type":"ImageObject","inLanguage":"es","@id":"https:\/\/www.eldiario.net\/portal\/2021\/06\/05\/el-problema-de-la-reforma-judicial-en-bolivia-2\/#primaryimage","url":"","contentUrl":""},{"@type":"BreadcrumbList","@id":"https:\/\/www.eldiario.net\/portal\/2021\/06\/05\/el-problema-de-la-reforma-judicial-en-bolivia-2\/#breadcrumb","itemListElement":[{"@type":"ListItem","position":1,"name":"Portada","item":"https:\/\/www.eldiario.net\/portal\/"},{"@type":"ListItem","position":2,"name":"El problema de la reforma judicial en Bolivia"}]},{"@type":"WebSite","@id":"https:\/\/www.eldiario.net\/portal\/#website","url":"https:\/\/www.eldiario.net\/portal\/","name":"El Diario - Decano de la prensa nacional","description":"El Diario - Decano de la prensa nacional","publisher":{"@id":"https:\/\/www.eldiario.net\/portal\/#organization"},"potentialAction":[{"@type":"SearchAction","target":{"@type":"EntryPoint","urlTemplate":"https:\/\/www.eldiario.net\/portal\/?s={search_term_string}"},"query-input":{"@type":"PropertyValueSpecification","valueRequired":true,"valueName":"search_term_string"}}],"inLanguage":"es"},{"@type":"Organization","@id":"https:\/\/www.eldiario.net\/portal\/#organization","name":"El Diario - Decano de la prensa nacional","url":"https:\/\/www.eldiario.net\/portal\/","logo":{"@type":"ImageObject","inLanguage":"es","@id":"https:\/\/www.eldiario.net\/portal\/#\/schema\/logo\/image\/","url":"https:\/\/www.eldiario.net\/portal\/wp-content\/uploads\/2023\/07\/logo_ED.jpg","contentUrl":"https:\/\/www.eldiario.net\/portal\/wp-content\/uploads\/2023\/07\/logo_ED.jpg","width":272,"height":52,"caption":"El Diario - Decano de la prensa nacional"},"image":{"@id":"https:\/\/www.eldiario.net\/portal\/#\/schema\/logo\/image\/"},"sameAs":["https:\/\/www.facebook.com\/eldiario.bolivia\/","https:\/\/x.com\/eldiario_net"]},{"@type":"Person","@id":"https:\/\/www.eldiario.net\/portal\/#\/schema\/person\/f46445640444750d7d753ccd04ae01b7","name":"Jeanette","image":{"@type":"ImageObject","inLanguage":"es","@id":"https:\/\/secure.gravatar.com\/avatar\/3ea2118a5f7dad2b7138b1187a6b7ee55f160b9968b66013c3a3ef39dd7e5798?s=96&d=mm&r=g","url":"https:\/\/secure.gravatar.com\/avatar\/3ea2118a5f7dad2b7138b1187a6b7ee55f160b9968b66013c3a3ef39dd7e5798?s=96&d=mm&r=g","contentUrl":"https:\/\/secure.gravatar.com\/avatar\/3ea2118a5f7dad2b7138b1187a6b7ee55f160b9968b66013c3a3ef39dd7e5798?s=96&d=mm&r=g","caption":"Jeanette"},"sameAs":["https:\/\/www.eldiario.net\/portal"],"url":"https:\/\/www.eldiario.net\/portal\/author\/jeanette\/"}]}},"_links":{"self":[{"href":"https:\/\/www.eldiario.net\/portal\/wp-json\/wp\/v2\/posts\/8428","targetHints":{"allow":["GET"]}}],"collection":[{"href":"https:\/\/www.eldiario.net\/portal\/wp-json\/wp\/v2\/posts"}],"about":[{"href":"https:\/\/www.eldiario.net\/portal\/wp-json\/wp\/v2\/types\/post"}],"author":[{"embeddable":true,"href":"https:\/\/www.eldiario.net\/portal\/wp-json\/wp\/v2\/users\/1"}],"replies":[{"embeddable":true,"href":"https:\/\/www.eldiario.net\/portal\/wp-json\/wp\/v2\/comments?post=8428"}],"version-history":[{"count":0,"href":"https:\/\/www.eldiario.net\/portal\/wp-json\/wp\/v2\/posts\/8428\/revisions"}],"wp:attachment":[{"href":"https:\/\/www.eldiario.net\/portal\/wp-json\/wp\/v2\/media?parent=8428"}],"wp:term":[{"taxonomy":"category","embeddable":true,"href":"https:\/\/www.eldiario.net\/portal\/wp-json\/wp\/v2\/categories?post=8428"},{"taxonomy":"post_tag","embeddable":true,"href":"https:\/\/www.eldiario.net\/portal\/wp-json\/wp\/v2\/tags?post=8428"}],"curies":[{"name":"wp","href":"https:\/\/api.w.org\/{rel}","templated":true}]}}