{"id":8419,"date":"2021-06-05T04:54:31","date_gmt":"2021-06-05T08:54:31","guid":{"rendered":"https:\/\/www.eldiario.net\/portal\/?p=8419"},"modified":"2021-06-05T04:54:31","modified_gmt":"2021-06-05T08:54:31","slug":"eurodiputados-piden-suspender-acuerdo-de-ue-con-nicaragua","status":"publish","type":"post","link":"https:\/\/www.eldiario.net\/portal\/2021\/06\/05\/eurodiputados-piden-suspender-acuerdo-de-ue-con-nicaragua\/","title":{"rendered":"Eurodiputados piden suspender  acuerdo de UE con Nicaragua"},"content":{"rendered":"<p>Bruselas.- Un grupo de eurodiputados reclam\u00f3 ayer al Alto Representante de la Uni\u00f3n Europea (UE) para Pol\u00edtica Exterior, Josep Borrell, suspender el acuerdo de asociaci\u00f3n con Nicaragua ante la deriva autoritaria del presidente Daniel Ortega, que aument\u00f3 la presi\u00f3n sobre la oposici\u00f3n.<br \/>\nLa carta, firmada por trece eurodiputados de PP, Ciudadanos y Vox, avisa que el pa\u00eds se encamina a unas elecciones \u00abfraudulentas\u00bb y denuncia la persecuci\u00f3n de la oposici\u00f3n, la elecci\u00f3n del Consejo Supremo electoral y el arresto dictado contra la principal precandidata opositora a la Presidencia de Nicaragua, Cristiana Chamorro, acusada de blanqueo de capitales.<br \/>\nAnte la situaci\u00f3n, los parlamentarios reclaman que se libere a las personas detenidas y se produzcan las reformas electorales necesarias para realizar unas elecciones \u00abverdaderamente democr\u00e1ticas\u00bb.<br \/>\nHasta que eso no suceda, piden a Borrell que el Servicio de Acci\u00f3n Exterior \u00abcontemple la posibilidad de activar la cl\u00e1usula democr\u00e1tica incluida en el Acuerdo de Asociaci\u00f3n entre la Uni\u00f3n Europea y Centroam\u00e9rica\u00bb.<br \/>\n\u00abEs esencial que la Uni\u00f3n Europea, ahora m\u00e1s que nunca, tienda su mano al pueblo nicarag\u00fcense y condene de inmediato las actuales condiciones que llevar\u00e1n a un fraudulento proceso electoral, ante el cual no enviar\u00e1 misi\u00f3n de observaci\u00f3n electoral si no cumple con las garant\u00edas m\u00ednimas para que se lleve a cabo\u00bb, insiste la misiva liderada por el eurodiputado Leopoldo L\u00f3pez Gil, padre del dirigente opositor venezolano.<br \/>\nEl pa\u00eds mira ya a las elecciones del 7 de noviembre sin haber pasado a\u00fan p\u00e1gina a la polarizaci\u00f3n que evidenciaron las protestas masivas de 2018 contra Daniel Ortega.<br \/>\nAdem\u00e1s, el Gobierno respondi\u00f3 a dichas protestas con represi\u00f3n y m\u00e1s de 300 personas perdieron la vida.<br \/>\nEl t\u00edmido acercamiento de entonces entre las partes y la liberaci\u00f3n de cientos de presos en 2019 ha dado pie a una coexistencia que ha terminado de saltar por los aires en estos \u00faltimos meses, a golpe de leyes que, seg\u00fan la oposici\u00f3n, tienen como \u00fanico cometido limitar sus derechos m\u00e1s b\u00e1sicos. (Europa Press)<\/p>\n","protected":false},"excerpt":{"rendered":"<p>Bruselas.- Un grupo de eurodiputados reclam\u00f3 ayer al Alto Representante de la Uni\u00f3n Europea (UE) para Pol\u00edtica Exterior, Josep Borrell, suspender el acuerdo de asociaci\u00f3n con Nicaragua ante la deriva autoritaria del presidente Daniel Ortega, que aument\u00f3 la presi\u00f3n sobre la oposici\u00f3n. La carta, firmada por trece eurodiputados de PP, Ciudadanos y Vox, avisa que [&hellip;]<\/p>\n","protected":false},"author":1,"featured_media":8420,"comment_status":"closed","ping_status":"closed","sticky":false,"template":"","format":"standard","meta":{"_acf_changed":false,"footnotes":""},"categories":[3],"tags":[],"class_list":["post-8419","post","type-post","status-publish","format-standard","has-post-thumbnail","category-internacional"],"acf":{"antetitulo":""},"yoast_head":"<!-- This site is optimized with the Yoast SEO plugin v28.3 - https:\/\/yoast.com\/product\/yoast-seo-wordpress\/ -->\n<title>Eurodiputados piden suspender acuerdo de UE con Nicaragua - El Diario - Bolivia<\/title>\n<meta name=\"robots\" content=\"index, follow, max-snippet:-1, max-image-preview:large, max-video-preview:-1\" \/>\n<link rel=\"canonical\" href=\"https:\/\/www.eldiario.net\/portal\/2021\/06\/05\/eurodiputados-piden-suspender-acuerdo-de-ue-con-nicaragua\/\" \/>\n<meta property=\"og:locale\" content=\"es_ES\" \/>\n<meta property=\"og:type\" content=\"article\" \/>\n<meta property=\"og:title\" content=\"Eurodiputados piden suspender acuerdo de UE con Nicaragua - El Diario - Bolivia\" \/>\n<meta property=\"og:description\" content=\"Bruselas.- Un grupo de eurodiputados reclam\u00f3 ayer al Alto Representante de la Uni\u00f3n Europea (UE) para Pol\u00edtica Exterior, Josep Borrell, suspender el acuerdo de asociaci\u00f3n con Nicaragua ante la deriva autoritaria del presidente Daniel Ortega, que aument\u00f3 la presi\u00f3n sobre la oposici\u00f3n. La carta, firmada por trece eurodiputados de PP, Ciudadanos y Vox, avisa que [&hellip;]\" \/>\n<meta property=\"og:url\" content=\"https:\/\/www.eldiario.net\/portal\/2021\/06\/05\/eurodiputados-piden-suspender-acuerdo-de-ue-con-nicaragua\/\" \/>\n<meta property=\"og:site_name\" content=\"El Diario - Bolivia\" \/>\n<meta property=\"article:publisher\" content=\"https:\/\/www.facebook.com\/eldiario.bolivia\/\" \/>\n<meta property=\"article:published_time\" content=\"2021-06-05T08:54:31+00:00\" \/>\n<meta property=\"og:image\" content=\"https:\/\/www.eldiario.net\/portal\/wp-content\/uploads\/2021\/06\/Nicaragua-UE.jpg\" \/>\n\t<meta property=\"og:image:width\" content=\"1024\" \/>\n\t<meta property=\"og:image:height\" content=\"672\" \/>\n\t<meta property=\"og:image:type\" content=\"image\/jpeg\" \/>\n<meta name=\"author\" content=\"Jeanette\" \/>\n<meta name=\"twitter:card\" content=\"summary_large_image\" \/>\n<meta name=\"twitter:creator\" content=\"@eldiario_net\" \/>\n<meta name=\"twitter:site\" content=\"@eldiario_net\" \/>\n<meta name=\"twitter:label1\" content=\"Escrito por\" \/>\n\t<meta name=\"twitter:data1\" content=\"Jeanette\" \/>\n\t<meta name=\"twitter:label2\" content=\"Tiempo de lectura\" \/>\n\t<meta name=\"twitter:data2\" content=\"2 minutos\" \/>\n<script type=\"application\/ld+json\" class=\"yoast-schema-graph\">{\"@context\":\"https:\\\/\\\/schema.org\",\"@graph\":[{\"@type\":\"Article\",\"@id\":\"https:\\\/\\\/www.eldiario.net\\\/portal\\\/2021\\\/06\\\/05\\\/eurodiputados-piden-suspender-acuerdo-de-ue-con-nicaragua\\\/#article\",\"isPartOf\":{\"@id\":\"https:\\\/\\\/www.eldiario.net\\\/portal\\\/2021\\\/06\\\/05\\\/eurodiputados-piden-suspender-acuerdo-de-ue-con-nicaragua\\\/\"},\"author\":{\"name\":\"Jeanette\",\"@id\":\"https:\\\/\\\/www.eldiario.net\\\/portal\\\/#\\\/schema\\\/person\\\/f46445640444750d7d753ccd04ae01b7\"},\"headline\":\"Eurodiputados piden suspender acuerdo de UE con Nicaragua\",\"datePublished\":\"2021-06-05T08:54:31+00:00\",\"mainEntityOfPage\":{\"@id\":\"https:\\\/\\\/www.eldiario.net\\\/portal\\\/2021\\\/06\\\/05\\\/eurodiputados-piden-suspender-acuerdo-de-ue-con-nicaragua\\\/\"},\"wordCount\":368,\"publisher\":{\"@id\":\"https:\\\/\\\/www.eldiario.net\\\/portal\\\/#organization\"},\"image\":{\"@id\":\"https:\\\/\\\/www.eldiario.net\\\/portal\\\/2021\\\/06\\\/05\\\/eurodiputados-piden-suspender-acuerdo-de-ue-con-nicaragua\\\/#primaryimage\"},\"thumbnailUrl\":\"https:\\\/\\\/www.eldiario.net\\\/portal\\\/wp-content\\\/uploads\\\/2021\\\/06\\\/Nicaragua-UE.jpg\",\"articleSection\":[\"Internacional\"],\"inLanguage\":\"es\"},{\"@type\":\"WebPage\",\"@id\":\"https:\\\/\\\/www.eldiario.net\\\/portal\\\/2021\\\/06\\\/05\\\/eurodiputados-piden-suspender-acuerdo-de-ue-con-nicaragua\\\/\",\"url\":\"https:\\\/\\\/www.eldiario.net\\\/portal\\\/2021\\\/06\\\/05\\\/eurodiputados-piden-suspender-acuerdo-de-ue-con-nicaragua\\\/\",\"name\":\"Eurodiputados piden suspender acuerdo de UE con Nicaragua - El Diario - Bolivia\",\"isPartOf\":{\"@id\":\"https:\\\/\\\/www.eldiario.net\\\/portal\\\/#website\"},\"primaryImageOfPage\":{\"@id\":\"https:\\\/\\\/www.eldiario.net\\\/portal\\\/2021\\\/06\\\/05\\\/eurodiputados-piden-suspender-acuerdo-de-ue-con-nicaragua\\\/#primaryimage\"},\"image\":{\"@id\":\"https:\\\/\\\/www.eldiario.net\\\/portal\\\/2021\\\/06\\\/05\\\/eurodiputados-piden-suspender-acuerdo-de-ue-con-nicaragua\\\/#primaryimage\"},\"thumbnailUrl\":\"https:\\\/\\\/www.eldiario.net\\\/portal\\\/wp-content\\\/uploads\\\/2021\\\/06\\\/Nicaragua-UE.jpg\",\"datePublished\":\"2021-06-05T08:54:31+00:00\",\"breadcrumb\":{\"@id\":\"https:\\\/\\\/www.eldiario.net\\\/portal\\\/2021\\\/06\\\/05\\\/eurodiputados-piden-suspender-acuerdo-de-ue-con-nicaragua\\\/#breadcrumb\"},\"inLanguage\":\"es\",\"potentialAction\":[{\"@type\":\"ReadAction\",\"target\":[\"https:\\\/\\\/www.eldiario.net\\\/portal\\\/2021\\\/06\\\/05\\\/eurodiputados-piden-suspender-acuerdo-de-ue-con-nicaragua\\\/\"]}]},{\"@type\":\"ImageObject\",\"inLanguage\":\"es\",\"@id\":\"https:\\\/\\\/www.eldiario.net\\\/portal\\\/2021\\\/06\\\/05\\\/eurodiputados-piden-suspender-acuerdo-de-ue-con-nicaragua\\\/#primaryimage\",\"url\":\"https:\\\/\\\/www.eldiario.net\\\/portal\\\/wp-content\\\/uploads\\\/2021\\\/06\\\/Nicaragua-UE.jpg\",\"contentUrl\":\"https:\\\/\\\/www.eldiario.net\\\/portal\\\/wp-content\\\/uploads\\\/2021\\\/06\\\/Nicaragua-UE.jpg\",\"width\":1024,\"height\":672},{\"@type\":\"BreadcrumbList\",\"@id\":\"https:\\\/\\\/www.eldiario.net\\\/portal\\\/2021\\\/06\\\/05\\\/eurodiputados-piden-suspender-acuerdo-de-ue-con-nicaragua\\\/#breadcrumb\",\"itemListElement\":[{\"@type\":\"ListItem\",\"position\":1,\"name\":\"Portada\",\"item\":\"https:\\\/\\\/www.eldiario.net\\\/portal\\\/\"},{\"@type\":\"ListItem\",\"position\":2,\"name\":\"Eurodiputados piden suspender acuerdo de UE con Nicaragua\"}]},{\"@type\":\"WebSite\",\"@id\":\"https:\\\/\\\/www.eldiario.net\\\/portal\\\/#website\",\"url\":\"https:\\\/\\\/www.eldiario.net\\\/portal\\\/\",\"name\":\"El Diario - Decano de la prensa nacional\",\"description\":\"El Diario - Decano de la prensa nacional\",\"publisher\":{\"@id\":\"https:\\\/\\\/www.eldiario.net\\\/portal\\\/#organization\"},\"potentialAction\":[{\"@type\":\"SearchAction\",\"target\":{\"@type\":\"EntryPoint\",\"urlTemplate\":\"https:\\\/\\\/www.eldiario.net\\\/portal\\\/?s={search_term_string}\"},\"query-input\":{\"@type\":\"PropertyValueSpecification\",\"valueRequired\":true,\"valueName\":\"search_term_string\"}}],\"inLanguage\":\"es\"},{\"@type\":\"Organization\",\"@id\":\"https:\\\/\\\/www.eldiario.net\\\/portal\\\/#organization\",\"name\":\"El Diario - Decano de la prensa nacional\",\"url\":\"https:\\\/\\\/www.eldiario.net\\\/portal\\\/\",\"logo\":{\"@type\":\"ImageObject\",\"inLanguage\":\"es\",\"@id\":\"https:\\\/\\\/www.eldiario.net\\\/portal\\\/#\\\/schema\\\/logo\\\/image\\\/\",\"url\":\"https:\\\/\\\/www.eldiario.net\\\/portal\\\/wp-content\\\/uploads\\\/2023\\\/07\\\/logo_ED.jpg\",\"contentUrl\":\"https:\\\/\\\/www.eldiario.net\\\/portal\\\/wp-content\\\/uploads\\\/2023\\\/07\\\/logo_ED.jpg\",\"width\":272,\"height\":52,\"caption\":\"El Diario - Decano de la prensa nacional\"},\"image\":{\"@id\":\"https:\\\/\\\/www.eldiario.net\\\/portal\\\/#\\\/schema\\\/logo\\\/image\\\/\"},\"sameAs\":[\"https:\\\/\\\/www.facebook.com\\\/eldiario.bolivia\\\/\",\"https:\\\/\\\/x.com\\\/eldiario_net\"]},{\"@type\":\"Person\",\"@id\":\"https:\\\/\\\/www.eldiario.net\\\/portal\\\/#\\\/schema\\\/person\\\/f46445640444750d7d753ccd04ae01b7\",\"name\":\"Jeanette\",\"image\":{\"@type\":\"ImageObject\",\"inLanguage\":\"es\",\"@id\":\"https:\\\/\\\/secure.gravatar.com\\\/avatar\\\/3ea2118a5f7dad2b7138b1187a6b7ee55f160b9968b66013c3a3ef39dd7e5798?s=96&d=mm&r=g\",\"url\":\"https:\\\/\\\/secure.gravatar.com\\\/avatar\\\/3ea2118a5f7dad2b7138b1187a6b7ee55f160b9968b66013c3a3ef39dd7e5798?s=96&d=mm&r=g\",\"contentUrl\":\"https:\\\/\\\/secure.gravatar.com\\\/avatar\\\/3ea2118a5f7dad2b7138b1187a6b7ee55f160b9968b66013c3a3ef39dd7e5798?s=96&d=mm&r=g\",\"caption\":\"Jeanette\"},\"sameAs\":[\"https:\\\/\\\/www.eldiario.net\\\/portal\"],\"url\":\"https:\\\/\\\/www.eldiario.net\\\/portal\\\/author\\\/jeanette\\\/\"}]}<\/script>\n<!-- \/ Yoast SEO plugin. -->","yoast_head_json":{"title":"Eurodiputados piden suspender acuerdo de UE con Nicaragua - El Diario - Bolivia","robots":{"index":"index","follow":"follow","max-snippet":"max-snippet:-1","max-image-preview":"max-image-preview:large","max-video-preview":"max-video-preview:-1"},"canonical":"https:\/\/www.eldiario.net\/portal\/2021\/06\/05\/eurodiputados-piden-suspender-acuerdo-de-ue-con-nicaragua\/","og_locale":"es_ES","og_type":"article","og_title":"Eurodiputados piden suspender acuerdo de UE con Nicaragua - El Diario - Bolivia","og_description":"Bruselas.- Un grupo de eurodiputados reclam\u00f3 ayer al Alto Representante de la Uni\u00f3n Europea (UE) para Pol\u00edtica Exterior, Josep Borrell, suspender el acuerdo de asociaci\u00f3n con Nicaragua ante la deriva autoritaria del presidente Daniel Ortega, que aument\u00f3 la presi\u00f3n sobre la oposici\u00f3n. La carta, firmada por trece eurodiputados de PP, Ciudadanos y Vox, avisa que [&hellip;]","og_url":"https:\/\/www.eldiario.net\/portal\/2021\/06\/05\/eurodiputados-piden-suspender-acuerdo-de-ue-con-nicaragua\/","og_site_name":"El Diario - Bolivia","article_publisher":"https:\/\/www.facebook.com\/eldiario.bolivia\/","article_published_time":"2021-06-05T08:54:31+00:00","og_image":[{"width":1024,"height":672,"url":"https:\/\/www.eldiario.net\/portal\/wp-content\/uploads\/2021\/06\/Nicaragua-UE.jpg","type":"image\/jpeg"}],"author":"Jeanette","twitter_card":"summary_large_image","twitter_creator":"@eldiario_net","twitter_site":"@eldiario_net","twitter_misc":{"Escrito por":"Jeanette","Tiempo de lectura":"2 minutos"},"schema":{"@context":"https:\/\/schema.org","@graph":[{"@type":"Article","@id":"https:\/\/www.eldiario.net\/portal\/2021\/06\/05\/eurodiputados-piden-suspender-acuerdo-de-ue-con-nicaragua\/#article","isPartOf":{"@id":"https:\/\/www.eldiario.net\/portal\/2021\/06\/05\/eurodiputados-piden-suspender-acuerdo-de-ue-con-nicaragua\/"},"author":{"name":"Jeanette","@id":"https:\/\/www.eldiario.net\/portal\/#\/schema\/person\/f46445640444750d7d753ccd04ae01b7"},"headline":"Eurodiputados piden suspender acuerdo de UE con Nicaragua","datePublished":"2021-06-05T08:54:31+00:00","mainEntityOfPage":{"@id":"https:\/\/www.eldiario.net\/portal\/2021\/06\/05\/eurodiputados-piden-suspender-acuerdo-de-ue-con-nicaragua\/"},"wordCount":368,"publisher":{"@id":"https:\/\/www.eldiario.net\/portal\/#organization"},"image":{"@id":"https:\/\/www.eldiario.net\/portal\/2021\/06\/05\/eurodiputados-piden-suspender-acuerdo-de-ue-con-nicaragua\/#primaryimage"},"thumbnailUrl":"https:\/\/www.eldiario.net\/portal\/wp-content\/uploads\/2021\/06\/Nicaragua-UE.jpg","articleSection":["Internacional"],"inLanguage":"es"},{"@type":"WebPage","@id":"https:\/\/www.eldiario.net\/portal\/2021\/06\/05\/eurodiputados-piden-suspender-acuerdo-de-ue-con-nicaragua\/","url":"https:\/\/www.eldiario.net\/portal\/2021\/06\/05\/eurodiputados-piden-suspender-acuerdo-de-ue-con-nicaragua\/","name":"Eurodiputados piden suspender acuerdo de UE con Nicaragua - El Diario - Bolivia","isPartOf":{"@id":"https:\/\/www.eldiario.net\/portal\/#website"},"primaryImageOfPage":{"@id":"https:\/\/www.eldiario.net\/portal\/2021\/06\/05\/eurodiputados-piden-suspender-acuerdo-de-ue-con-nicaragua\/#primaryimage"},"image":{"@id":"https:\/\/www.eldiario.net\/portal\/2021\/06\/05\/eurodiputados-piden-suspender-acuerdo-de-ue-con-nicaragua\/#primaryimage"},"thumbnailUrl":"https:\/\/www.eldiario.net\/portal\/wp-content\/uploads\/2021\/06\/Nicaragua-UE.jpg","datePublished":"2021-06-05T08:54:31+00:00","breadcrumb":{"@id":"https:\/\/www.eldiario.net\/portal\/2021\/06\/05\/eurodiputados-piden-suspender-acuerdo-de-ue-con-nicaragua\/#breadcrumb"},"inLanguage":"es","potentialAction":[{"@type":"ReadAction","target":["https:\/\/www.eldiario.net\/portal\/2021\/06\/05\/eurodiputados-piden-suspender-acuerdo-de-ue-con-nicaragua\/"]}]},{"@type":"ImageObject","inLanguage":"es","@id":"https:\/\/www.eldiario.net\/portal\/2021\/06\/05\/eurodiputados-piden-suspender-acuerdo-de-ue-con-nicaragua\/#primaryimage","url":"https:\/\/www.eldiario.net\/portal\/wp-content\/uploads\/2021\/06\/Nicaragua-UE.jpg","contentUrl":"https:\/\/www.eldiario.net\/portal\/wp-content\/uploads\/2021\/06\/Nicaragua-UE.jpg","width":1024,"height":672},{"@type":"BreadcrumbList","@id":"https:\/\/www.eldiario.net\/portal\/2021\/06\/05\/eurodiputados-piden-suspender-acuerdo-de-ue-con-nicaragua\/#breadcrumb","itemListElement":[{"@type":"ListItem","position":1,"name":"Portada","item":"https:\/\/www.eldiario.net\/portal\/"},{"@type":"ListItem","position":2,"name":"Eurodiputados piden suspender acuerdo de UE con Nicaragua"}]},{"@type":"WebSite","@id":"https:\/\/www.eldiario.net\/portal\/#website","url":"https:\/\/www.eldiario.net\/portal\/","name":"El Diario - Decano de la prensa nacional","description":"El Diario - Decano de la prensa nacional","publisher":{"@id":"https:\/\/www.eldiario.net\/portal\/#organization"},"potentialAction":[{"@type":"SearchAction","target":{"@type":"EntryPoint","urlTemplate":"https:\/\/www.eldiario.net\/portal\/?s={search_term_string}"},"query-input":{"@type":"PropertyValueSpecification","valueRequired":true,"valueName":"search_term_string"}}],"inLanguage":"es"},{"@type":"Organization","@id":"https:\/\/www.eldiario.net\/portal\/#organization","name":"El Diario - Decano de la prensa nacional","url":"https:\/\/www.eldiario.net\/portal\/","logo":{"@type":"ImageObject","inLanguage":"es","@id":"https:\/\/www.eldiario.net\/portal\/#\/schema\/logo\/image\/","url":"https:\/\/www.eldiario.net\/portal\/wp-content\/uploads\/2023\/07\/logo_ED.jpg","contentUrl":"https:\/\/www.eldiario.net\/portal\/wp-content\/uploads\/2023\/07\/logo_ED.jpg","width":272,"height":52,"caption":"El Diario - Decano de la prensa nacional"},"image":{"@id":"https:\/\/www.eldiario.net\/portal\/#\/schema\/logo\/image\/"},"sameAs":["https:\/\/www.facebook.com\/eldiario.bolivia\/","https:\/\/x.com\/eldiario_net"]},{"@type":"Person","@id":"https:\/\/www.eldiario.net\/portal\/#\/schema\/person\/f46445640444750d7d753ccd04ae01b7","name":"Jeanette","image":{"@type":"ImageObject","inLanguage":"es","@id":"https:\/\/secure.gravatar.com\/avatar\/3ea2118a5f7dad2b7138b1187a6b7ee55f160b9968b66013c3a3ef39dd7e5798?s=96&d=mm&r=g","url":"https:\/\/secure.gravatar.com\/avatar\/3ea2118a5f7dad2b7138b1187a6b7ee55f160b9968b66013c3a3ef39dd7e5798?s=96&d=mm&r=g","contentUrl":"https:\/\/secure.gravatar.com\/avatar\/3ea2118a5f7dad2b7138b1187a6b7ee55f160b9968b66013c3a3ef39dd7e5798?s=96&d=mm&r=g","caption":"Jeanette"},"sameAs":["https:\/\/www.eldiario.net\/portal"],"url":"https:\/\/www.eldiario.net\/portal\/author\/jeanette\/"}]}},"_links":{"self":[{"href":"https:\/\/www.eldiario.net\/portal\/wp-json\/wp\/v2\/posts\/8419","targetHints":{"allow":["GET"]}}],"collection":[{"href":"https:\/\/www.eldiario.net\/portal\/wp-json\/wp\/v2\/posts"}],"about":[{"href":"https:\/\/www.eldiario.net\/portal\/wp-json\/wp\/v2\/types\/post"}],"author":[{"embeddable":true,"href":"https:\/\/www.eldiario.net\/portal\/wp-json\/wp\/v2\/users\/1"}],"replies":[{"embeddable":true,"href":"https:\/\/www.eldiario.net\/portal\/wp-json\/wp\/v2\/comments?post=8419"}],"version-history":[{"count":0,"href":"https:\/\/www.eldiario.net\/portal\/wp-json\/wp\/v2\/posts\/8419\/revisions"}],"wp:featuredmedia":[{"embeddable":true,"href":"https:\/\/www.eldiario.net\/portal\/wp-json\/wp\/v2\/media\/8420"}],"wp:attachment":[{"href":"https:\/\/www.eldiario.net\/portal\/wp-json\/wp\/v2\/media?parent=8419"}],"wp:term":[{"taxonomy":"category","embeddable":true,"href":"https:\/\/www.eldiario.net\/portal\/wp-json\/wp\/v2\/categories?post=8419"},{"taxonomy":"post_tag","embeddable":true,"href":"https:\/\/www.eldiario.net\/portal\/wp-json\/wp\/v2\/tags?post=8419"}],"curies":[{"name":"wp","href":"https:\/\/api.w.org\/{rel}","templated":true}]}}