{"id":8416,"date":"2021-06-05T04:53:19","date_gmt":"2021-06-05T08:53:19","guid":{"rendered":"https:\/\/www.eldiario.net\/portal\/?p=8416"},"modified":"2021-06-05T04:53:19","modified_gmt":"2021-06-05T08:53:19","slug":"eeuu-pide-liberacion-de-opositora-chamorro","status":"publish","type":"post","link":"https:\/\/www.eldiario.net\/portal\/2021\/06\/05\/eeuu-pide-liberacion-de-opositora-chamorro\/","title":{"rendered":"EEUU pide liberaci\u00f3n  de opositora Chamorro"},"content":{"rendered":"<p>Washington.- Estados Unidos pidi\u00f3 al Gobierno de Nicaragua que libere \u00abinmediatamente\u00bb a la l\u00edder opositora Cristiana Chamorro, cuya detenci\u00f3n es un \u00abclaro intento de frustrar unas elecciones libres y justas\u00bb.<br \/>\nJunto a Chamorro, el Departamento de Estado estadounidense ha pedido que se libere tambi\u00e9n a los dos compa\u00f1eros de la Fundaci\u00f3n Violeta Barrios de Chamorro para la Reconciliaci\u00f3n y la Democracia. Sus detenciones por \u00abcargos falsos son un abuso de sus derechos\u00bb y representan \u00abun asalto a los valores democr\u00e1ticos.<br \/>\nSeg\u00fan ha relatado el portavoz del departamento estadounidense, Ned Price, la detenci\u00f3n se da \u00aben medio de implacables ataques contra candidatos presidenciales a favor de la democracia y medios independientes\u00bb, ya que \u00abel r\u00e9gimen de Ortega se ha comprometido a prohibir la participaci\u00f3n de Chamorro en las elecciones de noviembre\u00bb.<br \/>\nPero no solo esto, sino que \u00aben mayo, cancel\u00f3 sin fundamento el estatus legal de dos partidos pol\u00edticos de oposici\u00f3n\u00bb, y \u00aben lugar de implementar reformas electorales antes de la fecha l\u00edmite de mayo establecida por la Organizaci\u00f3n de Estados Americanos (OEA)\u00bb, el presidente, Daniel Ortega, \u00abinstituy\u00f3 m\u00e1s restricciones y redujo la transparencia electoral\u00bb.<br \/>\nEn este contexto, y entre las preocupaciones de la comunidad internacional por un aumento de la represi\u00f3n pol\u00edtica, Estados Unidos ha denunciado que \u00ablas condiciones actuales de represi\u00f3n y exclusi\u00f3n no son compatibles con elecciones cre\u00edbles\u00bb, por lo que \u00abla regi\u00f3n y la comunidad internacional deben unirse al pueblo nicarag\u00fcense en apoyo de su derecho a elegir libremente su gobierno\u00bb.<br \/>\nLa investigaci\u00f3n involucra no solo a Chamorro, hija de la expresidenta Violeta Barrios de Chamorro (1990-1997), sino tambi\u00e9n a una serie de personas relacionadas con una docena de medios de comunicaci\u00f3n que hace oposici\u00f3n al Gobierno de Ortega, por la supuesta violaci\u00f3n de la ley de 2018 contra el lavado de activos, la financiaci\u00f3n del terrorismo y la proliferaci\u00f3n de armas de destrucci\u00f3n masiva. (Europa Press)<\/p>\n","protected":false},"excerpt":{"rendered":"<p>Washington.- Estados Unidos pidi\u00f3 al Gobierno de Nicaragua que libere \u00abinmediatamente\u00bb a la l\u00edder opositora Cristiana Chamorro, cuya detenci\u00f3n es un \u00abclaro intento de frustrar unas elecciones libres y justas\u00bb. Junto a Chamorro, el Departamento de Estado estadounidense ha pedido que se libere tambi\u00e9n a los dos compa\u00f1eros de la Fundaci\u00f3n Violeta Barrios de Chamorro [&hellip;]<\/p>\n","protected":false},"author":1,"featured_media":8417,"comment_status":"closed","ping_status":"closed","sticky":false,"template":"","format":"standard","meta":{"_acf_changed":false,"footnotes":""},"categories":[3],"tags":[],"class_list":["post-8416","post","type-post","status-publish","format-standard","has-post-thumbnail","category-internacional"],"acf":{"antetitulo":""},"yoast_head":"<!-- This site is optimized with the Yoast SEO plugin v28.3 - https:\/\/yoast.com\/product\/yoast-seo-wordpress\/ -->\n<title>EEUU pide liberaci\u00f3n de opositora Chamorro - El Diario - Bolivia<\/title>\n<meta name=\"robots\" content=\"index, follow, max-snippet:-1, max-image-preview:large, max-video-preview:-1\" \/>\n<link rel=\"canonical\" href=\"https:\/\/www.eldiario.net\/portal\/2021\/06\/05\/eeuu-pide-liberacion-de-opositora-chamorro\/\" \/>\n<meta property=\"og:locale\" content=\"es_ES\" \/>\n<meta property=\"og:type\" content=\"article\" \/>\n<meta property=\"og:title\" content=\"EEUU pide liberaci\u00f3n de opositora Chamorro - El Diario - Bolivia\" \/>\n<meta property=\"og:description\" content=\"Washington.- Estados Unidos pidi\u00f3 al Gobierno de Nicaragua que libere \u00abinmediatamente\u00bb a la l\u00edder opositora Cristiana Chamorro, cuya detenci\u00f3n es un \u00abclaro intento de frustrar unas elecciones libres y justas\u00bb. Junto a Chamorro, el Departamento de Estado estadounidense ha pedido que se libere tambi\u00e9n a los dos compa\u00f1eros de la Fundaci\u00f3n Violeta Barrios de Chamorro [&hellip;]\" \/>\n<meta property=\"og:url\" content=\"https:\/\/www.eldiario.net\/portal\/2021\/06\/05\/eeuu-pide-liberacion-de-opositora-chamorro\/\" \/>\n<meta property=\"og:site_name\" content=\"El Diario - Bolivia\" \/>\n<meta property=\"article:publisher\" content=\"https:\/\/www.facebook.com\/eldiario.bolivia\/\" \/>\n<meta property=\"article:published_time\" content=\"2021-06-05T08:53:19+00:00\" \/>\n<meta name=\"author\" content=\"Jeanette\" \/>\n<meta name=\"twitter:card\" content=\"summary_large_image\" \/>\n<meta name=\"twitter:creator\" content=\"@eldiario_net\" \/>\n<meta name=\"twitter:site\" content=\"@eldiario_net\" \/>\n<meta name=\"twitter:label1\" content=\"Escrito por\" \/>\n\t<meta name=\"twitter:data1\" content=\"Jeanette\" \/>\n\t<meta name=\"twitter:label2\" content=\"Tiempo de lectura\" \/>\n\t<meta name=\"twitter:data2\" content=\"2 minutos\" \/>\n<script type=\"application\/ld+json\" class=\"yoast-schema-graph\">{\"@context\":\"https:\\\/\\\/schema.org\",\"@graph\":[{\"@type\":\"Article\",\"@id\":\"https:\\\/\\\/www.eldiario.net\\\/portal\\\/2021\\\/06\\\/05\\\/eeuu-pide-liberacion-de-opositora-chamorro\\\/#article\",\"isPartOf\":{\"@id\":\"https:\\\/\\\/www.eldiario.net\\\/portal\\\/2021\\\/06\\\/05\\\/eeuu-pide-liberacion-de-opositora-chamorro\\\/\"},\"author\":{\"name\":\"Jeanette\",\"@id\":\"https:\\\/\\\/www.eldiario.net\\\/portal\\\/#\\\/schema\\\/person\\\/f46445640444750d7d753ccd04ae01b7\"},\"headline\":\"EEUU pide liberaci\u00f3n de opositora Chamorro\",\"datePublished\":\"2021-06-05T08:53:19+00:00\",\"mainEntityOfPage\":{\"@id\":\"https:\\\/\\\/www.eldiario.net\\\/portal\\\/2021\\\/06\\\/05\\\/eeuu-pide-liberacion-de-opositora-chamorro\\\/\"},\"wordCount\":348,\"publisher\":{\"@id\":\"https:\\\/\\\/www.eldiario.net\\\/portal\\\/#organization\"},\"image\":{\"@id\":\"https:\\\/\\\/www.eldiario.net\\\/portal\\\/2021\\\/06\\\/05\\\/eeuu-pide-liberacion-de-opositora-chamorro\\\/#primaryimage\"},\"thumbnailUrl\":\"\",\"articleSection\":[\"Internacional\"],\"inLanguage\":\"es\"},{\"@type\":\"WebPage\",\"@id\":\"https:\\\/\\\/www.eldiario.net\\\/portal\\\/2021\\\/06\\\/05\\\/eeuu-pide-liberacion-de-opositora-chamorro\\\/\",\"url\":\"https:\\\/\\\/www.eldiario.net\\\/portal\\\/2021\\\/06\\\/05\\\/eeuu-pide-liberacion-de-opositora-chamorro\\\/\",\"name\":\"EEUU pide liberaci\u00f3n de opositora Chamorro - El Diario - Bolivia\",\"isPartOf\":{\"@id\":\"https:\\\/\\\/www.eldiario.net\\\/portal\\\/#website\"},\"primaryImageOfPage\":{\"@id\":\"https:\\\/\\\/www.eldiario.net\\\/portal\\\/2021\\\/06\\\/05\\\/eeuu-pide-liberacion-de-opositora-chamorro\\\/#primaryimage\"},\"image\":{\"@id\":\"https:\\\/\\\/www.eldiario.net\\\/portal\\\/2021\\\/06\\\/05\\\/eeuu-pide-liberacion-de-opositora-chamorro\\\/#primaryimage\"},\"thumbnailUrl\":\"\",\"datePublished\":\"2021-06-05T08:53:19+00:00\",\"breadcrumb\":{\"@id\":\"https:\\\/\\\/www.eldiario.net\\\/portal\\\/2021\\\/06\\\/05\\\/eeuu-pide-liberacion-de-opositora-chamorro\\\/#breadcrumb\"},\"inLanguage\":\"es\",\"potentialAction\":[{\"@type\":\"ReadAction\",\"target\":[\"https:\\\/\\\/www.eldiario.net\\\/portal\\\/2021\\\/06\\\/05\\\/eeuu-pide-liberacion-de-opositora-chamorro\\\/\"]}]},{\"@type\":\"ImageObject\",\"inLanguage\":\"es\",\"@id\":\"https:\\\/\\\/www.eldiario.net\\\/portal\\\/2021\\\/06\\\/05\\\/eeuu-pide-liberacion-de-opositora-chamorro\\\/#primaryimage\",\"url\":\"\",\"contentUrl\":\"\"},{\"@type\":\"BreadcrumbList\",\"@id\":\"https:\\\/\\\/www.eldiario.net\\\/portal\\\/2021\\\/06\\\/05\\\/eeuu-pide-liberacion-de-opositora-chamorro\\\/#breadcrumb\",\"itemListElement\":[{\"@type\":\"ListItem\",\"position\":1,\"name\":\"Portada\",\"item\":\"https:\\\/\\\/www.eldiario.net\\\/portal\\\/\"},{\"@type\":\"ListItem\",\"position\":2,\"name\":\"EEUU pide liberaci\u00f3n de opositora Chamorro\"}]},{\"@type\":\"WebSite\",\"@id\":\"https:\\\/\\\/www.eldiario.net\\\/portal\\\/#website\",\"url\":\"https:\\\/\\\/www.eldiario.net\\\/portal\\\/\",\"name\":\"El Diario - Decano de la prensa nacional\",\"description\":\"El Diario - Decano de la prensa nacional\",\"publisher\":{\"@id\":\"https:\\\/\\\/www.eldiario.net\\\/portal\\\/#organization\"},\"potentialAction\":[{\"@type\":\"SearchAction\",\"target\":{\"@type\":\"EntryPoint\",\"urlTemplate\":\"https:\\\/\\\/www.eldiario.net\\\/portal\\\/?s={search_term_string}\"},\"query-input\":{\"@type\":\"PropertyValueSpecification\",\"valueRequired\":true,\"valueName\":\"search_term_string\"}}],\"inLanguage\":\"es\"},{\"@type\":\"Organization\",\"@id\":\"https:\\\/\\\/www.eldiario.net\\\/portal\\\/#organization\",\"name\":\"El Diario - Decano de la prensa nacional\",\"url\":\"https:\\\/\\\/www.eldiario.net\\\/portal\\\/\",\"logo\":{\"@type\":\"ImageObject\",\"inLanguage\":\"es\",\"@id\":\"https:\\\/\\\/www.eldiario.net\\\/portal\\\/#\\\/schema\\\/logo\\\/image\\\/\",\"url\":\"https:\\\/\\\/www.eldiario.net\\\/portal\\\/wp-content\\\/uploads\\\/2023\\\/07\\\/logo_ED.jpg\",\"contentUrl\":\"https:\\\/\\\/www.eldiario.net\\\/portal\\\/wp-content\\\/uploads\\\/2023\\\/07\\\/logo_ED.jpg\",\"width\":272,\"height\":52,\"caption\":\"El Diario - Decano de la prensa nacional\"},\"image\":{\"@id\":\"https:\\\/\\\/www.eldiario.net\\\/portal\\\/#\\\/schema\\\/logo\\\/image\\\/\"},\"sameAs\":[\"https:\\\/\\\/www.facebook.com\\\/eldiario.bolivia\\\/\",\"https:\\\/\\\/x.com\\\/eldiario_net\"]},{\"@type\":\"Person\",\"@id\":\"https:\\\/\\\/www.eldiario.net\\\/portal\\\/#\\\/schema\\\/person\\\/f46445640444750d7d753ccd04ae01b7\",\"name\":\"Jeanette\",\"image\":{\"@type\":\"ImageObject\",\"inLanguage\":\"es\",\"@id\":\"https:\\\/\\\/secure.gravatar.com\\\/avatar\\\/3ea2118a5f7dad2b7138b1187a6b7ee55f160b9968b66013c3a3ef39dd7e5798?s=96&d=mm&r=g\",\"url\":\"https:\\\/\\\/secure.gravatar.com\\\/avatar\\\/3ea2118a5f7dad2b7138b1187a6b7ee55f160b9968b66013c3a3ef39dd7e5798?s=96&d=mm&r=g\",\"contentUrl\":\"https:\\\/\\\/secure.gravatar.com\\\/avatar\\\/3ea2118a5f7dad2b7138b1187a6b7ee55f160b9968b66013c3a3ef39dd7e5798?s=96&d=mm&r=g\",\"caption\":\"Jeanette\"},\"sameAs\":[\"https:\\\/\\\/www.eldiario.net\\\/portal\"],\"url\":\"https:\\\/\\\/www.eldiario.net\\\/portal\\\/author\\\/jeanette\\\/\"}]}<\/script>\n<!-- \/ Yoast SEO plugin. -->","yoast_head_json":{"title":"EEUU pide liberaci\u00f3n de opositora Chamorro - El Diario - Bolivia","robots":{"index":"index","follow":"follow","max-snippet":"max-snippet:-1","max-image-preview":"max-image-preview:large","max-video-preview":"max-video-preview:-1"},"canonical":"https:\/\/www.eldiario.net\/portal\/2021\/06\/05\/eeuu-pide-liberacion-de-opositora-chamorro\/","og_locale":"es_ES","og_type":"article","og_title":"EEUU pide liberaci\u00f3n de opositora Chamorro - El Diario - Bolivia","og_description":"Washington.- Estados Unidos pidi\u00f3 al Gobierno de Nicaragua que libere \u00abinmediatamente\u00bb a la l\u00edder opositora Cristiana Chamorro, cuya detenci\u00f3n es un \u00abclaro intento de frustrar unas elecciones libres y justas\u00bb. Junto a Chamorro, el Departamento de Estado estadounidense ha pedido que se libere tambi\u00e9n a los dos compa\u00f1eros de la Fundaci\u00f3n Violeta Barrios de Chamorro [&hellip;]","og_url":"https:\/\/www.eldiario.net\/portal\/2021\/06\/05\/eeuu-pide-liberacion-de-opositora-chamorro\/","og_site_name":"El Diario - Bolivia","article_publisher":"https:\/\/www.facebook.com\/eldiario.bolivia\/","article_published_time":"2021-06-05T08:53:19+00:00","author":"Jeanette","twitter_card":"summary_large_image","twitter_creator":"@eldiario_net","twitter_site":"@eldiario_net","twitter_misc":{"Escrito por":"Jeanette","Tiempo de lectura":"2 minutos"},"schema":{"@context":"https:\/\/schema.org","@graph":[{"@type":"Article","@id":"https:\/\/www.eldiario.net\/portal\/2021\/06\/05\/eeuu-pide-liberacion-de-opositora-chamorro\/#article","isPartOf":{"@id":"https:\/\/www.eldiario.net\/portal\/2021\/06\/05\/eeuu-pide-liberacion-de-opositora-chamorro\/"},"author":{"name":"Jeanette","@id":"https:\/\/www.eldiario.net\/portal\/#\/schema\/person\/f46445640444750d7d753ccd04ae01b7"},"headline":"EEUU pide liberaci\u00f3n de opositora Chamorro","datePublished":"2021-06-05T08:53:19+00:00","mainEntityOfPage":{"@id":"https:\/\/www.eldiario.net\/portal\/2021\/06\/05\/eeuu-pide-liberacion-de-opositora-chamorro\/"},"wordCount":348,"publisher":{"@id":"https:\/\/www.eldiario.net\/portal\/#organization"},"image":{"@id":"https:\/\/www.eldiario.net\/portal\/2021\/06\/05\/eeuu-pide-liberacion-de-opositora-chamorro\/#primaryimage"},"thumbnailUrl":"","articleSection":["Internacional"],"inLanguage":"es"},{"@type":"WebPage","@id":"https:\/\/www.eldiario.net\/portal\/2021\/06\/05\/eeuu-pide-liberacion-de-opositora-chamorro\/","url":"https:\/\/www.eldiario.net\/portal\/2021\/06\/05\/eeuu-pide-liberacion-de-opositora-chamorro\/","name":"EEUU pide liberaci\u00f3n de opositora Chamorro - El Diario - Bolivia","isPartOf":{"@id":"https:\/\/www.eldiario.net\/portal\/#website"},"primaryImageOfPage":{"@id":"https:\/\/www.eldiario.net\/portal\/2021\/06\/05\/eeuu-pide-liberacion-de-opositora-chamorro\/#primaryimage"},"image":{"@id":"https:\/\/www.eldiario.net\/portal\/2021\/06\/05\/eeuu-pide-liberacion-de-opositora-chamorro\/#primaryimage"},"thumbnailUrl":"","datePublished":"2021-06-05T08:53:19+00:00","breadcrumb":{"@id":"https:\/\/www.eldiario.net\/portal\/2021\/06\/05\/eeuu-pide-liberacion-de-opositora-chamorro\/#breadcrumb"},"inLanguage":"es","potentialAction":[{"@type":"ReadAction","target":["https:\/\/www.eldiario.net\/portal\/2021\/06\/05\/eeuu-pide-liberacion-de-opositora-chamorro\/"]}]},{"@type":"ImageObject","inLanguage":"es","@id":"https:\/\/www.eldiario.net\/portal\/2021\/06\/05\/eeuu-pide-liberacion-de-opositora-chamorro\/#primaryimage","url":"","contentUrl":""},{"@type":"BreadcrumbList","@id":"https:\/\/www.eldiario.net\/portal\/2021\/06\/05\/eeuu-pide-liberacion-de-opositora-chamorro\/#breadcrumb","itemListElement":[{"@type":"ListItem","position":1,"name":"Portada","item":"https:\/\/www.eldiario.net\/portal\/"},{"@type":"ListItem","position":2,"name":"EEUU pide liberaci\u00f3n de opositora Chamorro"}]},{"@type":"WebSite","@id":"https:\/\/www.eldiario.net\/portal\/#website","url":"https:\/\/www.eldiario.net\/portal\/","name":"El Diario - Decano de la prensa nacional","description":"El Diario - Decano de la prensa nacional","publisher":{"@id":"https:\/\/www.eldiario.net\/portal\/#organization"},"potentialAction":[{"@type":"SearchAction","target":{"@type":"EntryPoint","urlTemplate":"https:\/\/www.eldiario.net\/portal\/?s={search_term_string}"},"query-input":{"@type":"PropertyValueSpecification","valueRequired":true,"valueName":"search_term_string"}}],"inLanguage":"es"},{"@type":"Organization","@id":"https:\/\/www.eldiario.net\/portal\/#organization","name":"El Diario - Decano de la prensa nacional","url":"https:\/\/www.eldiario.net\/portal\/","logo":{"@type":"ImageObject","inLanguage":"es","@id":"https:\/\/www.eldiario.net\/portal\/#\/schema\/logo\/image\/","url":"https:\/\/www.eldiario.net\/portal\/wp-content\/uploads\/2023\/07\/logo_ED.jpg","contentUrl":"https:\/\/www.eldiario.net\/portal\/wp-content\/uploads\/2023\/07\/logo_ED.jpg","width":272,"height":52,"caption":"El Diario - Decano de la prensa nacional"},"image":{"@id":"https:\/\/www.eldiario.net\/portal\/#\/schema\/logo\/image\/"},"sameAs":["https:\/\/www.facebook.com\/eldiario.bolivia\/","https:\/\/x.com\/eldiario_net"]},{"@type":"Person","@id":"https:\/\/www.eldiario.net\/portal\/#\/schema\/person\/f46445640444750d7d753ccd04ae01b7","name":"Jeanette","image":{"@type":"ImageObject","inLanguage":"es","@id":"https:\/\/secure.gravatar.com\/avatar\/3ea2118a5f7dad2b7138b1187a6b7ee55f160b9968b66013c3a3ef39dd7e5798?s=96&d=mm&r=g","url":"https:\/\/secure.gravatar.com\/avatar\/3ea2118a5f7dad2b7138b1187a6b7ee55f160b9968b66013c3a3ef39dd7e5798?s=96&d=mm&r=g","contentUrl":"https:\/\/secure.gravatar.com\/avatar\/3ea2118a5f7dad2b7138b1187a6b7ee55f160b9968b66013c3a3ef39dd7e5798?s=96&d=mm&r=g","caption":"Jeanette"},"sameAs":["https:\/\/www.eldiario.net\/portal"],"url":"https:\/\/www.eldiario.net\/portal\/author\/jeanette\/"}]}},"_links":{"self":[{"href":"https:\/\/www.eldiario.net\/portal\/wp-json\/wp\/v2\/posts\/8416","targetHints":{"allow":["GET"]}}],"collection":[{"href":"https:\/\/www.eldiario.net\/portal\/wp-json\/wp\/v2\/posts"}],"about":[{"href":"https:\/\/www.eldiario.net\/portal\/wp-json\/wp\/v2\/types\/post"}],"author":[{"embeddable":true,"href":"https:\/\/www.eldiario.net\/portal\/wp-json\/wp\/v2\/users\/1"}],"replies":[{"embeddable":true,"href":"https:\/\/www.eldiario.net\/portal\/wp-json\/wp\/v2\/comments?post=8416"}],"version-history":[{"count":0,"href":"https:\/\/www.eldiario.net\/portal\/wp-json\/wp\/v2\/posts\/8416\/revisions"}],"wp:attachment":[{"href":"https:\/\/www.eldiario.net\/portal\/wp-json\/wp\/v2\/media?parent=8416"}],"wp:term":[{"taxonomy":"category","embeddable":true,"href":"https:\/\/www.eldiario.net\/portal\/wp-json\/wp\/v2\/categories?post=8416"},{"taxonomy":"post_tag","embeddable":true,"href":"https:\/\/www.eldiario.net\/portal\/wp-json\/wp\/v2\/tags?post=8416"}],"curies":[{"name":"wp","href":"https:\/\/api.w.org\/{rel}","templated":true}]}}