{"id":8410,"date":"2021-06-05T04:46:44","date_gmt":"2021-06-05T08:46:44","guid":{"rendered":"https:\/\/www.eldiario.net\/portal\/?p=8410"},"modified":"2021-06-05T04:46:44","modified_gmt":"2021-06-05T08:46:44","slug":"bolivia-se-une-al-laboratorio-de-aceleracion-del-pnud","status":"publish","type":"post","link":"https:\/\/www.eldiario.net\/portal\/2021\/06\/05\/bolivia-se-une-al-laboratorio-de-aceleracion-del-pnud\/","title":{"rendered":"Bolivia se une al Laboratorio de Aceleraci\u00f3n del PNUD"},"content":{"rendered":"<p>El Programa de las Naciones Unidas para el Desarrollo (PNUD), junto al Ministerio de Relaciones Exteriores del Estado Plurinacional de Bolivia, al Gobierno de Alemania y el Gobierno de Qatar presentaron el \u201cLaboratorio de Aceleraci\u00f3n en Bolivia\u201d, la red de aprendizaje m\u00e1s grande y r\u00e1pida del mundo para abordar los desaf\u00edos del desarrollo sostenible.<br \/>\nLos nuevos retos del desarrollo, desencadenados por presiones planetarias, y acentuados en la actualidad por el impacto de covid-19, han generado la necesidad global de identificaci\u00f3n de nuevos enfoques e instrumentos para comprender las nuevas realidades y dise\u00f1ar soluciones innovadoras que reporten impactos al desarrollo de corto plazo.<br \/>\nBajo ese contexto, el PNUD cre\u00f3 una red de \u201cLaboratorios de Aceleraci\u00f3n\u201d que dan soporte a 115 pa\u00edses en el mundo, otorgando una plataforma de aprendizaje y escalamiento de soluciones para acelerar el impacto de las pol\u00edticas p\u00fablicas hacia el desarrollo sostenible y atender con mayor eficacia las necesidades de su ciudadan\u00eda.<br \/>\nLa pandemia del covid-19 es una se\u00f1al inequ\u00edvoca del futuro que nos aguarda. \u201cEn la regi\u00f3n deseamos mejorar nuestra capacidad colectiva explorando el papel de la tecnolog\u00eda y la innovaci\u00f3n abocadas al servicio del desarrollo\u201d, asegur\u00f3 Luis Felipe Lopez Calva, director del PNUD para Am\u00e9rica Latina y Caribe, en el evento de lanzamiento del laboratorio.<br \/>\nLos Laboratorios de Aceleraci\u00f3n son la nueva forma de trabajar del PNUD en el desarrollo. A trav\u00e9s de coaliciones p\u00fablico-privado-sociales se puede acelerar la recuperaci\u00f3n econ\u00f3mica y social del pa\u00eds y, a la vez, abordar desaf\u00edos complejos, como la emergencia clim\u00e1tica, la profundizaci\u00f3n de las desigualdades y la reducida confianza en las instituciones.<br \/>\nAlberto Saavedra, jefe de Exploraci\u00f3n del PNUD Bolivia, asever\u00f3 en el evento presencial que los Laboratorios de Aceleraci\u00f3n son un mecanismo de apoyo para que los gobiernos y actores del desarrollo puedan mapear y explorar soluciones para abordar las necesidades de la ciudadan\u00eda, colaborando con el sector privado, la academia, la sociedad civil y todos los interesados en dise\u00f1ar los futuros del desarrollo boliviano.<br \/>\nAdem\u00e1s, Diego Su\u00e1rez, Jefe de Experimentaci\u00f3n del PNUD Bolivia, asegur\u00f3 que \u201ceste Laboratorio de Aceleraci\u00f3n es una gran herramienta para experimentar escenarios de futuro\u201d.<br \/>\nTRANSFORMACI\u00d3N<br \/>\nPARA ACELERAR<br \/>\nEL DESARROLLO<br \/>\n\u201cEl Laboratorio de Aceleraci\u00f3n Bolivia adapta metodolog\u00edas como el mapeo de soluciones a problem\u00e1ticas locales espec\u00edficas, el dise\u00f1o de inteligencia colectiva enriquecido con tecnolog\u00edas digitales y nuevas fuentes de datos y la construcci\u00f3n de carteras de experimentos, para comprender c\u00f3mo nuestro pa\u00eds puede avanzar hacia cambios sist\u00e9micos profundos, actuando con la rapidez necesaria para construir los futuros que queremos\u201d, destac\u00f3 Luciana Mermet, represente residente del PNUD Bolivia, en el marco del lanzamiento de la iniciativa.<br \/>\nEl Laboratorio de Bolivia se lanza en un contexto que demanda reenfocar las prioridades locales y globales para afrontar nuevos desaf\u00edos por la pandemia. En esta nueva realidad, el Laboratorio ofrece un espacio propositivo, inclusivo y participativo para el mapeo, dise\u00f1o y testeo de soluciones junto aliados a trav\u00e9s de la co-creaci\u00f3n mediante el intercambio de ideas, experiencias y conocimiento; integraci\u00f3n de una visi\u00f3n constructiva desde diferentes realidades, ampliaci\u00f3n de ideas basada en una diversidad de soluciones y compromiso para lograr un impacto positivo en la vida de las personas y sus entornos.<\/p>\n","protected":false},"excerpt":{"rendered":"<p>El Programa de las Naciones Unidas para el Desarrollo (PNUD), junto al Ministerio de Relaciones Exteriores del Estado Plurinacional de Bolivia, al Gobierno de Alemania y el Gobierno de Qatar presentaron el \u201cLaboratorio de Aceleraci\u00f3n en Bolivia\u201d, la red de aprendizaje m\u00e1s grande y r\u00e1pida del mundo para abordar los desaf\u00edos del desarrollo sostenible. Los [&hellip;]<\/p>\n","protected":false},"author":1,"featured_media":8411,"comment_status":"closed","ping_status":"closed","sticky":false,"template":"","format":"standard","meta":{"_acf_changed":false,"footnotes":""},"categories":[7],"tags":[],"class_list":["post-8410","post","type-post","status-publish","format-standard","has-post-thumbnail","category-economia"],"acf":{"antetitulo":""},"yoast_head":"<!-- This site is optimized with the Yoast SEO plugin v28.3 - https:\/\/yoast.com\/product\/yoast-seo-wordpress\/ -->\n<title>Bolivia se une al Laboratorio de Aceleraci\u00f3n del PNUD - El Diario - Bolivia<\/title>\n<meta name=\"robots\" content=\"index, follow, max-snippet:-1, max-image-preview:large, max-video-preview:-1\" \/>\n<link rel=\"canonical\" href=\"https:\/\/www.eldiario.net\/portal\/2021\/06\/05\/bolivia-se-une-al-laboratorio-de-aceleracion-del-pnud\/\" \/>\n<meta property=\"og:locale\" content=\"es_ES\" \/>\n<meta property=\"og:type\" content=\"article\" \/>\n<meta property=\"og:title\" content=\"Bolivia se une al Laboratorio de Aceleraci\u00f3n del PNUD - El Diario - Bolivia\" \/>\n<meta property=\"og:description\" content=\"El Programa de las Naciones Unidas para el Desarrollo (PNUD), junto al Ministerio de Relaciones Exteriores del Estado Plurinacional de Bolivia, al Gobierno de Alemania y el Gobierno de Qatar presentaron el \u201cLaboratorio de Aceleraci\u00f3n en Bolivia\u201d, la red de aprendizaje m\u00e1s grande y r\u00e1pida del mundo para abordar los desaf\u00edos del desarrollo sostenible. Los [&hellip;]\" \/>\n<meta property=\"og:url\" content=\"https:\/\/www.eldiario.net\/portal\/2021\/06\/05\/bolivia-se-une-al-laboratorio-de-aceleracion-del-pnud\/\" \/>\n<meta property=\"og:site_name\" content=\"El Diario - Bolivia\" \/>\n<meta property=\"article:publisher\" content=\"https:\/\/www.facebook.com\/eldiario.bolivia\/\" \/>\n<meta property=\"article:published_time\" content=\"2021-06-05T08:46:44+00:00\" \/>\n<meta property=\"og:image\" content=\"https:\/\/www.eldiario.net\/portal\/wp-content\/uploads\/2021\/06\/PNUD.jpg\" \/>\n\t<meta property=\"og:image:width\" content=\"1280\" \/>\n\t<meta property=\"og:image:height\" content=\"853\" \/>\n\t<meta property=\"og:image:type\" content=\"image\/jpeg\" \/>\n<meta name=\"author\" content=\"Jeanette\" \/>\n<meta name=\"twitter:card\" content=\"summary_large_image\" \/>\n<meta name=\"twitter:creator\" content=\"@eldiario_net\" \/>\n<meta name=\"twitter:site\" content=\"@eldiario_net\" \/>\n<meta name=\"twitter:label1\" content=\"Escrito por\" \/>\n\t<meta name=\"twitter:data1\" content=\"Jeanette\" \/>\n\t<meta name=\"twitter:label2\" content=\"Tiempo de lectura\" \/>\n\t<meta name=\"twitter:data2\" content=\"3 minutos\" \/>\n<script type=\"application\/ld+json\" class=\"yoast-schema-graph\">{\"@context\":\"https:\\\/\\\/schema.org\",\"@graph\":[{\"@type\":\"Article\",\"@id\":\"https:\\\/\\\/www.eldiario.net\\\/portal\\\/2021\\\/06\\\/05\\\/bolivia-se-une-al-laboratorio-de-aceleracion-del-pnud\\\/#article\",\"isPartOf\":{\"@id\":\"https:\\\/\\\/www.eldiario.net\\\/portal\\\/2021\\\/06\\\/05\\\/bolivia-se-une-al-laboratorio-de-aceleracion-del-pnud\\\/\"},\"author\":{\"name\":\"Jeanette\",\"@id\":\"https:\\\/\\\/www.eldiario.net\\\/portal\\\/#\\\/schema\\\/person\\\/f46445640444750d7d753ccd04ae01b7\"},\"headline\":\"Bolivia se une al Laboratorio de Aceleraci\u00f3n del PNUD\",\"datePublished\":\"2021-06-05T08:46:44+00:00\",\"mainEntityOfPage\":{\"@id\":\"https:\\\/\\\/www.eldiario.net\\\/portal\\\/2021\\\/06\\\/05\\\/bolivia-se-une-al-laboratorio-de-aceleracion-del-pnud\\\/\"},\"wordCount\":584,\"publisher\":{\"@id\":\"https:\\\/\\\/www.eldiario.net\\\/portal\\\/#organization\"},\"image\":{\"@id\":\"https:\\\/\\\/www.eldiario.net\\\/portal\\\/2021\\\/06\\\/05\\\/bolivia-se-une-al-laboratorio-de-aceleracion-del-pnud\\\/#primaryimage\"},\"thumbnailUrl\":\"https:\\\/\\\/www.eldiario.net\\\/portal\\\/wp-content\\\/uploads\\\/2021\\\/06\\\/PNUD.jpg\",\"articleSection\":[\"Econom\u00eda\"],\"inLanguage\":\"es\"},{\"@type\":\"WebPage\",\"@id\":\"https:\\\/\\\/www.eldiario.net\\\/portal\\\/2021\\\/06\\\/05\\\/bolivia-se-une-al-laboratorio-de-aceleracion-del-pnud\\\/\",\"url\":\"https:\\\/\\\/www.eldiario.net\\\/portal\\\/2021\\\/06\\\/05\\\/bolivia-se-une-al-laboratorio-de-aceleracion-del-pnud\\\/\",\"name\":\"Bolivia se une al Laboratorio de Aceleraci\u00f3n del PNUD - El Diario - Bolivia\",\"isPartOf\":{\"@id\":\"https:\\\/\\\/www.eldiario.net\\\/portal\\\/#website\"},\"primaryImageOfPage\":{\"@id\":\"https:\\\/\\\/www.eldiario.net\\\/portal\\\/2021\\\/06\\\/05\\\/bolivia-se-une-al-laboratorio-de-aceleracion-del-pnud\\\/#primaryimage\"},\"image\":{\"@id\":\"https:\\\/\\\/www.eldiario.net\\\/portal\\\/2021\\\/06\\\/05\\\/bolivia-se-une-al-laboratorio-de-aceleracion-del-pnud\\\/#primaryimage\"},\"thumbnailUrl\":\"https:\\\/\\\/www.eldiario.net\\\/portal\\\/wp-content\\\/uploads\\\/2021\\\/06\\\/PNUD.jpg\",\"datePublished\":\"2021-06-05T08:46:44+00:00\",\"breadcrumb\":{\"@id\":\"https:\\\/\\\/www.eldiario.net\\\/portal\\\/2021\\\/06\\\/05\\\/bolivia-se-une-al-laboratorio-de-aceleracion-del-pnud\\\/#breadcrumb\"},\"inLanguage\":\"es\",\"potentialAction\":[{\"@type\":\"ReadAction\",\"target\":[\"https:\\\/\\\/www.eldiario.net\\\/portal\\\/2021\\\/06\\\/05\\\/bolivia-se-une-al-laboratorio-de-aceleracion-del-pnud\\\/\"]}]},{\"@type\":\"ImageObject\",\"inLanguage\":\"es\",\"@id\":\"https:\\\/\\\/www.eldiario.net\\\/portal\\\/2021\\\/06\\\/05\\\/bolivia-se-une-al-laboratorio-de-aceleracion-del-pnud\\\/#primaryimage\",\"url\":\"https:\\\/\\\/www.eldiario.net\\\/portal\\\/wp-content\\\/uploads\\\/2021\\\/06\\\/PNUD.jpg\",\"contentUrl\":\"https:\\\/\\\/www.eldiario.net\\\/portal\\\/wp-content\\\/uploads\\\/2021\\\/06\\\/PNUD.jpg\",\"width\":1280,\"height\":853},{\"@type\":\"BreadcrumbList\",\"@id\":\"https:\\\/\\\/www.eldiario.net\\\/portal\\\/2021\\\/06\\\/05\\\/bolivia-se-une-al-laboratorio-de-aceleracion-del-pnud\\\/#breadcrumb\",\"itemListElement\":[{\"@type\":\"ListItem\",\"position\":1,\"name\":\"Portada\",\"item\":\"https:\\\/\\\/www.eldiario.net\\\/portal\\\/\"},{\"@type\":\"ListItem\",\"position\":2,\"name\":\"Bolivia se une al Laboratorio de Aceleraci\u00f3n del PNUD\"}]},{\"@type\":\"WebSite\",\"@id\":\"https:\\\/\\\/www.eldiario.net\\\/portal\\\/#website\",\"url\":\"https:\\\/\\\/www.eldiario.net\\\/portal\\\/\",\"name\":\"El Diario - Decano de la prensa nacional\",\"description\":\"El Diario - Decano de la prensa nacional\",\"publisher\":{\"@id\":\"https:\\\/\\\/www.eldiario.net\\\/portal\\\/#organization\"},\"potentialAction\":[{\"@type\":\"SearchAction\",\"target\":{\"@type\":\"EntryPoint\",\"urlTemplate\":\"https:\\\/\\\/www.eldiario.net\\\/portal\\\/?s={search_term_string}\"},\"query-input\":{\"@type\":\"PropertyValueSpecification\",\"valueRequired\":true,\"valueName\":\"search_term_string\"}}],\"inLanguage\":\"es\"},{\"@type\":\"Organization\",\"@id\":\"https:\\\/\\\/www.eldiario.net\\\/portal\\\/#organization\",\"name\":\"El Diario - Decano de la prensa nacional\",\"url\":\"https:\\\/\\\/www.eldiario.net\\\/portal\\\/\",\"logo\":{\"@type\":\"ImageObject\",\"inLanguage\":\"es\",\"@id\":\"https:\\\/\\\/www.eldiario.net\\\/portal\\\/#\\\/schema\\\/logo\\\/image\\\/\",\"url\":\"https:\\\/\\\/www.eldiario.net\\\/portal\\\/wp-content\\\/uploads\\\/2023\\\/07\\\/logo_ED.jpg\",\"contentUrl\":\"https:\\\/\\\/www.eldiario.net\\\/portal\\\/wp-content\\\/uploads\\\/2023\\\/07\\\/logo_ED.jpg\",\"width\":272,\"height\":52,\"caption\":\"El Diario - Decano de la prensa nacional\"},\"image\":{\"@id\":\"https:\\\/\\\/www.eldiario.net\\\/portal\\\/#\\\/schema\\\/logo\\\/image\\\/\"},\"sameAs\":[\"https:\\\/\\\/www.facebook.com\\\/eldiario.bolivia\\\/\",\"https:\\\/\\\/x.com\\\/eldiario_net\"]},{\"@type\":\"Person\",\"@id\":\"https:\\\/\\\/www.eldiario.net\\\/portal\\\/#\\\/schema\\\/person\\\/f46445640444750d7d753ccd04ae01b7\",\"name\":\"Jeanette\",\"image\":{\"@type\":\"ImageObject\",\"inLanguage\":\"es\",\"@id\":\"https:\\\/\\\/secure.gravatar.com\\\/avatar\\\/3ea2118a5f7dad2b7138b1187a6b7ee55f160b9968b66013c3a3ef39dd7e5798?s=96&d=mm&r=g\",\"url\":\"https:\\\/\\\/secure.gravatar.com\\\/avatar\\\/3ea2118a5f7dad2b7138b1187a6b7ee55f160b9968b66013c3a3ef39dd7e5798?s=96&d=mm&r=g\",\"contentUrl\":\"https:\\\/\\\/secure.gravatar.com\\\/avatar\\\/3ea2118a5f7dad2b7138b1187a6b7ee55f160b9968b66013c3a3ef39dd7e5798?s=96&d=mm&r=g\",\"caption\":\"Jeanette\"},\"sameAs\":[\"https:\\\/\\\/www.eldiario.net\\\/portal\"],\"url\":\"https:\\\/\\\/www.eldiario.net\\\/portal\\\/author\\\/jeanette\\\/\"}]}<\/script>\n<!-- \/ Yoast SEO plugin. -->","yoast_head_json":{"title":"Bolivia se une al Laboratorio de Aceleraci\u00f3n del PNUD - El Diario - Bolivia","robots":{"index":"index","follow":"follow","max-snippet":"max-snippet:-1","max-image-preview":"max-image-preview:large","max-video-preview":"max-video-preview:-1"},"canonical":"https:\/\/www.eldiario.net\/portal\/2021\/06\/05\/bolivia-se-une-al-laboratorio-de-aceleracion-del-pnud\/","og_locale":"es_ES","og_type":"article","og_title":"Bolivia se une al Laboratorio de Aceleraci\u00f3n del PNUD - El Diario - Bolivia","og_description":"El Programa de las Naciones Unidas para el Desarrollo (PNUD), junto al Ministerio de Relaciones Exteriores del Estado Plurinacional de Bolivia, al Gobierno de Alemania y el Gobierno de Qatar presentaron el \u201cLaboratorio de Aceleraci\u00f3n en Bolivia\u201d, la red de aprendizaje m\u00e1s grande y r\u00e1pida del mundo para abordar los desaf\u00edos del desarrollo sostenible. Los [&hellip;]","og_url":"https:\/\/www.eldiario.net\/portal\/2021\/06\/05\/bolivia-se-une-al-laboratorio-de-aceleracion-del-pnud\/","og_site_name":"El Diario - Bolivia","article_publisher":"https:\/\/www.facebook.com\/eldiario.bolivia\/","article_published_time":"2021-06-05T08:46:44+00:00","og_image":[{"width":1280,"height":853,"url":"https:\/\/www.eldiario.net\/portal\/wp-content\/uploads\/2021\/06\/PNUD.jpg","type":"image\/jpeg"}],"author":"Jeanette","twitter_card":"summary_large_image","twitter_creator":"@eldiario_net","twitter_site":"@eldiario_net","twitter_misc":{"Escrito por":"Jeanette","Tiempo de lectura":"3 minutos"},"schema":{"@context":"https:\/\/schema.org","@graph":[{"@type":"Article","@id":"https:\/\/www.eldiario.net\/portal\/2021\/06\/05\/bolivia-se-une-al-laboratorio-de-aceleracion-del-pnud\/#article","isPartOf":{"@id":"https:\/\/www.eldiario.net\/portal\/2021\/06\/05\/bolivia-se-une-al-laboratorio-de-aceleracion-del-pnud\/"},"author":{"name":"Jeanette","@id":"https:\/\/www.eldiario.net\/portal\/#\/schema\/person\/f46445640444750d7d753ccd04ae01b7"},"headline":"Bolivia se une al Laboratorio de Aceleraci\u00f3n del PNUD","datePublished":"2021-06-05T08:46:44+00:00","mainEntityOfPage":{"@id":"https:\/\/www.eldiario.net\/portal\/2021\/06\/05\/bolivia-se-une-al-laboratorio-de-aceleracion-del-pnud\/"},"wordCount":584,"publisher":{"@id":"https:\/\/www.eldiario.net\/portal\/#organization"},"image":{"@id":"https:\/\/www.eldiario.net\/portal\/2021\/06\/05\/bolivia-se-une-al-laboratorio-de-aceleracion-del-pnud\/#primaryimage"},"thumbnailUrl":"https:\/\/www.eldiario.net\/portal\/wp-content\/uploads\/2021\/06\/PNUD.jpg","articleSection":["Econom\u00eda"],"inLanguage":"es"},{"@type":"WebPage","@id":"https:\/\/www.eldiario.net\/portal\/2021\/06\/05\/bolivia-se-une-al-laboratorio-de-aceleracion-del-pnud\/","url":"https:\/\/www.eldiario.net\/portal\/2021\/06\/05\/bolivia-se-une-al-laboratorio-de-aceleracion-del-pnud\/","name":"Bolivia se une al Laboratorio de Aceleraci\u00f3n del PNUD - El Diario - Bolivia","isPartOf":{"@id":"https:\/\/www.eldiario.net\/portal\/#website"},"primaryImageOfPage":{"@id":"https:\/\/www.eldiario.net\/portal\/2021\/06\/05\/bolivia-se-une-al-laboratorio-de-aceleracion-del-pnud\/#primaryimage"},"image":{"@id":"https:\/\/www.eldiario.net\/portal\/2021\/06\/05\/bolivia-se-une-al-laboratorio-de-aceleracion-del-pnud\/#primaryimage"},"thumbnailUrl":"https:\/\/www.eldiario.net\/portal\/wp-content\/uploads\/2021\/06\/PNUD.jpg","datePublished":"2021-06-05T08:46:44+00:00","breadcrumb":{"@id":"https:\/\/www.eldiario.net\/portal\/2021\/06\/05\/bolivia-se-une-al-laboratorio-de-aceleracion-del-pnud\/#breadcrumb"},"inLanguage":"es","potentialAction":[{"@type":"ReadAction","target":["https:\/\/www.eldiario.net\/portal\/2021\/06\/05\/bolivia-se-une-al-laboratorio-de-aceleracion-del-pnud\/"]}]},{"@type":"ImageObject","inLanguage":"es","@id":"https:\/\/www.eldiario.net\/portal\/2021\/06\/05\/bolivia-se-une-al-laboratorio-de-aceleracion-del-pnud\/#primaryimage","url":"https:\/\/www.eldiario.net\/portal\/wp-content\/uploads\/2021\/06\/PNUD.jpg","contentUrl":"https:\/\/www.eldiario.net\/portal\/wp-content\/uploads\/2021\/06\/PNUD.jpg","width":1280,"height":853},{"@type":"BreadcrumbList","@id":"https:\/\/www.eldiario.net\/portal\/2021\/06\/05\/bolivia-se-une-al-laboratorio-de-aceleracion-del-pnud\/#breadcrumb","itemListElement":[{"@type":"ListItem","position":1,"name":"Portada","item":"https:\/\/www.eldiario.net\/portal\/"},{"@type":"ListItem","position":2,"name":"Bolivia se une al Laboratorio de Aceleraci\u00f3n del PNUD"}]},{"@type":"WebSite","@id":"https:\/\/www.eldiario.net\/portal\/#website","url":"https:\/\/www.eldiario.net\/portal\/","name":"El Diario - Decano de la prensa nacional","description":"El Diario - Decano de la prensa nacional","publisher":{"@id":"https:\/\/www.eldiario.net\/portal\/#organization"},"potentialAction":[{"@type":"SearchAction","target":{"@type":"EntryPoint","urlTemplate":"https:\/\/www.eldiario.net\/portal\/?s={search_term_string}"},"query-input":{"@type":"PropertyValueSpecification","valueRequired":true,"valueName":"search_term_string"}}],"inLanguage":"es"},{"@type":"Organization","@id":"https:\/\/www.eldiario.net\/portal\/#organization","name":"El Diario - Decano de la prensa nacional","url":"https:\/\/www.eldiario.net\/portal\/","logo":{"@type":"ImageObject","inLanguage":"es","@id":"https:\/\/www.eldiario.net\/portal\/#\/schema\/logo\/image\/","url":"https:\/\/www.eldiario.net\/portal\/wp-content\/uploads\/2023\/07\/logo_ED.jpg","contentUrl":"https:\/\/www.eldiario.net\/portal\/wp-content\/uploads\/2023\/07\/logo_ED.jpg","width":272,"height":52,"caption":"El Diario - Decano de la prensa nacional"},"image":{"@id":"https:\/\/www.eldiario.net\/portal\/#\/schema\/logo\/image\/"},"sameAs":["https:\/\/www.facebook.com\/eldiario.bolivia\/","https:\/\/x.com\/eldiario_net"]},{"@type":"Person","@id":"https:\/\/www.eldiario.net\/portal\/#\/schema\/person\/f46445640444750d7d753ccd04ae01b7","name":"Jeanette","image":{"@type":"ImageObject","inLanguage":"es","@id":"https:\/\/secure.gravatar.com\/avatar\/3ea2118a5f7dad2b7138b1187a6b7ee55f160b9968b66013c3a3ef39dd7e5798?s=96&d=mm&r=g","url":"https:\/\/secure.gravatar.com\/avatar\/3ea2118a5f7dad2b7138b1187a6b7ee55f160b9968b66013c3a3ef39dd7e5798?s=96&d=mm&r=g","contentUrl":"https:\/\/secure.gravatar.com\/avatar\/3ea2118a5f7dad2b7138b1187a6b7ee55f160b9968b66013c3a3ef39dd7e5798?s=96&d=mm&r=g","caption":"Jeanette"},"sameAs":["https:\/\/www.eldiario.net\/portal"],"url":"https:\/\/www.eldiario.net\/portal\/author\/jeanette\/"}]}},"_links":{"self":[{"href":"https:\/\/www.eldiario.net\/portal\/wp-json\/wp\/v2\/posts\/8410","targetHints":{"allow":["GET"]}}],"collection":[{"href":"https:\/\/www.eldiario.net\/portal\/wp-json\/wp\/v2\/posts"}],"about":[{"href":"https:\/\/www.eldiario.net\/portal\/wp-json\/wp\/v2\/types\/post"}],"author":[{"embeddable":true,"href":"https:\/\/www.eldiario.net\/portal\/wp-json\/wp\/v2\/users\/1"}],"replies":[{"embeddable":true,"href":"https:\/\/www.eldiario.net\/portal\/wp-json\/wp\/v2\/comments?post=8410"}],"version-history":[{"count":0,"href":"https:\/\/www.eldiario.net\/portal\/wp-json\/wp\/v2\/posts\/8410\/revisions"}],"wp:featuredmedia":[{"embeddable":true,"href":"https:\/\/www.eldiario.net\/portal\/wp-json\/wp\/v2\/media\/8411"}],"wp:attachment":[{"href":"https:\/\/www.eldiario.net\/portal\/wp-json\/wp\/v2\/media?parent=8410"}],"wp:term":[{"taxonomy":"category","embeddable":true,"href":"https:\/\/www.eldiario.net\/portal\/wp-json\/wp\/v2\/categories?post=8410"},{"taxonomy":"post_tag","embeddable":true,"href":"https:\/\/www.eldiario.net\/portal\/wp-json\/wp\/v2\/tags?post=8410"}],"curies":[{"name":"wp","href":"https:\/\/api.w.org\/{rel}","templated":true}]}}